{"id":1036,"date":"2021-07-08T15:12:54","date_gmt":"2021-07-08T13:12:54","guid":{"rendered":"https:\/\/www.diagnostyka-umyslu.pl\/blog\/?p=1036"},"modified":"2022-07-08T21:43:30","modified_gmt":"2022-07-08T19:43:30","slug":"co-to-jest-autyzm","status":"publish","type":"post","link":"https:\/\/www.diagnostyka-umyslu.pl\/blog\/spektrum-autyzmu\/co-to-jest-autyzm\/","title":{"rendered":"Co to jest autyzm?"},"content":{"rendered":"<p><strong>Autyzm<\/strong> jest zaburzeniem o charakterze neurologicznym, dotycz\u0105cym m\u00f3zgu i maj\u0105cym najcz\u0119\u015bciej pod\u0142o\u017ce genetyczne. Pierwsze objawy ujawniaj\u0105 si\u0119 ju\u017c na etapie okresu dzieci\u0119cego i trwaj\u0105 tak naprawd\u0119 do ko\u0144ca \u017cycia.<\/p>\n<p><a href=\"https:\/\/www.diagnostyka-umyslu.pl\/spektrum-autyzmu-test\">Osoby z autyzmem<\/a> mog\u0105:<\/p>\n<ul>\n<li>trudno komunikowa\u0107 si\u0119 i wchodzi\u0107 w interakcje z innymi lud\u017ami<\/li>\n<li>trudno zrozumie\u0107, jak my\u015bl\u0105 lub czuj\u0105 inni ludzie<\/li>\n<li>uwa\u017caj\u0105, \u017ce rzeczy takie jak jasne \u015bwiat\u0142a lub g\u0142o\u015bne d\u017awi\u0119ki s\u0105 przyt\u0142aczaj\u0105ce, stresuj\u0105ce lub niewygodne<\/li>\n<li>niepokoj\u0105 si\u0119 lub denerwuj\u0105 nieznanymi sytuacjami i wydarzeniami towarzyskimi<\/li>\n<li>robi\u0105 lub my\u015bl\u0105 w k\u00f3\u0142ko to samo<\/li>\n<\/ul>\n<p><strong>Autyzm nie jest chorob\u0105<\/strong><\/p>\n<p>Bycie autystycznym nie oznacza, \u017ce masz chorob\u0119. Oznacza to, \u017ce tw\u00f3j m\u00f3zg dzia\u0142a inaczej ni\u017c u innych ludzi.<br \/>\nTo co\u015b, z czym si\u0119 rodzisz lub pojawia si\u0119 po raz pierwszy, gdy jeste\u015b bardzo m\u0142ody na etapie okresu dzieci\u0119cego.<br \/>\nJe\u015bli jeste\u015b autystyczny, jeste\u015b autystyczny przez ca\u0142e \u017cycie.<br \/>\nAutyzm nie jest stanem chorobowym wymagaj\u0105cym leczenia ani \u201ewyleczenia\u201d. Ale niekt\u00f3rzy ludzie potrzebuj\u0105 wsparcia, aby pom\u00f3c im w pewnych sprawach.<\/p>\n<p><strong>Osoby z autyzmem mog\u0105 \u017cy\u0107 pe\u0142ni\u0105 \u017cycia<\/strong><\/p>\n<p>Bycie autystycznym nie musi uniemo\u017cliwia\u0107 dobrego \u017cycia.<br \/>\nJak wszyscy, osoby z autyzmem maj\u0105 umiej\u0119tno\u015bci, w kt\u00f3rych s\u0105 dobrzy, a tak\u017ce rzeczy, z kt\u00f3rymi si\u0119 borykaj\u0105.<br \/>\nBycie autystycznym nie oznacza, \u017ce nigdy nie mo\u017cesz nawi\u0105za\u0107 przyja\u017ani, mie\u0107 zwi\u0105zk\u00f3w ani znale\u017a\u0107 pracy. Ale mo\u017cesz potrzebowa\u0107 dodatkowej pomocy w tych sprawach.<\/p>\n<p><strong>Autyzm jest inny dla ka\u017cdego<\/strong><\/p>\n<p>Autyzm to spektrum. Oznacza to, \u017ce ka\u017cdy z autyzmem jest inny.<br \/>\nNiekt\u00f3re osoby z autyzmem potrzebuj\u0105 niewielkiego lub \u017cadnego wsparcia. Inni mog\u0105 codziennie potrzebowa\u0107 pomocy rodzica lub opiekuna.<\/p>\n<p><strong>Niekt\u00f3rzy ludzie u\u017cywaj\u0105 innych nazw dla autyzmu<\/strong><\/p>\n<ul>\n<li>zaburzenie ze spektrum autyzmu (ASD) \u2013 medyczna nazwa autyzmu<\/li>\n<li>stan ze spektrum autyzmu (ASC) \u2013 u\u017cywany zamiast ASD przez niekt\u00f3re osoby<\/li>\n<li>Zesp\u00f3\u0142 Aspergera \u2013 u\u017cywany przez niekt\u00f3rych do opisywania os\u00f3b z autyzmem o \u015bredniej lub powy\u017cej \u015bredniej inteligencji<\/li>\n<\/ul>\n<p><strong>Nie jest jasne, co powoduje autyzm<\/strong><\/p>\n<p>Nikt nie wie, co powoduje autyzm, ani jaka jest jego przyczyna.<br \/>\nMo\u017ce wp\u0142ywa\u0107 na osoby z tej samej rodziny. Czasami wi\u0119c rodzice mog\u0105 go przekaza\u0107 dziecku.<\/p>\n<p><strong>Autyzm nie jest spowodowany przez:<\/strong><\/p>\n<ul>\n<li>z\u0142e rodzicielstwo<\/li>\n<li>szczepionki, takie jak szczepionka MMR<\/li>\n<li>diet\u0119<\/li>\n<li>infekcj\u0119, kt\u00f3r\u0105 mo\u017cesz przenosi\u0107 na inne osoby<\/li>\n<\/ul>\n<p><strong>Osoby z autyzmem mog\u0105 mie\u0107 dowolny poziom inteligencji<\/strong><\/p>\n<p>Niekt\u00f3rzy ludzie z autyzmem maj\u0105 \u015bredni\u0105 lub ponadprzeci\u0119tn\u0105 inteligencj\u0119.<br \/>\nNiekt\u00f3re osoby z autyzmem maj\u0105 trudno\u015bci w uczeniu si\u0119. Oznacza to, \u017ce mog\u0105 mie\u0107 trudno\u015bci z opiek\u0105 nad sob\u0105 i potrzebuj\u0105 pomocy w codziennym \u017cyciu.<\/p>\n<p><strong>Osoby z autyzmem mog\u0105 mie\u0107 inne schorzenia<\/strong><\/p>\n<ul>\n<li>zesp\u00f3\u0142 nadpobudliwo\u015bci psychoruchowej z deficytem uwagi (ADHD) lub dysleksj\u0119<\/li>\n<li>l\u0119k lub depresj\u0119<\/li>\n<li>padaczk\u0119<\/li>\n<\/ul>\n","protected":false},"excerpt":{"rendered":"<p>Autyzm jest zaburzeniem o charakterze neurologicznym, dotycz\u0105cym m\u00f3zgu i maj\u0105cym najcz\u0119\u015bciej pod\u0142o\u017ce genetyczne. Pierwsze objawy ujawniaj\u0105 si\u0119 ju\u017c na etapie okresu dzieci\u0119cego i trwaj\u0105 tak&#8230;<\/p>\n","protected":false},"author":1,"featured_media":1049,"comment_status":"closed","ping_status":"open","sticky":false,"template":"","format":"standard","meta":[],"categories":[44],"tags":[],"yoast_head":"<!-- This site is optimized with the Yoast SEO plugin v18.1 - https:\/\/yoast.com\/wordpress\/plugins\/seo\/ -->\n<title>Co to jest autyzm? - Spektrum Autyzmu - Diagnostyka Umys\u0142u<\/title>\n<meta name=\"description\" content=\"Autyzm jest zaburzeniem o charakterze neurologicznym, dotycz\u0105cym m\u00f3zgu i maj\u0105cym najcz\u0119\u015bciej pod\u0142o\u017ce genetyczne.\" \/>\n<meta name=\"robots\" content=\"index, follow, max-snippet:-1, max-image-preview:large, max-video-preview:-1\" \/>\n<link rel=\"canonical\" href=\"https:\/\/www.diagnostyka-umyslu.pl\/blog\/spektrum-autyzmu\/co-to-jest-autyzm\/\" \/>\n<meta property=\"og:locale\" content=\"pl_PL\" \/>\n<meta property=\"og:type\" content=\"article\" \/>\n<meta property=\"og:title\" content=\"Co to jest autyzm? - Spektrum Autyzmu - Diagnostyka Umys\u0142u\" \/>\n<meta property=\"og:description\" content=\"Autyzm jest zaburzeniem o charakterze neurologicznym, dotycz\u0105cym m\u00f3zgu i maj\u0105cym najcz\u0119\u015bciej pod\u0142o\u017ce genetyczne.\" \/>\n<meta property=\"og:url\" content=\"https:\/\/www.diagnostyka-umyslu.pl\/blog\/spektrum-autyzmu\/co-to-jest-autyzm\/\" \/>\n<meta property=\"og:site_name\" content=\"Diagnostyka Umys\u0142u\" \/>\n<meta property=\"article:published_time\" content=\"2021-07-08T13:12:54+00:00\" \/>\n<meta property=\"article:modified_time\" content=\"2022-07-08T19:43:30+00:00\" \/>\n<meta property=\"og:image\" content=\"https:\/\/www.diagnostyka-umyslu.pl\/blog\/wp-content\/uploads\/2021\/07\/1.jpg\" \/>\n\t<meta property=\"og:image:width\" content=\"839\" \/>\n\t<meta property=\"og:image:height\" content=\"400\" \/>\n\t<meta property=\"og:image:type\" content=\"image\/jpeg\" \/>\n<meta name=\"twitter:card\" content=\"summary_large_image\" \/>\n<meta name=\"twitter:label1\" content=\"Napisane przez\" \/>\n\t<meta name=\"twitter:data1\" content=\"Diagnostyka Umys\u0142u\" \/>\n\t<meta name=\"twitter:label2\" content=\"Szacowany czas czytania\" \/>\n\t<meta name=\"twitter:data2\" content=\"3 minuty\" \/>\n<script type=\"application\/ld+json\" class=\"yoast-schema-graph\">{\"@context\":\"https:\/\/schema.org\",\"@graph\":[{\"@type\":\"Organization\",\"@id\":\"https:\/\/www.diagnostyka-umyslu.pl\/blog\/#organization\",\"name\":\"Diagnostyka Umys\u0142u\",\"url\":\"https:\/\/www.diagnostyka-umyslu.pl\/blog\/\",\"sameAs\":[],\"logo\":{\"@type\":\"ImageObject\",\"@id\":\"https:\/\/www.diagnostyka-umyslu.pl\/blog\/#logo\",\"inLanguage\":\"pl-PL\",\"url\":\"https:\/\/www.diagnostyka-umyslu.pl\/blog\/wp-content\/uploads\/2021\/05\/logo.png\",\"contentUrl\":\"https:\/\/www.diagnostyka-umyslu.pl\/blog\/wp-content\/uploads\/2021\/05\/logo.png\",\"width\":236,\"height\":81,\"caption\":\"Diagnostyka Umys\u0142u\"},\"image\":{\"@id\":\"https:\/\/www.diagnostyka-umyslu.pl\/blog\/#logo\"}},{\"@type\":\"WebSite\",\"@id\":\"https:\/\/www.diagnostyka-umyslu.pl\/blog\/#website\",\"url\":\"https:\/\/www.diagnostyka-umyslu.pl\/blog\/\",\"name\":\"Diagnostyka Umys\u0142u\",\"description\":\"Blog o zaburzeniach umys\u0142u\",\"publisher\":{\"@id\":\"https:\/\/www.diagnostyka-umyslu.pl\/blog\/#organization\"},\"potentialAction\":[{\"@type\":\"SearchAction\",\"target\":{\"@type\":\"EntryPoint\",\"urlTemplate\":\"https:\/\/www.diagnostyka-umyslu.pl\/blog\/?s={search_term_string}\"},\"query-input\":\"required name=search_term_string\"}],\"inLanguage\":\"pl-PL\"},{\"@type\":\"ImageObject\",\"@id\":\"https:\/\/www.diagnostyka-umyslu.pl\/blog\/spektrum-autyzmu\/co-to-jest-autyzm\/#primaryimage\",\"inLanguage\":\"pl-PL\",\"url\":\"https:\/\/www.diagnostyka-umyslu.pl\/blog\/wp-content\/uploads\/2021\/07\/1.jpg\",\"contentUrl\":\"https:\/\/www.diagnostyka-umyslu.pl\/blog\/wp-content\/uploads\/2021\/07\/1.jpg\",\"width\":839,\"height\":400},{\"@type\":\"WebPage\",\"@id\":\"https:\/\/www.diagnostyka-umyslu.pl\/blog\/spektrum-autyzmu\/co-to-jest-autyzm\/#webpage\",\"url\":\"https:\/\/www.diagnostyka-umyslu.pl\/blog\/spektrum-autyzmu\/co-to-jest-autyzm\/\",\"name\":\"Co to jest autyzm? - Spektrum Autyzmu - Diagnostyka Umys\u0142u\",\"isPartOf\":{\"@id\":\"https:\/\/www.diagnostyka-umyslu.pl\/blog\/#website\"},\"primaryImageOfPage\":{\"@id\":\"https:\/\/www.diagnostyka-umyslu.pl\/blog\/spektrum-autyzmu\/co-to-jest-autyzm\/#primaryimage\"},\"datePublished\":\"2021-07-08T13:12:54+00:00\",\"dateModified\":\"2022-07-08T19:43:30+00:00\",\"description\":\"Autyzm jest zaburzeniem o charakterze neurologicznym, dotycz\u0105cym m\u00f3zgu i maj\u0105cym najcz\u0119\u015bciej pod\u0142o\u017ce genetyczne.\",\"breadcrumb\":{\"@id\":\"https:\/\/www.diagnostyka-umyslu.pl\/blog\/spektrum-autyzmu\/co-to-jest-autyzm\/#breadcrumb\"},\"inLanguage\":\"pl-PL\",\"potentialAction\":[{\"@type\":\"ReadAction\",\"target\":[\"https:\/\/www.diagnostyka-umyslu.pl\/blog\/spektrum-autyzmu\/co-to-jest-autyzm\/\"]}]},{\"@type\":\"BreadcrumbList\",\"@id\":\"https:\/\/www.diagnostyka-umyslu.pl\/blog\/spektrum-autyzmu\/co-to-jest-autyzm\/#breadcrumb\",\"itemListElement\":[{\"@type\":\"ListItem\",\"position\":1,\"name\":\"Strona g\u0142\u00f3wna\",\"item\":\"https:\/\/www.diagnostyka-umyslu.pl\/blog\/\"},{\"@type\":\"ListItem\",\"position\":2,\"name\":\"Spektrum Autyzmu\",\"item\":\"https:\/\/www.diagnostyka-umyslu.pl\/blog\/spektrum-autyzmu\/\"},{\"@type\":\"ListItem\",\"position\":3,\"name\":\"Definicja\"}]},{\"@type\":\"Article\",\"@id\":\"https:\/\/www.diagnostyka-umyslu.pl\/blog\/spektrum-autyzmu\/co-to-jest-autyzm\/#article\",\"isPartOf\":{\"@id\":\"https:\/\/www.diagnostyka-umyslu.pl\/blog\/spektrum-autyzmu\/co-to-jest-autyzm\/#webpage\"},\"author\":{\"@id\":\"https:\/\/www.diagnostyka-umyslu.pl\/blog\/#\/schema\/person\/8eb1bcaf59fea75c780c11946f4e3490\"},\"headline\":\"Co to jest autyzm?\",\"datePublished\":\"2021-07-08T13:12:54+00:00\",\"dateModified\":\"2022-07-08T19:43:30+00:00\",\"mainEntityOfPage\":{\"@id\":\"https:\/\/www.diagnostyka-umyslu.pl\/blog\/spektrum-autyzmu\/co-to-jest-autyzm\/#webpage\"},\"wordCount\":468,\"publisher\":{\"@id\":\"https:\/\/www.diagnostyka-umyslu.pl\/blog\/#organization\"},\"image\":{\"@id\":\"https:\/\/www.diagnostyka-umyslu.pl\/blog\/spektrum-autyzmu\/co-to-jest-autyzm\/#primaryimage\"},\"thumbnailUrl\":\"https:\/\/www.diagnostyka-umyslu.pl\/blog\/wp-content\/uploads\/2021\/07\/1.jpg\",\"articleSection\":[\"Spektrum Autyzmu\"],\"inLanguage\":\"pl-PL\"},{\"@type\":\"Person\",\"@id\":\"https:\/\/www.diagnostyka-umyslu.pl\/blog\/#\/schema\/person\/8eb1bcaf59fea75c780c11946f4e3490\",\"name\":\"Diagnostyka Umys\u0142u\",\"image\":{\"@type\":\"ImageObject\",\"@id\":\"https:\/\/www.diagnostyka-umyslu.pl\/blog\/#personlogo\",\"inLanguage\":\"pl-PL\",\"url\":\"https:\/\/secure.gravatar.com\/avatar\/6743211f010801ea26aa9423a2daab37?s=96&d=mm&r=g\",\"contentUrl\":\"https:\/\/secure.gravatar.com\/avatar\/6743211f010801ea26aa9423a2daab37?s=96&d=mm&r=g\",\"caption\":\"Diagnostyka Umys\u0142u\"},\"sameAs\":[\"https:\/\/www.diagnostyka-umyslu.pl\/blog\"],\"url\":\"https:\/\/www.diagnostyka-umyslu.pl\/blog\/author\/diagnostyka-umyslu\/\"}]}<\/script>\n<!-- \/ Yoast SEO plugin. -->","yoast_head_json":{"title":"Co to jest autyzm? - Spektrum Autyzmu - Diagnostyka Umys\u0142u","description":"Autyzm jest zaburzeniem o charakterze neurologicznym, dotycz\u0105cym m\u00f3zgu i maj\u0105cym najcz\u0119\u015bciej pod\u0142o\u017ce genetyczne.","robots":{"index":"index","follow":"follow","max-snippet":"max-snippet:-1","max-image-preview":"max-image-preview:large","max-video-preview":"max-video-preview:-1"},"canonical":"https:\/\/www.diagnostyka-umyslu.pl\/blog\/spektrum-autyzmu\/co-to-jest-autyzm\/","og_locale":"pl_PL","og_type":"article","og_title":"Co to jest autyzm? - Spektrum Autyzmu - Diagnostyka Umys\u0142u","og_description":"Autyzm jest zaburzeniem o charakterze neurologicznym, dotycz\u0105cym m\u00f3zgu i maj\u0105cym najcz\u0119\u015bciej pod\u0142o\u017ce genetyczne.","og_url":"https:\/\/www.diagnostyka-umyslu.pl\/blog\/spektrum-autyzmu\/co-to-jest-autyzm\/","og_site_name":"Diagnostyka Umys\u0142u","article_published_time":"2021-07-08T13:12:54+00:00","article_modified_time":"2022-07-08T19:43:30+00:00","og_image":[{"width":839,"height":400,"url":"https:\/\/www.diagnostyka-umyslu.pl\/blog\/wp-content\/uploads\/2021\/07\/1.jpg","type":"image\/jpeg"}],"twitter_card":"summary_large_image","twitter_misc":{"Napisane przez":"Diagnostyka Umys\u0142u","Szacowany czas czytania":"3 minuty"},"schema":{"@context":"https:\/\/schema.org","@graph":[{"@type":"Organization","@id":"https:\/\/www.diagnostyka-umyslu.pl\/blog\/#organization","name":"Diagnostyka Umys\u0142u","url":"https:\/\/www.diagnostyka-umyslu.pl\/blog\/","sameAs":[],"logo":{"@type":"ImageObject","@id":"https:\/\/www.diagnostyka-umyslu.pl\/blog\/#logo","inLanguage":"pl-PL","url":"https:\/\/www.diagnostyka-umyslu.pl\/blog\/wp-content\/uploads\/2021\/05\/logo.png","contentUrl":"https:\/\/www.diagnostyka-umyslu.pl\/blog\/wp-content\/uploads\/2021\/05\/logo.png","width":236,"height":81,"caption":"Diagnostyka Umys\u0142u"},"image":{"@id":"https:\/\/www.diagnostyka-umyslu.pl\/blog\/#logo"}},{"@type":"WebSite","@id":"https:\/\/www.diagnostyka-umyslu.pl\/blog\/#website","url":"https:\/\/www.diagnostyka-umyslu.pl\/blog\/","name":"Diagnostyka Umys\u0142u","description":"Blog o zaburzeniach umys\u0142u","publisher":{"@id":"https:\/\/www.diagnostyka-umyslu.pl\/blog\/#organization"},"potentialAction":[{"@type":"SearchAction","target":{"@type":"EntryPoint","urlTemplate":"https:\/\/www.diagnostyka-umyslu.pl\/blog\/?s={search_term_string}"},"query-input":"required name=search_term_string"}],"inLanguage":"pl-PL"},{"@type":"ImageObject","@id":"https:\/\/www.diagnostyka-umyslu.pl\/blog\/spektrum-autyzmu\/co-to-jest-autyzm\/#primaryimage","inLanguage":"pl-PL","url":"https:\/\/www.diagnostyka-umyslu.pl\/blog\/wp-content\/uploads\/2021\/07\/1.jpg","contentUrl":"https:\/\/www.diagnostyka-umyslu.pl\/blog\/wp-content\/uploads\/2021\/07\/1.jpg","width":839,"height":400},{"@type":"WebPage","@id":"https:\/\/www.diagnostyka-umyslu.pl\/blog\/spektrum-autyzmu\/co-to-jest-autyzm\/#webpage","url":"https:\/\/www.diagnostyka-umyslu.pl\/blog\/spektrum-autyzmu\/co-to-jest-autyzm\/","name":"Co to jest autyzm? - Spektrum Autyzmu - Diagnostyka Umys\u0142u","isPartOf":{"@id":"https:\/\/www.diagnostyka-umyslu.pl\/blog\/#website"},"primaryImageOfPage":{"@id":"https:\/\/www.diagnostyka-umyslu.pl\/blog\/spektrum-autyzmu\/co-to-jest-autyzm\/#primaryimage"},"datePublished":"2021-07-08T13:12:54+00:00","dateModified":"2022-07-08T19:43:30+00:00","description":"Autyzm jest zaburzeniem o charakterze neurologicznym, dotycz\u0105cym m\u00f3zgu i maj\u0105cym najcz\u0119\u015bciej pod\u0142o\u017ce genetyczne.","breadcrumb":{"@id":"https:\/\/www.diagnostyka-umyslu.pl\/blog\/spektrum-autyzmu\/co-to-jest-autyzm\/#breadcrumb"},"inLanguage":"pl-PL","potentialAction":[{"@type":"ReadAction","target":["https:\/\/www.diagnostyka-umyslu.pl\/blog\/spektrum-autyzmu\/co-to-jest-autyzm\/"]}]},{"@type":"BreadcrumbList","@id":"https:\/\/www.diagnostyka-umyslu.pl\/blog\/spektrum-autyzmu\/co-to-jest-autyzm\/#breadcrumb","itemListElement":[{"@type":"ListItem","position":1,"name":"Strona g\u0142\u00f3wna","item":"https:\/\/www.diagnostyka-umyslu.pl\/blog\/"},{"@type":"ListItem","position":2,"name":"Spektrum Autyzmu","item":"https:\/\/www.diagnostyka-umyslu.pl\/blog\/spektrum-autyzmu\/"},{"@type":"ListItem","position":3,"name":"Definicja"}]},{"@type":"Article","@id":"https:\/\/www.diagnostyka-umyslu.pl\/blog\/spektrum-autyzmu\/co-to-jest-autyzm\/#article","isPartOf":{"@id":"https:\/\/www.diagnostyka-umyslu.pl\/blog\/spektrum-autyzmu\/co-to-jest-autyzm\/#webpage"},"author":{"@id":"https:\/\/www.diagnostyka-umyslu.pl\/blog\/#\/schema\/person\/8eb1bcaf59fea75c780c11946f4e3490"},"headline":"Co to jest autyzm?","datePublished":"2021-07-08T13:12:54+00:00","dateModified":"2022-07-08T19:43:30+00:00","mainEntityOfPage":{"@id":"https:\/\/www.diagnostyka-umyslu.pl\/blog\/spektrum-autyzmu\/co-to-jest-autyzm\/#webpage"},"wordCount":468,"publisher":{"@id":"https:\/\/www.diagnostyka-umyslu.pl\/blog\/#organization"},"image":{"@id":"https:\/\/www.diagnostyka-umyslu.pl\/blog\/spektrum-autyzmu\/co-to-jest-autyzm\/#primaryimage"},"thumbnailUrl":"https:\/\/www.diagnostyka-umyslu.pl\/blog\/wp-content\/uploads\/2021\/07\/1.jpg","articleSection":["Spektrum Autyzmu"],"inLanguage":"pl-PL"},{"@type":"Person","@id":"https:\/\/www.diagnostyka-umyslu.pl\/blog\/#\/schema\/person\/8eb1bcaf59fea75c780c11946f4e3490","name":"Diagnostyka Umys\u0142u","image":{"@type":"ImageObject","@id":"https:\/\/www.diagnostyka-umyslu.pl\/blog\/#personlogo","inLanguage":"pl-PL","url":"https:\/\/secure.gravatar.com\/avatar\/6743211f010801ea26aa9423a2daab37?s=96&d=mm&r=g","contentUrl":"https:\/\/secure.gravatar.com\/avatar\/6743211f010801ea26aa9423a2daab37?s=96&d=mm&r=g","caption":"Diagnostyka Umys\u0142u"},"sameAs":["https:\/\/www.diagnostyka-umyslu.pl\/blog"],"url":"https:\/\/www.diagnostyka-umyslu.pl\/blog\/author\/diagnostyka-umyslu\/"}]}},"amp_enabled":true,"_links":{"self":[{"href":"https:\/\/www.diagnostyka-umyslu.pl\/blog\/wp-json\/wp\/v2\/posts\/1036"}],"collection":[{"href":"https:\/\/www.diagnostyka-umyslu.pl\/blog\/wp-json\/wp\/v2\/posts"}],"about":[{"href":"https:\/\/www.diagnostyka-umyslu.pl\/blog\/wp-json\/wp\/v2\/types\/post"}],"author":[{"embeddable":true,"href":"https:\/\/www.diagnostyka-umyslu.pl\/blog\/wp-json\/wp\/v2\/users\/1"}],"replies":[{"embeddable":true,"href":"https:\/\/www.diagnostyka-umyslu.pl\/blog\/wp-json\/wp\/v2\/comments?post=1036"}],"version-history":[{"count":5,"href":"https:\/\/www.diagnostyka-umyslu.pl\/blog\/wp-json\/wp\/v2\/posts\/1036\/revisions"}],"predecessor-version":[{"id":1977,"href":"https:\/\/www.diagnostyka-umyslu.pl\/blog\/wp-json\/wp\/v2\/posts\/1036\/revisions\/1977"}],"wp:featuredmedia":[{"embeddable":true,"href":"https:\/\/www.diagnostyka-umyslu.pl\/blog\/wp-json\/wp\/v2\/media\/1049"}],"wp:attachment":[{"href":"https:\/\/www.diagnostyka-umyslu.pl\/blog\/wp-json\/wp\/v2\/media?parent=1036"}],"wp:term":[{"taxonomy":"category","embeddable":true,"href":"https:\/\/www.diagnostyka-umyslu.pl\/blog\/wp-json\/wp\/v2\/categories?post=1036"},{"taxonomy":"post_tag","embeddable":true,"href":"https:\/\/www.diagnostyka-umyslu.pl\/blog\/wp-json\/wp\/v2\/tags?post=1036"}],"curies":[{"name":"wp","href":"https:\/\/api.w.org\/{rel}","templated":true}]}}