{"id":1046,"date":"2021-07-08T16:58:03","date_gmt":"2021-07-08T14:58:03","guid":{"rendered":"https:\/\/www.diagnostyka-umyslu.pl\/blog\/?p=1046"},"modified":"2022-02-14T16:06:44","modified_gmt":"2022-02-14T15:06:44","slug":"jak-pomoc-autystycznemu-dziecku-w-zyciu-codziennym","status":"publish","type":"post","link":"https:\/\/www.diagnostyka-umyslu.pl\/blog\/spektrum-autyzmu\/jak-pomoc-autystycznemu-dziecku-w-zyciu-codziennym\/","title":{"rendered":"Jak pom\u00f3c autystycznemu dziecku w \u017cyciu codziennym?"},"content":{"rendered":"<h4>Jak pom\u00f3c dziecku w komunikacji?<\/h4>\n<div class=\"nhsuk-do-dont-list\">\n<p class=\"nhsuk-do-dont-list__label\"><strong>Co robi\u0107?<\/strong><\/p>\n<ul class=\"nhsuk-list nhsuk-list--tick\">\n<li>u\u017cyj imienia swojego dziecka, aby wiedzia\u0142o, \u017ce do niego m\u00f3wisz<\/li>\n<li>staraj si\u0119, aby j\u0119zyk by\u0142 prosty i jasny<\/li>\n<li>m\u00f3w powoli i wyra\u017anie<\/li>\n<li>u\u017cywaj prostych gest\u00f3w lub obrazk\u00f3w, aby wesprze\u0107 to, co m\u00f3wisz<\/li>\n<li>daj dziecku dodatkowy czas na zrozumienie tego, co powiedzia\u0142a\u015b\/e\u015b<\/li>\n<li>zapytaj zesp\u00f3\u0142 oceniaj\u0105cy autyzm, czy mo\u017cesz uzyska\u0107 pomoc od logopedy<\/li>\n<\/ul>\n<\/div>\n<div class=\"nhsuk-do-dont-list\">\n<p class=\"nhsuk-do-dont-list__label\"><strong>Co nie robi\u0107?<\/strong><\/p>\n<ul class=\"nhsuk-list nhsuk-list--cross\">\n<li>staraj si\u0119 nie zadawa\u0107 dziecku wielu pyta\u0144<\/li>\n<li>staraj si\u0119 nie rozmawia\u0107, gdy jest g\u0142o\u015bno<\/li>\n<li>staraj si\u0119 nie m\u00f3wi\u0107 rzeczy, kt\u00f3re mog\u0105 mie\u0107 r\u00f3\u017cne znaczenia, na przyk\u0142ad \u201epo\u0142amania n\u00f3g\u201d &#8211; u\u017cywane w sytuacji, gdy chcemy \u017cyczy\u0107 komu\u015b powodzenia przed czekaj\u0105cym go sprawdzianem lub rywalizacj\u0105, a nie dos\u0142owne z\u0142amanie nogi<\/li>\n<\/ul>\n<\/div>\n<h4>Radzenie sobie z l\u0119kiem<\/h4>\n<p>L\u0119k dotyka wielu dzieci i doros\u0142ych z autyzmem.\u00a0Cz\u0119sto jest to spowodowane niemo\u017cno\u015bci\u0105 zrozumienia tego, co si\u0119 wok\u00f3\u0142 nich dzieje.<\/p>\n<p>Spr\u00f3buj dowiedzie\u0107 si\u0119, dlaczego Twoje dziecko jest zaniepokojone.<\/p>\n<p>Mo\u017ce to by\u0107 spowodowane:<\/p>\n<ul>\n<li>zmian\u0105 rutyny<\/li>\n<li>ha\u0142a\u015bliwe lub jaskrawo kolorowe miejsce<\/li>\n<\/ul>\n<p>Je\u015bli Twoje dziecko cz\u0119sto jest niespokojne, popro\u015b zesp\u00f3\u0142 ds. oceny autyzmu lub zesp\u00f3\u0142 ds. zdrowia psychicznego dziecka o skierowanie do doradcy lub terapeuty z do\u015bwiadczeniem autyzmu.<\/p>\n<h4>Pomoc w zachowaniu dziecka<\/h4>\n<p>Niekt\u00f3re dzieci z autyzmem maj\u0105 takie zachowania jak:<\/p>\n<ul>\n<li><em>stimming<\/em> \u2013 rodzaj powtarzaj\u0105cego si\u0119 zachowania (takiego jak machanie r\u0119kami lub machanie palcami)<\/li>\n<li><em>stopienia<\/em> \u2013 ca\u0142kowita utrata kontroli spowodowana totalnym przyt\u0142oczeniem<\/li>\n<\/ul>\n<h4>Problemy z jedzeniem<\/h4>\n<p>Wiele dzieci jest \u201e<em>wybrednymi zjadaczami<\/em>\u201d.<\/p>\n<p>Dzieci z autyzmem mog\u0105:<\/p>\n<ul>\n<li>je\u015b\u0107 tylko pokarmy o okre\u015blonym kolorze lub konsystencji<\/li>\n<li>je\u015b\u0107 za ma\u0142o lub za du\u017co<\/li>\n<li>maj\u0105 problemy z kaszlem lub d\u0142awieniem podczas jedzenia<\/li>\n<li>maj\u0105 zaparcia, wi\u0119c czuj\u0105 si\u0119 pe\u0142ne, nawet gdy nie s\u0105<\/li>\n<\/ul>\n<p>Pomocne mo\u017ce by\u0107 prowadzenie dziennika jedzenia, zawieraj\u0105cego informacje o tym, co, gdzie i kiedy je Twoje dziecko.\u00a0Pomo\u017ce Ci to wykry\u0107 wszelkie typowe problemy Twojego dziecka.<\/p>\n<p>Porozmawiaj z lekarzem rodzinnym lub zespo\u0142em oceniaj\u0105cym autyzm o wszelkich problemach, jakie Twoje dziecko ma z jedzeniem.<\/p>\n<h4>Problemy ze snem<\/h4>\n<p>Wiele dzieci z autyzmem ma trudno\u015bci z za\u015bni\u0119ciem lub budzeniem si\u0119 kilka razy w ci\u0105gu nocy.<\/p>\n<p>Mo\u017ce to by\u0107 spowodowane:<\/p>\n<ul>\n<li>niepokojem<\/li>\n<li>wra\u017cliwo\u015b\u0107 na \u015bwiat\u0142o ze smartfon\u00f3w lub tablet\u00f3w<\/li>\n<li>problemy z hormonem snu &#8211; melatonin\u0105<\/li>\n<\/ul>\n<p>Mo\u017cesz pom\u00f3c swojemu dziecku poprzez:<\/p>\n<ul>\n<li>prowadzenie dziennika snu, w kt\u00f3rym \u015bpi Twoje dziecko, aby pom\u00f3c Ci wykry\u0107 typowe problemy<\/li>\n<li>trzymanie si\u0119 tej samej rutyny przed snem<\/li>\n<li>upewniaj\u0105c si\u0119, \u017ce ich sypialnia jest ciemna i nieha\u0142a\u015bliwa<\/li>\n<li>pozwalaj\u0105c im nosi\u0107 zatyczki do uszu, je\u015bli to pomaga<\/li>\n<\/ul>\n<p>Je\u015bli te wskaz\u00f3wki nie pomog\u0105, porozmawiaj z lekarzem rodzinnym, kt\u00f3ry mo\u017ce przepisa\u0107 lek zwany melatonin\u0105, aby pom\u00f3c dziecku zasn\u0105\u0107.<\/p>\n<h4>Dba\u0107 o zdrowie<\/h4>\n<p>Wa\u017cne jest, aby Twoje dziecko przechodzi\u0142o regularne badania kontrolne z:<\/p>\n<ul>\n<li>dentysta<\/li>\n<li>optyk<\/li>\n<li>lekarze lecz\u0105cy wszelkie inne schorzenia Twojego dziecka<\/li>\n<\/ul>\n<h4>Przyja\u017anie i kontakty towarzyskie<\/h4>\n<p>Niekt\u00f3re dzieci z autyzmem maj\u0105 trudno\u015bci z nawi\u0105zaniem przyja\u017ani.<\/p>\n<p>Jest kilka rzeczy, kt\u00f3re mo\u017cesz zrobi\u0107, aby pom\u00f3c:<\/p>\n<div class=\"nhsuk-do-dont-list\">\n<p class=\"nhsuk-do-dont-list__label\"><strong>Co robi\u0107?<\/strong><\/p>\n<ul class=\"nhsuk-list nhsuk-list--tick\">\n<li>uzyska\u0107 pomys\u0142y od innych rodzic\u00f3w na\u00a0forach lub lokalnych grupach wsparcia<\/li>\n<li>zapytaj szko\u0142\u0119 Twojego dziecka, czy mo\u017ce pom\u00f3c<\/li>\n<li>zapytaj zesp\u00f3\u0142 oceniaj\u0105cy autyzm, czy mog\u0105 pom\u00f3c Twojemu dziecku w komunikacji i nawi\u0105zywaniu kontakt\u00f3w towarzyskich<\/li>\n<li>do\u0142\u0105cz do\u00a0lokalnych grup spo\u0142ecznych, kt\u00f3re s\u0105 przyjazne autyzmowi<\/li>\n<\/ul>\n<\/div>\n<div class=\"nhsuk-do-dont-list\">\n<p class=\"nhsuk-do-dont-list__label\"><strong>Co nie robi\u0107?<\/strong><\/p>\n<ul class=\"nhsuk-list nhsuk-list--cross\">\n<li>nie wywieraj zbyt du\u017cej presji na swoje dziecko \u2013 nauka umiej\u0119tno\u015bci spo\u0142ecznych wymaga czasu<\/li>\n<li>nie zmuszaj dziecka do kontakt\u00f3w towarzyskich, je\u015bli nie ma nic przeciwko samotno\u015bci<\/li>\n<\/ul>\n<\/div>\n","protected":false},"excerpt":{"rendered":"<p>Jak pom\u00f3c dziecku w komunikacji? Co robi\u0107? u\u017cyj imienia swojego dziecka, aby wiedzia\u0142o, \u017ce do niego m\u00f3wisz staraj si\u0119, aby j\u0119zyk by\u0142 prosty i jasny&#8230;<\/p>\n","protected":false},"author":1,"featured_media":1061,"comment_status":"closed","ping_status":"open","sticky":false,"template":"","format":"standard","meta":[],"categories":[44],"tags":[],"yoast_head":"<!-- This site is optimized with the Yoast SEO plugin v18.1 - https:\/\/yoast.com\/wordpress\/plugins\/seo\/ -->\n<title>Jak pom\u00f3c autystycznemu dziecku w \u017cyciu codziennym? - Diagnostyka Umys\u0142u<\/title>\n<meta name=\"description\" content=\"Porady dotycz\u0105ce tego, co mo\u017cesz zrobi\u0107, aby pom\u00f3c dziecku w komunikowaniu si\u0119, niepokoju, jedzeniu i spaniu.\" \/>\n<meta name=\"robots\" content=\"index, follow, max-snippet:-1, max-image-preview:large, max-video-preview:-1\" \/>\n<link rel=\"canonical\" href=\"https:\/\/www.diagnostyka-umyslu.pl\/blog\/spektrum-autyzmu\/jak-pomoc-autystycznemu-dziecku-w-zyciu-codziennym\/\" \/>\n<meta property=\"og:locale\" content=\"pl_PL\" \/>\n<meta property=\"og:type\" content=\"article\" \/>\n<meta property=\"og:title\" content=\"Jak pom\u00f3c autystycznemu dziecku w \u017cyciu codziennym? - Diagnostyka Umys\u0142u\" \/>\n<meta property=\"og:description\" content=\"Porady dotycz\u0105ce tego, co mo\u017cesz zrobi\u0107, aby pom\u00f3c dziecku w komunikowaniu si\u0119, niepokoju, jedzeniu i spaniu.\" \/>\n<meta property=\"og:url\" content=\"https:\/\/www.diagnostyka-umyslu.pl\/blog\/spektrum-autyzmu\/jak-pomoc-autystycznemu-dziecku-w-zyciu-codziennym\/\" \/>\n<meta property=\"og:site_name\" content=\"Diagnostyka Umys\u0142u\" \/>\n<meta property=\"article:published_time\" content=\"2021-07-08T14:58:03+00:00\" \/>\n<meta property=\"article:modified_time\" content=\"2022-02-14T15:06:44+00:00\" \/>\n<meta property=\"og:image\" content=\"https:\/\/www.diagnostyka-umyslu.pl\/blog\/wp-content\/uploads\/2021\/07\/5.jpg\" \/>\n\t<meta property=\"og:image:width\" content=\"839\" \/>\n\t<meta property=\"og:image:height\" content=\"400\" \/>\n\t<meta property=\"og:image:type\" content=\"image\/jpeg\" \/>\n<meta name=\"twitter:card\" content=\"summary_large_image\" \/>\n<meta name=\"twitter:label1\" content=\"Napisane przez\" \/>\n\t<meta name=\"twitter:data1\" content=\"Diagnostyka Umys\u0142u\" \/>\n\t<meta name=\"twitter:label2\" content=\"Szacowany czas czytania\" \/>\n\t<meta name=\"twitter:data2\" content=\"3 minuty\" \/>\n<script type=\"application\/ld+json\" class=\"yoast-schema-graph\">{\"@context\":\"https:\/\/schema.org\",\"@graph\":[{\"@type\":\"Organization\",\"@id\":\"https:\/\/www.diagnostyka-umyslu.pl\/blog\/#organization\",\"name\":\"Diagnostyka Umys\u0142u\",\"url\":\"https:\/\/www.diagnostyka-umyslu.pl\/blog\/\",\"sameAs\":[],\"logo\":{\"@type\":\"ImageObject\",\"@id\":\"https:\/\/www.diagnostyka-umyslu.pl\/blog\/#logo\",\"inLanguage\":\"pl-PL\",\"url\":\"https:\/\/www.diagnostyka-umyslu.pl\/blog\/wp-content\/uploads\/2021\/05\/logo.png\",\"contentUrl\":\"https:\/\/www.diagnostyka-umyslu.pl\/blog\/wp-content\/uploads\/2021\/05\/logo.png\",\"width\":236,\"height\":81,\"caption\":\"Diagnostyka Umys\u0142u\"},\"image\":{\"@id\":\"https:\/\/www.diagnostyka-umyslu.pl\/blog\/#logo\"}},{\"@type\":\"WebSite\",\"@id\":\"https:\/\/www.diagnostyka-umyslu.pl\/blog\/#website\",\"url\":\"https:\/\/www.diagnostyka-umyslu.pl\/blog\/\",\"name\":\"Diagnostyka Umys\u0142u\",\"description\":\"Blog o zaburzeniach umys\u0142u\",\"publisher\":{\"@id\":\"https:\/\/www.diagnostyka-umyslu.pl\/blog\/#organization\"},\"potentialAction\":[{\"@type\":\"SearchAction\",\"target\":{\"@type\":\"EntryPoint\",\"urlTemplate\":\"https:\/\/www.diagnostyka-umyslu.pl\/blog\/?s={search_term_string}\"},\"query-input\":\"required name=search_term_string\"}],\"inLanguage\":\"pl-PL\"},{\"@type\":\"ImageObject\",\"@id\":\"https:\/\/www.diagnostyka-umyslu.pl\/blog\/spektrum-autyzmu\/jak-pomoc-autystycznemu-dziecku-w-zyciu-codziennym\/#primaryimage\",\"inLanguage\":\"pl-PL\",\"url\":\"https:\/\/www.diagnostyka-umyslu.pl\/blog\/wp-content\/uploads\/2021\/07\/5.jpg\",\"contentUrl\":\"https:\/\/www.diagnostyka-umyslu.pl\/blog\/wp-content\/uploads\/2021\/07\/5.jpg\",\"width\":839,\"height\":400,\"caption\":\"Jak pom\u00f3c autystycznemu dziecku w \u017cyciu codziennym?\"},{\"@type\":\"WebPage\",\"@id\":\"https:\/\/www.diagnostyka-umyslu.pl\/blog\/spektrum-autyzmu\/jak-pomoc-autystycznemu-dziecku-w-zyciu-codziennym\/#webpage\",\"url\":\"https:\/\/www.diagnostyka-umyslu.pl\/blog\/spektrum-autyzmu\/jak-pomoc-autystycznemu-dziecku-w-zyciu-codziennym\/\",\"name\":\"Jak pom\u00f3c autystycznemu dziecku w \u017cyciu codziennym? - Diagnostyka Umys\u0142u\",\"isPartOf\":{\"@id\":\"https:\/\/www.diagnostyka-umyslu.pl\/blog\/#website\"},\"primaryImageOfPage\":{\"@id\":\"https:\/\/www.diagnostyka-umyslu.pl\/blog\/spektrum-autyzmu\/jak-pomoc-autystycznemu-dziecku-w-zyciu-codziennym\/#primaryimage\"},\"datePublished\":\"2021-07-08T14:58:03+00:00\",\"dateModified\":\"2022-02-14T15:06:44+00:00\",\"description\":\"Porady dotycz\u0105ce tego, co mo\u017cesz zrobi\u0107, aby pom\u00f3c dziecku w komunikowaniu si\u0119, niepokoju, jedzeniu i spaniu.\",\"breadcrumb\":{\"@id\":\"https:\/\/www.diagnostyka-umyslu.pl\/blog\/spektrum-autyzmu\/jak-pomoc-autystycznemu-dziecku-w-zyciu-codziennym\/#breadcrumb\"},\"inLanguage\":\"pl-PL\",\"potentialAction\":[{\"@type\":\"ReadAction\",\"target\":[\"https:\/\/www.diagnostyka-umyslu.pl\/blog\/spektrum-autyzmu\/jak-pomoc-autystycznemu-dziecku-w-zyciu-codziennym\/\"]}]},{\"@type\":\"BreadcrumbList\",\"@id\":\"https:\/\/www.diagnostyka-umyslu.pl\/blog\/spektrum-autyzmu\/jak-pomoc-autystycznemu-dziecku-w-zyciu-codziennym\/#breadcrumb\",\"itemListElement\":[{\"@type\":\"ListItem\",\"position\":1,\"name\":\"Strona g\u0142\u00f3wna\",\"item\":\"https:\/\/www.diagnostyka-umyslu.pl\/blog\/\"},{\"@type\":\"ListItem\",\"position\":2,\"name\":\"Spektrum Autyzmu\",\"item\":\"https:\/\/www.diagnostyka-umyslu.pl\/blog\/spektrum-autyzmu\/\"},{\"@type\":\"ListItem\",\"position\":3,\"name\":\"Codzienne \u017bycie\"}]},{\"@type\":\"Article\",\"@id\":\"https:\/\/www.diagnostyka-umyslu.pl\/blog\/spektrum-autyzmu\/jak-pomoc-autystycznemu-dziecku-w-zyciu-codziennym\/#article\",\"isPartOf\":{\"@id\":\"https:\/\/www.diagnostyka-umyslu.pl\/blog\/spektrum-autyzmu\/jak-pomoc-autystycznemu-dziecku-w-zyciu-codziennym\/#webpage\"},\"author\":{\"@id\":\"https:\/\/www.diagnostyka-umyslu.pl\/blog\/#\/schema\/person\/8eb1bcaf59fea75c780c11946f4e3490\"},\"headline\":\"Jak pom\u00f3c autystycznemu dziecku w \u017cyciu codziennym?\",\"datePublished\":\"2021-07-08T14:58:03+00:00\",\"dateModified\":\"2022-02-14T15:06:44+00:00\",\"mainEntityOfPage\":{\"@id\":\"https:\/\/www.diagnostyka-umyslu.pl\/blog\/spektrum-autyzmu\/jak-pomoc-autystycznemu-dziecku-w-zyciu-codziennym\/#webpage\"},\"wordCount\":627,\"publisher\":{\"@id\":\"https:\/\/www.diagnostyka-umyslu.pl\/blog\/#organization\"},\"image\":{\"@id\":\"https:\/\/www.diagnostyka-umyslu.pl\/blog\/spektrum-autyzmu\/jak-pomoc-autystycznemu-dziecku-w-zyciu-codziennym\/#primaryimage\"},\"thumbnailUrl\":\"https:\/\/www.diagnostyka-umyslu.pl\/blog\/wp-content\/uploads\/2021\/07\/5.jpg\",\"articleSection\":[\"Spektrum Autyzmu\"],\"inLanguage\":\"pl-PL\"},{\"@type\":\"Person\",\"@id\":\"https:\/\/www.diagnostyka-umyslu.pl\/blog\/#\/schema\/person\/8eb1bcaf59fea75c780c11946f4e3490\",\"name\":\"Diagnostyka Umys\u0142u\",\"image\":{\"@type\":\"ImageObject\",\"@id\":\"https:\/\/www.diagnostyka-umyslu.pl\/blog\/#personlogo\",\"inLanguage\":\"pl-PL\",\"url\":\"https:\/\/secure.gravatar.com\/avatar\/6743211f010801ea26aa9423a2daab37?s=96&d=mm&r=g\",\"contentUrl\":\"https:\/\/secure.gravatar.com\/avatar\/6743211f010801ea26aa9423a2daab37?s=96&d=mm&r=g\",\"caption\":\"Diagnostyka Umys\u0142u\"},\"sameAs\":[\"https:\/\/www.diagnostyka-umyslu.pl\/blog\"],\"url\":\"https:\/\/www.diagnostyka-umyslu.pl\/blog\/author\/diagnostyka-umyslu\/\"}]}<\/script>\n<!-- \/ Yoast SEO plugin. -->","yoast_head_json":{"title":"Jak pom\u00f3c autystycznemu dziecku w \u017cyciu codziennym? - Diagnostyka Umys\u0142u","description":"Porady dotycz\u0105ce tego, co mo\u017cesz zrobi\u0107, aby pom\u00f3c dziecku w komunikowaniu si\u0119, niepokoju, jedzeniu i spaniu.","robots":{"index":"index","follow":"follow","max-snippet":"max-snippet:-1","max-image-preview":"max-image-preview:large","max-video-preview":"max-video-preview:-1"},"canonical":"https:\/\/www.diagnostyka-umyslu.pl\/blog\/spektrum-autyzmu\/jak-pomoc-autystycznemu-dziecku-w-zyciu-codziennym\/","og_locale":"pl_PL","og_type":"article","og_title":"Jak pom\u00f3c autystycznemu dziecku w \u017cyciu codziennym? - Diagnostyka Umys\u0142u","og_description":"Porady dotycz\u0105ce tego, co mo\u017cesz zrobi\u0107, aby pom\u00f3c dziecku w komunikowaniu si\u0119, niepokoju, jedzeniu i spaniu.","og_url":"https:\/\/www.diagnostyka-umyslu.pl\/blog\/spektrum-autyzmu\/jak-pomoc-autystycznemu-dziecku-w-zyciu-codziennym\/","og_site_name":"Diagnostyka Umys\u0142u","article_published_time":"2021-07-08T14:58:03+00:00","article_modified_time":"2022-02-14T15:06:44+00:00","og_image":[{"width":839,"height":400,"url":"https:\/\/www.diagnostyka-umyslu.pl\/blog\/wp-content\/uploads\/2021\/07\/5.jpg","type":"image\/jpeg"}],"twitter_card":"summary_large_image","twitter_misc":{"Napisane przez":"Diagnostyka Umys\u0142u","Szacowany czas czytania":"3 minuty"},"schema":{"@context":"https:\/\/schema.org","@graph":[{"@type":"Organization","@id":"https:\/\/www.diagnostyka-umyslu.pl\/blog\/#organization","name":"Diagnostyka Umys\u0142u","url":"https:\/\/www.diagnostyka-umyslu.pl\/blog\/","sameAs":[],"logo":{"@type":"ImageObject","@id":"https:\/\/www.diagnostyka-umyslu.pl\/blog\/#logo","inLanguage":"pl-PL","url":"https:\/\/www.diagnostyka-umyslu.pl\/blog\/wp-content\/uploads\/2021\/05\/logo.png","contentUrl":"https:\/\/www.diagnostyka-umyslu.pl\/blog\/wp-content\/uploads\/2021\/05\/logo.png","width":236,"height":81,"caption":"Diagnostyka Umys\u0142u"},"image":{"@id":"https:\/\/www.diagnostyka-umyslu.pl\/blog\/#logo"}},{"@type":"WebSite","@id":"https:\/\/www.diagnostyka-umyslu.pl\/blog\/#website","url":"https:\/\/www.diagnostyka-umyslu.pl\/blog\/","name":"Diagnostyka Umys\u0142u","description":"Blog o zaburzeniach umys\u0142u","publisher":{"@id":"https:\/\/www.diagnostyka-umyslu.pl\/blog\/#organization"},"potentialAction":[{"@type":"SearchAction","target":{"@type":"EntryPoint","urlTemplate":"https:\/\/www.diagnostyka-umyslu.pl\/blog\/?s={search_term_string}"},"query-input":"required name=search_term_string"}],"inLanguage":"pl-PL"},{"@type":"ImageObject","@id":"https:\/\/www.diagnostyka-umyslu.pl\/blog\/spektrum-autyzmu\/jak-pomoc-autystycznemu-dziecku-w-zyciu-codziennym\/#primaryimage","inLanguage":"pl-PL","url":"https:\/\/www.diagnostyka-umyslu.pl\/blog\/wp-content\/uploads\/2021\/07\/5.jpg","contentUrl":"https:\/\/www.diagnostyka-umyslu.pl\/blog\/wp-content\/uploads\/2021\/07\/5.jpg","width":839,"height":400,"caption":"Jak pom\u00f3c autystycznemu dziecku w \u017cyciu codziennym?"},{"@type":"WebPage","@id":"https:\/\/www.diagnostyka-umyslu.pl\/blog\/spektrum-autyzmu\/jak-pomoc-autystycznemu-dziecku-w-zyciu-codziennym\/#webpage","url":"https:\/\/www.diagnostyka-umyslu.pl\/blog\/spektrum-autyzmu\/jak-pomoc-autystycznemu-dziecku-w-zyciu-codziennym\/","name":"Jak pom\u00f3c autystycznemu dziecku w \u017cyciu codziennym? - Diagnostyka Umys\u0142u","isPartOf":{"@id":"https:\/\/www.diagnostyka-umyslu.pl\/blog\/#website"},"primaryImageOfPage":{"@id":"https:\/\/www.diagnostyka-umyslu.pl\/blog\/spektrum-autyzmu\/jak-pomoc-autystycznemu-dziecku-w-zyciu-codziennym\/#primaryimage"},"datePublished":"2021-07-08T14:58:03+00:00","dateModified":"2022-02-14T15:06:44+00:00","description":"Porady dotycz\u0105ce tego, co mo\u017cesz zrobi\u0107, aby pom\u00f3c dziecku w komunikowaniu si\u0119, niepokoju, jedzeniu i spaniu.","breadcrumb":{"@id":"https:\/\/www.diagnostyka-umyslu.pl\/blog\/spektrum-autyzmu\/jak-pomoc-autystycznemu-dziecku-w-zyciu-codziennym\/#breadcrumb"},"inLanguage":"pl-PL","potentialAction":[{"@type":"ReadAction","target":["https:\/\/www.diagnostyka-umyslu.pl\/blog\/spektrum-autyzmu\/jak-pomoc-autystycznemu-dziecku-w-zyciu-codziennym\/"]}]},{"@type":"BreadcrumbList","@id":"https:\/\/www.diagnostyka-umyslu.pl\/blog\/spektrum-autyzmu\/jak-pomoc-autystycznemu-dziecku-w-zyciu-codziennym\/#breadcrumb","itemListElement":[{"@type":"ListItem","position":1,"name":"Strona g\u0142\u00f3wna","item":"https:\/\/www.diagnostyka-umyslu.pl\/blog\/"},{"@type":"ListItem","position":2,"name":"Spektrum Autyzmu","item":"https:\/\/www.diagnostyka-umyslu.pl\/blog\/spektrum-autyzmu\/"},{"@type":"ListItem","position":3,"name":"Codzienne \u017bycie"}]},{"@type":"Article","@id":"https:\/\/www.diagnostyka-umyslu.pl\/blog\/spektrum-autyzmu\/jak-pomoc-autystycznemu-dziecku-w-zyciu-codziennym\/#article","isPartOf":{"@id":"https:\/\/www.diagnostyka-umyslu.pl\/blog\/spektrum-autyzmu\/jak-pomoc-autystycznemu-dziecku-w-zyciu-codziennym\/#webpage"},"author":{"@id":"https:\/\/www.diagnostyka-umyslu.pl\/blog\/#\/schema\/person\/8eb1bcaf59fea75c780c11946f4e3490"},"headline":"Jak pom\u00f3c autystycznemu dziecku w \u017cyciu codziennym?","datePublished":"2021-07-08T14:58:03+00:00","dateModified":"2022-02-14T15:06:44+00:00","mainEntityOfPage":{"@id":"https:\/\/www.diagnostyka-umyslu.pl\/blog\/spektrum-autyzmu\/jak-pomoc-autystycznemu-dziecku-w-zyciu-codziennym\/#webpage"},"wordCount":627,"publisher":{"@id":"https:\/\/www.diagnostyka-umyslu.pl\/blog\/#organization"},"image":{"@id":"https:\/\/www.diagnostyka-umyslu.pl\/blog\/spektrum-autyzmu\/jak-pomoc-autystycznemu-dziecku-w-zyciu-codziennym\/#primaryimage"},"thumbnailUrl":"https:\/\/www.diagnostyka-umyslu.pl\/blog\/wp-content\/uploads\/2021\/07\/5.jpg","articleSection":["Spektrum Autyzmu"],"inLanguage":"pl-PL"},{"@type":"Person","@id":"https:\/\/www.diagnostyka-umyslu.pl\/blog\/#\/schema\/person\/8eb1bcaf59fea75c780c11946f4e3490","name":"Diagnostyka Umys\u0142u","image":{"@type":"ImageObject","@id":"https:\/\/www.diagnostyka-umyslu.pl\/blog\/#personlogo","inLanguage":"pl-PL","url":"https:\/\/secure.gravatar.com\/avatar\/6743211f010801ea26aa9423a2daab37?s=96&d=mm&r=g","contentUrl":"https:\/\/secure.gravatar.com\/avatar\/6743211f010801ea26aa9423a2daab37?s=96&d=mm&r=g","caption":"Diagnostyka Umys\u0142u"},"sameAs":["https:\/\/www.diagnostyka-umyslu.pl\/blog"],"url":"https:\/\/www.diagnostyka-umyslu.pl\/blog\/author\/diagnostyka-umyslu\/"}]}},"amp_enabled":true,"_links":{"self":[{"href":"https:\/\/www.diagnostyka-umyslu.pl\/blog\/wp-json\/wp\/v2\/posts\/1046"}],"collection":[{"href":"https:\/\/www.diagnostyka-umyslu.pl\/blog\/wp-json\/wp\/v2\/posts"}],"about":[{"href":"https:\/\/www.diagnostyka-umyslu.pl\/blog\/wp-json\/wp\/v2\/types\/post"}],"author":[{"embeddable":true,"href":"https:\/\/www.diagnostyka-umyslu.pl\/blog\/wp-json\/wp\/v2\/users\/1"}],"replies":[{"embeddable":true,"href":"https:\/\/www.diagnostyka-umyslu.pl\/blog\/wp-json\/wp\/v2\/comments?post=1046"}],"version-history":[{"count":3,"href":"https:\/\/www.diagnostyka-umyslu.pl\/blog\/wp-json\/wp\/v2\/posts\/1046\/revisions"}],"predecessor-version":[{"id":1063,"href":"https:\/\/www.diagnostyka-umyslu.pl\/blog\/wp-json\/wp\/v2\/posts\/1046\/revisions\/1063"}],"wp:featuredmedia":[{"embeddable":true,"href":"https:\/\/www.diagnostyka-umyslu.pl\/blog\/wp-json\/wp\/v2\/media\/1061"}],"wp:attachment":[{"href":"https:\/\/www.diagnostyka-umyslu.pl\/blog\/wp-json\/wp\/v2\/media?parent=1046"}],"wp:term":[{"taxonomy":"category","embeddable":true,"href":"https:\/\/www.diagnostyka-umyslu.pl\/blog\/wp-json\/wp\/v2\/categories?post=1046"},{"taxonomy":"post_tag","embeddable":true,"href":"https:\/\/www.diagnostyka-umyslu.pl\/blog\/wp-json\/wp\/v2\/tags?post=1046"}],"curies":[{"name":"wp","href":"https:\/\/api.w.org\/{rel}","templated":true}]}}