{"id":1064,"date":"2021-07-13T17:26:38","date_gmt":"2021-07-13T15:26:38","guid":{"rendered":"https:\/\/www.diagnostyka-umyslu.pl\/blog\/?p=1064"},"modified":"2022-02-14T15:51:33","modified_gmt":"2022-02-14T14:51:33","slug":"zaburzenia-ze-spektrum-autyzmu","status":"publish","type":"post","link":"https:\/\/www.diagnostyka-umyslu.pl\/blog\/spektrum-autyzmu\/zaburzenia-ze-spektrum-autyzmu\/","title":{"rendered":"Zaburzenia ze spektrum autyzmu"},"content":{"rendered":"<p><a href=\"#objawy-i-symptomy\">Oznaki i objawy<\/a> &#8211; <a href=\"#przyczyny\">Przyczyny<\/a> &#8211; <a href=\"#diagnoza\">Diagnoza<\/a> &#8211; <a href=\"#postepowanie\">Post\u0119powanie<\/a> &#8211; <a href=\"#zycie-z-autyzmem\">\u017bycie z autyzmem<\/a> &#8211; <a href=\"#uzyskiwanie-pomocy\">Pomoc<\/a><\/p>\n<p>Zaburzenie ze spektrum autyzmu mo\u017ce prezentowa\u0107 si\u0119 na r\u00f3\u017cne sposoby, a ka\u017cda osoba z autyzmem ma sw\u00f3j w\u0142asny zestaw cech i r\u00f3\u017cnic.<\/p>\n<p style=\"padding-left: 40px;\">Autyzm jest zaburzeniem neurorozwojowym. Obecnie oko\u0142o 1 na 54 dzieci (oko\u0142o 1,7%) w Stanach Zjednoczonych ma autyzm.<\/p>\n<p>Rzu\u0107my okiem na oznaki autyzmu, spos\u00f3b jego diagnozowania i nie tylko.<\/p>\n<h4>Czym jest autyzm?<\/h4>\n<p>Zaburzenie ze spektrum autyzmu (w skr\u00f3cie <strong>ASD<\/strong>) to zaburzenie neurorozwojowe, kt\u00f3re mo\u017ce wp\u0142ywa\u0107 na interakcje, komunikacj\u0119 i zachowanie danej osoby.<\/p>\n<p>Autyzm istnieje w \u201e<em>spektrum<\/em>\u201d, poniewa\u017c potrzeby sensoryczne, spo\u0142eczne i komunikacyjne <strong>os\u00f3b z autyzmem<\/strong> mog\u0105 wyst\u0119powa\u0107 w szerokim spektrum, od wysokiego do niskiego.<\/p>\n<p>W spektrum autyzmu istnieje szereg potrzeb wsparcia. Niekt\u00f3re osoby z autyzmem potrzebuj\u0105 mniej wsparcia, podczas gdy inne mog\u0105 potrzebowa\u0107 wi\u0119kszego wsparcia.<\/p>\n<h4><a name=\"objawy-i-symptomy\"><\/a> Objawy i symptomy<\/h4>\n<p>ASD jest uwa\u017cane za \u201e<em>zaburzenie neurorozwojowe<\/em>\u201d, poniewa\u017c wzorce zachowa\u0144 i r\u00f3\u017cnice w kwestiach sensorycznych i umiej\u0119tno\u015bciach komunikacyjnych cz\u0119sto pojawiaj\u0105 si\u0119 <span style=\"text-decoration: underline;\">przed 3 rokiem \u017cycia<\/span>. W niekt\u00f3rych przypadkach takie zachowania pojawiaj\u0105 si\u0119 ju\u017c w 18 miesi\u0105cu.<\/p>\n<p>Nie wszyscy ludzie b\u0119d\u0105 wykazywa\u0107 wszystkie zachowania.<\/p>\n<p>Zachowania te charakteryzuj\u0105 si\u0119 r\u00f3\u017cnym stopniem r\u00f3\u017cnic w umiej\u0119tno\u015bciach komunikacyjnych, interakcjach, spo\u0142ecznych i innych wzorcach zachowa\u0144.<\/p>\n<p>Niekt\u00f3re oznaki i zachowania <strong>ASD u dzieci<\/strong> lub doros\u0142ych mog\u0105 obejmowa\u0107:<\/p>\n<ul>\n<li>k\u0142opoty z innymi lub brak zainteresowania innymi lud\u017ami<\/li>\n<li>posiadanie wi\u0119kszej lub mniejszej wra\u017cliwo\u015bci ni\u017c inne osoby na bod\u017ace sensoryczne, takie jak \u015bwiat\u0142o, ha\u0142as, ubranie lub temperatura<\/li>\n<li>unikanie kontaktu wzrokowego i ch\u0119\u0107 pobycia w samotno\u015bci<\/li>\n<li>k\u0142opoty z wyra\u017caniem swoich potrzeb<\/li>\n<li>powtarzanie czynno\u015bci<\/li>\n<li>posiadanie wi\u0119kszej wra\u017cliwo\u015bci na spos\u00f3b, w jaki rzeczy pachn\u0105, smakuj\u0105, wygl\u0105daj\u0105, czuj\u0105 lub brzmi\u0105<\/li>\n<li>nie patrzenie na przedmioty, gdy inna osoba na nie wskazuje<\/li>\n<li>k\u0142opoty ze zrozumieniem uczu\u0107 innych ludzi lub rozmawianiem o w\u0142asnych uczuciach<\/li>\n<li>nie granie w gry w \u201e<em>udawanie<\/em>\u201d (na przyk\u0142ad brak ch\u0119ci, zabawy w \u201e<em>karmimy lalk\u0119<\/em>\u201d)<\/li>\n<li>k\u0142opoty z przystosowaniem si\u0119 do zmiany rutyny<\/li>\n<li>niewskazywanie na obiekty w celu okazania zainteresowania (na przyk\u0142ad niewskazywanie na przelatuj\u0105cy samolot)<\/li>\n<li>powtarzanie s\u0142\u00f3w lub fraz wypowiedzianych do nich lub powtarzanie s\u0142\u00f3w lub fraz zamiast zwyk\u0142ego j\u0119zyka<\/li>\n<li>trac\u0105c umiej\u0119tno\u015bci, kt\u00f3re kiedy\u015b posiadali (na przyk\u0142ad przestali wypowiada\u0107 s\u0142owa, kt\u00f3rych u\u017cywali)<\/li>\n<li>r\u00f3\u017cnice w tonie mowy lub prozodii<\/li>\n<\/ul>\n<h4><a name=\"przyczyny\"><\/a> Przyczyny<\/h4>\n<p><strong>Nie ma jednej znanej przyczyny autyzmu.<\/strong><\/p>\n<p>Zamiast tego naukowcy zidentyfikowali pewne cechy, kt\u00f3re mog\u0105 zwi\u0119ksza\u0107 szans\u0119 na rozw\u00f3j choroby.<\/p>\n<p>Czynniki te obejmuj\u0105:<\/p>\n<ul>\n<li>posiadanie starszych rodzic\u00f3w<\/li>\n<li>posiadanie pewnych uwarunkowa\u0144 genetycznych, takich jak:\n<ul>\n<li>Zesp\u00f3\u0142 Downa<\/li>\n<li>Zesp\u00f3\u0142 \u0142amliwego chromosomu X<\/li>\n<li>Zesp\u00f3\u0142 Retta<\/li>\n<\/ul>\n<\/li>\n<li>posiadanie autystycznego rodze\u0144stwa<\/li>\n<\/ul>\n<p>Nadal mo\u017cna si\u0119 wiele nauczy\u0107 o przyczynach ASD. Naukowcy wci\u0105\u017c pr\u00f3buj\u0105 zrozumie\u0107, dlaczego niekt\u00f3rzy ludzie rozwijaj\u0105 ASD, a inni nie.<\/p>\n<h4><a name=\"diagnoza\"><\/a> Diagnoza<\/h4>\n<p>Rodzice zwykle jako pierwsi zauwa\u017caj\u0105 r\u00f3\u017cnice rozwojowe u swojego dziecka. Je\u015bli zauwa\u017cysz jakiekolwiek u swojego dziecka, popro\u015b o ocen\u0119 pediatr\u0119 lub specjalist\u0119 ds. autyzmu.<\/p>\n<p>Niekt\u00f3re oznaki, \u017ce Twoje dziecko mo\u017ce skorzysta\u0107 z oceny to:<\/p>\n<ul>\n<li>brak gaworzenia i wskazywania w wieku 1<\/li>\n<li>nie wypowiadanie pojedynczych s\u0142\u00f3w do 16 miesi\u0105ca \u017cycia lub dwuwyrazowych zwrot\u00f3w do 2 roku \u017cycia<\/li>\n<li>s\u0142aby kontakt wzrokowy<\/li>\n<li>brak u\u015bmiechu lub innych anga\u017cuj\u0105cych wyra\u017ce\u0144<\/li>\n<li>brak odpowiedzi na ich imi\u0119<\/li>\n<li>utrata wcze\u015bniej nabytych umiej\u0119tno\u015bci j\u0119zykowych lub spo\u0142ecznych<\/li>\n<\/ul>\n<p><strong>Nie ma testu medycznego<\/strong>, takiego jak badanie krwi, na autyzm. Lekarze przyjrz\u0105 si\u0119 zachowaniu i rozwojowi Twojego dziecka, aby postawi\u0107 diagnoz\u0119.<\/p>\n<p>U starszych dzieci i m\u0142odzie\u017cy nauczyciele lub rodzice mog\u0105 rozpoznawa\u0107 zachowania autystyczne. Nadal dobrym pomys\u0142em jest wykonanie dodatkowych bada\u0144 przez pediatr\u0119 lub lekarza pierwszego kontaktu w celu potwierdzenia diagnozy.<\/p>\n<p>Diagnozowanie autyzmu u doros\u0142ych mo\u017ce by\u0107 wyzwaniem, ale nie jest niemo\u017cliwe. Lekarze prawdopodobnie b\u0119d\u0105 potrzebowa\u0107 twojej historii rozwoju, aby postawi\u0107 diagnoz\u0119. Mo\u017ce to obejmowa\u0107 rozmow\u0119 z rodzicami lub cz\u0142onkami rodziny i przyjaci\u00f3\u0142mi.<\/p>\n<h4><a name=\"postepowanie\"><\/a> Zarz\u0105dzanie<\/h4>\n<p>Us\u0142ugi wspieraj\u0105ce s\u0105 cz\u0119sto oferowane po tym, jak dziecko otrzyma diagnoz\u0119 autyzmu. Us\u0142ugi te mog\u0105 obejmowa\u0107 terapi\u0119 pomagaj\u0105c\u0105 rozwin\u0105\u0107 umiej\u0119tno\u015bci j\u0119zykowe i inne umiej\u0119tno\u015bci komunikacyjne, narz\u0119dzia do zarz\u0105dzania zachowaniem oraz umiej\u0119tno\u015bci spo\u0142eczne.<\/p>\n<p>Nie ma jednego najlepszego sposobu na radzenie sobie z autyzmem. Pami\u0119taj, \u017ce nie ma dw\u00f3ch takich samych os\u00f3b z autyzmem. Us\u0142ugi wspieraj\u0105ce, je\u015bli s\u0105 po\u017c\u0105dane lub potrzebne, s\u0105 dostosowane do indywidualnych potrzeb i potrzeb.<\/p>\n<p>Dla niekt\u00f3rych pomoc mo\u017ce koncentrowa\u0107 si\u0119 na konkretnych problemach w:<\/p>\n<ul>\n<li>uczeniu si\u0119<\/li>\n<li>j\u0119zyk<\/li>\n<li>imitacja<\/li>\n<li>motywacja<\/li>\n<li>spe\u0142nienie<\/li>\n<li>inicjacja interakcji spo\u0142ecznych<\/li>\n<\/ul>\n<p>Pracownicy s\u0142u\u017cby zdrowia zajmuj\u0105cy si\u0119 autyzmem mog\u0105 stosowa\u0107 nast\u0119puj\u0105ce terapie, aby pom\u00f3c w radzeniu sobie z tymi problemami:<\/p>\n<ul>\n<li>metody behawioralne<\/li>\n<li>terapia komunikacyjna<\/li>\n<li>terapia zaj\u0119ciowa<\/li>\n<li>fizykoterapia<\/li>\n<li>gra towarzyska<\/li>\n<\/ul>\n<p>Us\u0142ugi wspieraj\u0105ce mog\u0105 by\u0107 kontynuowane tak d\u0142ugo, jak jest to po\u017c\u0105dane. Czasami osoby z autyzmem decyduj\u0105 si\u0119 na zmian\u0119 otrzymywanych us\u0142ug wsparcia lub ca\u0142kowite zaprzestanie tych us\u0142ug.<\/p>\n<h4><a name=\"zycie-z-autyzmem\"><\/a> \u017bycie z autyzmem<\/h4>\n<p>Wiele os\u00f3b z autyzmem nie potrzebuje du\u017cego wsparcia, je\u015bli w og\u00f3le.<\/p>\n<p>Niekt\u00f3re dzieci i <strong>doro\u015bli z autyzmem<\/strong> potrzebuj\u0105 wsparcia, aby radzi\u0107 sobie na co dzie\u0144. Porozmawiaj ze swoim pediatr\u0105 lub lekarzem, aby stworzy\u0107 odpowiedni\u0105 struktur\u0119 i wskaz\u00f3wki dla Ciebie.<\/p>\n<h4><a name=\"uzyskiwanie-pomocy\"><\/a> Otrzymanie pomocy<\/h4>\n<p>Istnieje wiele sposob\u00f3w na rozpocz\u0119cie przygody z ocen\u0105 i leczeniem ASD, zar\u00f3wno dla siebie, dziecka, jak i nastolatka.<\/p>\n<p>Dobrym miejscem na rozpocz\u0119cie jest <strong>kontakt z lekarzem lub lekarzem rodzinnym<\/strong>. Mog\u0105 skierowa\u0107 Ci\u0119 do specjalisty, kt\u00f3ry b\u0119dzie m\u00f3g\u0142 dokona\u0107 dog\u0142\u0119bnej oceny i postawi\u0107 diagnoz\u0119.<\/p>\n<p>Je\u015bli jest to po\u017c\u0105dane lub potrzebne, plan zarz\u0105dzania ASD mo\u017ce obejmowa\u0107 specjalist\u00f3w i inne zasoby. Istniej\u0105 r\u00f3wnie\u017c organizacje, kt\u00f3re mog\u0105 zapewni\u0107 dodatkowe zasoby, informacje i wsparcie.<\/p>\n<p>Niekt\u00f3rzy potencjalni specjali\u015bci to:<\/p>\n<ul>\n<li><strong>Pediatrzy rozwojowi<\/strong><\/li>\n<\/ul>\n<p>Je\u015bli uwa\u017casz, \u017ce Twoje dziecko ma ASD, lekarze mog\u0105 oceni\u0107 rozw\u00f3j Twojego dziecka, postawi\u0107 diagnoz\u0119 i zaproponowa\u0107 plan post\u0119powania.<\/p>\n<ul>\n<li><strong>Psychologowie dzieci\u0119cy lub psychiatrzy<\/strong><\/li>\n<\/ul>\n<p>Lekarze ci b\u0119d\u0105 stosowa\u0107 r\u00f3\u017cne techniki terapeutyczne, takie jak terapia behawioralna i zabawowa, aby pom\u00f3c dziecku w rozwoju umys\u0142owym, emocjonalnym i spo\u0142ecznym.<\/p>\n<ul>\n<li><strong>Neurolog dzieci\u0119cy<\/strong><\/li>\n<\/ul>\n<p>Niekt\u00f3re dzieci z autyzmem maj\u0105 r\u00f3wnie\u017c napady padaczkowe. Je\u015bli tak jest w przypadku Twojego dziecka, mo\u017ce by\u0107 potrzebny neurolog. Mog\u0105 r\u00f3wnie\u017c pom\u00f3c rozwi\u0105za\u0107 problemy z mow\u0105 i umiej\u0119tno\u015bciami motorycznymi.<\/p>\n<ul>\n<li><strong>Fizjoterapeuta<\/strong><\/li>\n<\/ul>\n<p>Ci specjali\u015bci ruchu pomagaj\u0105 w rozwoju umiej\u0119tno\u015bci motorycznych i podstawowych umiej\u0119tno\u015bci ruchowych. Buduj\u0105 umiej\u0119tno\u015bci, kt\u00f3re pomog\u0105 Twojemu dziecku nauczy\u0107 si\u0119 gier, sportu i innych aktywno\u015bci fizycznych.<\/p>\n<ul>\n<li><strong>Logopeda<\/strong><\/li>\n<\/ul>\n<p>Logopedzi pomagaj\u0105 w j\u0119zyku i komunikacji. Pomog\u0105 poprawi\u0107 mow\u0119, umiej\u0119tno\u015bci niewerbalne, takie jak gesty i znaki oraz komunikacj\u0119 spo\u0142eczn\u0105.<\/p>\n<ul>\n<li><strong>Terapeuta zaj\u0119ciowy<\/strong><\/li>\n<\/ul>\n<p>Programy z terapeut\u0105 zaj\u0119ciowym b\u0119d\u0105 koncentrowa\u0107 si\u0119 na rozwijaniu umiej\u0119tno\u015bci spo\u0142ecznych, fizycznych, poznawczych i motorycznych. B\u0119d\u0105 pracowa\u0107 nad umiej\u0119tno\u015bciami zabawy, umiej\u0119tno\u015bciami dbania o siebie, takimi jak ubieranie si\u0119 i jedzenie, oraz strategiami uczenia si\u0119.<\/p>\n<h4>\u0179r\u00f3d\u0142a<\/h4>\n<ol>\n<li><em>https:\/\/psychcentral.com\/autism\/autism<\/em><\/li>\n<\/ol>\n<hr \/>\n","protected":false},"excerpt":{"rendered":"<p>Oznaki i objawy &#8211; Przyczyny &#8211; Diagnoza &#8211; Post\u0119powanie &#8211; \u017bycie z autyzmem &#8211; Pomoc Zaburzenie ze spektrum autyzmu mo\u017ce prezentowa\u0107 si\u0119 na r\u00f3\u017cne sposoby,&#8230;<\/p>\n","protected":false},"author":1,"featured_media":1073,"comment_status":"closed","ping_status":"open","sticky":false,"template":"","format":"standard","meta":[],"categories":[44],"tags":[],"yoast_head":"<!-- This site is optimized with the Yoast SEO plugin v18.1 - https:\/\/yoast.com\/wordpress\/plugins\/seo\/ -->\n<title>Zaburzenia ze spektrum autyzmu - Diagnostyka Umys\u0142u<\/title>\n<meta name=\"description\" content=\"Przewodnik po autyzmie i jego objawach, przyczynach, diagnozie i post\u0119powaniu. Wprowadzenie do tego, czym jest autyzm i jak wp\u0142ywa na ludzi.\" \/>\n<meta name=\"robots\" content=\"index, follow, max-snippet:-1, max-image-preview:large, max-video-preview:-1\" \/>\n<link rel=\"canonical\" href=\"https:\/\/www.diagnostyka-umyslu.pl\/blog\/spektrum-autyzmu\/zaburzenia-ze-spektrum-autyzmu\/\" \/>\n<meta property=\"og:locale\" content=\"pl_PL\" \/>\n<meta property=\"og:type\" content=\"article\" \/>\n<meta property=\"og:title\" content=\"Zaburzenia ze spektrum autyzmu - Diagnostyka Umys\u0142u\" \/>\n<meta property=\"og:description\" content=\"Przewodnik po autyzmie i jego objawach, przyczynach, diagnozie i post\u0119powaniu. Wprowadzenie do tego, czym jest autyzm i jak wp\u0142ywa na ludzi.\" \/>\n<meta property=\"og:url\" content=\"https:\/\/www.diagnostyka-umyslu.pl\/blog\/spektrum-autyzmu\/zaburzenia-ze-spektrum-autyzmu\/\" \/>\n<meta property=\"og:site_name\" content=\"Diagnostyka Umys\u0142u\" \/>\n<meta property=\"article:published_time\" content=\"2021-07-13T15:26:38+00:00\" \/>\n<meta property=\"article:modified_time\" content=\"2022-02-14T14:51:33+00:00\" \/>\n<meta property=\"og:image\" content=\"https:\/\/www.diagnostyka-umyslu.pl\/blog\/wp-content\/uploads\/2021\/07\/baner_d.jpg\" \/>\n\t<meta property=\"og:image:width\" content=\"839\" \/>\n\t<meta property=\"og:image:height\" content=\"400\" \/>\n\t<meta property=\"og:image:type\" content=\"image\/jpeg\" \/>\n<meta name=\"twitter:card\" content=\"summary_large_image\" \/>\n<meta name=\"twitter:label1\" content=\"Napisane przez\" \/>\n\t<meta name=\"twitter:data1\" content=\"Diagnostyka Umys\u0142u\" \/>\n\t<meta name=\"twitter:label2\" content=\"Szacowany czas czytania\" \/>\n\t<meta name=\"twitter:data2\" content=\"5 minut\" \/>\n<script type=\"application\/ld+json\" class=\"yoast-schema-graph\">{\"@context\":\"https:\/\/schema.org\",\"@graph\":[{\"@type\":\"Organization\",\"@id\":\"https:\/\/www.diagnostyka-umyslu.pl\/blog\/#organization\",\"name\":\"Diagnostyka Umys\u0142u\",\"url\":\"https:\/\/www.diagnostyka-umyslu.pl\/blog\/\",\"sameAs\":[],\"logo\":{\"@type\":\"ImageObject\",\"@id\":\"https:\/\/www.diagnostyka-umyslu.pl\/blog\/#logo\",\"inLanguage\":\"pl-PL\",\"url\":\"https:\/\/www.diagnostyka-umyslu.pl\/blog\/wp-content\/uploads\/2021\/05\/logo.png\",\"contentUrl\":\"https:\/\/www.diagnostyka-umyslu.pl\/blog\/wp-content\/uploads\/2021\/05\/logo.png\",\"width\":236,\"height\":81,\"caption\":\"Diagnostyka Umys\u0142u\"},\"image\":{\"@id\":\"https:\/\/www.diagnostyka-umyslu.pl\/blog\/#logo\"}},{\"@type\":\"WebSite\",\"@id\":\"https:\/\/www.diagnostyka-umyslu.pl\/blog\/#website\",\"url\":\"https:\/\/www.diagnostyka-umyslu.pl\/blog\/\",\"name\":\"Diagnostyka Umys\u0142u\",\"description\":\"Blog o zaburzeniach umys\u0142u\",\"publisher\":{\"@id\":\"https:\/\/www.diagnostyka-umyslu.pl\/blog\/#organization\"},\"potentialAction\":[{\"@type\":\"SearchAction\",\"target\":{\"@type\":\"EntryPoint\",\"urlTemplate\":\"https:\/\/www.diagnostyka-umyslu.pl\/blog\/?s={search_term_string}\"},\"query-input\":\"required name=search_term_string\"}],\"inLanguage\":\"pl-PL\"},{\"@type\":\"ImageObject\",\"@id\":\"https:\/\/www.diagnostyka-umyslu.pl\/blog\/spektrum-autyzmu\/zaburzenia-ze-spektrum-autyzmu\/#primaryimage\",\"inLanguage\":\"pl-PL\",\"url\":\"https:\/\/www.diagnostyka-umyslu.pl\/blog\/wp-content\/uploads\/2021\/07\/baner_d.jpg\",\"contentUrl\":\"https:\/\/www.diagnostyka-umyslu.pl\/blog\/wp-content\/uploads\/2021\/07\/baner_d.jpg\",\"width\":839,\"height\":400,\"caption\":\"Zaburzenia ze spektrum autyzmu\"},{\"@type\":\"WebPage\",\"@id\":\"https:\/\/www.diagnostyka-umyslu.pl\/blog\/spektrum-autyzmu\/zaburzenia-ze-spektrum-autyzmu\/#webpage\",\"url\":\"https:\/\/www.diagnostyka-umyslu.pl\/blog\/spektrum-autyzmu\/zaburzenia-ze-spektrum-autyzmu\/\",\"name\":\"Zaburzenia ze spektrum autyzmu - Diagnostyka Umys\u0142u\",\"isPartOf\":{\"@id\":\"https:\/\/www.diagnostyka-umyslu.pl\/blog\/#website\"},\"primaryImageOfPage\":{\"@id\":\"https:\/\/www.diagnostyka-umyslu.pl\/blog\/spektrum-autyzmu\/zaburzenia-ze-spektrum-autyzmu\/#primaryimage\"},\"datePublished\":\"2021-07-13T15:26:38+00:00\",\"dateModified\":\"2022-02-14T14:51:33+00:00\",\"description\":\"Przewodnik po autyzmie i jego objawach, przyczynach, diagnozie i post\u0119powaniu. Wprowadzenie do tego, czym jest autyzm i jak wp\u0142ywa na ludzi.\",\"breadcrumb\":{\"@id\":\"https:\/\/www.diagnostyka-umyslu.pl\/blog\/spektrum-autyzmu\/zaburzenia-ze-spektrum-autyzmu\/#breadcrumb\"},\"inLanguage\":\"pl-PL\",\"potentialAction\":[{\"@type\":\"ReadAction\",\"target\":[\"https:\/\/www.diagnostyka-umyslu.pl\/blog\/spektrum-autyzmu\/zaburzenia-ze-spektrum-autyzmu\/\"]}]},{\"@type\":\"BreadcrumbList\",\"@id\":\"https:\/\/www.diagnostyka-umyslu.pl\/blog\/spektrum-autyzmu\/zaburzenia-ze-spektrum-autyzmu\/#breadcrumb\",\"itemListElement\":[{\"@type\":\"ListItem\",\"position\":1,\"name\":\"Strona g\u0142\u00f3wna\",\"item\":\"https:\/\/www.diagnostyka-umyslu.pl\/blog\/\"},{\"@type\":\"ListItem\",\"position\":2,\"name\":\"Spektrum Autyzmu\",\"item\":\"https:\/\/www.diagnostyka-umyslu.pl\/blog\/spektrum-autyzmu\/\"},{\"@type\":\"ListItem\",\"position\":3,\"name\":\"Zaburzenia ze spektrum autyzmu\"}]},{\"@type\":\"Article\",\"@id\":\"https:\/\/www.diagnostyka-umyslu.pl\/blog\/spektrum-autyzmu\/zaburzenia-ze-spektrum-autyzmu\/#article\",\"isPartOf\":{\"@id\":\"https:\/\/www.diagnostyka-umyslu.pl\/blog\/spektrum-autyzmu\/zaburzenia-ze-spektrum-autyzmu\/#webpage\"},\"author\":{\"@id\":\"https:\/\/www.diagnostyka-umyslu.pl\/blog\/#\/schema\/person\/8eb1bcaf59fea75c780c11946f4e3490\"},\"headline\":\"Zaburzenia ze spektrum autyzmu\",\"datePublished\":\"2021-07-13T15:26:38+00:00\",\"dateModified\":\"2022-02-14T14:51:33+00:00\",\"mainEntityOfPage\":{\"@id\":\"https:\/\/www.diagnostyka-umyslu.pl\/blog\/spektrum-autyzmu\/zaburzenia-ze-spektrum-autyzmu\/#webpage\"},\"wordCount\":1210,\"publisher\":{\"@id\":\"https:\/\/www.diagnostyka-umyslu.pl\/blog\/#organization\"},\"image\":{\"@id\":\"https:\/\/www.diagnostyka-umyslu.pl\/blog\/spektrum-autyzmu\/zaburzenia-ze-spektrum-autyzmu\/#primaryimage\"},\"thumbnailUrl\":\"https:\/\/www.diagnostyka-umyslu.pl\/blog\/wp-content\/uploads\/2021\/07\/baner_d.jpg\",\"articleSection\":[\"Spektrum Autyzmu\"],\"inLanguage\":\"pl-PL\"},{\"@type\":\"Person\",\"@id\":\"https:\/\/www.diagnostyka-umyslu.pl\/blog\/#\/schema\/person\/8eb1bcaf59fea75c780c11946f4e3490\",\"name\":\"Diagnostyka Umys\u0142u\",\"image\":{\"@type\":\"ImageObject\",\"@id\":\"https:\/\/www.diagnostyka-umyslu.pl\/blog\/#personlogo\",\"inLanguage\":\"pl-PL\",\"url\":\"https:\/\/secure.gravatar.com\/avatar\/6743211f010801ea26aa9423a2daab37?s=96&d=mm&r=g\",\"contentUrl\":\"https:\/\/secure.gravatar.com\/avatar\/6743211f010801ea26aa9423a2daab37?s=96&d=mm&r=g\",\"caption\":\"Diagnostyka Umys\u0142u\"},\"sameAs\":[\"https:\/\/www.diagnostyka-umyslu.pl\/blog\"],\"url\":\"https:\/\/www.diagnostyka-umyslu.pl\/blog\/author\/diagnostyka-umyslu\/\"}]}<\/script>\n<!-- \/ Yoast SEO plugin. -->","yoast_head_json":{"title":"Zaburzenia ze spektrum autyzmu - Diagnostyka Umys\u0142u","description":"Przewodnik po autyzmie i jego objawach, przyczynach, diagnozie i post\u0119powaniu. Wprowadzenie do tego, czym jest autyzm i jak wp\u0142ywa na ludzi.","robots":{"index":"index","follow":"follow","max-snippet":"max-snippet:-1","max-image-preview":"max-image-preview:large","max-video-preview":"max-video-preview:-1"},"canonical":"https:\/\/www.diagnostyka-umyslu.pl\/blog\/spektrum-autyzmu\/zaburzenia-ze-spektrum-autyzmu\/","og_locale":"pl_PL","og_type":"article","og_title":"Zaburzenia ze spektrum autyzmu - Diagnostyka Umys\u0142u","og_description":"Przewodnik po autyzmie i jego objawach, przyczynach, diagnozie i post\u0119powaniu. Wprowadzenie do tego, czym jest autyzm i jak wp\u0142ywa na ludzi.","og_url":"https:\/\/www.diagnostyka-umyslu.pl\/blog\/spektrum-autyzmu\/zaburzenia-ze-spektrum-autyzmu\/","og_site_name":"Diagnostyka Umys\u0142u","article_published_time":"2021-07-13T15:26:38+00:00","article_modified_time":"2022-02-14T14:51:33+00:00","og_image":[{"width":839,"height":400,"url":"https:\/\/www.diagnostyka-umyslu.pl\/blog\/wp-content\/uploads\/2021\/07\/baner_d.jpg","type":"image\/jpeg"}],"twitter_card":"summary_large_image","twitter_misc":{"Napisane przez":"Diagnostyka Umys\u0142u","Szacowany czas czytania":"5 minut"},"schema":{"@context":"https:\/\/schema.org","@graph":[{"@type":"Organization","@id":"https:\/\/www.diagnostyka-umyslu.pl\/blog\/#organization","name":"Diagnostyka Umys\u0142u","url":"https:\/\/www.diagnostyka-umyslu.pl\/blog\/","sameAs":[],"logo":{"@type":"ImageObject","@id":"https:\/\/www.diagnostyka-umyslu.pl\/blog\/#logo","inLanguage":"pl-PL","url":"https:\/\/www.diagnostyka-umyslu.pl\/blog\/wp-content\/uploads\/2021\/05\/logo.png","contentUrl":"https:\/\/www.diagnostyka-umyslu.pl\/blog\/wp-content\/uploads\/2021\/05\/logo.png","width":236,"height":81,"caption":"Diagnostyka Umys\u0142u"},"image":{"@id":"https:\/\/www.diagnostyka-umyslu.pl\/blog\/#logo"}},{"@type":"WebSite","@id":"https:\/\/www.diagnostyka-umyslu.pl\/blog\/#website","url":"https:\/\/www.diagnostyka-umyslu.pl\/blog\/","name":"Diagnostyka Umys\u0142u","description":"Blog o zaburzeniach umys\u0142u","publisher":{"@id":"https:\/\/www.diagnostyka-umyslu.pl\/blog\/#organization"},"potentialAction":[{"@type":"SearchAction","target":{"@type":"EntryPoint","urlTemplate":"https:\/\/www.diagnostyka-umyslu.pl\/blog\/?s={search_term_string}"},"query-input":"required name=search_term_string"}],"inLanguage":"pl-PL"},{"@type":"ImageObject","@id":"https:\/\/www.diagnostyka-umyslu.pl\/blog\/spektrum-autyzmu\/zaburzenia-ze-spektrum-autyzmu\/#primaryimage","inLanguage":"pl-PL","url":"https:\/\/www.diagnostyka-umyslu.pl\/blog\/wp-content\/uploads\/2021\/07\/baner_d.jpg","contentUrl":"https:\/\/www.diagnostyka-umyslu.pl\/blog\/wp-content\/uploads\/2021\/07\/baner_d.jpg","width":839,"height":400,"caption":"Zaburzenia ze spektrum autyzmu"},{"@type":"WebPage","@id":"https:\/\/www.diagnostyka-umyslu.pl\/blog\/spektrum-autyzmu\/zaburzenia-ze-spektrum-autyzmu\/#webpage","url":"https:\/\/www.diagnostyka-umyslu.pl\/blog\/spektrum-autyzmu\/zaburzenia-ze-spektrum-autyzmu\/","name":"Zaburzenia ze spektrum autyzmu - Diagnostyka Umys\u0142u","isPartOf":{"@id":"https:\/\/www.diagnostyka-umyslu.pl\/blog\/#website"},"primaryImageOfPage":{"@id":"https:\/\/www.diagnostyka-umyslu.pl\/blog\/spektrum-autyzmu\/zaburzenia-ze-spektrum-autyzmu\/#primaryimage"},"datePublished":"2021-07-13T15:26:38+00:00","dateModified":"2022-02-14T14:51:33+00:00","description":"Przewodnik po autyzmie i jego objawach, przyczynach, diagnozie i post\u0119powaniu. Wprowadzenie do tego, czym jest autyzm i jak wp\u0142ywa na ludzi.","breadcrumb":{"@id":"https:\/\/www.diagnostyka-umyslu.pl\/blog\/spektrum-autyzmu\/zaburzenia-ze-spektrum-autyzmu\/#breadcrumb"},"inLanguage":"pl-PL","potentialAction":[{"@type":"ReadAction","target":["https:\/\/www.diagnostyka-umyslu.pl\/blog\/spektrum-autyzmu\/zaburzenia-ze-spektrum-autyzmu\/"]}]},{"@type":"BreadcrumbList","@id":"https:\/\/www.diagnostyka-umyslu.pl\/blog\/spektrum-autyzmu\/zaburzenia-ze-spektrum-autyzmu\/#breadcrumb","itemListElement":[{"@type":"ListItem","position":1,"name":"Strona g\u0142\u00f3wna","item":"https:\/\/www.diagnostyka-umyslu.pl\/blog\/"},{"@type":"ListItem","position":2,"name":"Spektrum Autyzmu","item":"https:\/\/www.diagnostyka-umyslu.pl\/blog\/spektrum-autyzmu\/"},{"@type":"ListItem","position":3,"name":"Zaburzenia ze spektrum autyzmu"}]},{"@type":"Article","@id":"https:\/\/www.diagnostyka-umyslu.pl\/blog\/spektrum-autyzmu\/zaburzenia-ze-spektrum-autyzmu\/#article","isPartOf":{"@id":"https:\/\/www.diagnostyka-umyslu.pl\/blog\/spektrum-autyzmu\/zaburzenia-ze-spektrum-autyzmu\/#webpage"},"author":{"@id":"https:\/\/www.diagnostyka-umyslu.pl\/blog\/#\/schema\/person\/8eb1bcaf59fea75c780c11946f4e3490"},"headline":"Zaburzenia ze spektrum autyzmu","datePublished":"2021-07-13T15:26:38+00:00","dateModified":"2022-02-14T14:51:33+00:00","mainEntityOfPage":{"@id":"https:\/\/www.diagnostyka-umyslu.pl\/blog\/spektrum-autyzmu\/zaburzenia-ze-spektrum-autyzmu\/#webpage"},"wordCount":1210,"publisher":{"@id":"https:\/\/www.diagnostyka-umyslu.pl\/blog\/#organization"},"image":{"@id":"https:\/\/www.diagnostyka-umyslu.pl\/blog\/spektrum-autyzmu\/zaburzenia-ze-spektrum-autyzmu\/#primaryimage"},"thumbnailUrl":"https:\/\/www.diagnostyka-umyslu.pl\/blog\/wp-content\/uploads\/2021\/07\/baner_d.jpg","articleSection":["Spektrum Autyzmu"],"inLanguage":"pl-PL"},{"@type":"Person","@id":"https:\/\/www.diagnostyka-umyslu.pl\/blog\/#\/schema\/person\/8eb1bcaf59fea75c780c11946f4e3490","name":"Diagnostyka Umys\u0142u","image":{"@type":"ImageObject","@id":"https:\/\/www.diagnostyka-umyslu.pl\/blog\/#personlogo","inLanguage":"pl-PL","url":"https:\/\/secure.gravatar.com\/avatar\/6743211f010801ea26aa9423a2daab37?s=96&d=mm&r=g","contentUrl":"https:\/\/secure.gravatar.com\/avatar\/6743211f010801ea26aa9423a2daab37?s=96&d=mm&r=g","caption":"Diagnostyka Umys\u0142u"},"sameAs":["https:\/\/www.diagnostyka-umyslu.pl\/blog"],"url":"https:\/\/www.diagnostyka-umyslu.pl\/blog\/author\/diagnostyka-umyslu\/"}]}},"amp_enabled":true,"_links":{"self":[{"href":"https:\/\/www.diagnostyka-umyslu.pl\/blog\/wp-json\/wp\/v2\/posts\/1064"}],"collection":[{"href":"https:\/\/www.diagnostyka-umyslu.pl\/blog\/wp-json\/wp\/v2\/posts"}],"about":[{"href":"https:\/\/www.diagnostyka-umyslu.pl\/blog\/wp-json\/wp\/v2\/types\/post"}],"author":[{"embeddable":true,"href":"https:\/\/www.diagnostyka-umyslu.pl\/blog\/wp-json\/wp\/v2\/users\/1"}],"replies":[{"embeddable":true,"href":"https:\/\/www.diagnostyka-umyslu.pl\/blog\/wp-json\/wp\/v2\/comments?post=1064"}],"version-history":[{"count":10,"href":"https:\/\/www.diagnostyka-umyslu.pl\/blog\/wp-json\/wp\/v2\/posts\/1064\/revisions"}],"predecessor-version":[{"id":1147,"href":"https:\/\/www.diagnostyka-umyslu.pl\/blog\/wp-json\/wp\/v2\/posts\/1064\/revisions\/1147"}],"wp:featuredmedia":[{"embeddable":true,"href":"https:\/\/www.diagnostyka-umyslu.pl\/blog\/wp-json\/wp\/v2\/media\/1073"}],"wp:attachment":[{"href":"https:\/\/www.diagnostyka-umyslu.pl\/blog\/wp-json\/wp\/v2\/media?parent=1064"}],"wp:term":[{"taxonomy":"category","embeddable":true,"href":"https:\/\/www.diagnostyka-umyslu.pl\/blog\/wp-json\/wp\/v2\/categories?post=1064"},{"taxonomy":"post_tag","embeddable":true,"href":"https:\/\/www.diagnostyka-umyslu.pl\/blog\/wp-json\/wp\/v2\/tags?post=1064"}],"curies":[{"name":"wp","href":"https:\/\/api.w.org\/{rel}","templated":true}]}}