{"id":1204,"date":"2022-06-04T08:00:28","date_gmt":"2022-06-04T06:00:28","guid":{"rendered":"https:\/\/www.diagnostyka-umyslu.pl\/blog\/?p=1204"},"modified":"2022-07-08T21:21:45","modified_gmt":"2022-07-08T19:21:45","slug":"adhd-czy-niedojrzalosc","status":"publish","type":"post","link":"https:\/\/www.diagnostyka-umyslu.pl\/blog\/adhd\/adhd-czy-niedojrzalosc\/","title":{"rendered":"ADHD czy niedojrza\u0142o\u015b\u0107?"},"content":{"rendered":"<p>Kilka bada\u0144 przeprowadzonych w ostatnich latach wykaza\u0142o, \u017ce dzieci, kt\u00f3re s\u0105 jednymi z najm\u0142odszych w klasie, maj\u0105 <a href=\"https:\/\/www.diagnostyka-umyslu.pl\/test-na-adhd\">zdiagnozowane ADHD<\/a> znacznie cz\u0119\u015bciej ni\u017c ich starsi koledzy.<\/p>\n<p>Sugeruje to, \u017ce znaczny odsetek dzieci z ADHD jest b\u0142\u0119dnie diagnozowany tylko dlatego, \u017ce s\u0105 mniej dojrza\u0142e. Rodzi to wa\u017cne pytania dotycz\u0105ce sposobu diagnozowania dzieci oraz tego, jak unikn\u0105\u0107 b\u0142\u0119dnej interpretacji zachowania dzieci, kt\u00f3re mog\u0105 mie\u0107 problemy ze spe\u0142nieniem oczekiwa\u0144 tylko dlatego, \u017ce s\u0105 m\u0142odsze.<\/p>\n<p>Wyniki bada\u0144 przeprowadzonych na du\u017cych populacjach dzieci &#8211; w Michigan, Kolumbii Brytyjskiej i (ostatnio) na Tajwanie &#8211; s\u0105 sp\u00f3jne. Prawdopodobie\u0144stwo zdiagnozowania zaburze\u0144 u dzieci najm\u0142odszych jest znacznie wy\u017csze ni\u017c u dzieci najstarszych w tej samej klasie: u ch\u0142opc\u00f3w wynosi ono a\u017c 60%, a u dziewcz\u0105t 70%. Badanie przeprowadzone na Tajwanie wykaza\u0142o nawet, \u017ce cz\u0119sto\u015b\u0107 wyst\u0119powania dzieci, u kt\u00f3rych zdiagnozowano ADHD, zmniejsza\u0142a si\u0119 z miesi\u0105ca na miesi\u0105c, od najm\u0142odszego do najstarszego dziecka w klasie.<\/p>\n<p>Co mo\u017cemy zrobi\u0107, aby rozwi\u0105za\u0107 ten problem, a jednocze\u015bnie upewni\u0107 si\u0119, \u017ce dzieci otrzymaj\u0105 potrzebn\u0105 im pomoc?<\/p>\n<h4>Jak unikn\u0105\u0107 b\u0142\u0119dnej diagnozy?<\/h4>\n<p>Wi\u0119kszo\u015b\u0107 diagnoz ADHD jest wynikiem trudno\u015bci dzieci w spe\u0142nianiu oczekiwa\u0144 dotycz\u0105cych zachowania i wynik\u00f3w w szkole. Wszystkie ma\u0142e dzieci maj\u0105 trudno\u015bci z usiedzeniem w miejscu, zwracaniem uwagi, czekaniem na swoj\u0105 kolej, ko\u0144czeniem zada\u0144 i powstrzymywaniem si\u0119 od przerywania. W wieku szkolnym wi\u0119kszo\u015b\u0107 dzieci nabywa ju\u017c umiej\u0119tno\u015bci pozwalaj\u0105ce im radzi\u0107 sobie z tymi czynno\u015bciami zgodnie z oczekiwaniami. Ci, kt\u00f3rzy tego nie potrafi\u0105, s\u0105 cz\u0119sto zauwa\u017cani przez nauczycieli, kt\u00f3rzy maj\u0105 du\u017ce do\u015bwiadczenie w zakresie typowych zachowa\u0144 i rozwoju dziecka.<\/p>\n<p>Jednak przedzia\u0142 wiekowy uczni\u00f3w w danej klasie mo\u017ce obejmowa\u0107 ca\u0142y rok, co oznacza, \u017ce r\u00f3\u017cnice rozwojowe mi\u0119dzy najm\u0142odszymi a najstarszymi mog\u0105 by\u0107 znaczne. Dlatego tak wa\u017cne jest, aby w przypadku oceny dzieci pod k\u0105tem ADHD ich zachowanie by\u0142o por\u00f3wnywane z zachowaniem innych dzieci w ich wieku, a nie wszystkich dzieci w klasie.<\/p>\n<p>&#8220;Je\u015bli dziecko zachowuje si\u0119 \u017ale, jest nieuwa\u017cne, nie mo\u017ce usiedzie\u0107 w miejscu, mo\u017ce to wynika\u0107 po prostu z tego, \u017ce ma 5 lat, a inne dzieci maj\u0105 6&#8221; &#8211; wyja\u015bnia Todd Elder, g\u0142\u00f3wny autor badania przeprowadzonego w Michigan. &#8220;Istnieje du\u017ca r\u00f3\u017cnica mi\u0119dzy 5-latkiem a 6-latkiem, a nauczyciele i lekarze musz\u0105 wzi\u0105\u0107 to pod uwag\u0119, oceniaj\u0105c, czy dzieci maj\u0105 ADHD&#8221;.<\/p>\n<p>Oto inne &#8220;najlepsze praktyki&#8221;, kt\u00f3re powinny by\u0107 przestrzegane, aby unikn\u0105\u0107 b\u0142\u0119dnej diagnozy:<\/p>\n<h4>R\u00f3\u017cnorodno\u015b\u0107 \u017ar\u00f3de\u0142:<\/h4>\n<p>Dziecko nie powinno otrzyma\u0107 diagnozy ADHD tylko na podstawie obserwacji nauczyciela. Lekarz oceniaj\u0105cy dziecko powinien zebra\u0107 informacje od kilku os\u00f3b doros\u0142ych, w tym nauczycieli, rodzic\u00f3w i innych os\u00f3b, kt\u00f3re sp\u0119dzaj\u0105 z nim czas.<\/p>\n<h4>Nie tylko w szkole:<\/h4>\n<p>Aby u dziecka prawid\u0142owo zdiagnozowano ADHD, oznaki i objawy zwi\u0105zane z tym zaburzeniem &#8211; nieuwaga, impulsywno\u015b\u0107 i nadpobudliwo\u015b\u0107 &#8211; musz\u0105 by\u0107 obecne w wi\u0119cej ni\u017c jednym otoczeniu. Czy s\u0105 one zauwa\u017calne w domu i w sytuacjach spo\u0142ecznych, a tak\u017ce w szkole? Czy rodzice martwi\u0105 si\u0119, \u017ce dziecko jest tak impulsywne, \u017ce stanowi dla siebie zagro\u017cenie? Czy dziecko ma problemy z utrzymaniem przyjaci\u00f3\u0142, poniewa\u017c nie potrafi przestrzega\u0107 zasad, nie umie czeka\u0107 na swoj\u0105 kolej lub wpada w z\u0142o\u015b\u0107, kiedy nie jest mu to na r\u0119k\u0119?<\/p>\n<h4>Skale ocen:<\/h4>\n<p>Skale wype\u0142niane przez nauczycieli i rodzic\u00f3w powinny by\u0107 wykorzystywane do zbierania konkretnych informacji o cz\u0119stotliwo\u015bci zachowa\u0144, kt\u00f3re kojarzymy z ADHD, i por\u00f3wnywania ich z innymi dzie\u0107mi w tym samym wieku, a nie polegania na og\u00f3lnych wra\u017ceniach.<\/p>\n<h4>Dok\u0142adny wywiad:<\/h4>\n<p>Aby dobrze i szczeg\u00f3\u0142owo zrozumie\u0107 zachowanie dziecka, klinicysta musi wiedzie\u0107, jak kszta\u0142towa\u0142o si\u0119 ono w czasie, zauwa\u017ca dr Matthew Rouse, psycholog kliniczny. &#8220;Jakie by\u0142o jej zachowanie w wieku dw\u00f3ch, trzech czy czterech lat? Czy w przedszkolu po raz pierwszy pojawi\u0142y si\u0119 te problemy, czy mo\u017ce wyrzucono j\u0105 z przedszkola, bo nie umia\u0142a si\u0119 zachowa\u0107?&#8221;.<\/p>\n<h4>Poziom &#8220;upo\u015bledzenia&#8221;:<\/h4>\n<p>Najwi\u0119ksz\u0105 r\u00f3\u017cnic\u0105 mi\u0119dzy dzie\u0107mi z ADHD a tymi, kt\u00f3re s\u0105 po prostu niedojrza\u0142e, b\u0119dzie prawdopodobnie to, jak bardzo ich zachowanie wp\u0142ywa na ich \u017cycie. Czy w domu wpadaj\u0105 w negatywn\u0105 spiral\u0119, poniewa\u017c nie s\u0105 w stanie zrobi\u0107 tego, o co si\u0119 je prosi, a rodzice s\u0105 bardzo sfrustrowani? Czy nie mog\u0105 uczestniczy\u0107 w zaj\u0119ciach sportowych, bo nie potrafi\u0105 przestrzega\u0107 zasad? Czy wyklucza si\u0119 je z zabaw?<\/p>\n<h4>Podej\u015bcie oparte na czekaniu i obserwowaniu<\/h4>\n<p>Je\u015bli dziecko ma problemy z nauk\u0105 ze wzgl\u0119du na swoj\u0105 niedojrza\u0142o\u015b\u0107, z czasem, gdy dostosuje si\u0119 do oczekiwa\u0144 nowej klasy, sytuacja mo\u017ce ulec poprawie.<\/p>\n<p>&#8220;Niekt\u00f3re dzieci rozpoczynaj\u0105ce nauk\u0119 w przedszkolu mog\u0105 mie\u0107 trudno\u015bci z odnalezieniem si\u0119 w nowym otoczeniu i dostosowaniem si\u0119 do nowych zasad&#8221; &#8211; zauwa\u017ca dr Rouse. &#8220;Mo\u017ce to by\u0107 pierwszy raz, kiedy dziecko przebywa w otoczeniu tak wielu innych dzieci i po raz pierwszy przyjmuje polecenia od os\u00f3b innych ni\u017c jego rodzice&#8221;.<\/p>\n<p>Daj\u0105c dzieciom czas na dostosowanie si\u0119 jest jednym z powod\u00f3w, dla kt\u00f3rych dr Rouse m\u00f3wi, \u017ce je\u015bli dziecko wykazuje objawy, kt\u00f3re wygl\u0105daj\u0105 jak ADHD w przedszkolu, kiedy jest to jego pierwszy rok w szkole, postawi diagnoz\u0119 tymczasow\u0105 lub &#8220;wykluczy&#8221; i dokona ponownej oceny, gdy dziecko b\u0119dzie mia\u0142o 6 lat.<\/p>\n<h4>Zalecenia dotycz\u0105ce leczenia<\/h4>\n<p>Chocia\u017c wielokrotnie wykazano, \u017ce leki s\u0105 najskuteczniejsze w zmniejszaniu objaw\u00f3w ADHD, nie s\u0105 one najlepszym sposobem leczenia najm\u0142odszych dzieci. Mo\u017cliwo\u015b\u0107 b\u0142\u0119dnej diagnozy jest jednym z powod\u00f3w, dla kt\u00f3rych dr Rouse zaleca terapi\u0119 behawioraln\u0105 dla m\u0142odszych dzieci z ADHD, a nie rozpoczynanie leczenia od lek\u00f3w stymuluj\u0105cych.<\/p>\n<p>Podobnie Ameryka\u0144skie Stowarzyszenie Pediatr\u00f3w zaleca terapi\u0119 behawioraln\u0105 prowadzon\u0105 przez rodzic\u00f3w i nauczycieli jako pierwsz\u0105 lini\u0119 leczenia dla dzieci w wieku od 4 do 5 lat. Leki stymuluj\u0105ce s\u0105 zalecane tylko wtedy, gdy terapia behawioralna nie przynosi rezultat\u00f3w, a u dziecka nadal wyst\u0119puj\u0105 umiarkowane lub ci\u0119\u017ckie objawy.<\/p>\n<h4>Op\u00f3\u017anienie w rozwoju m\u00f3zgu<\/h4>\n<p>Jednym z powod\u00f3w, dla kt\u00f3rych niedojrza\u0142o\u015b\u0107 mo\u017ce by\u0107 mylona z ADHD jest fakt, \u017ce samo ADHD zosta\u0142o powi\u0105zane z op\u00f3\u017anieniem w dojrzewaniu m\u00f3zgu. Starsze dziecko z ADHD mo\u017ce prezentowa\u0107 zachowania, kt\u00f3re s\u0105 typowe dla m\u0142odszego dziecka &#8211; a mo\u017ce by\u0107 odwrotnie, je\u015bli punktem odniesienia s\u0105 starsze dzieci. Kilka wa\u017cnych bada\u0144 neuroobrazowych wykaza\u0142o op\u00f3\u017anienia w rozwoju m\u00f3zgu u dzieci z ADHD.<\/p>\n<p>W badaniu przeprowadzonym w 2006 r. w Narodowym Instytucie Zdrowia Psychicznego (National Institutes of Mental Health) przeanalizowano m\u00f3zgi kilkuset dzieci w ci\u0105gu 10 lat. W miar\u0119 dojrzewania m\u00f3zgu kora m\u00f3zgowa grubieje, a nast\u0119pnie ponownie si\u0119 przerzedza po okresie dojrzewania, kiedy to po\u0142\u0105czenia s\u0105 przycinane, aby zwi\u0119kszy\u0107 wydajno\u015b\u0107 m\u00f3zgu. Naukowcy odkryli, \u017ce to, co nazywaj\u0105 &#8220;dojrzewaniem korowym&#8221; &#8211; punkt, w kt\u00f3rym kora osi\u0105ga szczytow\u0105 grubo\u015b\u0107 &#8211; by\u0142o o trzy lata p\u00f3\u017aniej u dzieci z ADHD ni\u017c u dzieci z grupy kontrolnej: 10,5 roku w por\u00f3wnaniu do 7,5 roku. Dzieci z ADHD r\u00f3wnie\u017c pozostaj\u0105 w tyle za innymi dzie\u0107mi w p\u00f3\u017aniejszym \u015bcie\u0144czeniu kory m\u00f3zgowej.<\/p>\n<p>Naukowcy zauwa\u017cyli, \u017ce najbardziej op\u00f3\u017anione obszary m\u00f3zgu to te, kt\u00f3re &#8220;wspieraj\u0105 zdolno\u015b\u0107 do t\u0142umienia niew\u0142a\u015bciwych dzia\u0142a\u0144 i my\u015bli, skupiania uwagi, zapami\u0119tywania rzeczy z chwili na chwil\u0119, pracy na nagrod\u0119 i kontrolowania ruchu &#8211; funkcje cz\u0119sto zaburzone u os\u00f3b z ADHD.&#8221;<\/p>\n<p>Dodali r\u00f3wnie\u017c, co jest bardzo intryguj\u0105ce, \u017ce jedynym obszarem, kt\u00f3ry dojrzewa\u0142 szybciej ni\u017c zwykle u dzieci z ADHD, by\u0142a kora ruchowa. Po\u0142\u0105cz to z p\u00f3\u017ano dojrzewaj\u0105cymi obszarami kory czo\u0142owej, kt\u00f3re nim kieruj\u0105, i niedopasowanie, zasugerowali, mo\u017ce t\u0142umaczy\u0107 niepok\u00f3j zwi\u0105zany z zaburzeniem.<\/p>\n<p>Nast\u0119pnie w 2013 r. badanie wykorzystuj\u0105ce skany funkcjonowania m\u00f3zgu, a nie jego struktury, r\u00f3wnie\u017c wykaza\u0142o op\u00f3\u017anienie w dojrzewaniu u dzieci z ADHD. Badanie to, przeprowadzone na Uniwersytecie Michigan, wykaza\u0142o, \u017ce dzieci i nastolatki z ADHD s\u0105 w tyle za innymi w tym samym wieku, je\u015bli chodzi o szybko\u015b\u0107, z jak\u0105 ich m\u00f3zgi tworz\u0105 po\u0142\u0105czenia w obr\u0119bie i pomi\u0119dzy kluczowymi sieciami m\u00f3zgowymi.<\/p>\n<p>W szczeg\u00f3lno\u015bci, odkryto mniej dojrza\u0142e po\u0142\u0105czenia mi\u0119dzy tym, co nazywa si\u0119 &#8220;sieci\u0105 trybu domy\u015blnego&#8221;, kt\u00f3ra kontroluje wewn\u0119trznie ukierunkowane my\u015bli, a sieciami, kt\u00f3re koncentruj\u0105 si\u0119 na zewn\u0119trznie ukierunkowanych zadaniach. Naukowcy proponuj\u0105, \u017ce to op\u00f3\u017anienie w \u0142\u0105czno\u015bci mo\u017ce pom\u00f3c wyja\u015bni\u0107, dlaczego dzieci z ADHD maj\u0105 my\u015bli, kt\u00f3re b\u0142\u0105dz\u0105 i maj\u0105 trudno\u015bci z wykonaniem zada\u0144 i utrzymaniem koncentracji.<\/p>\n<h4>Dojrzewanie do ust\u0105pienia objaw\u00f3w ADHD<\/h4>\n<p>Wreszcie, wiemy, \u017ce niekt\u00f3re dzieci wyrastaj\u0105 z objaw\u00f3w ADHD, gdy staj\u0105 si\u0119 nastolatkami i m\u0142odymi doros\u0142ymi. Objawy nadpobudliwo\u015bci i impulsywno\u015bci cz\u0119sto s\u0142abn\u0105 w okresie dojrzewania, podczas gdy objawy nieuwa\u017cno\u015bci mog\u0105 nadal stanowi\u0107 problem w doros\u0142ym \u017cyciu.<\/p>\n<p>Niezale\u017cnie od tego, czy dziecko ma ADHD, czy nie, je\u015bli jego zachowania przeszkadzaj\u0105 mu w nauce, nawi\u0105zywaniu przyja\u017ani i byciu cz\u0119\u015bci\u0105 rodziny, potrzebuje ono pomocy. Jednak terapie behawioralne i leki, kt\u00f3re mog\u0105 zdzia\u0142a\u0107 cuda w przypadku dzieci z ADHD, nie s\u0105 odpowiednie dla dzieci, kt\u00f3re maj\u0105 trudno\u015bci ze spe\u0142nieniem oczekiwa\u0144 tylko dlatego, \u017ce s\u0105 mniej dojrza\u0142e ni\u017c te, z kt\u00f3rymi s\u0105 por\u00f3wnywane.<\/p>\n<p>Istniej\u0105 r\u00f3wnie\u017c inne problemy, kt\u00f3re mog\u0105 by\u0107 b\u0142\u0119dnie odczytane jako ADHD. Na przyk\u0142ad l\u0119k i trauma mog\u0105 r\u00f3wnie\u017c powodowa\u0107 nieuwag\u0119 i co\u015b, co wygl\u0105da jak impulsywno\u015b\u0107. Dlatego tak wa\u017cne jest, aby dzieci z problemami behawioralnymi by\u0142y dok\u0142adnie oceniane; staranna i skuteczna diagnoza przynosi korzy\u015bci wszystkim.<\/p>\n<h4>Wi\u0119cej informacji<\/h4>\n<ul>\n<li>childmind.org\/article\/is-it-adhd-or-immaturity\/<\/li>\n<\/ul>\n","protected":false},"excerpt":{"rendered":"<p>Kilka bada\u0144 przeprowadzonych w ostatnich latach wykaza\u0142o, \u017ce dzieci, kt\u00f3re s\u0105 jednymi z najm\u0142odszych w klasie, maj\u0105 zdiagnozowane ADHD znacznie cz\u0119\u015bciej ni\u017c ich starsi koledzy&#8230;.<\/p>\n","protected":false},"author":1,"featured_media":1825,"comment_status":"closed","ping_status":"open","sticky":false,"template":"","format":"standard","meta":[],"categories":[37],"tags":[107,112,109,105,110,106,108,111],"yoast_head":"<!-- This site is optimized with the Yoast SEO plugin v18.1 - https:\/\/yoast.com\/wordpress\/plugins\/seo\/ -->\n<title>ADHD czy niedojrza\u0142o\u015b\u0107? - Diagnostyka Umys\u0142u<\/title>\n<meta name=\"robots\" content=\"index, follow, max-snippet:-1, max-image-preview:large, max-video-preview:-1\" \/>\n<link rel=\"canonical\" href=\"https:\/\/www.diagnostyka-umyslu.pl\/blog\/adhd\/adhd-czy-niedojrzalosc\/\" \/>\n<meta property=\"og:locale\" content=\"pl_PL\" \/>\n<meta property=\"og:type\" content=\"article\" \/>\n<meta property=\"og:title\" content=\"ADHD czy niedojrza\u0142o\u015b\u0107? - Diagnostyka Umys\u0142u\" \/>\n<meta property=\"og:description\" content=\"Kilka bada\u0144 przeprowadzonych w ostatnich latach wykaza\u0142o, \u017ce dzieci, kt\u00f3re s\u0105 jednymi z najm\u0142odszych w klasie, maj\u0105 zdiagnozowane ADHD znacznie cz\u0119\u015bciej ni\u017c ich starsi koledzy....\" \/>\n<meta property=\"og:url\" content=\"https:\/\/www.diagnostyka-umyslu.pl\/blog\/adhd\/adhd-czy-niedojrzalosc\/\" \/>\n<meta property=\"og:site_name\" content=\"Diagnostyka Umys\u0142u\" \/>\n<meta property=\"article:published_time\" content=\"2022-06-04T06:00:28+00:00\" \/>\n<meta property=\"article:modified_time\" content=\"2022-07-08T19:21:45+00:00\" \/>\n<meta property=\"og:image\" content=\"https:\/\/www.diagnostyka-umyslu.pl\/blog\/wp-content\/uploads\/2022\/07\/bg_top_default.jpg\" \/>\n\t<meta property=\"og:image:width\" content=\"840\" \/>\n\t<meta property=\"og:image:height\" content=\"202\" \/>\n\t<meta property=\"og:image:type\" content=\"image\/jpeg\" \/>\n<meta name=\"twitter:card\" content=\"summary_large_image\" \/>\n<meta name=\"twitter:label1\" content=\"Napisane przez\" \/>\n\t<meta name=\"twitter:data1\" content=\"Diagnostyka Umys\u0142u\" \/>\n\t<meta name=\"twitter:label2\" content=\"Szacowany czas czytania\" \/>\n\t<meta name=\"twitter:data2\" content=\"9 minut\" \/>\n<script type=\"application\/ld+json\" class=\"yoast-schema-graph\">{\"@context\":\"https:\/\/schema.org\",\"@graph\":[{\"@type\":\"Organization\",\"@id\":\"https:\/\/www.diagnostyka-umyslu.pl\/blog\/#organization\",\"name\":\"Diagnostyka Umys\u0142u\",\"url\":\"https:\/\/www.diagnostyka-umyslu.pl\/blog\/\",\"sameAs\":[],\"logo\":{\"@type\":\"ImageObject\",\"@id\":\"https:\/\/www.diagnostyka-umyslu.pl\/blog\/#logo\",\"inLanguage\":\"pl-PL\",\"url\":\"https:\/\/www.diagnostyka-umyslu.pl\/blog\/wp-content\/uploads\/2021\/05\/logo.png\",\"contentUrl\":\"https:\/\/www.diagnostyka-umyslu.pl\/blog\/wp-content\/uploads\/2021\/05\/logo.png\",\"width\":236,\"height\":81,\"caption\":\"Diagnostyka Umys\u0142u\"},\"image\":{\"@id\":\"https:\/\/www.diagnostyka-umyslu.pl\/blog\/#logo\"}},{\"@type\":\"WebSite\",\"@id\":\"https:\/\/www.diagnostyka-umyslu.pl\/blog\/#website\",\"url\":\"https:\/\/www.diagnostyka-umyslu.pl\/blog\/\",\"name\":\"Diagnostyka Umys\u0142u\",\"description\":\"Blog o zaburzeniach umys\u0142u\",\"publisher\":{\"@id\":\"https:\/\/www.diagnostyka-umyslu.pl\/blog\/#organization\"},\"potentialAction\":[{\"@type\":\"SearchAction\",\"target\":{\"@type\":\"EntryPoint\",\"urlTemplate\":\"https:\/\/www.diagnostyka-umyslu.pl\/blog\/?s={search_term_string}\"},\"query-input\":\"required name=search_term_string\"}],\"inLanguage\":\"pl-PL\"},{\"@type\":\"ImageObject\",\"@id\":\"https:\/\/www.diagnostyka-umyslu.pl\/blog\/adhd\/adhd-czy-niedojrzalosc\/#primaryimage\",\"inLanguage\":\"pl-PL\",\"url\":\"https:\/\/www.diagnostyka-umyslu.pl\/blog\/wp-content\/uploads\/2022\/07\/bg_top_default.jpg\",\"contentUrl\":\"https:\/\/www.diagnostyka-umyslu.pl\/blog\/wp-content\/uploads\/2022\/07\/bg_top_default.jpg\",\"width\":840,\"height\":202},{\"@type\":\"WebPage\",\"@id\":\"https:\/\/www.diagnostyka-umyslu.pl\/blog\/adhd\/adhd-czy-niedojrzalosc\/#webpage\",\"url\":\"https:\/\/www.diagnostyka-umyslu.pl\/blog\/adhd\/adhd-czy-niedojrzalosc\/\",\"name\":\"ADHD czy niedojrza\u0142o\u015b\u0107? - Diagnostyka Umys\u0142u\",\"isPartOf\":{\"@id\":\"https:\/\/www.diagnostyka-umyslu.pl\/blog\/#website\"},\"primaryImageOfPage\":{\"@id\":\"https:\/\/www.diagnostyka-umyslu.pl\/blog\/adhd\/adhd-czy-niedojrzalosc\/#primaryimage\"},\"datePublished\":\"2022-06-04T06:00:28+00:00\",\"dateModified\":\"2022-07-08T19:21:45+00:00\",\"breadcrumb\":{\"@id\":\"https:\/\/www.diagnostyka-umyslu.pl\/blog\/adhd\/adhd-czy-niedojrzalosc\/#breadcrumb\"},\"inLanguage\":\"pl-PL\",\"potentialAction\":[{\"@type\":\"ReadAction\",\"target\":[\"https:\/\/www.diagnostyka-umyslu.pl\/blog\/adhd\/adhd-czy-niedojrzalosc\/\"]}]},{\"@type\":\"BreadcrumbList\",\"@id\":\"https:\/\/www.diagnostyka-umyslu.pl\/blog\/adhd\/adhd-czy-niedojrzalosc\/#breadcrumb\",\"itemListElement\":[{\"@type\":\"ListItem\",\"position\":1,\"name\":\"Strona g\u0142\u00f3wna\",\"item\":\"https:\/\/www.diagnostyka-umyslu.pl\/blog\/\"},{\"@type\":\"ListItem\",\"position\":2,\"name\":\"ADHD\",\"item\":\"https:\/\/www.diagnostyka-umyslu.pl\/blog\/adhd\/\"},{\"@type\":\"ListItem\",\"position\":3,\"name\":\"ADHD czy niedojrza\u0142o\u015b\u0107?\"}]},{\"@type\":\"Article\",\"@id\":\"https:\/\/www.diagnostyka-umyslu.pl\/blog\/adhd\/adhd-czy-niedojrzalosc\/#article\",\"isPartOf\":{\"@id\":\"https:\/\/www.diagnostyka-umyslu.pl\/blog\/adhd\/adhd-czy-niedojrzalosc\/#webpage\"},\"author\":{\"@id\":\"https:\/\/www.diagnostyka-umyslu.pl\/blog\/#\/schema\/person\/8eb1bcaf59fea75c780c11946f4e3490\"},\"headline\":\"ADHD czy niedojrza\u0142o\u015b\u0107?\",\"datePublished\":\"2022-06-04T06:00:28+00:00\",\"dateModified\":\"2022-07-08T19:21:45+00:00\",\"mainEntityOfPage\":{\"@id\":\"https:\/\/www.diagnostyka-umyslu.pl\/blog\/adhd\/adhd-czy-niedojrzalosc\/#webpage\"},\"wordCount\":1672,\"publisher\":{\"@id\":\"https:\/\/www.diagnostyka-umyslu.pl\/blog\/#organization\"},\"image\":{\"@id\":\"https:\/\/www.diagnostyka-umyslu.pl\/blog\/adhd\/adhd-czy-niedojrzalosc\/#primaryimage\"},\"thumbnailUrl\":\"https:\/\/www.diagnostyka-umyslu.pl\/blog\/wp-content\/uploads\/2022\/07\/bg_top_default.jpg\",\"keywords\":[\"ADHD nie tylko w szkole\",\"Dojrzewanie do wyst\u0105pienia objaw\u00f3w ADHD\",\"Dok\u0142adny wywiad ADHD\",\"Jak unikn\u0105\u0107 b\u0142\u0119dnej diagnozy ADHD\",\"Poziom upo\u015bledzenia ADHD\",\"R\u00f3\u017cnorodno\u015b\u0107 \u017ar\u00f3de\u0142 ADHD\",\"Skale ocen ADHD\",\"Zalecenia dotycz\u0105ce leczenia ADHD\"],\"articleSection\":[\"ADHD\"],\"inLanguage\":\"pl-PL\"},{\"@type\":\"Person\",\"@id\":\"https:\/\/www.diagnostyka-umyslu.pl\/blog\/#\/schema\/person\/8eb1bcaf59fea75c780c11946f4e3490\",\"name\":\"Diagnostyka Umys\u0142u\",\"image\":{\"@type\":\"ImageObject\",\"@id\":\"https:\/\/www.diagnostyka-umyslu.pl\/blog\/#personlogo\",\"inLanguage\":\"pl-PL\",\"url\":\"https:\/\/secure.gravatar.com\/avatar\/6743211f010801ea26aa9423a2daab37?s=96&d=mm&r=g\",\"contentUrl\":\"https:\/\/secure.gravatar.com\/avatar\/6743211f010801ea26aa9423a2daab37?s=96&d=mm&r=g\",\"caption\":\"Diagnostyka Umys\u0142u\"},\"sameAs\":[\"https:\/\/www.diagnostyka-umyslu.pl\/blog\"],\"url\":\"https:\/\/www.diagnostyka-umyslu.pl\/blog\/author\/diagnostyka-umyslu\/\"}]}<\/script>\n<!-- \/ Yoast SEO plugin. -->","yoast_head_json":{"title":"ADHD czy niedojrza\u0142o\u015b\u0107? - Diagnostyka Umys\u0142u","robots":{"index":"index","follow":"follow","max-snippet":"max-snippet:-1","max-image-preview":"max-image-preview:large","max-video-preview":"max-video-preview:-1"},"canonical":"https:\/\/www.diagnostyka-umyslu.pl\/blog\/adhd\/adhd-czy-niedojrzalosc\/","og_locale":"pl_PL","og_type":"article","og_title":"ADHD czy niedojrza\u0142o\u015b\u0107? - Diagnostyka Umys\u0142u","og_description":"Kilka bada\u0144 przeprowadzonych w ostatnich latach wykaza\u0142o, \u017ce dzieci, kt\u00f3re s\u0105 jednymi z najm\u0142odszych w klasie, maj\u0105 zdiagnozowane ADHD znacznie cz\u0119\u015bciej ni\u017c ich starsi koledzy....","og_url":"https:\/\/www.diagnostyka-umyslu.pl\/blog\/adhd\/adhd-czy-niedojrzalosc\/","og_site_name":"Diagnostyka Umys\u0142u","article_published_time":"2022-06-04T06:00:28+00:00","article_modified_time":"2022-07-08T19:21:45+00:00","og_image":[{"width":840,"height":202,"url":"https:\/\/www.diagnostyka-umyslu.pl\/blog\/wp-content\/uploads\/2022\/07\/bg_top_default.jpg","type":"image\/jpeg"}],"twitter_card":"summary_large_image","twitter_misc":{"Napisane przez":"Diagnostyka Umys\u0142u","Szacowany czas czytania":"9 minut"},"schema":{"@context":"https:\/\/schema.org","@graph":[{"@type":"Organization","@id":"https:\/\/www.diagnostyka-umyslu.pl\/blog\/#organization","name":"Diagnostyka Umys\u0142u","url":"https:\/\/www.diagnostyka-umyslu.pl\/blog\/","sameAs":[],"logo":{"@type":"ImageObject","@id":"https:\/\/www.diagnostyka-umyslu.pl\/blog\/#logo","inLanguage":"pl-PL","url":"https:\/\/www.diagnostyka-umyslu.pl\/blog\/wp-content\/uploads\/2021\/05\/logo.png","contentUrl":"https:\/\/www.diagnostyka-umyslu.pl\/blog\/wp-content\/uploads\/2021\/05\/logo.png","width":236,"height":81,"caption":"Diagnostyka Umys\u0142u"},"image":{"@id":"https:\/\/www.diagnostyka-umyslu.pl\/blog\/#logo"}},{"@type":"WebSite","@id":"https:\/\/www.diagnostyka-umyslu.pl\/blog\/#website","url":"https:\/\/www.diagnostyka-umyslu.pl\/blog\/","name":"Diagnostyka Umys\u0142u","description":"Blog o zaburzeniach umys\u0142u","publisher":{"@id":"https:\/\/www.diagnostyka-umyslu.pl\/blog\/#organization"},"potentialAction":[{"@type":"SearchAction","target":{"@type":"EntryPoint","urlTemplate":"https:\/\/www.diagnostyka-umyslu.pl\/blog\/?s={search_term_string}"},"query-input":"required name=search_term_string"}],"inLanguage":"pl-PL"},{"@type":"ImageObject","@id":"https:\/\/www.diagnostyka-umyslu.pl\/blog\/adhd\/adhd-czy-niedojrzalosc\/#primaryimage","inLanguage":"pl-PL","url":"https:\/\/www.diagnostyka-umyslu.pl\/blog\/wp-content\/uploads\/2022\/07\/bg_top_default.jpg","contentUrl":"https:\/\/www.diagnostyka-umyslu.pl\/blog\/wp-content\/uploads\/2022\/07\/bg_top_default.jpg","width":840,"height":202},{"@type":"WebPage","@id":"https:\/\/www.diagnostyka-umyslu.pl\/blog\/adhd\/adhd-czy-niedojrzalosc\/#webpage","url":"https:\/\/www.diagnostyka-umyslu.pl\/blog\/adhd\/adhd-czy-niedojrzalosc\/","name":"ADHD czy niedojrza\u0142o\u015b\u0107? - Diagnostyka Umys\u0142u","isPartOf":{"@id":"https:\/\/www.diagnostyka-umyslu.pl\/blog\/#website"},"primaryImageOfPage":{"@id":"https:\/\/www.diagnostyka-umyslu.pl\/blog\/adhd\/adhd-czy-niedojrzalosc\/#primaryimage"},"datePublished":"2022-06-04T06:00:28+00:00","dateModified":"2022-07-08T19:21:45+00:00","breadcrumb":{"@id":"https:\/\/www.diagnostyka-umyslu.pl\/blog\/adhd\/adhd-czy-niedojrzalosc\/#breadcrumb"},"inLanguage":"pl-PL","potentialAction":[{"@type":"ReadAction","target":["https:\/\/www.diagnostyka-umyslu.pl\/blog\/adhd\/adhd-czy-niedojrzalosc\/"]}]},{"@type":"BreadcrumbList","@id":"https:\/\/www.diagnostyka-umyslu.pl\/blog\/adhd\/adhd-czy-niedojrzalosc\/#breadcrumb","itemListElement":[{"@type":"ListItem","position":1,"name":"Strona g\u0142\u00f3wna","item":"https:\/\/www.diagnostyka-umyslu.pl\/blog\/"},{"@type":"ListItem","position":2,"name":"ADHD","item":"https:\/\/www.diagnostyka-umyslu.pl\/blog\/adhd\/"},{"@type":"ListItem","position":3,"name":"ADHD czy niedojrza\u0142o\u015b\u0107?"}]},{"@type":"Article","@id":"https:\/\/www.diagnostyka-umyslu.pl\/blog\/adhd\/adhd-czy-niedojrzalosc\/#article","isPartOf":{"@id":"https:\/\/www.diagnostyka-umyslu.pl\/blog\/adhd\/adhd-czy-niedojrzalosc\/#webpage"},"author":{"@id":"https:\/\/www.diagnostyka-umyslu.pl\/blog\/#\/schema\/person\/8eb1bcaf59fea75c780c11946f4e3490"},"headline":"ADHD czy niedojrza\u0142o\u015b\u0107?","datePublished":"2022-06-04T06:00:28+00:00","dateModified":"2022-07-08T19:21:45+00:00","mainEntityOfPage":{"@id":"https:\/\/www.diagnostyka-umyslu.pl\/blog\/adhd\/adhd-czy-niedojrzalosc\/#webpage"},"wordCount":1672,"publisher":{"@id":"https:\/\/www.diagnostyka-umyslu.pl\/blog\/#organization"},"image":{"@id":"https:\/\/www.diagnostyka-umyslu.pl\/blog\/adhd\/adhd-czy-niedojrzalosc\/#primaryimage"},"thumbnailUrl":"https:\/\/www.diagnostyka-umyslu.pl\/blog\/wp-content\/uploads\/2022\/07\/bg_top_default.jpg","keywords":["ADHD nie tylko w szkole","Dojrzewanie do wyst\u0105pienia objaw\u00f3w ADHD","Dok\u0142adny wywiad ADHD","Jak unikn\u0105\u0107 b\u0142\u0119dnej diagnozy ADHD","Poziom upo\u015bledzenia ADHD","R\u00f3\u017cnorodno\u015b\u0107 \u017ar\u00f3de\u0142 ADHD","Skale ocen ADHD","Zalecenia dotycz\u0105ce leczenia ADHD"],"articleSection":["ADHD"],"inLanguage":"pl-PL"},{"@type":"Person","@id":"https:\/\/www.diagnostyka-umyslu.pl\/blog\/#\/schema\/person\/8eb1bcaf59fea75c780c11946f4e3490","name":"Diagnostyka Umys\u0142u","image":{"@type":"ImageObject","@id":"https:\/\/www.diagnostyka-umyslu.pl\/blog\/#personlogo","inLanguage":"pl-PL","url":"https:\/\/secure.gravatar.com\/avatar\/6743211f010801ea26aa9423a2daab37?s=96&d=mm&r=g","contentUrl":"https:\/\/secure.gravatar.com\/avatar\/6743211f010801ea26aa9423a2daab37?s=96&d=mm&r=g","caption":"Diagnostyka Umys\u0142u"},"sameAs":["https:\/\/www.diagnostyka-umyslu.pl\/blog"],"url":"https:\/\/www.diagnostyka-umyslu.pl\/blog\/author\/diagnostyka-umyslu\/"}]}},"amp_enabled":true,"_links":{"self":[{"href":"https:\/\/www.diagnostyka-umyslu.pl\/blog\/wp-json\/wp\/v2\/posts\/1204"}],"collection":[{"href":"https:\/\/www.diagnostyka-umyslu.pl\/blog\/wp-json\/wp\/v2\/posts"}],"about":[{"href":"https:\/\/www.diagnostyka-umyslu.pl\/blog\/wp-json\/wp\/v2\/types\/post"}],"author":[{"embeddable":true,"href":"https:\/\/www.diagnostyka-umyslu.pl\/blog\/wp-json\/wp\/v2\/users\/1"}],"replies":[{"embeddable":true,"href":"https:\/\/www.diagnostyka-umyslu.pl\/blog\/wp-json\/wp\/v2\/comments?post=1204"}],"version-history":[{"count":2,"href":"https:\/\/www.diagnostyka-umyslu.pl\/blog\/wp-json\/wp\/v2\/posts\/1204\/revisions"}],"predecessor-version":[{"id":1929,"href":"https:\/\/www.diagnostyka-umyslu.pl\/blog\/wp-json\/wp\/v2\/posts\/1204\/revisions\/1929"}],"wp:featuredmedia":[{"embeddable":true,"href":"https:\/\/www.diagnostyka-umyslu.pl\/blog\/wp-json\/wp\/v2\/media\/1825"}],"wp:attachment":[{"href":"https:\/\/www.diagnostyka-umyslu.pl\/blog\/wp-json\/wp\/v2\/media?parent=1204"}],"wp:term":[{"taxonomy":"category","embeddable":true,"href":"https:\/\/www.diagnostyka-umyslu.pl\/blog\/wp-json\/wp\/v2\/categories?post=1204"},{"taxonomy":"post_tag","embeddable":true,"href":"https:\/\/www.diagnostyka-umyslu.pl\/blog\/wp-json\/wp\/v2\/tags?post=1204"}],"curies":[{"name":"wp","href":"https:\/\/api.w.org\/{rel}","templated":true}]}}