{"id":1210,"date":"2022-06-06T08:00:56","date_gmt":"2022-06-06T06:00:56","guid":{"rendered":"https:\/\/www.diagnostyka-umyslu.pl\/blog\/?p=1210"},"modified":"2022-07-08T21:21:11","modified_gmt":"2022-07-08T19:21:11","slug":"to-adhd-czy-trauma","status":"publish","type":"post","link":"https:\/\/www.diagnostyka-umyslu.pl\/blog\/adhd\/to-adhd-czy-trauma\/","title":{"rendered":"To ADHD czy trauma?"},"content":{"rendered":"<p>Kiedy dzieci zmagaj\u0105 si\u0119 z problemami dotycz\u0105cymi zachowania i uwagi, pierwszym wyja\u015bnieniem, jakie przychodzi im na my\u015bl, jest cz\u0119sto ADHD (attention-deficit hyperactivity disorder).<\/p>\n<p>Ale nara\u017cenie na traumatyczne prze\u017cycia mo\u017ce r\u00f3wnie\u017c powodowa\u0107 objawy przypominaj\u0105ce ADHD. A trauma mo\u017ce zosta\u0107 przeoczona i nieleczona, gdy u dzieci b\u0142\u0119dnie zdiagnozuje si\u0119 ADHD.<\/p>\n<p>Dzieci z ADHD mog\u0105 by\u0107 niespokojne (ci\u0105gle podrywaj\u0105 si\u0119 z miejsc), rozproszone (nie zwracaj\u0105 uwagi na nauczyciela) i zak\u0142\u00f3ca\u0107 porz\u0105dek w klasie. Dzieci, kt\u00f3re prze\u017cy\u0142y traumatyczne do\u015bwiadczenie &#8211; lub wielokrotne nara\u017cenie na przemoc lub wykorzystywanie &#8211; robi\u0105 niekt\u00f3re z tych samych rzeczy, wyja\u015bnia dr Jamie Howard, psycholog kliniczny, kt\u00f3ry jest ekspertem ds. traumy w Child Mind Institute.<\/p>\n<p>U niekt\u00f3rych dzieci, kt\u00f3re by\u0142y nara\u017cone na przemoc lub inne niepokoj\u0105ce do\u015bwiadczenie, rozwija si\u0119 zesp\u00f3\u0142 stresu pourazowego (PTSD). U wielu dzieci, kt\u00f3re do\u015bwiadczy\u0142y powtarzaj\u0105cych si\u0119 traumatycznych wydarze\u0144 w domu lub spo\u0142eczno\u015bci, r\u00f3wnie\u017c wyst\u0119puj\u0105 takie objawy, mimo \u017ce nie spe\u0142niaj\u0105 one wszystkich kryteri\u00f3w PTSD. Nazywa si\u0119 to czasem &#8220;z\u0142o\u017con\u0105 traum\u0105&#8221; i u tych dzieci r\u00f3wnie\u017c mo\u017cna b\u0142\u0119dnie zdiagnozowa\u0107 ADHD.<\/p>\n<p>Aby dodatkowo zwi\u0119kszy\u0107 zamieszanie, dzieci mog\u0105 mie\u0107 zar\u00f3wno ADHD, jak i traum\u0119.<\/p>\n<h4>Objawy traumy, kt\u00f3re mog\u0105 by\u0107 mylone z ADHD<\/h4>\n<p>Objawy PTSD lub z\u0142o\u017conej traumy, kt\u00f3re mog\u0105 przypomina\u0107 ADHD, to m.in:<\/p>\n<ul>\n<li><strong>Hiperarousal<\/strong>. Dzieci, kt\u00f3re prze\u017cy\u0142y traum\u0119 lub by\u0142y nara\u017cone na powtarzaj\u0105ce si\u0119 traumatyczne prze\u017cycia, s\u0105 niezwykle wra\u017cliwe na oznaki niebezpiecze\u0144stwa lub zagro\u017cenia. &#8220;Je\u015bli jeste\u015b w stanie podwy\u017cszonej gotowo\u015bci na niebezpiecze\u0144stwo &#8211; je\u015bli w twoim organizmie buzuj\u0105 r\u00f3\u017cnego rodzaju hormony stresu &#8211; trudno b\u0119dzie ci usiedzie\u0107 w miejscu i spokojnie skupi\u0107 uwag\u0119&#8221; &#8211; wyja\u015bnia dr Howard. &#8220;To mo\u017ce wygl\u0105da\u0107 jak nadpobudliwo\u015b\u0107 i <a href=\"https:\/\/www.diagnostyka-umyslu.pl\/test-na-adhd\">impulsywno\u015b\u0107 w ADHD<\/a>&#8220;.<\/li>\n<li><strong>Prze\u017cywanie traumatycznych wydarze\u0144<\/strong>. Dzieci nara\u017cone na traum\u0119 mog\u0105 mentalnie ponownie prze\u017cywa\u0107 traumatyczne wydarzenia, a to mo\u017ce sprawi\u0107, \u017ce dzieci b\u0119d\u0105 wygl\u0105da\u0142y na roztargnione i rozproszone, jak dzieci z nieuwa\u017cnym typem ADHD. &#8220;Je\u015bli masz natr\u0119tne my\u015bli o traumatycznym wydarzeniu, kt\u00f3re prze\u017cy\u0142e\u015b, nie zwracasz uwagi na chwil\u0119 obecn\u0105&#8221; &#8211; zauwa\u017ca dr Howard. &#8220;Jeste\u015b rozproszony, poniewa\u017c prze\u017cy\u0142e\u015b co\u015b tak wielkiego, \u017ce tw\u00f3j umys\u0142 nie mo\u017ce tego przetrawi\u0107&#8221;.<\/li>\n<li><strong>Negatywne spojrzenie na innych<\/strong>. Dzieci, kt\u00f3re do\u015bwiadczy\u0142y traumy, maj\u0105 tendencj\u0119 do postrzegania ludzi jako wrogich i zak\u0142adania, \u017ce maj\u0105 wobec nich negatywne zamiary. To mo\u017ce powodowa\u0107, \u017ce dzieci zachowuj\u0105 si\u0119 w spos\u00f3b, kt\u00f3ry mo\u017ce wygl\u0105da\u0107 na impulsywny (objaw ADHD) lub opozycyjny (co\u015b, co dzieci z ADHD cz\u0119sto rozwijaj\u0105). Jednak u dzieci z traum\u0105 jest to reakcja na postrzegane zagro\u017cenie. Ich system &#8220;walcz lub uciekaj&#8221; zosta\u0142 aktywowany i dzia\u0142a nawet wtedy, gdy nie ma \u017cadnego zagro\u017cenia&#8221; &#8211; zauwa\u017ca Caroline Mendel, PsyD, psycholog kliniczny z Child Mind Institute.<\/li>\n<li><strong>Trudno\u015bci z funkcjami wykonawczymi<\/strong>. Podobnie jak dzieci z ADHD, dzieci, kt\u00f3re do\u015bwiadczy\u0142y traumy, maj\u0105 zwykle problemy z funkcjami wykonawczymi, takimi jak koncentracja, planowanie wykonania zadania, panowanie nad emocjami lub przemy\u015blenie sprawy przed podj\u0119ciem dzia\u0142ania.<\/li>\n<\/ul>\n<h4>Jak mo\u017cna stwierdzi\u0107, czy dziecko ma ADHD czy traum\u0119?<\/h4>\n<p>Pierwszym krokiem w rozr\u00f3\u017cnieniu, co jest przyczyn\u0105 zachowania dziecka, jest przeanalizowanie jego historii &#8211; czy by\u0142o nara\u017cone na traumatyczne prze\u017cycia, oraz czasu wyst\u0105pienia objaw\u00f3w &#8211; czy pojawi\u0142y si\u0119 wcze\u015bniej, czy p\u00f3\u017aniej ni\u017c trauma. Dr Mendel zauwa\u017ca, \u017ce warto r\u00f3wnie\u017c dowiedzie\u0107 si\u0119, czy w rodzinie wyst\u0119puje ADHD, poniewa\u017c dzieci, kt\u00f3rych bliscy krewni maj\u0105 ADHD, s\u0105 bardziej nara\u017cone na wyst\u0105pienie tej choroby u nich samych.<\/p>\n<p>Klinicysta analizuj\u0105cy wszystkie objawy wyst\u0119puj\u0105ce u dziecka b\u0119dzie w stanie zidentyfikowa\u0107 zachowania zwi\u0105zane z ADHD, kt\u00f3re odr\u00f3\u017cniaj\u0105 je od traumy, i odwrotnie. Na przyk\u0142ad, zauwa\u017ca dr Howard, dzieci, kt\u00f3re s\u0105 nadpobudliwe i impulsywne, wykazuj\u0105 zachowania, kt\u00f3re nie s\u0105 zwi\u0105zane z traum\u0105: &#8220;przerywanie, nadmierna gadatliwo\u015b\u0107, bieganie po korytarzu&#8221;. Wyst\u0119powanie r\u00f3\u017cnych objaw\u00f3w nadpobudliwo\u015bci i impulsywno\u015bci wskazuje na ADHD.<\/p>\n<p>W ten sam spos\u00f3b dzieci z PTSD maj\u0105 objawy, kt\u00f3re nie s\u0105 zgodne z ADHD. Na przyk\u0142ad do\u015bwiadczaj\u0105 natr\u0119tnych, niepokoj\u0105cych my\u015bli &#8211; co nie jest objawem ADHD.<\/p>\n<p>Innym objawem PTSD jest unikanie rzeczy, kt\u00f3re przypominaj\u0105 o traumatycznym prze\u017cyciu. Jak m\u00f3wi dr Howard: &#8220;Czy unikaj\u0105 powrotu do domu? Wsiadania do samochodu? Wa\u0142\u0119sania si\u0119 po korytarzach w szkole? Zw\u0142aszcza je\u015bli wiesz, na jakie traumatyczne prze\u017cycia by\u0142y nara\u017cone, zastan\u00f3w si\u0119, czy niekt\u00f3re z ich zachowa\u0144 nie maj\u0105 charakteru strategicznego, poniewa\u017c w przypadku PTSD wszystko to ma na celu zapewnienie bezpiecze\u0144stwa&#8221;. Ponownie, ten rodzaj unikania nie wynika z ADHD.<\/p>\n<h4>Dzieci mog\u0105 mie\u0107 zar\u00f3wno ADHD, jak i PTSD<\/h4>\n<p>Komplikuj\u0105c zadanie diagnozy, mo\u017cliwe jest r\u00f3wnie\u017c, aby dzieci mia\u0142y zar\u00f3wno ADHD, jak i PTSD.<\/p>\n<p>Istniej\u0105 dowody na to, \u017ce dzieci z ADHD, kt\u00f3re do\u015bwiadczy\u0142y niepokoj\u0105cych prze\u017cy\u0107, s\u0105 cztery razy bardziej nara\u017cone na wyst\u0105pienie PTSD ni\u017c dzieci bez tego zaburzenia. Prawdopodobnie do\u015bwiadcz\u0105 te\u017c powa\u017cniejszych objaw\u00f3w traumy ni\u017c dzieci bez ADHD.<\/p>\n<p>Badania obrazowe wykazuj\u0105, \u017ce ADHD i PTSD wi\u0105\u017c\u0105 si\u0119 z podobnymi nieprawid\u0142owo\u015bciami w funkcjonowaniu m\u00f3zgu, co mo\u017ce t\u0142umaczy\u0107 zwi\u0119kszone ryzyko. To podwy\u017cszone ryzyko oznacza, \u017ce dzieci z ADHD potrzebuj\u0105 dodatkowej uwagi i wsparcia w przypadku traumatycznych prze\u017cy\u0107 i powinny by\u0107 badane pod k\u0105tem PTSD, zauwa\u017ca dr Mendel. Dzieci, u kt\u00f3rych zdiagnozowano PTSD, powinny by\u0107 r\u00f3wnie\u017c badane pod k\u0105tem ADHD.<\/p>\n<h4>Dlaczego wa\u017cne jest wykluczenie traumy?<\/h4>\n<p>Je\u015bli trauma nie zostanie zdiagnozowana, a dziecko b\u0119dzie leczone lekami pobudzaj\u0105cymi z powodu ADHD, w niekt\u00f3rych przypadkach leki te mog\u0105 zwi\u0119ksza\u0107 l\u0119k zwi\u0105zany z traum\u0105, przez co dzieci staj\u0105 si\u0119 bardziej czujne i spi\u0119te. Je\u015bli wiadomo, \u017ce u dziecka wyst\u0119puje zar\u00f3wno ADHD, jak i PTSD, a leki stymuluj\u0105ce powoduj\u0105 u niego wi\u0119kszy niepok\u00f3j, klinicysta prawdopodobnie zdecyduje si\u0119 na zmian\u0119 leku na inny ni\u017c stymuluj\u0105cy.<\/p>\n<p>Co najwa\u017cniejsze, je\u015bli objawy traumy s\u0105 b\u0142\u0119dnie diagnozowane jako ADHD, dzieci prawdopodobnie nie otrzymaj\u0105 konkretnego wsparcia, kt\u00f3rego potrzebuj\u0105, aby poradzi\u0107 sobie z traum\u0105 w zdrowy spos\u00f3b. Je\u015bli nie otrzymaj\u0105 leczenia, kt\u00f3re zajmie si\u0119 traum\u0105 za pomoc\u0105 czego\u015b takiego jak terapia poznawczo-behawioralna skoncentrowana na traumie (TF-CBT), ich objawy prawdopodobnie nie ulegn\u0105 poprawie. &#8220;Leczenie ADHD nie pomo\u017ce im w przetworzeniu traumy&#8221; &#8211; wyja\u015bnia dr Mendel. &#8220;Nie pomo\u017ce w relacjach z innymi, w postrzeganiu \u015bwiata, siebie ani swojej przysz\u0142o\u015bci. Nadal b\u0119d\u0105 mia\u0142y trudno\u015bci z radzeniem sobie z my\u015blami i uczuciami, kt\u00f3re wi\u0105\u017c\u0105 si\u0119 z prze\u017cyt\u0105 traum\u0105&#8221;.<\/p>\n<p>Ponadto dzieci, kt\u00f3re maj\u0105 problemy z zachowaniem wynikaj\u0105ce z nierozpoznanego PTSD, s\u0105 cz\u0119sto stygmatyzowane, zw\u0142aszcza je\u015bli zdiagnozowano u nich zaburzenia zachowania, takie jak zaburzenia opozycyjno-defibilne lub zaburzenia zachowania. &#8220;Je\u015bli szko\u0142a patrzy na dziecko przez pryzmat jego zachowania, jest bardziej sk\u0142onna usun\u0105\u0107 je z klasy, zawiesi\u0107, a nawet wezwa\u0107 pogotowie&#8221; &#8211; zauwa\u017ca dr Mendel. &#8220;A to nie jest \u015brodowisko, w kt\u00f3rym dziecko, kt\u00f3re prze\u017cy\u0142o traum\u0119, potrzebuje wsparcia, aby si\u0119 wyleczy\u0107&#8221;.<\/p>\n<h4>Dlaczego trauma jest cz\u0119sto pomijana?<\/h4>\n<p>Je\u015bli dziecko ma problemy w szkole, nawet lekarz o dobrych intencjach mo\u017ce szybko przejrze\u0107 list\u0119 objaw\u00f3w i stwierdzi\u0107, \u017ce problemy wynikaj\u0105 z niezdiagnozowanego ADHD. A bez dok\u0142adniejszej oceny diagnoza ta mo\u017ce wydawa\u0107 si\u0119 najprostszym wyja\u015bnieniem. &#8220;Narz\u0119dzia do bada\u0144 przesiewowych ADHD s\u0105 \u015bwietne do identyfikacji dzieci, kt\u00f3re potrzebuj\u0105 wsparcia&#8221;, zauwa\u017ca dr Mendel. &#8220;Ale je\u015bli polegamy tylko na listach kontrolnych ADHD, bez spojrzenia na szerszy obraz, mo\u017ce to prowadzi\u0107 do b\u0142\u0119dnej diagnozy&#8221;.<\/p>\n<p>Rodzice mog\u0105 nie dostrzega\u0107 zwi\u0105zku mi\u0119dzy zachowaniem dziecka a mo\u017cliw\u0105 traum\u0105 &#8211; lub mog\u0105 nie czu\u0107 si\u0119 komfortowo, m\u00f3wi\u0105c o niepokoj\u0105cych do\u015bwiadczeniach, jakie dziecko mog\u0142o mie\u0107. W zwi\u0105zku z tym mog\u0105 nie udziela\u0107 informacji na ten temat, chyba \u017ce zostan\u0105 o to bezpo\u015brednio poproszeni. R\u00f3wnie\u017c lekarz mo\u017ce niech\u0119tnie pyta\u0107 o traumatyczne prze\u017cycia, do kt\u00f3rych zalicza si\u0119 przemoc domow\u0105, zn\u0119canie si\u0119 i zaniedbanie, z obawy, \u017ce mo\u017ce to zaszkodzi\u0107 jego relacjom z rodzin\u0105.<\/p>\n<h4>Kto jest najbardziej nara\u017cony na ryzyko?<\/h4>\n<p>Szczeg\u00f3lnie wa\u017cne jest, aby zwraca\u0107 uwag\u0119 na mo\u017cliwo\u015b\u0107 b\u0142\u0119dnej diagnozy w spo\u0142eczno\u015bciach, w kt\u00f3rych wyst\u0119puje wysoki poziom przemocy. &#8220;W populacjach, w kt\u00f3rych dzieci s\u0105 nara\u017cone na wiele akt\u00f3w przemocy, cz\u0119\u015bciej diagnozuje si\u0119 ADHD&#8221; &#8211; zauwa\u017ca dr Howard. Mo\u017cliwe, \u017ce niekt\u00f3re z tych diagnoz nie uwzgl\u0119dniaj\u0105 oznak traumy.<\/p>\n<p>Dzieci s\u0105 r\u00f3wnie\u017c bardziej nara\u017cone na ryzyko, gdy panuje ub\u00f3stwo, zar\u00f3wno w spo\u0142eczno\u015bciach miejskich, jak i wiejskich, wyja\u015bnia dr Howard. &#8220;Tam, gdzie jest bieda, jest wi\u0119cej traumatycznych prze\u017cy\u0107, a tak\u017ce zazwyczaj mniej zasob\u00f3w edukacyjnych i obci\u0105\u017conych nauczycieli&#8221;. A dzieci cz\u0119sto ukrywaj\u0105 traumatyczne wydarzenia, brakuje im s\u0142\u00f3w, by je wyja\u015bni\u0107, albo nie widz\u0105 lub nie rozumiej\u0105 ich takimi, jakimi s\u0105.<\/p>\n<p>Badania pokazuj\u0105, \u017ce uczniowie kolorowi cz\u0119\u015bciej ni\u017c biali s\u0105 traktowani jako sprawiaj\u0105cy problemy z zachowaniem, co mo\u017ce prowadzi\u0107 do b\u0142\u0119dnej diagnozy. &#8220;Wiemy, \u017ce uczniowie BIPOC cz\u0119\u015bciej ni\u017c ich biali r\u00f3wie\u015bnicy otrzymuj\u0105 skierowania i s\u0105 zawieszani w prawach ucznia z powod\u00f3w dyscyplinarnych&#8221; &#8211; zauwa\u017ca dr Mendel. &#8220;Ale istnieje te\u017c wi\u0119ksze prawdopodobie\u0144stwo, \u017ce do\u015bwiadczyli oni traumatycznych wydarze\u0144, niezale\u017cnie od tego, czy jest to trauma rasowa, czy inny czynnik stresogenny, taki jak ub\u00f3stwo lub przemoc w spo\u0142eczno\u015bci lokalnej&#8221;.<\/p>\n<p>Trauma mo\u017ce zdarzy\u0107 si\u0119 wsz\u0119dzie, u ka\u017cdego dziecka i cz\u0119sto jest niewidoczna dla os\u00f3b postronnych. &#8220;Nie wiadomo, czy w domu dochodzi do przemocy domowej&#8221; &#8211; m\u00f3wi dr Howard. &#8220;Nie wiesz, czy dziecko mia\u0142o straszny wypadek samochodowy&#8221;. Jako klinicysta m\u00f3wi: &#8220;Zawsze nale\u017cy si\u0119 zastanowi\u0107, co takiego przydarzy\u0142o si\u0119 dziecku, \u017ce mo\u017ce si\u0119 tak zachowywa\u0107&#8221;.<\/p>\n<p>Dlatego te\u017c, dodaje dr Mendel, seria pyta\u0144 dotycz\u0105cych traumatycznych wydarze\u0144 powinna by\u0107 cz\u0119\u015bci\u0105 standardowej oceny w przypadku ka\u017cdego problemu ze zdrowiem psychicznym. Zauwa\u017ca, \u017ce je\u015bli jest to standardowa procedura, rodzina mo\u017ce mie\u0107 mniejsze szanse na to, \u017ce poczuje si\u0119 wyr\u00f3\u017cniona pytaniami o ewentualne traumatyczne prze\u017cycia. &#8220;Zadawanie takich pyta\u0144 powinno by\u0107 cz\u0119\u015bci\u0105 oceny diagnostycznej ka\u017cdego zaburzenia. Je\u015bli przyjrzymy si\u0119 objawom depresji, to w pewnym stopniu pokrywaj\u0105 si\u0119 one z traum\u0105. Objawy l\u0119ku r\u00f3wnie\u017c pokrywaj\u0105 si\u0119 z traum\u0105. Zawsze trzeba si\u0119 upewni\u0107, \u017ce ma si\u0119 pe\u0142ny obraz sytuacji&#8221;.<\/p>\n<h4>Wi\u0119cej informacji<\/h4>\n<ul>\n<li>childmind.org\/article\/is-it-adhd-or-trauma\/<\/li>\n<\/ul>\n","protected":false},"excerpt":{"rendered":"<p>Kiedy dzieci zmagaj\u0105 si\u0119 z problemami dotycz\u0105cymi zachowania i uwagi, pierwszym wyja\u015bnieniem, jakie przychodzi im na my\u015bl, jest cz\u0119sto ADHD (attention-deficit hyperactivity disorder). Ale nara\u017cenie&#8230;<\/p>\n","protected":false},"author":1,"featured_media":1825,"comment_status":"closed","ping_status":"open","sticky":false,"template":"","format":"standard","meta":[],"categories":[37],"tags":[123,122,121,120,124,119],"yoast_head":"<!-- This site is optimized with the Yoast SEO plugin v18.1 - https:\/\/yoast.com\/wordpress\/plugins\/seo\/ -->\n<title>To ADHD czy trauma? - Diagnostyka Umys\u0142u<\/title>\n<meta name=\"robots\" content=\"index, follow, max-snippet:-1, max-image-preview:large, max-video-preview:-1\" \/>\n<link rel=\"canonical\" href=\"https:\/\/www.diagnostyka-umyslu.pl\/blog\/adhd\/to-adhd-czy-trauma\/\" \/>\n<meta property=\"og:locale\" content=\"pl_PL\" \/>\n<meta property=\"og:type\" content=\"article\" \/>\n<meta property=\"og:title\" content=\"To ADHD czy trauma? - Diagnostyka Umys\u0142u\" \/>\n<meta property=\"og:description\" content=\"Kiedy dzieci zmagaj\u0105 si\u0119 z problemami dotycz\u0105cymi zachowania i uwagi, pierwszym wyja\u015bnieniem, jakie przychodzi im na my\u015bl, jest cz\u0119sto ADHD (attention-deficit hyperactivity disorder). Ale nara\u017cenie...\" \/>\n<meta property=\"og:url\" content=\"https:\/\/www.diagnostyka-umyslu.pl\/blog\/adhd\/to-adhd-czy-trauma\/\" \/>\n<meta property=\"og:site_name\" content=\"Diagnostyka Umys\u0142u\" \/>\n<meta property=\"article:published_time\" content=\"2022-06-06T06:00:56+00:00\" \/>\n<meta property=\"article:modified_time\" content=\"2022-07-08T19:21:11+00:00\" \/>\n<meta property=\"og:image\" content=\"https:\/\/www.diagnostyka-umyslu.pl\/blog\/wp-content\/uploads\/2022\/07\/bg_top_default.jpg\" \/>\n\t<meta property=\"og:image:width\" content=\"840\" \/>\n\t<meta property=\"og:image:height\" content=\"202\" \/>\n\t<meta property=\"og:image:type\" content=\"image\/jpeg\" \/>\n<meta name=\"twitter:card\" content=\"summary_large_image\" \/>\n<meta name=\"twitter:label1\" content=\"Napisane przez\" \/>\n\t<meta name=\"twitter:data1\" content=\"Diagnostyka Umys\u0142u\" \/>\n\t<meta name=\"twitter:label2\" content=\"Szacowany czas czytania\" \/>\n\t<meta name=\"twitter:data2\" content=\"9 minut\" \/>\n<script type=\"application\/ld+json\" class=\"yoast-schema-graph\">{\"@context\":\"https:\/\/schema.org\",\"@graph\":[{\"@type\":\"Organization\",\"@id\":\"https:\/\/www.diagnostyka-umyslu.pl\/blog\/#organization\",\"name\":\"Diagnostyka Umys\u0142u\",\"url\":\"https:\/\/www.diagnostyka-umyslu.pl\/blog\/\",\"sameAs\":[],\"logo\":{\"@type\":\"ImageObject\",\"@id\":\"https:\/\/www.diagnostyka-umyslu.pl\/blog\/#logo\",\"inLanguage\":\"pl-PL\",\"url\":\"https:\/\/www.diagnostyka-umyslu.pl\/blog\/wp-content\/uploads\/2021\/05\/logo.png\",\"contentUrl\":\"https:\/\/www.diagnostyka-umyslu.pl\/blog\/wp-content\/uploads\/2021\/05\/logo.png\",\"width\":236,\"height\":81,\"caption\":\"Diagnostyka Umys\u0142u\"},\"image\":{\"@id\":\"https:\/\/www.diagnostyka-umyslu.pl\/blog\/#logo\"}},{\"@type\":\"WebSite\",\"@id\":\"https:\/\/www.diagnostyka-umyslu.pl\/blog\/#website\",\"url\":\"https:\/\/www.diagnostyka-umyslu.pl\/blog\/\",\"name\":\"Diagnostyka Umys\u0142u\",\"description\":\"Blog o zaburzeniach umys\u0142u\",\"publisher\":{\"@id\":\"https:\/\/www.diagnostyka-umyslu.pl\/blog\/#organization\"},\"potentialAction\":[{\"@type\":\"SearchAction\",\"target\":{\"@type\":\"EntryPoint\",\"urlTemplate\":\"https:\/\/www.diagnostyka-umyslu.pl\/blog\/?s={search_term_string}\"},\"query-input\":\"required name=search_term_string\"}],\"inLanguage\":\"pl-PL\"},{\"@type\":\"ImageObject\",\"@id\":\"https:\/\/www.diagnostyka-umyslu.pl\/blog\/adhd\/to-adhd-czy-trauma\/#primaryimage\",\"inLanguage\":\"pl-PL\",\"url\":\"https:\/\/www.diagnostyka-umyslu.pl\/blog\/wp-content\/uploads\/2022\/07\/bg_top_default.jpg\",\"contentUrl\":\"https:\/\/www.diagnostyka-umyslu.pl\/blog\/wp-content\/uploads\/2022\/07\/bg_top_default.jpg\",\"width\":840,\"height\":202},{\"@type\":\"WebPage\",\"@id\":\"https:\/\/www.diagnostyka-umyslu.pl\/blog\/adhd\/to-adhd-czy-trauma\/#webpage\",\"url\":\"https:\/\/www.diagnostyka-umyslu.pl\/blog\/adhd\/to-adhd-czy-trauma\/\",\"name\":\"To ADHD czy trauma? - Diagnostyka Umys\u0142u\",\"isPartOf\":{\"@id\":\"https:\/\/www.diagnostyka-umyslu.pl\/blog\/#website\"},\"primaryImageOfPage\":{\"@id\":\"https:\/\/www.diagnostyka-umyslu.pl\/blog\/adhd\/to-adhd-czy-trauma\/#primaryimage\"},\"datePublished\":\"2022-06-06T06:00:56+00:00\",\"dateModified\":\"2022-07-08T19:21:11+00:00\",\"breadcrumb\":{\"@id\":\"https:\/\/www.diagnostyka-umyslu.pl\/blog\/adhd\/to-adhd-czy-trauma\/#breadcrumb\"},\"inLanguage\":\"pl-PL\",\"potentialAction\":[{\"@type\":\"ReadAction\",\"target\":[\"https:\/\/www.diagnostyka-umyslu.pl\/blog\/adhd\/to-adhd-czy-trauma\/\"]}]},{\"@type\":\"BreadcrumbList\",\"@id\":\"https:\/\/www.diagnostyka-umyslu.pl\/blog\/adhd\/to-adhd-czy-trauma\/#breadcrumb\",\"itemListElement\":[{\"@type\":\"ListItem\",\"position\":1,\"name\":\"Strona g\u0142\u00f3wna\",\"item\":\"https:\/\/www.diagnostyka-umyslu.pl\/blog\/\"},{\"@type\":\"ListItem\",\"position\":2,\"name\":\"ADHD\",\"item\":\"https:\/\/www.diagnostyka-umyslu.pl\/blog\/adhd\/\"},{\"@type\":\"ListItem\",\"position\":3,\"name\":\"To ADHD czy trauma?\"}]},{\"@type\":\"Article\",\"@id\":\"https:\/\/www.diagnostyka-umyslu.pl\/blog\/adhd\/to-adhd-czy-trauma\/#article\",\"isPartOf\":{\"@id\":\"https:\/\/www.diagnostyka-umyslu.pl\/blog\/adhd\/to-adhd-czy-trauma\/#webpage\"},\"author\":{\"@id\":\"https:\/\/www.diagnostyka-umyslu.pl\/blog\/#\/schema\/person\/8eb1bcaf59fea75c780c11946f4e3490\"},\"headline\":\"To ADHD czy trauma?\",\"datePublished\":\"2022-06-06T06:00:56+00:00\",\"dateModified\":\"2022-07-08T19:21:11+00:00\",\"mainEntityOfPage\":{\"@id\":\"https:\/\/www.diagnostyka-umyslu.pl\/blog\/adhd\/to-adhd-czy-trauma\/#webpage\"},\"wordCount\":1836,\"publisher\":{\"@id\":\"https:\/\/www.diagnostyka-umyslu.pl\/blog\/#organization\"},\"image\":{\"@id\":\"https:\/\/www.diagnostyka-umyslu.pl\/blog\/adhd\/to-adhd-czy-trauma\/#primaryimage\"},\"thumbnailUrl\":\"https:\/\/www.diagnostyka-umyslu.pl\/blog\/wp-content\/uploads\/2022\/07\/bg_top_default.jpg\",\"keywords\":[\"Dlaczego trauma jest cz\u0119sto pomijana?\",\"Dlaczego wa\u017cne jest wykluczenie traumy?\",\"Dzieci mog\u0105 mie\u0107 zar\u00f3wno ADHD jak i PTSD\",\"Jak mo\u017cna stwierdzi\u0107 czy dziecko ma ADHD czy traum\u0119?\",\"Kto jest najbardziej nara\u017cony na ryzyko ADHD?\",\"Oznaki traumy kt\u00f3re mog\u0105 by\u0107 mylone z ADHD\"],\"articleSection\":[\"ADHD\"],\"inLanguage\":\"pl-PL\"},{\"@type\":\"Person\",\"@id\":\"https:\/\/www.diagnostyka-umyslu.pl\/blog\/#\/schema\/person\/8eb1bcaf59fea75c780c11946f4e3490\",\"name\":\"Diagnostyka Umys\u0142u\",\"image\":{\"@type\":\"ImageObject\",\"@id\":\"https:\/\/www.diagnostyka-umyslu.pl\/blog\/#personlogo\",\"inLanguage\":\"pl-PL\",\"url\":\"https:\/\/secure.gravatar.com\/avatar\/6743211f010801ea26aa9423a2daab37?s=96&d=mm&r=g\",\"contentUrl\":\"https:\/\/secure.gravatar.com\/avatar\/6743211f010801ea26aa9423a2daab37?s=96&d=mm&r=g\",\"caption\":\"Diagnostyka Umys\u0142u\"},\"sameAs\":[\"https:\/\/www.diagnostyka-umyslu.pl\/blog\"],\"url\":\"https:\/\/www.diagnostyka-umyslu.pl\/blog\/author\/diagnostyka-umyslu\/\"}]}<\/script>\n<!-- \/ Yoast SEO plugin. -->","yoast_head_json":{"title":"To ADHD czy trauma? - Diagnostyka Umys\u0142u","robots":{"index":"index","follow":"follow","max-snippet":"max-snippet:-1","max-image-preview":"max-image-preview:large","max-video-preview":"max-video-preview:-1"},"canonical":"https:\/\/www.diagnostyka-umyslu.pl\/blog\/adhd\/to-adhd-czy-trauma\/","og_locale":"pl_PL","og_type":"article","og_title":"To ADHD czy trauma? - Diagnostyka Umys\u0142u","og_description":"Kiedy dzieci zmagaj\u0105 si\u0119 z problemami dotycz\u0105cymi zachowania i uwagi, pierwszym wyja\u015bnieniem, jakie przychodzi im na my\u015bl, jest cz\u0119sto ADHD (attention-deficit hyperactivity disorder). Ale nara\u017cenie...","og_url":"https:\/\/www.diagnostyka-umyslu.pl\/blog\/adhd\/to-adhd-czy-trauma\/","og_site_name":"Diagnostyka Umys\u0142u","article_published_time":"2022-06-06T06:00:56+00:00","article_modified_time":"2022-07-08T19:21:11+00:00","og_image":[{"width":840,"height":202,"url":"https:\/\/www.diagnostyka-umyslu.pl\/blog\/wp-content\/uploads\/2022\/07\/bg_top_default.jpg","type":"image\/jpeg"}],"twitter_card":"summary_large_image","twitter_misc":{"Napisane przez":"Diagnostyka Umys\u0142u","Szacowany czas czytania":"9 minut"},"schema":{"@context":"https:\/\/schema.org","@graph":[{"@type":"Organization","@id":"https:\/\/www.diagnostyka-umyslu.pl\/blog\/#organization","name":"Diagnostyka Umys\u0142u","url":"https:\/\/www.diagnostyka-umyslu.pl\/blog\/","sameAs":[],"logo":{"@type":"ImageObject","@id":"https:\/\/www.diagnostyka-umyslu.pl\/blog\/#logo","inLanguage":"pl-PL","url":"https:\/\/www.diagnostyka-umyslu.pl\/blog\/wp-content\/uploads\/2021\/05\/logo.png","contentUrl":"https:\/\/www.diagnostyka-umyslu.pl\/blog\/wp-content\/uploads\/2021\/05\/logo.png","width":236,"height":81,"caption":"Diagnostyka Umys\u0142u"},"image":{"@id":"https:\/\/www.diagnostyka-umyslu.pl\/blog\/#logo"}},{"@type":"WebSite","@id":"https:\/\/www.diagnostyka-umyslu.pl\/blog\/#website","url":"https:\/\/www.diagnostyka-umyslu.pl\/blog\/","name":"Diagnostyka Umys\u0142u","description":"Blog o zaburzeniach umys\u0142u","publisher":{"@id":"https:\/\/www.diagnostyka-umyslu.pl\/blog\/#organization"},"potentialAction":[{"@type":"SearchAction","target":{"@type":"EntryPoint","urlTemplate":"https:\/\/www.diagnostyka-umyslu.pl\/blog\/?s={search_term_string}"},"query-input":"required name=search_term_string"}],"inLanguage":"pl-PL"},{"@type":"ImageObject","@id":"https:\/\/www.diagnostyka-umyslu.pl\/blog\/adhd\/to-adhd-czy-trauma\/#primaryimage","inLanguage":"pl-PL","url":"https:\/\/www.diagnostyka-umyslu.pl\/blog\/wp-content\/uploads\/2022\/07\/bg_top_default.jpg","contentUrl":"https:\/\/www.diagnostyka-umyslu.pl\/blog\/wp-content\/uploads\/2022\/07\/bg_top_default.jpg","width":840,"height":202},{"@type":"WebPage","@id":"https:\/\/www.diagnostyka-umyslu.pl\/blog\/adhd\/to-adhd-czy-trauma\/#webpage","url":"https:\/\/www.diagnostyka-umyslu.pl\/blog\/adhd\/to-adhd-czy-trauma\/","name":"To ADHD czy trauma? - Diagnostyka Umys\u0142u","isPartOf":{"@id":"https:\/\/www.diagnostyka-umyslu.pl\/blog\/#website"},"primaryImageOfPage":{"@id":"https:\/\/www.diagnostyka-umyslu.pl\/blog\/adhd\/to-adhd-czy-trauma\/#primaryimage"},"datePublished":"2022-06-06T06:00:56+00:00","dateModified":"2022-07-08T19:21:11+00:00","breadcrumb":{"@id":"https:\/\/www.diagnostyka-umyslu.pl\/blog\/adhd\/to-adhd-czy-trauma\/#breadcrumb"},"inLanguage":"pl-PL","potentialAction":[{"@type":"ReadAction","target":["https:\/\/www.diagnostyka-umyslu.pl\/blog\/adhd\/to-adhd-czy-trauma\/"]}]},{"@type":"BreadcrumbList","@id":"https:\/\/www.diagnostyka-umyslu.pl\/blog\/adhd\/to-adhd-czy-trauma\/#breadcrumb","itemListElement":[{"@type":"ListItem","position":1,"name":"Strona g\u0142\u00f3wna","item":"https:\/\/www.diagnostyka-umyslu.pl\/blog\/"},{"@type":"ListItem","position":2,"name":"ADHD","item":"https:\/\/www.diagnostyka-umyslu.pl\/blog\/adhd\/"},{"@type":"ListItem","position":3,"name":"To ADHD czy trauma?"}]},{"@type":"Article","@id":"https:\/\/www.diagnostyka-umyslu.pl\/blog\/adhd\/to-adhd-czy-trauma\/#article","isPartOf":{"@id":"https:\/\/www.diagnostyka-umyslu.pl\/blog\/adhd\/to-adhd-czy-trauma\/#webpage"},"author":{"@id":"https:\/\/www.diagnostyka-umyslu.pl\/blog\/#\/schema\/person\/8eb1bcaf59fea75c780c11946f4e3490"},"headline":"To ADHD czy trauma?","datePublished":"2022-06-06T06:00:56+00:00","dateModified":"2022-07-08T19:21:11+00:00","mainEntityOfPage":{"@id":"https:\/\/www.diagnostyka-umyslu.pl\/blog\/adhd\/to-adhd-czy-trauma\/#webpage"},"wordCount":1836,"publisher":{"@id":"https:\/\/www.diagnostyka-umyslu.pl\/blog\/#organization"},"image":{"@id":"https:\/\/www.diagnostyka-umyslu.pl\/blog\/adhd\/to-adhd-czy-trauma\/#primaryimage"},"thumbnailUrl":"https:\/\/www.diagnostyka-umyslu.pl\/blog\/wp-content\/uploads\/2022\/07\/bg_top_default.jpg","keywords":["Dlaczego trauma jest cz\u0119sto pomijana?","Dlaczego wa\u017cne jest wykluczenie traumy?","Dzieci mog\u0105 mie\u0107 zar\u00f3wno ADHD jak i PTSD","Jak mo\u017cna stwierdzi\u0107 czy dziecko ma ADHD czy traum\u0119?","Kto jest najbardziej nara\u017cony na ryzyko ADHD?","Oznaki traumy kt\u00f3re mog\u0105 by\u0107 mylone z ADHD"],"articleSection":["ADHD"],"inLanguage":"pl-PL"},{"@type":"Person","@id":"https:\/\/www.diagnostyka-umyslu.pl\/blog\/#\/schema\/person\/8eb1bcaf59fea75c780c11946f4e3490","name":"Diagnostyka Umys\u0142u","image":{"@type":"ImageObject","@id":"https:\/\/www.diagnostyka-umyslu.pl\/blog\/#personlogo","inLanguage":"pl-PL","url":"https:\/\/secure.gravatar.com\/avatar\/6743211f010801ea26aa9423a2daab37?s=96&d=mm&r=g","contentUrl":"https:\/\/secure.gravatar.com\/avatar\/6743211f010801ea26aa9423a2daab37?s=96&d=mm&r=g","caption":"Diagnostyka Umys\u0142u"},"sameAs":["https:\/\/www.diagnostyka-umyslu.pl\/blog"],"url":"https:\/\/www.diagnostyka-umyslu.pl\/blog\/author\/diagnostyka-umyslu\/"}]}},"amp_enabled":true,"_links":{"self":[{"href":"https:\/\/www.diagnostyka-umyslu.pl\/blog\/wp-json\/wp\/v2\/posts\/1210"}],"collection":[{"href":"https:\/\/www.diagnostyka-umyslu.pl\/blog\/wp-json\/wp\/v2\/posts"}],"about":[{"href":"https:\/\/www.diagnostyka-umyslu.pl\/blog\/wp-json\/wp\/v2\/types\/post"}],"author":[{"embeddable":true,"href":"https:\/\/www.diagnostyka-umyslu.pl\/blog\/wp-json\/wp\/v2\/users\/1"}],"replies":[{"embeddable":true,"href":"https:\/\/www.diagnostyka-umyslu.pl\/blog\/wp-json\/wp\/v2\/comments?post=1210"}],"version-history":[{"count":2,"href":"https:\/\/www.diagnostyka-umyslu.pl\/blog\/wp-json\/wp\/v2\/posts\/1210\/revisions"}],"predecessor-version":[{"id":1927,"href":"https:\/\/www.diagnostyka-umyslu.pl\/blog\/wp-json\/wp\/v2\/posts\/1210\/revisions\/1927"}],"wp:featuredmedia":[{"embeddable":true,"href":"https:\/\/www.diagnostyka-umyslu.pl\/blog\/wp-json\/wp\/v2\/media\/1825"}],"wp:attachment":[{"href":"https:\/\/www.diagnostyka-umyslu.pl\/blog\/wp-json\/wp\/v2\/media?parent=1210"}],"wp:term":[{"taxonomy":"category","embeddable":true,"href":"https:\/\/www.diagnostyka-umyslu.pl\/blog\/wp-json\/wp\/v2\/categories?post=1210"},{"taxonomy":"post_tag","embeddable":true,"href":"https:\/\/www.diagnostyka-umyslu.pl\/blog\/wp-json\/wp\/v2\/tags?post=1210"}],"curies":[{"name":"wp","href":"https:\/\/api.w.org\/{rel}","templated":true}]}}