{"id":1237,"date":"2022-06-04T08:00:36","date_gmt":"2022-06-04T06:00:36","guid":{"rendered":"https:\/\/www.diagnostyka-umyslu.pl\/blog\/?p=1237"},"modified":"2022-07-08T11:20:26","modified_gmt":"2022-07-08T09:20:26","slug":"dlaczego-diagnozy-autyzmu-sa-czesto-opoznione","status":"publish","type":"post","link":"https:\/\/www.diagnostyka-umyslu.pl\/blog\/spektrum-autyzmu\/dlaczego-diagnozy-autyzmu-sa-czesto-opoznione\/","title":{"rendered":"Dlaczego diagnozy autyzmu s\u0105 cz\u0119sto op\u00f3\u017anione?"},"content":{"rendered":"<p>W przypadku dzieci ze spektrum autyzmu bardzo wczesny trening umiej\u0119tno\u015bci spo\u0142ecznych, najlepiej przed osi\u0105gni\u0119ciem wieku szkolnego, mo\u017ce mie\u0107 ogromny wp\u0142yw na ich p\u00f3\u017aniejszy rozw\u00f3j. Jednak wielu dzieciom brakuje tej kluczowej interwencji.<\/p>\n<p>W przypadku wielu z nich nie dzieje si\u0119 tak dlatego, \u017ce nie s\u0105 diagnozowane, ale dlatego, \u017ce najpierw otrzymuj\u0105 inn\u0105 diagnoz\u0119. Cz\u0119sto jest to ADHD, zdiagnozowane przez pediatr\u0119 w wieku 2 lub 3 lat. Albo rodzice dowiaduj\u0105 si\u0119, \u017ce ich dziecko ma problemy z przetwarzaniem sensorycznym. W\u00f3wczas autyzm nie jest wykrywany, dop\u00f3ki nie wzrosn\u0105 wymagania szko\u0142y i sytuacje spo\u0142eczne. Jedna z matek, kt\u00f3r\u0105 znamy, mia\u0142a oba te problemy &#8211; zaburzenia przetwarzania sensorycznego w wieku 2 lat i ADHD w wieku 4 lat &#8211; zanim u jej syna zdiagnozowano autyzm tu\u017c przed jego pi\u0105tymi urodzinami.<\/p>\n<p>Te wst\u0119pne oceny nie musz\u0105 by\u0107 niedok\u0142adne, je\u015bli chodzi o ich zakres. Szacuje si\u0119, \u017ce 30 do 40 procent dzieci z zaburzeniami ze spektrum anautyzmu ma r\u00f3wnie\u017c ADHD, a problemy z przetwarzaniem sensorycznym s\u0105 tak powszechne u dzieci z autyzmem, \u017ce uwa\u017ca si\u0119 je za objaw tego zaburzenia. Mog\u0105 one jednak op\u00f3\u017ani\u0107 diagnoz\u0119 autyzmu, je\u015bli lekarze i rodzice na tym poprzestan\u0105. I podczas gdy te dzieci s\u0105 leczone z powodu ADHD lub problem\u00f3w z przetwarzaniem sensorycznym, omija je terapia, kt\u00f3ra mo\u017ce mie\u0107 o wiele wa\u017cniejszy wp\u0142yw na ich \u017cycie.<\/p>\n<p>Wendy Nash, dr n. med., psychiatra dzieci\u0119cy i m\u0142odzie\u017cowy, kt\u00f3ra leczy\u0142a wiele dzieci ze spektrum, twierdzi, \u017ce &#8220;wczesne rozpocz\u0119cie leczenia jest zbyt wa\u017cne, aby brak potwierdzonej diagnozy m\u00f3g\u0142 stan\u0105\u0107 na przeszkodzie&#8221;.<\/p>\n<h4>Spojrzenie poza szybk\u0105 diagnoz\u0119<\/h4>\n<p>&#8220;Istnieje tendencja, \u017ce kiedy pacjent ma ju\u017c postawion\u0105 diagnoz\u0119, poniewa\u017c wyst\u0119puje u niego wiele objaw\u00f3w, kt\u00f3re do niej pasuj\u0105, klinicy\u015bci mog\u0105 rozwin\u0105\u0107 pewne widzenie tunelowe, przez kt\u00f3re inne wyniki bada\u0144 mog\u0105 zosta\u0107 przeoczone&#8221; &#8211; m\u00f3wi dr Amir Miodovnik, pediatra rozwojowy z Boston Children&#8217;s Hospital.<\/p>\n<p>Dr Miodovnik jest g\u0142\u00f3wnym badaczem w badaniu dzieci z autyzmem, opublikowanym w Pediatrics, kt\u00f3re powi\u0105za\u0142o wst\u0119pn\u0105 diagnoz\u0119 ADHD z op\u00f3\u017anieniem diagnozy autyzmu \u015brednio o trzy lata. Dzieci, u kt\u00f3rych najpierw zdiagnozowano ADHD, mia\u0142y prawie 30 razy wi\u0119ksze szanse na otrzymanie diagnozy autyzmu po 6 roku \u017cycia ni\u017c te, u kt\u00f3rych autyzm by\u0142 pierwsz\u0105 diagnoz\u0105.<\/p>\n<p>Badanie potwierdzi\u0142o do\u015bwiadczenia kliniczne dr Miodovnika. &#8220;Widzimy spor\u0105 liczb\u0119 dzieci, kt\u00f3re oceniamy pod k\u0105tem zaburze\u0144 ze spektrum autyzmu w starszym wieku&#8221;, m\u00f3wi, &#8220;kt\u00f3re wcze\u015bniej mia\u0142y diagnoz\u0119 ADHD&#8221;.<\/p>\n<p>Catherine Lord, PhD, dyrektor Center for Autism and the Developing Brain w New York-Presbyterian Hospital, ma podobne obawy, \u017ce wczesne skupianie si\u0119 na problemach sensorycznych, cho\u0107 mo\u017ce pom\u00f3c dzieciom, mo\u017ce op\u00f3\u017ania\u0107 diagnozy autyzmu. &#8220;Widzimy dzieci ze spektrum autyzmu&#8221; &#8211; m\u00f3wi &#8211; &#8220;kt\u00f3re od lat chodz\u0105 na terapi\u0119 logopedyczn\u0105 i zaj\u0119ciow\u0105 w zwi\u0105zku z problemami sensorycznymi, podczas gdy powinny pracowa\u0107 z nimi nad umiej\u0119tno\u015bciami spo\u0142ecznymi&#8221;.<\/p>\n<h4>Dlaczego autyzm jest pomijany w tych wczesnych badaniach przesiewowych?<\/h4>\n<p>Istnieje wiele powod\u00f3w, dla kt\u00f3rych te wst\u0119pne oceny autyzmu nie prowadz\u0105 do postawienia diagnozy autyzmu &#8211; wyja\u015bnia dr Nash. Aby unikn\u0105\u0107 op\u00f3\u017anie\u0144, rodzice powinni by\u0107 ich \u015bwiadomi.<\/p>\n<ul>\n<li><strong>Zar\u00f3wno lekarze, jak i rodzice sk\u0142aniaj\u0105 si\u0119 ku diagnozie o najlepszych rokowaniach<\/strong>. &#8220;Zrozumia\u0142e jest, \u017ce lekarze chc\u0105 mie\u0107 pewien poziom pewno\u015bci przed postawieniem diagnozy dotycz\u0105cej potencjalnych upo\u015bledze\u0144 na ca\u0142e \u017cycie&#8221; &#8211; m\u00f3wi. &#8220;Dlatego cz\u0119sto pocz\u0105tkowe podej\u015bcie polega na leczeniu tego, co da si\u0119 leczy\u0107, a nast\u0119pnie ponownej ocenie. Na przyk\u0142ad: &#8216;Potraktujmy to najpierw jako ADHD i sprawd\u017amy, na ile s\u0142aby kontakt wzrokowy jest zwi\u0105zany z nieuwag\u0105&#8217;. &#8220;<\/li>\n<li><strong>Pediatrzy chc\u0105 da\u0107 szans\u0119 rozwojowi<\/strong>. Ma to sens w przypadku dzieci, poniewa\u017c rozwijaj\u0105 si\u0119 one w r\u00f3\u017cnym tempie, m\u00f3wi dr Nash. Lekarze maj\u0105 jednak sk\u0142onno\u015b\u0107 do uspokajania rodzic\u00f3w, kt\u00f3rych obserwacje i obawy s\u0105 cz\u0119sto lekcewa\u017cone.<\/li>\n<li><strong>Autyzmu nie da si\u0119 zdiagnozowa\u0107 podczas szybkiej wizyty w gabinecie<\/strong>. Jak zauwa\u017ca dr Nash, jednym z powod\u00f3w, dla kt\u00f3rych pediatrzy mog\u0105 nie zauwa\u017cy\u0107 autyzmu, jest to, \u017ce ocena trwa zbyt d\u0142ugo. Standardowe narz\u0119dzie oceny, zwane ADOS (Autism Diagnostic Observation Schedule), trwa 30 minut. Powinno si\u0119 je po\u0142\u0105czy\u0107 z ustrukturyzowanym wywiadem z rodzicami na temat obecnych i przesz\u0142ych objaw\u00f3w, a to zajmuje kilka godzin.<\/li>\n<li><strong>ADHD w po\u0142\u0105czeniu z autyzmem mo\u017ce wygl\u0105da\u0107 jak ci\u0119\u017ckie ADHD<\/strong>. &#8220;Cz\u0119sto s\u0142ysz\u0119 okre\u015blenie &#8216;ci\u0119\u017ckie ADHD&#8217;, a z mojego do\u015bwiadczenia wynika, \u017ce cz\u0119sto okazuje si\u0119 ono autyzmem&#8221; &#8211; wyja\u015bnia dr Nash. &#8220;Je\u015bli po\u0142\u0105czymy te dwa zaburzenia &#8211; impulsywno\u015b\u0107 i uporczywe my\u015blenie &#8211; dzieci te mog\u0105 naprawd\u0119 utkn\u0105\u0107 w p\u0119tli i nie mog\u0105 si\u0119 z niej wydosta\u0107, co mo\u017ce by\u0107 bardzo uci\u0105\u017cliwe&#8221;.<\/li>\n<li><strong>Autyzm to spektrum, w kt\u00f3rym wyst\u0119puje szeroki zakres zachowa\u0144<\/strong>. Niespecjalista mo\u017ce nie rozpozna\u0107 jego objaw\u00f3w, poniewa\u017c s\u0105 one bardziej zr\u00f3\u017cnicowane i zniuansowane, ni\u017c mu si\u0119 wydaje. Na przyk\u0142ad klinicysta mo\u017ce powiedzie\u0107, \u017ce dziecko mia\u0142o kontakt wzrokowy lub u\u015bmiecha\u0142o si\u0119, wi\u0119c nie mo\u017ce nale\u017ce\u0107 do spektrum. Dr Nash zauwa\u017ca jednak, \u017ce autyzm charakteryzuje si\u0119 tym, w jaki spos\u00f3b kontakt wzrokowy jest wykorzystywany w interakcjach spo\u0142ecznych. &#8220;Dzieci z autyzmem maj\u0105 w\u0105ski zakres afektu. Ale czasami tym afektem jest uporczywy u\u015bmiech. Dziecko mo\u017ce wpatrywa\u0107 si\u0119 i u\u015bmiecha\u0107&#8221;. Jednocze\u015bnie to, co obserwuje klinicysta, to tylko jeden moment w czasie; mo\u017ce on nie zauwa\u017cy\u0107 zachowa\u0144, kt\u00f3re rodzice odkrywaj\u0105 w domu.<\/li>\n<li><strong>Problemy sensoryczne s\u0105 cz\u0119sto zauwa\u017cane w przedszkolach<\/strong>. Wiele z nich zatrudnia terapeut\u00f3w zaj\u0119ciowych, kt\u00f3rzy mog\u0105 pracowa\u0107 z takimi dzie\u0107mi. Dr Nash zauwa\u017ca, \u017ce problemy sensoryczne mog\u0105 by\u0107 przyczyn\u0105 cierpienia dziecka, ale cz\u0119sto nie stanowi\u0105 one ca\u0142o\u015bci obrazu sytuacji. &#8220;Gdy problemy sensoryczne staj\u0105 si\u0119 g\u0142\u00f3wnym lub jedynym przedmiotem zainteresowania, dziecko traci cenny czas&#8221;.<\/li>\n<\/ul>\n<p>Dr Nash zach\u0119ca rodzic\u00f3w ma\u0142ych dzieci, kt\u00f3rzy podejrzewaj\u0105, \u017ce mog\u0105 one nale\u017ce\u0107 do spektrum autyzmu, aby upewnili si\u0119, \u017ce otrzymaj\u0105 pe\u0142n\u0105 ocen\u0119 od specjalisty, kt\u00f3ry jest przeszkolony i do\u015bwiadczony w diagnozowaniu tego zaburzenia &#8211; psychiatry dzieci\u0119cego, neurologa lub pediatry rozwojowego.<\/p>\n<p>A je\u015bli jako rodzice uwa\u017cacie, \u017ce diagnoza jest nadal nieprawid\u0142owa lub nieadekwatna do wyja\u015bnienia obserwowanych zachowa\u0144, mo\u017cecie poszuka\u0107 innej opinii. Kusz\u0105ce mo\u017ce by\u0107 zaakceptowanie wysi\u0142k\u00f3w przyjaci\u00f3\u0142, rodziny, a nawet lekarzy, aby unikn\u0105\u0107 etykietki, kt\u00f3ra mo\u017ce by\u0107 przera\u017caj\u0105ca, ale podej\u015bcie polegaj\u0105ce na czekaniu i obserwowaniu nie jest dobrym pomys\u0142em, je\u015bli autyzm jest mo\u017cliwy.<\/p>\n<p>&#8220;Wzmocnijcie swoj\u0105 pozycj\u0119 jako rodzice&#8221; &#8211; apeluje dr Nash. &#8220;Dzia\u0142ajcie na rzecz swojego dziecka&#8221;.<\/p>\n<p><strong><span style=\"text-decoration: underline;\">Wi\u0119cej informacji<\/span><\/strong><\/p>\n<ul>\n<li>childmind.org\/article\/why-autism-diagnoses-are-often-delayed\/<\/li>\n<\/ul>\n","protected":false},"excerpt":{"rendered":"<p>W przypadku dzieci ze spektrum autyzmu bardzo wczesny trening umiej\u0119tno\u015bci spo\u0142ecznych, najlepiej przed osi\u0105gni\u0119ciem wieku szkolnego, mo\u017ce mie\u0107 ogromny wp\u0142yw na ich p\u00f3\u017aniejszy rozw\u00f3j. Jednak&#8230;<\/p>\n","protected":false},"author":1,"featured_media":1825,"comment_status":"closed","ping_status":"open","sticky":false,"template":"","format":"standard","meta":[],"categories":[44],"tags":[169,168],"yoast_head":"<!-- This site is optimized with the Yoast SEO plugin v18.1 - https:\/\/yoast.com\/wordpress\/plugins\/seo\/ -->\n<title>Dlaczego diagnozy autyzmu s\u0105 cz\u0119sto op\u00f3\u017anione? - Diagnostyka Umys\u0142u<\/title>\n<meta name=\"robots\" content=\"index, follow, max-snippet:-1, max-image-preview:large, max-video-preview:-1\" \/>\n<link rel=\"canonical\" href=\"https:\/\/www.diagnostyka-umyslu.pl\/blog\/spektrum-autyzmu\/dlaczego-diagnozy-autyzmu-sa-czesto-opoznione\/\" \/>\n<meta property=\"og:locale\" content=\"pl_PL\" \/>\n<meta property=\"og:type\" content=\"article\" \/>\n<meta property=\"og:title\" content=\"Dlaczego diagnozy autyzmu s\u0105 cz\u0119sto op\u00f3\u017anione? - Diagnostyka Umys\u0142u\" \/>\n<meta property=\"og:description\" content=\"W przypadku dzieci ze spektrum autyzmu bardzo wczesny trening umiej\u0119tno\u015bci spo\u0142ecznych, najlepiej przed osi\u0105gni\u0119ciem wieku szkolnego, mo\u017ce mie\u0107 ogromny wp\u0142yw na ich p\u00f3\u017aniejszy rozw\u00f3j. Jednak...\" \/>\n<meta property=\"og:url\" content=\"https:\/\/www.diagnostyka-umyslu.pl\/blog\/spektrum-autyzmu\/dlaczego-diagnozy-autyzmu-sa-czesto-opoznione\/\" \/>\n<meta property=\"og:site_name\" content=\"Diagnostyka Umys\u0142u\" \/>\n<meta property=\"article:published_time\" content=\"2022-06-04T06:00:36+00:00\" \/>\n<meta property=\"article:modified_time\" content=\"2022-07-08T09:20:26+00:00\" \/>\n<meta property=\"og:image\" content=\"https:\/\/www.diagnostyka-umyslu.pl\/blog\/wp-content\/uploads\/2022\/07\/bg_top_default.jpg\" \/>\n\t<meta property=\"og:image:width\" content=\"840\" \/>\n\t<meta property=\"og:image:height\" content=\"202\" \/>\n\t<meta property=\"og:image:type\" content=\"image\/jpeg\" \/>\n<meta name=\"twitter:card\" content=\"summary_large_image\" \/>\n<meta name=\"twitter:label1\" content=\"Napisane przez\" \/>\n\t<meta name=\"twitter:data1\" content=\"Diagnostyka Umys\u0142u\" \/>\n\t<meta name=\"twitter:label2\" content=\"Szacowany czas czytania\" \/>\n\t<meta name=\"twitter:data2\" content=\"6 minut\" \/>\n<script type=\"application\/ld+json\" class=\"yoast-schema-graph\">{\"@context\":\"https:\/\/schema.org\",\"@graph\":[{\"@type\":\"Organization\",\"@id\":\"https:\/\/www.diagnostyka-umyslu.pl\/blog\/#organization\",\"name\":\"Diagnostyka Umys\u0142u\",\"url\":\"https:\/\/www.diagnostyka-umyslu.pl\/blog\/\",\"sameAs\":[],\"logo\":{\"@type\":\"ImageObject\",\"@id\":\"https:\/\/www.diagnostyka-umyslu.pl\/blog\/#logo\",\"inLanguage\":\"pl-PL\",\"url\":\"https:\/\/www.diagnostyka-umyslu.pl\/blog\/wp-content\/uploads\/2021\/05\/logo.png\",\"contentUrl\":\"https:\/\/www.diagnostyka-umyslu.pl\/blog\/wp-content\/uploads\/2021\/05\/logo.png\",\"width\":236,\"height\":81,\"caption\":\"Diagnostyka Umys\u0142u\"},\"image\":{\"@id\":\"https:\/\/www.diagnostyka-umyslu.pl\/blog\/#logo\"}},{\"@type\":\"WebSite\",\"@id\":\"https:\/\/www.diagnostyka-umyslu.pl\/blog\/#website\",\"url\":\"https:\/\/www.diagnostyka-umyslu.pl\/blog\/\",\"name\":\"Diagnostyka Umys\u0142u\",\"description\":\"Blog o zaburzeniach umys\u0142u\",\"publisher\":{\"@id\":\"https:\/\/www.diagnostyka-umyslu.pl\/blog\/#organization\"},\"potentialAction\":[{\"@type\":\"SearchAction\",\"target\":{\"@type\":\"EntryPoint\",\"urlTemplate\":\"https:\/\/www.diagnostyka-umyslu.pl\/blog\/?s={search_term_string}\"},\"query-input\":\"required name=search_term_string\"}],\"inLanguage\":\"pl-PL\"},{\"@type\":\"ImageObject\",\"@id\":\"https:\/\/www.diagnostyka-umyslu.pl\/blog\/spektrum-autyzmu\/dlaczego-diagnozy-autyzmu-sa-czesto-opoznione\/#primaryimage\",\"inLanguage\":\"pl-PL\",\"url\":\"https:\/\/www.diagnostyka-umyslu.pl\/blog\/wp-content\/uploads\/2022\/07\/bg_top_default.jpg\",\"contentUrl\":\"https:\/\/www.diagnostyka-umyslu.pl\/blog\/wp-content\/uploads\/2022\/07\/bg_top_default.jpg\",\"width\":840,\"height\":202},{\"@type\":\"WebPage\",\"@id\":\"https:\/\/www.diagnostyka-umyslu.pl\/blog\/spektrum-autyzmu\/dlaczego-diagnozy-autyzmu-sa-czesto-opoznione\/#webpage\",\"url\":\"https:\/\/www.diagnostyka-umyslu.pl\/blog\/spektrum-autyzmu\/dlaczego-diagnozy-autyzmu-sa-czesto-opoznione\/\",\"name\":\"Dlaczego diagnozy autyzmu s\u0105 cz\u0119sto op\u00f3\u017anione? - Diagnostyka Umys\u0142u\",\"isPartOf\":{\"@id\":\"https:\/\/www.diagnostyka-umyslu.pl\/blog\/#website\"},\"primaryImageOfPage\":{\"@id\":\"https:\/\/www.diagnostyka-umyslu.pl\/blog\/spektrum-autyzmu\/dlaczego-diagnozy-autyzmu-sa-czesto-opoznione\/#primaryimage\"},\"datePublished\":\"2022-06-04T06:00:36+00:00\",\"dateModified\":\"2022-07-08T09:20:26+00:00\",\"breadcrumb\":{\"@id\":\"https:\/\/www.diagnostyka-umyslu.pl\/blog\/spektrum-autyzmu\/dlaczego-diagnozy-autyzmu-sa-czesto-opoznione\/#breadcrumb\"},\"inLanguage\":\"pl-PL\",\"potentialAction\":[{\"@type\":\"ReadAction\",\"target\":[\"https:\/\/www.diagnostyka-umyslu.pl\/blog\/spektrum-autyzmu\/dlaczego-diagnozy-autyzmu-sa-czesto-opoznione\/\"]}]},{\"@type\":\"BreadcrumbList\",\"@id\":\"https:\/\/www.diagnostyka-umyslu.pl\/blog\/spektrum-autyzmu\/dlaczego-diagnozy-autyzmu-sa-czesto-opoznione\/#breadcrumb\",\"itemListElement\":[{\"@type\":\"ListItem\",\"position\":1,\"name\":\"Strona g\u0142\u00f3wna\",\"item\":\"https:\/\/www.diagnostyka-umyslu.pl\/blog\/\"},{\"@type\":\"ListItem\",\"position\":2,\"name\":\"Spektrum Autyzmu\",\"item\":\"https:\/\/www.diagnostyka-umyslu.pl\/blog\/spektrum-autyzmu\/\"},{\"@type\":\"ListItem\",\"position\":3,\"name\":\"Dlaczego diagnozy autyzmu s\u0105 cz\u0119sto op\u00f3\u017anione?\"}]},{\"@type\":\"Article\",\"@id\":\"https:\/\/www.diagnostyka-umyslu.pl\/blog\/spektrum-autyzmu\/dlaczego-diagnozy-autyzmu-sa-czesto-opoznione\/#article\",\"isPartOf\":{\"@id\":\"https:\/\/www.diagnostyka-umyslu.pl\/blog\/spektrum-autyzmu\/dlaczego-diagnozy-autyzmu-sa-czesto-opoznione\/#webpage\"},\"author\":{\"@id\":\"https:\/\/www.diagnostyka-umyslu.pl\/blog\/#\/schema\/person\/8eb1bcaf59fea75c780c11946f4e3490\"},\"headline\":\"Dlaczego diagnozy autyzmu s\u0105 cz\u0119sto op\u00f3\u017anione?\",\"datePublished\":\"2022-06-04T06:00:36+00:00\",\"dateModified\":\"2022-07-08T09:20:26+00:00\",\"mainEntityOfPage\":{\"@id\":\"https:\/\/www.diagnostyka-umyslu.pl\/blog\/spektrum-autyzmu\/dlaczego-diagnozy-autyzmu-sa-czesto-opoznione\/#webpage\"},\"wordCount\":1157,\"publisher\":{\"@id\":\"https:\/\/www.diagnostyka-umyslu.pl\/blog\/#organization\"},\"image\":{\"@id\":\"https:\/\/www.diagnostyka-umyslu.pl\/blog\/spektrum-autyzmu\/dlaczego-diagnozy-autyzmu-sa-czesto-opoznione\/#primaryimage\"},\"thumbnailUrl\":\"https:\/\/www.diagnostyka-umyslu.pl\/blog\/wp-content\/uploads\/2022\/07\/bg_top_default.jpg\",\"keywords\":[\"Dlaczego autyzm jest pomijany w tych wczesnych badaniach przesiewowych?\",\"Wi\u0119cej ni\u017c szybka diagnoza\"],\"articleSection\":[\"Spektrum Autyzmu\"],\"inLanguage\":\"pl-PL\"},{\"@type\":\"Person\",\"@id\":\"https:\/\/www.diagnostyka-umyslu.pl\/blog\/#\/schema\/person\/8eb1bcaf59fea75c780c11946f4e3490\",\"name\":\"Diagnostyka Umys\u0142u\",\"image\":{\"@type\":\"ImageObject\",\"@id\":\"https:\/\/www.diagnostyka-umyslu.pl\/blog\/#personlogo\",\"inLanguage\":\"pl-PL\",\"url\":\"https:\/\/secure.gravatar.com\/avatar\/6743211f010801ea26aa9423a2daab37?s=96&d=mm&r=g\",\"contentUrl\":\"https:\/\/secure.gravatar.com\/avatar\/6743211f010801ea26aa9423a2daab37?s=96&d=mm&r=g\",\"caption\":\"Diagnostyka Umys\u0142u\"},\"sameAs\":[\"https:\/\/www.diagnostyka-umyslu.pl\/blog\"],\"url\":\"https:\/\/www.diagnostyka-umyslu.pl\/blog\/author\/diagnostyka-umyslu\/\"}]}<\/script>\n<!-- \/ Yoast SEO plugin. -->","yoast_head_json":{"title":"Dlaczego diagnozy autyzmu s\u0105 cz\u0119sto op\u00f3\u017anione? - Diagnostyka Umys\u0142u","robots":{"index":"index","follow":"follow","max-snippet":"max-snippet:-1","max-image-preview":"max-image-preview:large","max-video-preview":"max-video-preview:-1"},"canonical":"https:\/\/www.diagnostyka-umyslu.pl\/blog\/spektrum-autyzmu\/dlaczego-diagnozy-autyzmu-sa-czesto-opoznione\/","og_locale":"pl_PL","og_type":"article","og_title":"Dlaczego diagnozy autyzmu s\u0105 cz\u0119sto op\u00f3\u017anione? - Diagnostyka Umys\u0142u","og_description":"W przypadku dzieci ze spektrum autyzmu bardzo wczesny trening umiej\u0119tno\u015bci spo\u0142ecznych, najlepiej przed osi\u0105gni\u0119ciem wieku szkolnego, mo\u017ce mie\u0107 ogromny wp\u0142yw na ich p\u00f3\u017aniejszy rozw\u00f3j. Jednak...","og_url":"https:\/\/www.diagnostyka-umyslu.pl\/blog\/spektrum-autyzmu\/dlaczego-diagnozy-autyzmu-sa-czesto-opoznione\/","og_site_name":"Diagnostyka Umys\u0142u","article_published_time":"2022-06-04T06:00:36+00:00","article_modified_time":"2022-07-08T09:20:26+00:00","og_image":[{"width":840,"height":202,"url":"https:\/\/www.diagnostyka-umyslu.pl\/blog\/wp-content\/uploads\/2022\/07\/bg_top_default.jpg","type":"image\/jpeg"}],"twitter_card":"summary_large_image","twitter_misc":{"Napisane przez":"Diagnostyka Umys\u0142u","Szacowany czas czytania":"6 minut"},"schema":{"@context":"https:\/\/schema.org","@graph":[{"@type":"Organization","@id":"https:\/\/www.diagnostyka-umyslu.pl\/blog\/#organization","name":"Diagnostyka Umys\u0142u","url":"https:\/\/www.diagnostyka-umyslu.pl\/blog\/","sameAs":[],"logo":{"@type":"ImageObject","@id":"https:\/\/www.diagnostyka-umyslu.pl\/blog\/#logo","inLanguage":"pl-PL","url":"https:\/\/www.diagnostyka-umyslu.pl\/blog\/wp-content\/uploads\/2021\/05\/logo.png","contentUrl":"https:\/\/www.diagnostyka-umyslu.pl\/blog\/wp-content\/uploads\/2021\/05\/logo.png","width":236,"height":81,"caption":"Diagnostyka Umys\u0142u"},"image":{"@id":"https:\/\/www.diagnostyka-umyslu.pl\/blog\/#logo"}},{"@type":"WebSite","@id":"https:\/\/www.diagnostyka-umyslu.pl\/blog\/#website","url":"https:\/\/www.diagnostyka-umyslu.pl\/blog\/","name":"Diagnostyka Umys\u0142u","description":"Blog o zaburzeniach umys\u0142u","publisher":{"@id":"https:\/\/www.diagnostyka-umyslu.pl\/blog\/#organization"},"potentialAction":[{"@type":"SearchAction","target":{"@type":"EntryPoint","urlTemplate":"https:\/\/www.diagnostyka-umyslu.pl\/blog\/?s={search_term_string}"},"query-input":"required name=search_term_string"}],"inLanguage":"pl-PL"},{"@type":"ImageObject","@id":"https:\/\/www.diagnostyka-umyslu.pl\/blog\/spektrum-autyzmu\/dlaczego-diagnozy-autyzmu-sa-czesto-opoznione\/#primaryimage","inLanguage":"pl-PL","url":"https:\/\/www.diagnostyka-umyslu.pl\/blog\/wp-content\/uploads\/2022\/07\/bg_top_default.jpg","contentUrl":"https:\/\/www.diagnostyka-umyslu.pl\/blog\/wp-content\/uploads\/2022\/07\/bg_top_default.jpg","width":840,"height":202},{"@type":"WebPage","@id":"https:\/\/www.diagnostyka-umyslu.pl\/blog\/spektrum-autyzmu\/dlaczego-diagnozy-autyzmu-sa-czesto-opoznione\/#webpage","url":"https:\/\/www.diagnostyka-umyslu.pl\/blog\/spektrum-autyzmu\/dlaczego-diagnozy-autyzmu-sa-czesto-opoznione\/","name":"Dlaczego diagnozy autyzmu s\u0105 cz\u0119sto op\u00f3\u017anione? - Diagnostyka Umys\u0142u","isPartOf":{"@id":"https:\/\/www.diagnostyka-umyslu.pl\/blog\/#website"},"primaryImageOfPage":{"@id":"https:\/\/www.diagnostyka-umyslu.pl\/blog\/spektrum-autyzmu\/dlaczego-diagnozy-autyzmu-sa-czesto-opoznione\/#primaryimage"},"datePublished":"2022-06-04T06:00:36+00:00","dateModified":"2022-07-08T09:20:26+00:00","breadcrumb":{"@id":"https:\/\/www.diagnostyka-umyslu.pl\/blog\/spektrum-autyzmu\/dlaczego-diagnozy-autyzmu-sa-czesto-opoznione\/#breadcrumb"},"inLanguage":"pl-PL","potentialAction":[{"@type":"ReadAction","target":["https:\/\/www.diagnostyka-umyslu.pl\/blog\/spektrum-autyzmu\/dlaczego-diagnozy-autyzmu-sa-czesto-opoznione\/"]}]},{"@type":"BreadcrumbList","@id":"https:\/\/www.diagnostyka-umyslu.pl\/blog\/spektrum-autyzmu\/dlaczego-diagnozy-autyzmu-sa-czesto-opoznione\/#breadcrumb","itemListElement":[{"@type":"ListItem","position":1,"name":"Strona g\u0142\u00f3wna","item":"https:\/\/www.diagnostyka-umyslu.pl\/blog\/"},{"@type":"ListItem","position":2,"name":"Spektrum Autyzmu","item":"https:\/\/www.diagnostyka-umyslu.pl\/blog\/spektrum-autyzmu\/"},{"@type":"ListItem","position":3,"name":"Dlaczego diagnozy autyzmu s\u0105 cz\u0119sto op\u00f3\u017anione?"}]},{"@type":"Article","@id":"https:\/\/www.diagnostyka-umyslu.pl\/blog\/spektrum-autyzmu\/dlaczego-diagnozy-autyzmu-sa-czesto-opoznione\/#article","isPartOf":{"@id":"https:\/\/www.diagnostyka-umyslu.pl\/blog\/spektrum-autyzmu\/dlaczego-diagnozy-autyzmu-sa-czesto-opoznione\/#webpage"},"author":{"@id":"https:\/\/www.diagnostyka-umyslu.pl\/blog\/#\/schema\/person\/8eb1bcaf59fea75c780c11946f4e3490"},"headline":"Dlaczego diagnozy autyzmu s\u0105 cz\u0119sto op\u00f3\u017anione?","datePublished":"2022-06-04T06:00:36+00:00","dateModified":"2022-07-08T09:20:26+00:00","mainEntityOfPage":{"@id":"https:\/\/www.diagnostyka-umyslu.pl\/blog\/spektrum-autyzmu\/dlaczego-diagnozy-autyzmu-sa-czesto-opoznione\/#webpage"},"wordCount":1157,"publisher":{"@id":"https:\/\/www.diagnostyka-umyslu.pl\/blog\/#organization"},"image":{"@id":"https:\/\/www.diagnostyka-umyslu.pl\/blog\/spektrum-autyzmu\/dlaczego-diagnozy-autyzmu-sa-czesto-opoznione\/#primaryimage"},"thumbnailUrl":"https:\/\/www.diagnostyka-umyslu.pl\/blog\/wp-content\/uploads\/2022\/07\/bg_top_default.jpg","keywords":["Dlaczego autyzm jest pomijany w tych wczesnych badaniach przesiewowych?","Wi\u0119cej ni\u017c szybka diagnoza"],"articleSection":["Spektrum Autyzmu"],"inLanguage":"pl-PL"},{"@type":"Person","@id":"https:\/\/www.diagnostyka-umyslu.pl\/blog\/#\/schema\/person\/8eb1bcaf59fea75c780c11946f4e3490","name":"Diagnostyka Umys\u0142u","image":{"@type":"ImageObject","@id":"https:\/\/www.diagnostyka-umyslu.pl\/blog\/#personlogo","inLanguage":"pl-PL","url":"https:\/\/secure.gravatar.com\/avatar\/6743211f010801ea26aa9423a2daab37?s=96&d=mm&r=g","contentUrl":"https:\/\/secure.gravatar.com\/avatar\/6743211f010801ea26aa9423a2daab37?s=96&d=mm&r=g","caption":"Diagnostyka Umys\u0142u"},"sameAs":["https:\/\/www.diagnostyka-umyslu.pl\/blog"],"url":"https:\/\/www.diagnostyka-umyslu.pl\/blog\/author\/diagnostyka-umyslu\/"}]}},"amp_enabled":true,"_links":{"self":[{"href":"https:\/\/www.diagnostyka-umyslu.pl\/blog\/wp-json\/wp\/v2\/posts\/1237"}],"collection":[{"href":"https:\/\/www.diagnostyka-umyslu.pl\/blog\/wp-json\/wp\/v2\/posts"}],"about":[{"href":"https:\/\/www.diagnostyka-umyslu.pl\/blog\/wp-json\/wp\/v2\/types\/post"}],"author":[{"embeddable":true,"href":"https:\/\/www.diagnostyka-umyslu.pl\/blog\/wp-json\/wp\/v2\/users\/1"}],"replies":[{"embeddable":true,"href":"https:\/\/www.diagnostyka-umyslu.pl\/blog\/wp-json\/wp\/v2\/comments?post=1237"}],"version-history":[{"count":1,"href":"https:\/\/www.diagnostyka-umyslu.pl\/blog\/wp-json\/wp\/v2\/posts\/1237\/revisions"}],"predecessor-version":[{"id":1239,"href":"https:\/\/www.diagnostyka-umyslu.pl\/blog\/wp-json\/wp\/v2\/posts\/1237\/revisions\/1239"}],"wp:featuredmedia":[{"embeddable":true,"href":"https:\/\/www.diagnostyka-umyslu.pl\/blog\/wp-json\/wp\/v2\/media\/1825"}],"wp:attachment":[{"href":"https:\/\/www.diagnostyka-umyslu.pl\/blog\/wp-json\/wp\/v2\/media?parent=1237"}],"wp:term":[{"taxonomy":"category","embeddable":true,"href":"https:\/\/www.diagnostyka-umyslu.pl\/blog\/wp-json\/wp\/v2\/categories?post=1237"},{"taxonomy":"post_tag","embeddable":true,"href":"https:\/\/www.diagnostyka-umyslu.pl\/blog\/wp-json\/wp\/v2\/tags?post=1237"}],"curies":[{"name":"wp","href":"https:\/\/api.w.org\/{rel}","templated":true}]}}