{"id":1240,"date":"2022-06-05T08:00:49","date_gmt":"2022-06-05T06:00:49","guid":{"rendered":"https:\/\/www.diagnostyka-umyslu.pl\/blog\/?p=1240"},"modified":"2022-07-08T11:20:06","modified_gmt":"2022-07-08T09:20:06","slug":"dzielenie-sie-diagnoza-autyzmu-z-rodzina-i-przyjaciolmi","status":"publish","type":"post","link":"https:\/\/www.diagnostyka-umyslu.pl\/blog\/spektrum-autyzmu\/dzielenie-sie-diagnoza-autyzmu-z-rodzina-i-przyjaciolmi\/","title":{"rendered":"Dzielenie si\u0119 diagnoz\u0105 autyzmu z rodzin\u0105 i przyjaci\u00f3\u0142mi"},"content":{"rendered":"<p>Je\u015bli u twojego dziecka niedawno zdiagnozowano autyzm, jedn\u0105 z rzeczy, kt\u00f3ra mo\u017ce stanowi\u0107 wyzwanie, jest poinformowanie o tym rodzic\u00f3w i dalszej rodziny.<\/p>\n<p>Autyzm jest chorob\u0105, z kt\u00f3rej zdaje sobie spraw\u0119 coraz wi\u0119cej os\u00f3b, ale nadal istnieje wiele b\u0142\u0119dnych informacji. Cz\u0142onkowie rodziny mog\u0105 nie wiedzie\u0107, co to znaczy, albo mog\u0105 mie\u0107 ograniczone lub wypaczone poj\u0119cie o tym, jak to wygl\u0105da. Mog\u0105 mie\u0107 stereotypowe wyobra\u017cenie o autyzmie, kt\u00f3re nie pasuje do Twojego dziecka.<\/p>\n<p>Mog\u0105 te\u017c mie\u0107 zrozumia\u0142\u0105, cho\u0107 b\u0142\u0119dn\u0105, ch\u0119\u0107 oparcia si\u0119 diagnozie. Nierzadko krewni m\u00f3wi\u0105, \u017ce przesadzasz, albo \u017ce b\u0142\u0119dem jest stawianie diagnozy ka\u017cdemu, kto jest troch\u0119 inny.<\/p>\n<p>Je\u015bli jednak przeszed\u0142e\u015b przez proces diagnozowania swojego dziecka, to dlatego, \u017ce najwyra\u017aniej nie rozwija si\u0119 ono w typowy spos\u00f3b lub, je\u015bli jest starsze, ma trudno\u015bci i jest upo\u015bledzone w pewnych wa\u017cnych aspektach. Problemy, z kt\u00f3rymi boryka si\u0119 dziecko, mog\u0105 nie by\u0107 widoczne dla wszystkich cz\u0142onk\u00f3w rodziny. Jednak bliskie osoby s\u0105 potrzebni jako sojusznicy w pomaganiu dziecku. Warto wi\u0119c w\u0142\u0105czy\u0107 ich do swojej dru\u017cyny.<\/p>\n<p>Taka rozmowa mo\u017ce by\u0107 trudna i emocjonalna, dlatego poni\u017cej podajemy kilka wskaz\u00f3wek:<\/p>\n<h4>Skup si\u0119 na zachowaniach<\/h4>\n<p>Jednym ze sposob\u00f3w rozpocz\u0119cia wyja\u015bniania, na czym polega autyzm i dlaczego u dziecka postawiono diagnoz\u0119, jest wykorzystanie zachowa\u0144, kt\u00f3re mogli zauwa\u017cy\u0107.<\/p>\n<p>Na przyk\u0142ad, je\u015bli dziecko nie nawi\u0105zuje kontaktu wzrokowego i trudno mu nawi\u0105za\u0107 kontakt z innymi dzie\u0107mi, mo\u017cna wyja\u015bni\u0107, \u017ce nie chodzi o to, \u017ce jest nie\u015bmia\u0142e i nie jest niegrzeczne &#8211; s\u0105 to objawy jego autyzmu. Podobnie, je\u015bli dziecko rozp\u0142ywa si\u0119 podczas wizyt u rodziny, mo\u017ce to wynika\u0107 z tego, \u017ce bardzo trudno radzi sobie ze zmianami rutyny &#8211; to kolejna rzecz cz\u0119sto spotykana u dzieci autystycznych.<\/p>\n<p>&#8220;Je\u015bli zrozumiej\u0105, \u017ce Twoje dziecko jest inne i nie jest to zamierzone, mo\u017ce to stanowi\u0107 punkt wyj\u015bcia do szerszej dyskusji na temat tego, czym jest autyzm&#8221; &#8211; m\u00f3wi neuropsycholog dr Michael Rosenthal.<\/p>\n<h4>Wyja\u015bnij podstawy autyzmu<\/h4>\n<p>Poinformuj dziecko, \u017ce zachowania zwi\u0105zane z autyzmem dziel\u0105 si\u0119 na dwie grupy.<\/p>\n<ul>\n<li><strong>Trudno\u015bci z umiej\u0119tno\u015bciami spo\u0142ecznymi<\/strong>: Na przyk\u0142ad dzieci z autyzmem mog\u0105 nie reagowa\u0107 na gesty grzeczno\u015bciowe lub nie rozumie\u0107, jak nale\u017cy si\u0119 zachowywa\u0107 w r\u00f3\u017cnych sytuacjach spo\u0142ecznych. Mog\u0105 mie\u0107 problemy z mow\u0105 i komunikacj\u0105 niewerbaln\u0105, np. z mimik\u0105 twarzy i kontaktem wzrokowym.<\/li>\n<li><strong>Ograniczone lub powtarzaj\u0105ce si\u0119 zachowania i zainteresowania<\/strong>: Przyk\u0142adem tego mo\u017ce by\u0107 uzale\u017cnienie od rutyny i rytua\u0142\u00f3w, np. jedzenie tych samych rzeczy, ch\u0119\u0107 przestrzegania tego samego harmonogramu lub chodzenia podobn\u0105 tras\u0105. Dzieci autystyczne mog\u0105 mie\u0107 r\u00f3wnie\u017c intensywne zainteresowania, na przyk\u0142ad chc\u0105 rozmawia\u0107 tylko o poci\u0105gach lub ulubionym filmie.<\/li>\n<\/ul>\n<h4>Mog\u0105 pyta\u0107, co powoduje autyzm<\/h4>\n<p>Oto najwa\u017cniejsze kwestie, kt\u00f3re nale\u017cy om\u00f3wi\u0107:<\/p>\n<ul>\n<li>Autyzm to zaburzenie neurorozwojowe.<\/li>\n<li>Trwa przez ca\u0142e \u017cycie.<\/li>\n<li>Wiemy, \u017ce zaczyna si\u0119 w macicy.<\/li>\n<li>Wiemy, \u017ce nie jest wywo\u0142ywany przez szczepionki.<\/li>\n<li>Nie jest spowodowany z\u0142ym wychowaniem.<\/li>\n<\/ul>\n<h4>Twoje dziecko mo\u017ce nie pasowa\u0107 do ich wyobra\u017cenia o autyzmie<\/h4>\n<p>Wyja\u015bnij, \u017ce autyzm to spektrum zachowa\u0144, a ka\u017cda osoba z autyzmem jest inna pod wzgl\u0119dem pocz\u0105tku, nasilenia i rodzaju objaw\u00f3w. Na przyk\u0142ad, niekt\u00f3re osoby s\u0105 niewerbalne, a niekt\u00f3re s\u0105 nadwerbalne &#8211; m\u00f3wi\u0105 do ucha, cho\u0107 nie anga\u017cuj\u0105 si\u0119 zbyt dobrze w konwersacj\u0119.<\/p>\n<p>Psycholog Mandi Silverman, PsyD, zauwa\u017ca: &#8220;Cz\u0119sto m\u00f3wimy, \u017ce dzieci z autyzmem s\u0105 jak p\u0142atki \u015bniegu &#8211; nie ma dw\u00f3ch takich samych. To, \u017ce jedno dziecko z autyzmem wygl\u0105da i brzmi w ten sam spos\u00f3b, nie oznacza, \u017ce inne te\u017c tak b\u0119dzie wygl\u0105da\u0107&#8221;.<\/p>\n<h4>Wyja\u015bnij, w jaki spos\u00f3b diagnoza pomo\u017ce Twojemu dziecku<\/h4>\n<p>Ludzie cz\u0119sto obawiaj\u0105 si\u0119, \u017ce diagnoza negatywnie &#8220;naznaczy&#8221; dziecko, co sprawi, \u017ce ludzie pomy\u015bl\u0105, \u017ce jest ono dziwne i zaszkodzi jego mo\u017cliwo\u015bciom oraz poczuciu w\u0142asnej warto\u015bci. W rzeczywisto\u015bci cz\u0119sto jest wr\u0119cz przeciwnie. Ulg\u0119 mo\u017ce przynie\u015b\u0107 \u015bwiadomo\u015b\u0107, \u017ce problemy (i mocne strony) dziecka maj\u0105 swoj\u0105 nazw\u0119, s\u0105 dobrze rozumiane i nie s\u0105 a\u017c tak niezwyk\u0142e.<\/p>\n<p>Diagnoza oznacza tak\u017ce, \u017ce rodzina mo\u017ce korzysta\u0107 z terapii i us\u0142ug, co mo\u017ce mie\u0107 ogromne znaczenie.<\/p>\n<h4>Przewidywanie trudnych reakcji<\/h4>\n<p>Cz\u0142onkowie rodziny mog\u0105 mie\u0107 r\u00f3\u017cne reakcje na wie\u015b\u0107 o diagnozie dziecka. Czasami jest to ulga, poniewa\u017c istnieje wyja\u015bnienie rzeczy, kt\u00f3re stanowi\u0105 wyzwanie. Krewni mog\u0105 te\u017c czu\u0107 si\u0119 smutni lub przyt\u0142oczeni. To normalne, \u017ce do\u015bwiadczaj\u0105 r\u00f3\u017cnych emocji. Mog\u0105 tak\u017ce odrzuci\u0107 diagnoz\u0119, co mo\u017ce spowodowa\u0107, \u017ce pacjent poczuje si\u0119 bardzo zraniony i odizolowany.<\/p>\n<p>&#8220;Pocz\u0105tkowo otrzymanie diagnozy jest bardzo wa\u017cnym wydarzeniem. Czasami us\u0142yszenie diagnozy zmienia wyobra\u017cenia rodzic\u00f3w o tym, jak wyobra\u017cali sobie rodzicielstwo&#8221; &#8211; m\u00f3wi dr Silverman. Dotyczy to tak\u017ce dziadk\u00f3w. &#8220;Czasami krewni, podobnie jak rodzice, musz\u0105 po\u015bwi\u0119ci\u0107 troch\u0119 wi\u0119cej czasu, aby pouk\u0142ada\u0107 sobie wszystko w ca\u0142o\u015b\u0107. Frustracja, dezorientacja, z\u0142o\u015b\u0107 &#8211; to nie jest rzadko\u015b\u0107. Czasami potrzebujemy czasu, aby to wszystko przetworzy\u0107&#8221; &#8211; m\u00f3wi.<\/p>\n<p>Pozw\u00f3l cz\u0142onkom rodziny wyrazi\u0107 swoje uczucia, ale powiedz im r\u00f3wnie\u017c, \u017ce wsp\u00f3\u0142pracujesz z zespo\u0142em \u015bwiadczeniodawc\u00f3w, aby zrobi\u0107 to, co najlepsze dla dziecka. Mo\u017cesz te\u017c powiedzie\u0107, \u017ce s\u0105 oni wa\u017cni dla Ciebie i Twojego dziecka, wi\u0119c masz nadziej\u0119, \u017ce b\u0119d\u0105 Ci\u0119 wspiera\u0107.<\/p>\n<h4>W razie potrzeby skorzystaj z pomocy lekarza<\/h4>\n<p>Je\u015bli reakcje cz\u0142onk\u00f3w rodziny nie wydaj\u0105 si\u0119 poprawia\u0107, dr Rosenthal zaleca zastanowienie si\u0119, dlaczego mog\u0105 by\u0107 oporni. Wed\u0142ug niego trzy najcz\u0119stsze powody to:<\/p>\n<ul>\n<li>Nie rozumiej\u0105 autyzmu, wi\u0119c odsuwaj\u0105 go na bok.<\/li>\n<li>Uwa\u017caj\u0105, \u017ce wiedz\u0105, czym jest autyzm, ale nie zgadzaj\u0105 si\u0119, \u017ce jest to w\u0142a\u015bciwa diagnoza.<\/li>\n<li>Nie wiedz\u0105, jak sobie z tym poradzi\u0107 i rozwa\u017cania na ten temat s\u0105 dla nich przyt\u0142aczaj\u0105ce.<\/li>\n<\/ul>\n<p>&#8220;Zdarza\u0142y si\u0119 sytuacje, w kt\u00f3rych zach\u0119ca\u0142am rodzic\u00f3w, aby zaprosili do siebie dalsz\u0105 rodzin\u0119, je\u015bli dana osoba mia\u0142a problemy z radzeniem sobie lub rozumieniem tego, co si\u0119 dzieje&#8221; &#8211; m\u00f3wi. &#8220;Psychoedukacja mo\u017ce by\u0107 pomocna dla ka\u017cdego, bez wzgl\u0119du na wszystko, a je\u015bli dana osoba ma naprawd\u0119 du\u017ce b\u0142\u0119dne wyobra\u017cenia na temat diagnozy lub czuje si\u0119 bezradna, to jest to okazja, aby j\u0105 o tym poinformowa\u0107&#8221;.<\/p>\n<p>Dr Rosenthal zauwa\u017ca r\u00f3wnie\u017c, \u017ce je\u015bli obecnie przechodzisz przez proces oceny, dobrym pomys\u0142em mo\u017ce by\u0107 zaproszenie Twoich krewnych, aby uzyskali informacje zwrotne.<\/p>\n<h4>Zalecane zasoby<\/h4>\n<p>Dr Silverman sugeruje rodzicom pobranie &#8220;Zestawu 100 dni&#8221; z organizacji Autism Speaks, kt\u00f3ry zawiera r\u00f3wnie\u017c wskaz\u00f3wki dla dziadk\u00f3w, rodze\u0144stwa i cz\u0142onk\u00f3w dalszej rodziny.<\/p>\n<p>&#8220;M\u00f3wi\u0119 ludziom, \u017ceby \u015bci\u0105gn\u0119li ten zestaw, a nast\u0119pnie przez 30 dni nie korzystali z Internetu&#8221; &#8211; m\u00f3wi dr Silverman. &#8220;Trzymajcie si\u0119 od niego z daleka. Wspania\u0142\u0105 cech\u0105 Internetu jest to, \u017ce daje nam tak wiele informacji, a z\u0142\u0105 rzecz\u0105 jest to, \u017ce ka\u017cdy, kto ma pomys\u0142, mo\u017ce co\u015b napisa\u0107 i mo\u017ce to by\u0107 toksyczne lub b\u0142\u0119dne&#8221;. &#8221;<\/p>\n<p>Dla cz\u0142onk\u00f3w rodziny, kt\u00f3rzy wol\u0105 ksi\u0105\u017cki, autorka poleca tak\u017ce Oficjalny podr\u0119cznik Autyzm 101 autorstwa Karen L. Simmons.<\/p>\n<h4>Pro\u015b innych o pomoc (i b\u0105d\u017a konkretny)<\/h4>\n<p>Mo\u017ce to przynie\u015b\u0107 ulg\u0119 zar\u00f3wno tobie, jak i osobom, kt\u00f3re prosisz o pomoc, poniewa\u017c w naszej naturze le\u017cy ch\u0119\u0107 pomocy rodzinie i przyjacio\u0142om, ale czasami ludzie nie robi\u0105 tego, poniewa\u017c nie s\u0105 pewni, jak to zrobi\u0107 lub obawiaj\u0105 si\u0119, \u017ce mog\u0105 przekroczy\u0107 swoje kompetencje. Je\u015bli wi\u0119c chcesz pomocy, powiedz o tym.<\/p>\n<h4>Rozmawiaj z innymi rodzicami<\/h4>\n<p>Rodzice, kt\u00f3rzy zastanawiaj\u0105 si\u0119 nad sensem nowej diagnozy, mog\u0105 czasem czu\u0107 si\u0119 przyt\u0142oczeni i osamotnieni. Dr Silverman twierdzi, \u017ce jedn\u0105 z najwa\u017cniejszych rzeczy, opr\u00f3cz uzyskania dobrego leczenia, jest sp\u0119dzanie czasu z innymi rodzicami dzieci specjalnej troski. &#8220;Przebywanie w towarzystwie innych rodzic\u00f3w mo\u017ce sprawi\u0107, \u017ce poczujemy si\u0119 silniejsi, a nie samotni i odizolowani. Wa\u017cne jest, aby mie\u0107 ludzi, kt\u00f3rzy rozumiej\u0105 to, co si\u0119 dzieje&#8221; &#8211; m\u00f3wi. &#8220;Mog\u0105 powiedzie\u0107: &#8216;Kto\u015b mi te\u017c tak powiedzia\u0142, a to takie frustruj\u0105ce, bo tak nie jest&#8217;. &#8221;<\/p>\n<p>Lekarz dziecka mo\u017ce poleci\u0107 lokaln\u0105 grup\u0119 wsparcia, mo\u017cna te\u017c poszuka\u0107 informacji w Internecie lub nawi\u0105za\u0107 kontakty z innymi rodzicami w grupach sportowych lub grupach dla dzieci specjalnej troski.<\/p>\n<p><strong><span style=\"text-decoration: underline;\">Wi\u0119cej informacji<\/span><\/strong><\/p>\n<ul>\n<li>childmind.org\/article\/sharing-an-autism-diagnosis-with-family-and-friends\/<\/li>\n<\/ul>\n","protected":false},"excerpt":{"rendered":"<p>Je\u015bli u twojego dziecka niedawno zdiagnozowano autyzm, jedn\u0105 z rzeczy, kt\u00f3ra mo\u017ce stanowi\u0107 wyzwanie, jest poinformowanie o tym rodzic\u00f3w i dalszej rodziny. Autyzm jest chorob\u0105,&#8230;<\/p>\n","protected":false},"author":1,"featured_media":1825,"comment_status":"closed","ping_status":"open","sticky":false,"template":"","format":"standard","meta":[],"categories":[44],"tags":[172,177,178,179,175,170,173,176,171,174],"yoast_head":"<!-- This site is optimized with the Yoast SEO plugin v18.1 - https:\/\/yoast.com\/wordpress\/plugins\/seo\/ -->\n<title>Dzielenie si\u0119 diagnoz\u0105 autyzmu z rodzin\u0105 i przyjaci\u00f3\u0142mi - Diagnostyka Umys\u0142u<\/title>\n<meta name=\"robots\" content=\"index, follow, max-snippet:-1, max-image-preview:large, max-video-preview:-1\" \/>\n<link rel=\"canonical\" href=\"https:\/\/www.diagnostyka-umyslu.pl\/blog\/spektrum-autyzmu\/dzielenie-sie-diagnoza-autyzmu-z-rodzina-i-przyjaciolmi\/\" \/>\n<meta property=\"og:locale\" content=\"pl_PL\" \/>\n<meta property=\"og:type\" content=\"article\" \/>\n<meta property=\"og:title\" content=\"Dzielenie si\u0119 diagnoz\u0105 autyzmu z rodzin\u0105 i przyjaci\u00f3\u0142mi - Diagnostyka Umys\u0142u\" \/>\n<meta property=\"og:description\" content=\"Je\u015bli u twojego dziecka niedawno zdiagnozowano autyzm, jedn\u0105 z rzeczy, kt\u00f3ra mo\u017ce stanowi\u0107 wyzwanie, jest poinformowanie o tym rodzic\u00f3w i dalszej rodziny. Autyzm jest chorob\u0105,...\" \/>\n<meta property=\"og:url\" content=\"https:\/\/www.diagnostyka-umyslu.pl\/blog\/spektrum-autyzmu\/dzielenie-sie-diagnoza-autyzmu-z-rodzina-i-przyjaciolmi\/\" \/>\n<meta property=\"og:site_name\" content=\"Diagnostyka Umys\u0142u\" \/>\n<meta property=\"article:published_time\" content=\"2022-06-05T06:00:49+00:00\" \/>\n<meta property=\"article:modified_time\" content=\"2022-07-08T09:20:06+00:00\" \/>\n<meta property=\"og:image\" content=\"https:\/\/www.diagnostyka-umyslu.pl\/blog\/wp-content\/uploads\/2022\/07\/bg_top_default.jpg\" \/>\n\t<meta property=\"og:image:width\" content=\"840\" \/>\n\t<meta property=\"og:image:height\" content=\"202\" \/>\n\t<meta property=\"og:image:type\" content=\"image\/jpeg\" \/>\n<meta name=\"twitter:card\" content=\"summary_large_image\" \/>\n<meta name=\"twitter:label1\" content=\"Napisane przez\" \/>\n\t<meta name=\"twitter:data1\" content=\"Diagnostyka Umys\u0142u\" \/>\n\t<meta name=\"twitter:label2\" content=\"Szacowany czas czytania\" \/>\n\t<meta name=\"twitter:data2\" content=\"7 minut\" \/>\n<script type=\"application\/ld+json\" class=\"yoast-schema-graph\">{\"@context\":\"https:\/\/schema.org\",\"@graph\":[{\"@type\":\"Organization\",\"@id\":\"https:\/\/www.diagnostyka-umyslu.pl\/blog\/#organization\",\"name\":\"Diagnostyka Umys\u0142u\",\"url\":\"https:\/\/www.diagnostyka-umyslu.pl\/blog\/\",\"sameAs\":[],\"logo\":{\"@type\":\"ImageObject\",\"@id\":\"https:\/\/www.diagnostyka-umyslu.pl\/blog\/#logo\",\"inLanguage\":\"pl-PL\",\"url\":\"https:\/\/www.diagnostyka-umyslu.pl\/blog\/wp-content\/uploads\/2021\/05\/logo.png\",\"contentUrl\":\"https:\/\/www.diagnostyka-umyslu.pl\/blog\/wp-content\/uploads\/2021\/05\/logo.png\",\"width\":236,\"height\":81,\"caption\":\"Diagnostyka Umys\u0142u\"},\"image\":{\"@id\":\"https:\/\/www.diagnostyka-umyslu.pl\/blog\/#logo\"}},{\"@type\":\"WebSite\",\"@id\":\"https:\/\/www.diagnostyka-umyslu.pl\/blog\/#website\",\"url\":\"https:\/\/www.diagnostyka-umyslu.pl\/blog\/\",\"name\":\"Diagnostyka Umys\u0142u\",\"description\":\"Blog o zaburzeniach umys\u0142u\",\"publisher\":{\"@id\":\"https:\/\/www.diagnostyka-umyslu.pl\/blog\/#organization\"},\"potentialAction\":[{\"@type\":\"SearchAction\",\"target\":{\"@type\":\"EntryPoint\",\"urlTemplate\":\"https:\/\/www.diagnostyka-umyslu.pl\/blog\/?s={search_term_string}\"},\"query-input\":\"required name=search_term_string\"}],\"inLanguage\":\"pl-PL\"},{\"@type\":\"ImageObject\",\"@id\":\"https:\/\/www.diagnostyka-umyslu.pl\/blog\/spektrum-autyzmu\/dzielenie-sie-diagnoza-autyzmu-z-rodzina-i-przyjaciolmi\/#primaryimage\",\"inLanguage\":\"pl-PL\",\"url\":\"https:\/\/www.diagnostyka-umyslu.pl\/blog\/wp-content\/uploads\/2022\/07\/bg_top_default.jpg\",\"contentUrl\":\"https:\/\/www.diagnostyka-umyslu.pl\/blog\/wp-content\/uploads\/2022\/07\/bg_top_default.jpg\",\"width\":840,\"height\":202},{\"@type\":\"WebPage\",\"@id\":\"https:\/\/www.diagnostyka-umyslu.pl\/blog\/spektrum-autyzmu\/dzielenie-sie-diagnoza-autyzmu-z-rodzina-i-przyjaciolmi\/#webpage\",\"url\":\"https:\/\/www.diagnostyka-umyslu.pl\/blog\/spektrum-autyzmu\/dzielenie-sie-diagnoza-autyzmu-z-rodzina-i-przyjaciolmi\/\",\"name\":\"Dzielenie si\u0119 diagnoz\u0105 autyzmu z rodzin\u0105 i przyjaci\u00f3\u0142mi - Diagnostyka Umys\u0142u\",\"isPartOf\":{\"@id\":\"https:\/\/www.diagnostyka-umyslu.pl\/blog\/#website\"},\"primaryImageOfPage\":{\"@id\":\"https:\/\/www.diagnostyka-umyslu.pl\/blog\/spektrum-autyzmu\/dzielenie-sie-diagnoza-autyzmu-z-rodzina-i-przyjaciolmi\/#primaryimage\"},\"datePublished\":\"2022-06-05T06:00:49+00:00\",\"dateModified\":\"2022-07-08T09:20:06+00:00\",\"breadcrumb\":{\"@id\":\"https:\/\/www.diagnostyka-umyslu.pl\/blog\/spektrum-autyzmu\/dzielenie-sie-diagnoza-autyzmu-z-rodzina-i-przyjaciolmi\/#breadcrumb\"},\"inLanguage\":\"pl-PL\",\"potentialAction\":[{\"@type\":\"ReadAction\",\"target\":[\"https:\/\/www.diagnostyka-umyslu.pl\/blog\/spektrum-autyzmu\/dzielenie-sie-diagnoza-autyzmu-z-rodzina-i-przyjaciolmi\/\"]}]},{\"@type\":\"BreadcrumbList\",\"@id\":\"https:\/\/www.diagnostyka-umyslu.pl\/blog\/spektrum-autyzmu\/dzielenie-sie-diagnoza-autyzmu-z-rodzina-i-przyjaciolmi\/#breadcrumb\",\"itemListElement\":[{\"@type\":\"ListItem\",\"position\":1,\"name\":\"Strona g\u0142\u00f3wna\",\"item\":\"https:\/\/www.diagnostyka-umyslu.pl\/blog\/\"},{\"@type\":\"ListItem\",\"position\":2,\"name\":\"Spektrum Autyzmu\",\"item\":\"https:\/\/www.diagnostyka-umyslu.pl\/blog\/spektrum-autyzmu\/\"},{\"@type\":\"ListItem\",\"position\":3,\"name\":\"Dzielenie si\u0119 diagnoz\u0105 autyzmu z rodzin\u0105 i przyjaci\u00f3\u0142mi\"}]},{\"@type\":\"Article\",\"@id\":\"https:\/\/www.diagnostyka-umyslu.pl\/blog\/spektrum-autyzmu\/dzielenie-sie-diagnoza-autyzmu-z-rodzina-i-przyjaciolmi\/#article\",\"isPartOf\":{\"@id\":\"https:\/\/www.diagnostyka-umyslu.pl\/blog\/spektrum-autyzmu\/dzielenie-sie-diagnoza-autyzmu-z-rodzina-i-przyjaciolmi\/#webpage\"},\"author\":{\"@id\":\"https:\/\/www.diagnostyka-umyslu.pl\/blog\/#\/schema\/person\/8eb1bcaf59fea75c780c11946f4e3490\"},\"headline\":\"Dzielenie si\u0119 diagnoz\u0105 autyzmu z rodzin\u0105 i przyjaci\u00f3\u0142mi\",\"datePublished\":\"2022-06-05T06:00:49+00:00\",\"dateModified\":\"2022-07-08T09:20:06+00:00\",\"mainEntityOfPage\":{\"@id\":\"https:\/\/www.diagnostyka-umyslu.pl\/blog\/spektrum-autyzmu\/dzielenie-sie-diagnoza-autyzmu-z-rodzina-i-przyjaciolmi\/#webpage\"},\"wordCount\":1431,\"publisher\":{\"@id\":\"https:\/\/www.diagnostyka-umyslu.pl\/blog\/#organization\"},\"image\":{\"@id\":\"https:\/\/www.diagnostyka-umyslu.pl\/blog\/spektrum-autyzmu\/dzielenie-sie-diagnoza-autyzmu-z-rodzina-i-przyjaciolmi\/#primaryimage\"},\"thumbnailUrl\":\"https:\/\/www.diagnostyka-umyslu.pl\/blog\/wp-content\/uploads\/2022\/07\/bg_top_default.jpg\",\"keywords\":[\"Mog\u0105 zapyta\u0107 co powoduje autyzm\",\"Poleca\u0107 zasoby\",\"Popro\u015b innych o pomoc (i b\u0105d\u017a konkretny)\",\"Porozmawiaj z innymi rodzicami\",\"Przewiduj trudne reakcje\",\"Skup si\u0119 na zachowaniach\",\"Twoje dziecko mo\u017ce nie pasowa\u0107 do ich wyobra\u017cenia o autyzmie\",\"W razie potrzeby skorzystaj z pomocy lekarza\",\"Wyja\u015bnij podstawy autyzmu\",\"Wyja\u015bnij w jaki spos\u00f3b diagnoza pomo\u017ce Twojemu dziecku\"],\"articleSection\":[\"Spektrum Autyzmu\"],\"inLanguage\":\"pl-PL\"},{\"@type\":\"Person\",\"@id\":\"https:\/\/www.diagnostyka-umyslu.pl\/blog\/#\/schema\/person\/8eb1bcaf59fea75c780c11946f4e3490\",\"name\":\"Diagnostyka Umys\u0142u\",\"image\":{\"@type\":\"ImageObject\",\"@id\":\"https:\/\/www.diagnostyka-umyslu.pl\/blog\/#personlogo\",\"inLanguage\":\"pl-PL\",\"url\":\"https:\/\/secure.gravatar.com\/avatar\/6743211f010801ea26aa9423a2daab37?s=96&d=mm&r=g\",\"contentUrl\":\"https:\/\/secure.gravatar.com\/avatar\/6743211f010801ea26aa9423a2daab37?s=96&d=mm&r=g\",\"caption\":\"Diagnostyka Umys\u0142u\"},\"sameAs\":[\"https:\/\/www.diagnostyka-umyslu.pl\/blog\"],\"url\":\"https:\/\/www.diagnostyka-umyslu.pl\/blog\/author\/diagnostyka-umyslu\/\"}]}<\/script>\n<!-- \/ Yoast SEO plugin. -->","yoast_head_json":{"title":"Dzielenie si\u0119 diagnoz\u0105 autyzmu z rodzin\u0105 i przyjaci\u00f3\u0142mi - Diagnostyka Umys\u0142u","robots":{"index":"index","follow":"follow","max-snippet":"max-snippet:-1","max-image-preview":"max-image-preview:large","max-video-preview":"max-video-preview:-1"},"canonical":"https:\/\/www.diagnostyka-umyslu.pl\/blog\/spektrum-autyzmu\/dzielenie-sie-diagnoza-autyzmu-z-rodzina-i-przyjaciolmi\/","og_locale":"pl_PL","og_type":"article","og_title":"Dzielenie si\u0119 diagnoz\u0105 autyzmu z rodzin\u0105 i przyjaci\u00f3\u0142mi - Diagnostyka Umys\u0142u","og_description":"Je\u015bli u twojego dziecka niedawno zdiagnozowano autyzm, jedn\u0105 z rzeczy, kt\u00f3ra mo\u017ce stanowi\u0107 wyzwanie, jest poinformowanie o tym rodzic\u00f3w i dalszej rodziny. Autyzm jest chorob\u0105,...","og_url":"https:\/\/www.diagnostyka-umyslu.pl\/blog\/spektrum-autyzmu\/dzielenie-sie-diagnoza-autyzmu-z-rodzina-i-przyjaciolmi\/","og_site_name":"Diagnostyka Umys\u0142u","article_published_time":"2022-06-05T06:00:49+00:00","article_modified_time":"2022-07-08T09:20:06+00:00","og_image":[{"width":840,"height":202,"url":"https:\/\/www.diagnostyka-umyslu.pl\/blog\/wp-content\/uploads\/2022\/07\/bg_top_default.jpg","type":"image\/jpeg"}],"twitter_card":"summary_large_image","twitter_misc":{"Napisane przez":"Diagnostyka Umys\u0142u","Szacowany czas czytania":"7 minut"},"schema":{"@context":"https:\/\/schema.org","@graph":[{"@type":"Organization","@id":"https:\/\/www.diagnostyka-umyslu.pl\/blog\/#organization","name":"Diagnostyka Umys\u0142u","url":"https:\/\/www.diagnostyka-umyslu.pl\/blog\/","sameAs":[],"logo":{"@type":"ImageObject","@id":"https:\/\/www.diagnostyka-umyslu.pl\/blog\/#logo","inLanguage":"pl-PL","url":"https:\/\/www.diagnostyka-umyslu.pl\/blog\/wp-content\/uploads\/2021\/05\/logo.png","contentUrl":"https:\/\/www.diagnostyka-umyslu.pl\/blog\/wp-content\/uploads\/2021\/05\/logo.png","width":236,"height":81,"caption":"Diagnostyka Umys\u0142u"},"image":{"@id":"https:\/\/www.diagnostyka-umyslu.pl\/blog\/#logo"}},{"@type":"WebSite","@id":"https:\/\/www.diagnostyka-umyslu.pl\/blog\/#website","url":"https:\/\/www.diagnostyka-umyslu.pl\/blog\/","name":"Diagnostyka Umys\u0142u","description":"Blog o zaburzeniach umys\u0142u","publisher":{"@id":"https:\/\/www.diagnostyka-umyslu.pl\/blog\/#organization"},"potentialAction":[{"@type":"SearchAction","target":{"@type":"EntryPoint","urlTemplate":"https:\/\/www.diagnostyka-umyslu.pl\/blog\/?s={search_term_string}"},"query-input":"required name=search_term_string"}],"inLanguage":"pl-PL"},{"@type":"ImageObject","@id":"https:\/\/www.diagnostyka-umyslu.pl\/blog\/spektrum-autyzmu\/dzielenie-sie-diagnoza-autyzmu-z-rodzina-i-przyjaciolmi\/#primaryimage","inLanguage":"pl-PL","url":"https:\/\/www.diagnostyka-umyslu.pl\/blog\/wp-content\/uploads\/2022\/07\/bg_top_default.jpg","contentUrl":"https:\/\/www.diagnostyka-umyslu.pl\/blog\/wp-content\/uploads\/2022\/07\/bg_top_default.jpg","width":840,"height":202},{"@type":"WebPage","@id":"https:\/\/www.diagnostyka-umyslu.pl\/blog\/spektrum-autyzmu\/dzielenie-sie-diagnoza-autyzmu-z-rodzina-i-przyjaciolmi\/#webpage","url":"https:\/\/www.diagnostyka-umyslu.pl\/blog\/spektrum-autyzmu\/dzielenie-sie-diagnoza-autyzmu-z-rodzina-i-przyjaciolmi\/","name":"Dzielenie si\u0119 diagnoz\u0105 autyzmu z rodzin\u0105 i przyjaci\u00f3\u0142mi - Diagnostyka Umys\u0142u","isPartOf":{"@id":"https:\/\/www.diagnostyka-umyslu.pl\/blog\/#website"},"primaryImageOfPage":{"@id":"https:\/\/www.diagnostyka-umyslu.pl\/blog\/spektrum-autyzmu\/dzielenie-sie-diagnoza-autyzmu-z-rodzina-i-przyjaciolmi\/#primaryimage"},"datePublished":"2022-06-05T06:00:49+00:00","dateModified":"2022-07-08T09:20:06+00:00","breadcrumb":{"@id":"https:\/\/www.diagnostyka-umyslu.pl\/blog\/spektrum-autyzmu\/dzielenie-sie-diagnoza-autyzmu-z-rodzina-i-przyjaciolmi\/#breadcrumb"},"inLanguage":"pl-PL","potentialAction":[{"@type":"ReadAction","target":["https:\/\/www.diagnostyka-umyslu.pl\/blog\/spektrum-autyzmu\/dzielenie-sie-diagnoza-autyzmu-z-rodzina-i-przyjaciolmi\/"]}]},{"@type":"BreadcrumbList","@id":"https:\/\/www.diagnostyka-umyslu.pl\/blog\/spektrum-autyzmu\/dzielenie-sie-diagnoza-autyzmu-z-rodzina-i-przyjaciolmi\/#breadcrumb","itemListElement":[{"@type":"ListItem","position":1,"name":"Strona g\u0142\u00f3wna","item":"https:\/\/www.diagnostyka-umyslu.pl\/blog\/"},{"@type":"ListItem","position":2,"name":"Spektrum Autyzmu","item":"https:\/\/www.diagnostyka-umyslu.pl\/blog\/spektrum-autyzmu\/"},{"@type":"ListItem","position":3,"name":"Dzielenie si\u0119 diagnoz\u0105 autyzmu z rodzin\u0105 i przyjaci\u00f3\u0142mi"}]},{"@type":"Article","@id":"https:\/\/www.diagnostyka-umyslu.pl\/blog\/spektrum-autyzmu\/dzielenie-sie-diagnoza-autyzmu-z-rodzina-i-przyjaciolmi\/#article","isPartOf":{"@id":"https:\/\/www.diagnostyka-umyslu.pl\/blog\/spektrum-autyzmu\/dzielenie-sie-diagnoza-autyzmu-z-rodzina-i-przyjaciolmi\/#webpage"},"author":{"@id":"https:\/\/www.diagnostyka-umyslu.pl\/blog\/#\/schema\/person\/8eb1bcaf59fea75c780c11946f4e3490"},"headline":"Dzielenie si\u0119 diagnoz\u0105 autyzmu z rodzin\u0105 i przyjaci\u00f3\u0142mi","datePublished":"2022-06-05T06:00:49+00:00","dateModified":"2022-07-08T09:20:06+00:00","mainEntityOfPage":{"@id":"https:\/\/www.diagnostyka-umyslu.pl\/blog\/spektrum-autyzmu\/dzielenie-sie-diagnoza-autyzmu-z-rodzina-i-przyjaciolmi\/#webpage"},"wordCount":1431,"publisher":{"@id":"https:\/\/www.diagnostyka-umyslu.pl\/blog\/#organization"},"image":{"@id":"https:\/\/www.diagnostyka-umyslu.pl\/blog\/spektrum-autyzmu\/dzielenie-sie-diagnoza-autyzmu-z-rodzina-i-przyjaciolmi\/#primaryimage"},"thumbnailUrl":"https:\/\/www.diagnostyka-umyslu.pl\/blog\/wp-content\/uploads\/2022\/07\/bg_top_default.jpg","keywords":["Mog\u0105 zapyta\u0107 co powoduje autyzm","Poleca\u0107 zasoby","Popro\u015b innych o pomoc (i b\u0105d\u017a konkretny)","Porozmawiaj z innymi rodzicami","Przewiduj trudne reakcje","Skup si\u0119 na zachowaniach","Twoje dziecko mo\u017ce nie pasowa\u0107 do ich wyobra\u017cenia o autyzmie","W razie potrzeby skorzystaj z pomocy lekarza","Wyja\u015bnij podstawy autyzmu","Wyja\u015bnij w jaki spos\u00f3b diagnoza pomo\u017ce Twojemu dziecku"],"articleSection":["Spektrum Autyzmu"],"inLanguage":"pl-PL"},{"@type":"Person","@id":"https:\/\/www.diagnostyka-umyslu.pl\/blog\/#\/schema\/person\/8eb1bcaf59fea75c780c11946f4e3490","name":"Diagnostyka Umys\u0142u","image":{"@type":"ImageObject","@id":"https:\/\/www.diagnostyka-umyslu.pl\/blog\/#personlogo","inLanguage":"pl-PL","url":"https:\/\/secure.gravatar.com\/avatar\/6743211f010801ea26aa9423a2daab37?s=96&d=mm&r=g","contentUrl":"https:\/\/secure.gravatar.com\/avatar\/6743211f010801ea26aa9423a2daab37?s=96&d=mm&r=g","caption":"Diagnostyka Umys\u0142u"},"sameAs":["https:\/\/www.diagnostyka-umyslu.pl\/blog"],"url":"https:\/\/www.diagnostyka-umyslu.pl\/blog\/author\/diagnostyka-umyslu\/"}]}},"amp_enabled":true,"_links":{"self":[{"href":"https:\/\/www.diagnostyka-umyslu.pl\/blog\/wp-json\/wp\/v2\/posts\/1240"}],"collection":[{"href":"https:\/\/www.diagnostyka-umyslu.pl\/blog\/wp-json\/wp\/v2\/posts"}],"about":[{"href":"https:\/\/www.diagnostyka-umyslu.pl\/blog\/wp-json\/wp\/v2\/types\/post"}],"author":[{"embeddable":true,"href":"https:\/\/www.diagnostyka-umyslu.pl\/blog\/wp-json\/wp\/v2\/users\/1"}],"replies":[{"embeddable":true,"href":"https:\/\/www.diagnostyka-umyslu.pl\/blog\/wp-json\/wp\/v2\/comments?post=1240"}],"version-history":[{"count":1,"href":"https:\/\/www.diagnostyka-umyslu.pl\/blog\/wp-json\/wp\/v2\/posts\/1240\/revisions"}],"predecessor-version":[{"id":1242,"href":"https:\/\/www.diagnostyka-umyslu.pl\/blog\/wp-json\/wp\/v2\/posts\/1240\/revisions\/1242"}],"wp:featuredmedia":[{"embeddable":true,"href":"https:\/\/www.diagnostyka-umyslu.pl\/blog\/wp-json\/wp\/v2\/media\/1825"}],"wp:attachment":[{"href":"https:\/\/www.diagnostyka-umyslu.pl\/blog\/wp-json\/wp\/v2\/media?parent=1240"}],"wp:term":[{"taxonomy":"category","embeddable":true,"href":"https:\/\/www.diagnostyka-umyslu.pl\/blog\/wp-json\/wp\/v2\/categories?post=1240"},{"taxonomy":"post_tag","embeddable":true,"href":"https:\/\/www.diagnostyka-umyslu.pl\/blog\/wp-json\/wp\/v2\/tags?post=1240"}],"curies":[{"name":"wp","href":"https:\/\/api.w.org\/{rel}","templated":true}]}}