{"id":1249,"date":"2022-06-08T08:00:25","date_gmt":"2022-06-08T06:00:25","guid":{"rendered":"https:\/\/www.diagnostyka-umyslu.pl\/blog\/?p=1249"},"modified":"2022-07-08T11:14:38","modified_gmt":"2022-07-08T09:14:38","slug":"autyzm-i-leki","status":"publish","type":"post","link":"https:\/\/www.diagnostyka-umyslu.pl\/blog\/spektrum-autyzmu\/autyzm-i-leki\/","title":{"rendered":"Autyzm i leki"},"content":{"rendered":"<p>Czy zbyt wiele dzieci ze spektrum autyzmu otrzymuje leki psychotropowe jako spos\u00f3b radzenia sobie z ich zachowaniem? Kiedy badania przeprowadzone w 2012 roku przez Narodowy Instytut Zdrowia Psychicznego wykaza\u0142y, \u017ce 56 procent dzieci i nastolatk\u00f3w ze spektrum autyzmu przyjmuje jeden lub wi\u0119cej lek\u00f3w, krytycy rzucili si\u0119 do ataku.<\/p>\n<p>Najostrzejsze s\u0142owa pad\u0142y z ust przedstawicieli \u015brodowisk autonomicznych, kt\u00f3rzy uznali leki za &#8220;chemiczne kaftany bezpiecze\u0144stwa&#8221; stosowane w celu u\u0142atwienia rodzicom i nauczycielom radzenia sobie z trudnymi dzie\u0107mi.<\/p>\n<p>Chocia\u017c nie istnieje lek, kt\u00f3ry przeciwdzia\u0142a\u0142by podstawowym objawom zaburze\u0144 ze spektrum autyzmu (ASD) &#8211; trudno\u015bciom w komunikacji, interakcji spo\u0142ecznej oraz ograniczonym, powtarzaj\u0105cym si\u0119 zachowaniom &#8211; dzieci te s\u0105 leczone na schorzenia cz\u0119sto kojarzone z autyzmem, takie jak l\u0119k, nadpobudliwo\u015b\u0107 i agresja.<\/p>\n<p>Coraz cz\u0119\u015bciej przepisywane przez lekarzy leki maj\u0105 na celu ograniczenie szeregu problematycznych, a czasem niebezpiecznych wzorc\u00f3w zachowa\u0144, od zaburze\u0144 snu po gwa\u0142towne ataki agresji. Te epizody to nie s\u0105 wybuchy z\u0142o\u015bci u ma\u0142ych dzieci; dzieci autystyczne, kt\u00f3re nie potrafi\u0105 wyra\u017ca\u0107 swojego gniewu i niepokoju, mog\u0105 by\u0107 tak przyt\u0142oczone, \u017ce nara\u017caj\u0105 siebie i innych cz\u0142onk\u00f3w rodziny na niebezpiecze\u0144stwo. Niekt\u00f3re przyk\u0142ady: rozbijanie szyb, rzucanie ci\u0119\u017ckimi przedmiotami, gryzienie i uderzanie g\u0142ow\u0105. Fakt, \u017ce dzieci te cz\u0119sto maj\u0105 problemy sensoryczne, dodatkowo je rozregulowuje; je\u015bli opiekun krzyczy na dziecko, staraj\u0105c si\u0119 zapanowa\u0107 nad jego zachowaniem, przynosi to odwrotny skutek.<\/p>\n<h4>Zarz\u0105dzanie zachowaniem<\/h4>\n<p>W\u015br\u00f3d krytyk\u00f3w jest Ari Ne&#8217;eman, prezes i wsp\u00f3\u0142za\u0142o\u017cyciel Autistic Self Advocacy Network, kt\u00f3ry twierdzi, \u017ce &#8220;znaczny procent przepisywanych lek\u00f3w s\u0142u\u017cy raczej jako \u015brodek do chemicznego ograniczania zachowa\u0144, ni\u017c ma uzasadniony cel terapeutyczny&#8221;. Ne&#8217;eman postrzega leki jako skr\u00f3ty w stosunku do bardziej odpowiednich metod leczenia. &#8220;Poprawa wsparcia komunikacyjnego i interwencje edukacyjne s\u0105 o wiele bardziej znacz\u0105cymi i w\u0142a\u015bciwymi mechanizmami rozwi\u0105zywania problem\u00f3w behawioralnych&#8221;.<\/p>\n<p>Niekt\u00f3rzy lekarze r\u00f3wnie\u017c maj\u0105 zastrze\u017cenia. Dr Mary Margaret Gleason, adiunkt na Uniwersytecie Tulane, wykszta\u0142cona zar\u00f3wno jako pediatra, jak i psychiatra dzieci\u0119cy, martwi si\u0119, \u017ce ograniczony dost\u0119p do specjalist\u00f3w znaj\u0105cych si\u0119 na ocenie i leczeniu dzieci autystycznych w niekt\u00f3rych cz\u0119\u015bciach kraju &#8220;oznacza, \u017ce jedynym dost\u0119pnym leczeniem jest leczenie farmakologiczne&#8221;.<\/p>\n<p>Dr Gleason m\u00f3wi, \u017ce spotyka wielu rodzic\u00f3w, kt\u00f3rzy chc\u0105 unikn\u0105\u0107 leczenia farmakologicznego, je\u015bli inne metody mog\u0105 by\u0107 skuteczne, ale s\u0105 te\u017c rodziny, kt\u00f3re otrzyma\u0142y bardzo ma\u0142o wsparcia i mo\u017cliwo\u015bci innych metod. &#8220;Rodzice ci mog\u0105 by\u0107 wyczerpani, przyt\u0142oczeni objawami wyst\u0119puj\u0105cymi u ich dziecka i sfrustrowani czasem i energi\u0105, jakie musieli po\u015bwi\u0119ci\u0107, aby znale\u017a\u0107 lekarza, kt\u00f3ry przyjmie ma\u0142e dziecko&#8221; &#8211; m\u00f3wi. &#8220;Niekt\u00f3rzy w takiej sytuacji s\u0105 przekonani, \u017ce leki b\u0119d\u0105 szybszym rozwi\u0105zaniem i b\u0119d\u0105 wymaga\u0142y mniej wizyt, mniej czasu wolnego od pracy i og\u00f3lnie mniej energii&#8221;.<\/p>\n<h4>Inne strategie<\/h4>\n<p>Dla niekt\u00f3rych dzieci &#8211; m\u00f3wi &#8211; mog\u0105 istnie\u0107 bardziej skuteczne interwencje niefarmakologiczne, kt\u00f3rych powinni\u015bmy spr\u00f3bowa\u0107 w pierwszej kolejno\u015bci. Oczywi\u015bcie, zaj\u0119cie si\u0119 potrzebami rodziny w zakresie wsparcia, odpoczynku i snu mo\u017ce by\u0107 cennym podej\u015bciem dla tych rodzin&#8221;.<\/p>\n<p>Dr Gleason zauwa\u017ca r\u00f3wnie\u017c, \u017ce w pracy z dzie\u0107mi autystycznymi, zw\u0142aszcza tymi, kt\u00f3rych j\u0119zyk jest ograniczony, &#8220;niekt\u00f3re z niefarmakologicznych metod leczenia konkretnych zaburze\u0144 mog\u0105 nie by\u0107 tak skuteczne lub mog\u0105 wymaga\u0107 znacznych modyfikacji&#8221;.<\/p>\n<p>Rzeczywi\u015bcie, dla wielu rodzic\u00f3w leki s\u0105 ostateczno\u015bci\u0105 po tym, jak inne terapie, cz\u0119sto rozpoczynaj\u0105ce si\u0119 od wczesnych interwencji, okaza\u0142y si\u0119 nieskuteczne.<\/p>\n<h4>Znalezienie w\u0142a\u015bciwego leku<\/h4>\n<p>Shannon Des Roches Rosa, wsp\u00f3\u0142redaktorka Thinking Person&#8217;s Guide to Autism, m\u00f3wi, \u017ce najpierw &#8220;zrobi\u0142a absolutnie wszystko&#8221;, aby poradzi\u0107 sobie z agresywnym zachowaniem swojego autystycznego syna Leo, w\u0142\u0105czaj\u0105c w to funkcjonaln\u0105 analiz\u0119 behawioraln\u0105, aby spr\u00f3bowa\u0107 okre\u015bli\u0107 czynniki wyzwalaj\u0105ce i zmodyfikowa\u0107 jego \u015brodowisko. Jednak w wieku 8 lat, kiedy Leo rozbija\u0142 pi\u0119\u015bci\u0105 ekran telewizora i stwarza\u0142 zagro\u017cenie dla cz\u0142onk\u00f3w rodziny i samego siebie, Rosa uzna\u0142a, \u017ce nie ma innego wyj\u015bcia, jak tylko spr\u00f3bowa\u0107 podawania lek\u00f3w.<\/p>\n<p>Okaza\u0142o si\u0119, \u017ce &#8211; jak to cz\u0119sto bywa &#8211; znalezienie odpowiedniego leku wymaga\u0142o metody pr\u00f3b i b\u0142\u0119d\u00f3w. Najpierw wypr\u00f3bowa\u0142a Abilify, lek przeciwpsychotyczny, kt\u00f3ry zmniejsza dra\u017cliwo\u015b\u0107 i agresj\u0119. Abilify i Risperdal, inny lek przeciwpsychotyczny, to jedyne leki zatwierdzone przez FDA do leczenia dzieci z ASD. Ale kiedy Abilify sprawi\u0142, \u017ce Leo sta\u0142 si\u0119 bardziej niespokojny, agresywny i &#8220;sta\u0142 si\u0119 innym dzieckiem&#8221;, Rosa odstawi\u0142a lek. Poczeka\u0142a, a\u017c Abilify przestanie dzia\u0142a\u0107 w organizmie Leo, zanim spr\u00f3bowa\u0142a Risperdal.<\/p>\n<p>W tym momencie by\u0142am bardzo przygn\u0119biona&#8221; &#8211; m\u00f3wi Rosa &#8211; &#8220;ale Risperdal zrobi\u0142 to, co mia\u0142 zrobi\u0107&#8221;. Nagle Leo m\u00f3g\u0142 zn\u00f3w by\u0107 sob\u0105 i czu\u0107 si\u0119 komfortowo&#8221;. Nie wiadomo, co by\u015bmy zrobili, gdyby lek nie pom\u00f3g\u0142 mu zapanowa\u0107 nad jego agresywnymi impulsami. Nie wiadomo te\u017c, co by\u015bmy zrobili, gdyby lek sprawi\u0142, \u017ce nie zachowywa\u0142by si\u0119 tak jak on &#8211; gdyby go zombifikowa\u0142 lub wyzerowa\u0142 jego reakcje emocjonalne.&#8221;<\/p>\n<p>Wi\u0119kszo\u015b\u0107 rodzic\u00f3w, kt\u00f3rzy si\u0119gaj\u0105 po leki, obawia si\u0119 skutk\u00f3w ubocznych i tego, \u017ce ich dzieci przestan\u0105 by\u0107 rozpoznawalne. &#8220;Wi\u0119kszo\u015b\u0107 z nich chce, aby ich dzieci lepiej funkcjonowa\u0142y w domu i w szkole&#8221; &#8211; m\u00f3wi Glen R. Elliott, g\u0142\u00f3wny psychiatra i dyrektor medyczny Children&#8217;s Health Council. &#8220;Obawiaj\u0105 si\u0119 jednak, \u017ce strac\u0105 swoje dziecko &#8211; \u017ce nie b\u0119dzie to osoba, do kt\u00f3rej przywykli&#8221;.<\/p>\n<p>Z drugiej strony rodzice, kt\u00f3rych dzieci wykazuj\u0105 sk\u0142onno\u015b\u0107 do niekontrolowanej agresji, mog\u0105 postrzega\u0107 silny lek przeciwpsychotyczny jako jedyn\u0105 rzecz, kt\u00f3ra dzieli mo\u017cliwo\u015b\u0107 zatrzymania ich w domu od konieczno\u015bci skorzystania z opieki domowej.<\/p>\n<h4>Poszerzanie mo\u017cliwo\u015bci<\/h4>\n<p>W mniej ekstremalnych sytuacjach niekt\u00f3rzy rodzice si\u0119gaj\u0105 po leki, gdy wsp\u00f3\u0142wyst\u0119puj\u0105ce schorzenia, takie jak ADHD, powa\u017cnie ograniczaj\u0105 mo\u017cliwo\u015bci dziecka. Jennifer Byde Myers, kt\u00f3rej syn Jack ma autyzm i ataksyjne pora\u017cenie m\u00f3zgowe, a tak\u017ce ADHD, odkry\u0142a, \u017ce Adderall znacznie poprawi\u0142 jako\u015b\u0107 jego \u017cycia, gdy zacz\u0105\u0142 przyjmowa\u0107 lek stymuluj\u0105cy w wieku 6 lat.<\/p>\n<p>&#8220;Pobudzenie Jacka niemal uniemo\u017cliwia\u0142o mu ucz\u0119szczanie do szko\u0142y&#8221; &#8211; m\u00f3wi Myers, kolejny redaktor w Thinking Person&#8217;s Guide to Autism. &#8220;Przestali\u015bmy wychodzi\u0107 do restauracji, przestali\u015bmy spotyka\u0107 si\u0119 z innymi rodzinami lub dziadkami, a co to za \u017cycie? Nie m\u00f3c si\u0119 uczy\u0107, nie m\u00f3c do\u015bwiadcza\u0107 nowych rzeczy, nie mie\u0107 przyjaci\u00f3\u0142 i nie by\u0107 kochanym przez dziadk\u00f3w? Kiedy Jack zacz\u0105\u0142 przyjmowa\u0107 Adderall, m\u00f3g\u0142 zn\u00f3w swobodnie przebywa\u0107 na \u015bwie\u017cym powietrzu. By\u0142 spokojniejszy, no i oczywi\u015bcie rodzicielstwo sta\u0142o si\u0119 \u0142atwiejsze i mniej stresuj\u0105ce, co zmieni\u0142o jego \u017cycie&#8221;.<\/p>\n<p>Pi\u0119\u0107 i p\u00f3\u0142 roku p\u00f3\u017aniej okaza\u0142o si\u0119, \u017ce Adderall nie jest mu ju\u017c potrzebny. &#8220;Jack przesta\u0142 bra\u0107 Adderall w sierpniu 2011 r., poniewa\u017c nie mog\u0142am dosta\u0107 si\u0119 do gabinetu lekarskiego, aby odebra\u0107 recept\u0119, a w szkole przez ca\u0142y tydzie\u0144 zachowywa\u0142 si\u0119 bardzo pozytywnie. Nie m\u00f3wi\u0142am o tym w szkole przez kolejne trzy tygodnie, ale poradzi\u0142 sobie \u015bwietnie i nie w\u0142\u0105czyli\u015bmy go ponownie&#8221;.<\/p>\n<p>Dodaje: &#8220;Lek\u00f3w mo\u017ce potrzebowa\u0107 ponownie, gdy wejdzie w okres dojrzewania, i jeste\u015bmy na to otwarci&#8221;.<\/p>\n<h4>Problemy szkolne<\/h4>\n<p>Cho\u0107 rodzice mog\u0105 si\u0119 do tego nie przyznawa\u0107, decyzja o przyjmowaniu lek\u00f3w w celu ograniczenia problematycznych zachowa\u0144 jest cz\u0119sto zwi\u0105zana z procesem akceptacji dziecka przez szko\u0142\u0119. Rodzice mog\u0105 widzie\u0107, \u017ce leki stanowi\u0105 r\u00f3\u017cnic\u0119 mi\u0119dzy umieszczeniem dziecka w samodzielnej klasie z\u0142o\u017conej z 12 dzieci specjalnej troski, co niestety wygl\u0105da jak magazyn, a umieszczeniem go w mniej restrykcyjnym \u015brodowisku, obejmuj\u0105cym dzieci z g\u0142\u00f3wnego nurtu, gdzie mo\u017ce by\u0107 nara\u017cone na bardziej wymagaj\u0105ce zaj\u0119cia akademickie i typowe wzorce r\u00f3wie\u015bnicze.<\/p>\n<p>Ta koncepcja z\u0142o\u015bci by\u0142ego nauczyciela i obro\u0144c\u0119 Landona Bryce&#8217;a. &#8220;My\u015bl\u0119, \u017ce gdyby leki dzia\u0142a\u0142y tak dobrze, jak lekarze, rodzice i administratorzy szk\u00f3\u0142 chc\u0105 to udawa\u0107, mia\u0142oby to sens&#8221; &#8211; m\u00f3wi. &#8220;Ale tak nie jest. M\u00f3wisz o podawaniu dzieciom lek\u00f3w, kt\u00f3re maj\u0105 sprawi\u0107, \u017ce b\u0119d\u0105 \u0142atwiejsze do opanowania. M\u00f3wimy o og\u0142upianiu ich &#8211; nigdy nie uczy\u0142em dziecka, kt\u00f3re nie odczuwa\u0142o tego w zwi\u0105zku z przyjmowanymi lekami &#8211; w nadziei, \u017ce pomo\u017ce im to lepiej si\u0119 uczy\u0107. To jest g\u0142upota&#8221;.<\/p>\n<p>Dr Elliott m\u00f3wi, \u017ce w przypadku m\u0142odszych dzieci, poni\u017cej 5 lub 6 roku \u017cycia, &#8220;zdecydowanie zaleca&#8221; inne rodzaje interwencji behawioralnych z udzia\u0142em dziecka i rodziny, aby w pierwszej kolejno\u015bci zaj\u0105\u0107 si\u0119 problematycznymi zachowaniami. Przyznaje jednak, \u017ce oczekiwania spo\u0142eczne i brak \u015brodk\u00f3w mog\u0105 przewa\u017cy\u0107 szal\u0119 na korzy\u015b\u0107 takiego podej\u015bcia. &#8220;Szko\u0142a m\u00f3wi rodzinie: &#8216;Nie mo\u017cemy zatrzyma\u0107 dziecka w tej klasie z powodu jego zachowania, wi\u0119c mo\u017ce spr\u00f3bujecie podawa\u0107 mu leki? &#8220;To mo\u017ce by\u0107 prawdziwa presja, aby to zrobi\u0107&#8221;.<\/p>\n<p>W\u0142a\u015bnie ten rodzaj presji wzbudza sprzeciw Bryce&#8217;a. &#8220;Sp\u0119dzi\u0142em 20 lat jako nauczyciel w klasie&#8221; &#8211; m\u00f3wi. &#8220;Stale niepokoi\u0142a mnie presja rodzic\u00f3w, by podawa\u0107 dzieciom leki, oraz presja, by dzieci nadal bra\u0142y leki, kt\u00f3rych nie znosz\u0105. My\u015bl\u0119, \u017ce dzieci po lekach \u0142atwiej jest kontrolowa\u0107. My\u015bl\u0119, \u017ce o wiele trudniej jest je uczy\u0107&#8221;.<\/p>\n<h4>Skutki uboczne<\/h4>\n<p>Ne&#8217;eman i Bryce twierdz\u0105, \u017ce nie sprzeciwiaj\u0105 si\u0119 podawaniu lek\u00f3w dzieciom, kt\u00f3re mog\u0105 stanowi\u0107 zagro\u017cenie dla siebie lub innych. Podkre\u015blaj\u0105 jednak, \u017ce nale\u017cy skupi\u0107 si\u0119 na skutkach ubocznych leku, w tym na przybieraniu na wadze, co budzi oczywiste obawy o zdrowie. Rosa przyznaje, \u017ce jest to problem; m\u00f3wi, \u017ce dzieci przyjmuj\u0105ce lek m\u00f3wi\u0142y jej, \u017ce to tak, jakby mia\u0142y &#8220;czarn\u0105 dziur\u0119 w \u017co\u0142\u0105dku. S\u0105 ci\u0105gle g\u0142odne&#8221;. Aby przeciwdzia\u0142a\u0107 przybieraniu na wadze przez syna Leo, uwa\u017cnie go monitoruje. &#8220;Nie trzymamy w domu jedzenia, na punkcie kt\u00f3rego ma obsesj\u0119 (jak pizza i p\u0105czki), i staramy si\u0119, aby w zasi\u0119gu r\u0119ki by\u0142y zdrowe produkty, takie jak jab\u0142ka&#8221;.<\/p>\n<p>&#8220;Nie ulega w\u0105tpliwo\u015bci, \u017ce do stosowania Risperdalu nale\u017cy podchodzi\u0107 i ocenia\u0107 z najwy\u017csz\u0105 ostro\u017cno\u015bci\u0105&#8221; &#8211; m\u00f3wi Rosa. &#8220;Jest to atypowy lek przeciwpsychotyczny z czarn\u0105 skrzynk\u0105! Ale b\u0142\u0119dem jest og\u00f3lne odrzucenie jego zalet, zw\u0142aszcza gdy jest to jeden z dw\u00f3ch lek\u00f3w zatwierdzonych przez FDA do leczenia agresywnych zachowa\u0144 i dra\u017cliwo\u015bci u dzieci autystycznych.&#8221;<\/p>\n<p>Istnieje wiele innych powod\u00f3w, dla kt\u00f3rych rodzice i lekarze powinni zachowa\u0107 ostro\u017cno\u015b\u0107 w pracy z dzie\u0107mi, kt\u00f3rych m\u00f3zgi rozwijaj\u0105 si\u0119 tak szybko, ale szczeg\u00f3lnie z dzie\u0107mi ze spektrum autyzmu. &#8220;Dzieci autystyczne maj\u0105 szerszy zakres dzia\u0142a\u0144 niepo\u017c\u0105danych ni\u017c osoby nieautystyczne&#8221; &#8211; m\u00f3wi dr Elliott. Cz\u0119sto my\u015bl\u0119 o nich jako o osobach, u kt\u00f3rych wyst\u0119puje efekt &#8220;surowego m\u00f3zgu&#8221;. To tak jak z poparzeniem s\u0142onecznym; rzeczy, kt\u00f3re normalnie nie mia\u0142yby na ciebie wp\u0142ywu, jak np. poklepanie po plecach, maj\u0105. Musisz by\u0107 bardziej ostro\u017cny, gdy zaczynasz&#8221;.<\/p>\n<h4>Z\u0142e reakcje<\/h4>\n<p>Judy Applebaum, u kt\u00f3rej syna Jasona, lat 11, zdiagnozowano zesp\u00f3\u0142 Aspergera w wieku 3 lat, nie mia\u0142a powod\u00f3w, aby rozwa\u017ca\u0107 podawanie lek\u00f3w a\u017c do momentu, gdy sze\u015b\u0107 miesi\u0119cy temu &#8220;z dnia na dzie\u0144 sta\u0142 si\u0119 bardzo impulsywny i nadpobudliwy&#8221;, co doprowadzi\u0142o do zdiagnozowania u niego ADHD.<\/p>\n<p>Applebaum powiedzia\u0142a, \u017ce pr\u00f3bowa\u0142a r\u00f3\u017cnych lek\u00f3w pobudzaj\u0105cych, w tym Vyvanse, Ritalin LA i Focalin. Jego nauczyciele powiedzieli, \u017ce wszystkie one pomaga\u0142y troch\u0119 w skupieniu uwagi, ale &#8220;skutki uboczne by\u0142y tak koszmarne, \u017ce postanowili\u015bmy je odstawi\u0107&#8221;. Obejmowa\u0142y one &#8220;skrajn\u0105 z\u0142o\u015b\u0107 i dra\u017cliwo\u015b\u0107, przeklinanie ludzi i sprawianie problem\u00f3w w szkolnym autobusie&#8221;. Jego kontrola impuls\u00f3w, kt\u00f3ra nagle w tym roku wynosi\u0142a oko\u0142o zera, spad\u0142a do oko\u0142o minus 20, kiedy bra\u0142 leki&#8221;. Pr\u00f3bowa\u0142a te\u017c Intunivu, leku niestymuluj\u0105cego; na pocz\u0105tku wydawa\u0142o si\u0119, \u017ce dzia\u0142a, ale w ko\u0144cu pojawi\u0142y si\u0119 te same skutki uboczne. Po odstawieniu wszystkich lek\u00f3w, jak twierdzi, &#8220;jego nastr\u00f3j ust\u0105pi\u0142 w ci\u0105gu 24 godzin&#8221;.<\/p>\n<p>Psychiatra, kt\u00f3ry niedawno ocenia\u0142 Jasona, powiedzia\u0142, \u017ce nigdy nie poda\u0142by mu lek\u00f3w; zamiast tego zaleci\u0142 modyfikacj\u0119 zachowa\u0144. Applebaum zgadza si\u0119 z tym stwierdzeniem; obecnie jest w trakcie &#8220;szale\u0144czych poszukiwa\u0144&#8221; lekarza, kt\u00f3ry oferuje tak\u0105 terapi\u0119 i jest ubezpieczony. Nie wyklucza jednak ca\u0142kowicie podawania lek\u00f3w w przysz\u0142o\u015bci. &#8220;Z tego, co widz\u0119&#8221; &#8211; m\u00f3wi &#8211; &#8220;wygl\u0105da na to, \u017ce dzieci ze spektrum plus okres dojrzewania to hormony razy 10&#8221;.<\/p>\n<h4>Wiele lek\u00f3w<\/h4>\n<p>Kolejnym powodem do niepokoju dr Elliott jest tendencja do mno\u017cenia lek\u00f3w. &#8220;Z biegiem czasu zaobserwowa\u0142em dwie rzeczy&#8221; &#8211; m\u00f3wi. &#8220;Po pierwsze, je\u015bli kto\u015b raz zacznie stosowa\u0107 leki, to najprawdopodobniej b\u0119dzie je nadal stosowa\u0142, a po drugie, je\u015bli zacznie stosowa\u0107 jeden lek, to najprawdopodobniej b\u0119dzie stosowa\u0142 wi\u0119cej ni\u017c jeden lek. Leczymy konkretne objawy, a nast\u0119pnie dodajemy leki na bezsenno\u015b\u0107, a potem na nadpobudliwo\u015b\u0107. Zwi\u0119kszenie dawki lub wypr\u00f3bowanie kolejnego leku staje si\u0119 coraz bardziej kusz\u0105ce i mo\u017ce prowadzi\u0107 do absurdu&#8221;.<\/p>\n<p>Jednym z obszar\u00f3w konsensusu jest potrzeba dalszych bada\u0144. &#8220;Istnieje wyj\u0105tkowo ma\u0142o dowod\u00f3w na skuteczno\u015b\u0107 wi\u0119kszo\u015bci stosowanych lek\u00f3w&#8221; &#8211; m\u00f3wi Ari Ne&#8217;eman. Dr Elliott zgadza si\u0119 z tym: &#8220;Niby mamy er\u0119 medycyny opartej na dowodach, ale jest bardzo ma\u0142o bada\u0144, na kt\u00f3rych mo\u017cna si\u0119 oprze\u0107&#8221;.<\/p>\n<p>Jednocze\u015bnie m\u00f3wi: &#8220;Trzeba by \u017cy\u0107 z jednym z tych dzieci, zanim zacznie si\u0119 krytykowa\u0107 tych rodzic\u00f3w za \u0142atwe rozwi\u0105zanie. Ich \u017cycie i \u017cycie ich dziecka jest o wiele mniej chaotyczne, zaburzone i trudne dla nich&#8221;.<\/p>\n<p><strong><span style=\"text-decoration: underline;\">Wi\u0119cej informacji<\/span><\/strong><\/p>\n<ul>\n<li>childmind.org\/article\/autism-and-medication\/<\/li>\n<\/ul>\n","protected":false},"excerpt":{"rendered":"<p>Czy zbyt wiele dzieci ze spektrum autyzmu otrzymuje leki psychotropowe jako spos\u00f3b radzenia sobie z ich zachowaniem? Kiedy badania przeprowadzone w 2012 roku przez Narodowy&#8230;<\/p>\n","protected":false},"author":1,"featured_media":1825,"comment_status":"closed","ping_status":"open","sticky":false,"template":"","format":"standard","meta":[],"categories":[44],"tags":[191,190],"yoast_head":"<!-- This site is optimized with the Yoast SEO plugin v18.1 - https:\/\/yoast.com\/wordpress\/plugins\/seo\/ -->\n<title>Autyzm i leki - Diagnostyka Umys\u0142u<\/title>\n<meta name=\"robots\" content=\"index, follow, max-snippet:-1, max-image-preview:large, max-video-preview:-1\" \/>\n<link rel=\"canonical\" href=\"https:\/\/www.diagnostyka-umyslu.pl\/blog\/spektrum-autyzmu\/autyzm-i-leki\/\" \/>\n<meta property=\"og:locale\" content=\"pl_PL\" \/>\n<meta property=\"og:type\" content=\"article\" \/>\n<meta property=\"og:title\" content=\"Autyzm i leki - Diagnostyka Umys\u0142u\" \/>\n<meta property=\"og:description\" content=\"Czy zbyt wiele dzieci ze spektrum autyzmu otrzymuje leki psychotropowe jako spos\u00f3b radzenia sobie z ich zachowaniem? Kiedy badania przeprowadzone w 2012 roku przez Narodowy...\" \/>\n<meta property=\"og:url\" content=\"https:\/\/www.diagnostyka-umyslu.pl\/blog\/spektrum-autyzmu\/autyzm-i-leki\/\" \/>\n<meta property=\"og:site_name\" content=\"Diagnostyka Umys\u0142u\" \/>\n<meta property=\"article:published_time\" content=\"2022-06-08T06:00:25+00:00\" \/>\n<meta property=\"article:modified_time\" content=\"2022-07-08T09:14:38+00:00\" \/>\n<meta property=\"og:image\" content=\"https:\/\/www.diagnostyka-umyslu.pl\/blog\/wp-content\/uploads\/2022\/07\/bg_top_default.jpg\" \/>\n\t<meta property=\"og:image:width\" content=\"840\" \/>\n\t<meta property=\"og:image:height\" content=\"202\" \/>\n\t<meta property=\"og:image:type\" content=\"image\/jpeg\" \/>\n<meta name=\"twitter:card\" content=\"summary_large_image\" \/>\n<meta name=\"twitter:label1\" content=\"Napisane przez\" \/>\n\t<meta name=\"twitter:data1\" content=\"Diagnostyka Umys\u0142u\" \/>\n\t<meta name=\"twitter:label2\" content=\"Szacowany czas czytania\" \/>\n\t<meta name=\"twitter:data2\" content=\"12 minut\" \/>\n<script type=\"application\/ld+json\" class=\"yoast-schema-graph\">{\"@context\":\"https:\/\/schema.org\",\"@graph\":[{\"@type\":\"Organization\",\"@id\":\"https:\/\/www.diagnostyka-umyslu.pl\/blog\/#organization\",\"name\":\"Diagnostyka Umys\u0142u\",\"url\":\"https:\/\/www.diagnostyka-umyslu.pl\/blog\/\",\"sameAs\":[],\"logo\":{\"@type\":\"ImageObject\",\"@id\":\"https:\/\/www.diagnostyka-umyslu.pl\/blog\/#logo\",\"inLanguage\":\"pl-PL\",\"url\":\"https:\/\/www.diagnostyka-umyslu.pl\/blog\/wp-content\/uploads\/2021\/05\/logo.png\",\"contentUrl\":\"https:\/\/www.diagnostyka-umyslu.pl\/blog\/wp-content\/uploads\/2021\/05\/logo.png\",\"width\":236,\"height\":81,\"caption\":\"Diagnostyka Umys\u0142u\"},\"image\":{\"@id\":\"https:\/\/www.diagnostyka-umyslu.pl\/blog\/#logo\"}},{\"@type\":\"WebSite\",\"@id\":\"https:\/\/www.diagnostyka-umyslu.pl\/blog\/#website\",\"url\":\"https:\/\/www.diagnostyka-umyslu.pl\/blog\/\",\"name\":\"Diagnostyka Umys\u0142u\",\"description\":\"Blog o zaburzeniach umys\u0142u\",\"publisher\":{\"@id\":\"https:\/\/www.diagnostyka-umyslu.pl\/blog\/#organization\"},\"potentialAction\":[{\"@type\":\"SearchAction\",\"target\":{\"@type\":\"EntryPoint\",\"urlTemplate\":\"https:\/\/www.diagnostyka-umyslu.pl\/blog\/?s={search_term_string}\"},\"query-input\":\"required name=search_term_string\"}],\"inLanguage\":\"pl-PL\"},{\"@type\":\"ImageObject\",\"@id\":\"https:\/\/www.diagnostyka-umyslu.pl\/blog\/spektrum-autyzmu\/autyzm-i-leki\/#primaryimage\",\"inLanguage\":\"pl-PL\",\"url\":\"https:\/\/www.diagnostyka-umyslu.pl\/blog\/wp-content\/uploads\/2022\/07\/bg_top_default.jpg\",\"contentUrl\":\"https:\/\/www.diagnostyka-umyslu.pl\/blog\/wp-content\/uploads\/2022\/07\/bg_top_default.jpg\",\"width\":840,\"height\":202},{\"@type\":\"WebPage\",\"@id\":\"https:\/\/www.diagnostyka-umyslu.pl\/blog\/spektrum-autyzmu\/autyzm-i-leki\/#webpage\",\"url\":\"https:\/\/www.diagnostyka-umyslu.pl\/blog\/spektrum-autyzmu\/autyzm-i-leki\/\",\"name\":\"Autyzm i leki - Diagnostyka Umys\u0142u\",\"isPartOf\":{\"@id\":\"https:\/\/www.diagnostyka-umyslu.pl\/blog\/#website\"},\"primaryImageOfPage\":{\"@id\":\"https:\/\/www.diagnostyka-umyslu.pl\/blog\/spektrum-autyzmu\/autyzm-i-leki\/#primaryimage\"},\"datePublished\":\"2022-06-08T06:00:25+00:00\",\"dateModified\":\"2022-07-08T09:14:38+00:00\",\"breadcrumb\":{\"@id\":\"https:\/\/www.diagnostyka-umyslu.pl\/blog\/spektrum-autyzmu\/autyzm-i-leki\/#breadcrumb\"},\"inLanguage\":\"pl-PL\",\"potentialAction\":[{\"@type\":\"ReadAction\",\"target\":[\"https:\/\/www.diagnostyka-umyslu.pl\/blog\/spektrum-autyzmu\/autyzm-i-leki\/\"]}]},{\"@type\":\"BreadcrumbList\",\"@id\":\"https:\/\/www.diagnostyka-umyslu.pl\/blog\/spektrum-autyzmu\/autyzm-i-leki\/#breadcrumb\",\"itemListElement\":[{\"@type\":\"ListItem\",\"position\":1,\"name\":\"Strona g\u0142\u00f3wna\",\"item\":\"https:\/\/www.diagnostyka-umyslu.pl\/blog\/\"},{\"@type\":\"ListItem\",\"position\":2,\"name\":\"Spektrum Autyzmu\",\"item\":\"https:\/\/www.diagnostyka-umyslu.pl\/blog\/spektrum-autyzmu\/\"},{\"@type\":\"ListItem\",\"position\":3,\"name\":\"Autyzm i leki\"}]},{\"@type\":\"Article\",\"@id\":\"https:\/\/www.diagnostyka-umyslu.pl\/blog\/spektrum-autyzmu\/autyzm-i-leki\/#article\",\"isPartOf\":{\"@id\":\"https:\/\/www.diagnostyka-umyslu.pl\/blog\/spektrum-autyzmu\/autyzm-i-leki\/#webpage\"},\"author\":{\"@id\":\"https:\/\/www.diagnostyka-umyslu.pl\/blog\/#\/schema\/person\/8eb1bcaf59fea75c780c11946f4e3490\"},\"headline\":\"Autyzm i leki\",\"datePublished\":\"2022-06-08T06:00:25+00:00\",\"dateModified\":\"2022-07-08T09:14:38+00:00\",\"mainEntityOfPage\":{\"@id\":\"https:\/\/www.diagnostyka-umyslu.pl\/blog\/spektrum-autyzmu\/autyzm-i-leki\/#webpage\"},\"wordCount\":2328,\"publisher\":{\"@id\":\"https:\/\/www.diagnostyka-umyslu.pl\/blog\/#organization\"},\"image\":{\"@id\":\"https:\/\/www.diagnostyka-umyslu.pl\/blog\/spektrum-autyzmu\/autyzm-i-leki\/#primaryimage\"},\"thumbnailUrl\":\"https:\/\/www.diagnostyka-umyslu.pl\/blog\/wp-content\/uploads\/2022\/07\/bg_top_default.jpg\",\"keywords\":[\"Autyzm i lekarstwa\",\"Autyzm i leki\"],\"articleSection\":[\"Spektrum Autyzmu\"],\"inLanguage\":\"pl-PL\"},{\"@type\":\"Person\",\"@id\":\"https:\/\/www.diagnostyka-umyslu.pl\/blog\/#\/schema\/person\/8eb1bcaf59fea75c780c11946f4e3490\",\"name\":\"Diagnostyka Umys\u0142u\",\"image\":{\"@type\":\"ImageObject\",\"@id\":\"https:\/\/www.diagnostyka-umyslu.pl\/blog\/#personlogo\",\"inLanguage\":\"pl-PL\",\"url\":\"https:\/\/secure.gravatar.com\/avatar\/6743211f010801ea26aa9423a2daab37?s=96&d=mm&r=g\",\"contentUrl\":\"https:\/\/secure.gravatar.com\/avatar\/6743211f010801ea26aa9423a2daab37?s=96&d=mm&r=g\",\"caption\":\"Diagnostyka Umys\u0142u\"},\"sameAs\":[\"https:\/\/www.diagnostyka-umyslu.pl\/blog\"],\"url\":\"https:\/\/www.diagnostyka-umyslu.pl\/blog\/author\/diagnostyka-umyslu\/\"}]}<\/script>\n<!-- \/ Yoast SEO plugin. -->","yoast_head_json":{"title":"Autyzm i leki - Diagnostyka Umys\u0142u","robots":{"index":"index","follow":"follow","max-snippet":"max-snippet:-1","max-image-preview":"max-image-preview:large","max-video-preview":"max-video-preview:-1"},"canonical":"https:\/\/www.diagnostyka-umyslu.pl\/blog\/spektrum-autyzmu\/autyzm-i-leki\/","og_locale":"pl_PL","og_type":"article","og_title":"Autyzm i leki - Diagnostyka Umys\u0142u","og_description":"Czy zbyt wiele dzieci ze spektrum autyzmu otrzymuje leki psychotropowe jako spos\u00f3b radzenia sobie z ich zachowaniem? Kiedy badania przeprowadzone w 2012 roku przez Narodowy...","og_url":"https:\/\/www.diagnostyka-umyslu.pl\/blog\/spektrum-autyzmu\/autyzm-i-leki\/","og_site_name":"Diagnostyka Umys\u0142u","article_published_time":"2022-06-08T06:00:25+00:00","article_modified_time":"2022-07-08T09:14:38+00:00","og_image":[{"width":840,"height":202,"url":"https:\/\/www.diagnostyka-umyslu.pl\/blog\/wp-content\/uploads\/2022\/07\/bg_top_default.jpg","type":"image\/jpeg"}],"twitter_card":"summary_large_image","twitter_misc":{"Napisane przez":"Diagnostyka Umys\u0142u","Szacowany czas czytania":"12 minut"},"schema":{"@context":"https:\/\/schema.org","@graph":[{"@type":"Organization","@id":"https:\/\/www.diagnostyka-umyslu.pl\/blog\/#organization","name":"Diagnostyka Umys\u0142u","url":"https:\/\/www.diagnostyka-umyslu.pl\/blog\/","sameAs":[],"logo":{"@type":"ImageObject","@id":"https:\/\/www.diagnostyka-umyslu.pl\/blog\/#logo","inLanguage":"pl-PL","url":"https:\/\/www.diagnostyka-umyslu.pl\/blog\/wp-content\/uploads\/2021\/05\/logo.png","contentUrl":"https:\/\/www.diagnostyka-umyslu.pl\/blog\/wp-content\/uploads\/2021\/05\/logo.png","width":236,"height":81,"caption":"Diagnostyka Umys\u0142u"},"image":{"@id":"https:\/\/www.diagnostyka-umyslu.pl\/blog\/#logo"}},{"@type":"WebSite","@id":"https:\/\/www.diagnostyka-umyslu.pl\/blog\/#website","url":"https:\/\/www.diagnostyka-umyslu.pl\/blog\/","name":"Diagnostyka Umys\u0142u","description":"Blog o zaburzeniach umys\u0142u","publisher":{"@id":"https:\/\/www.diagnostyka-umyslu.pl\/blog\/#organization"},"potentialAction":[{"@type":"SearchAction","target":{"@type":"EntryPoint","urlTemplate":"https:\/\/www.diagnostyka-umyslu.pl\/blog\/?s={search_term_string}"},"query-input":"required name=search_term_string"}],"inLanguage":"pl-PL"},{"@type":"ImageObject","@id":"https:\/\/www.diagnostyka-umyslu.pl\/blog\/spektrum-autyzmu\/autyzm-i-leki\/#primaryimage","inLanguage":"pl-PL","url":"https:\/\/www.diagnostyka-umyslu.pl\/blog\/wp-content\/uploads\/2022\/07\/bg_top_default.jpg","contentUrl":"https:\/\/www.diagnostyka-umyslu.pl\/blog\/wp-content\/uploads\/2022\/07\/bg_top_default.jpg","width":840,"height":202},{"@type":"WebPage","@id":"https:\/\/www.diagnostyka-umyslu.pl\/blog\/spektrum-autyzmu\/autyzm-i-leki\/#webpage","url":"https:\/\/www.diagnostyka-umyslu.pl\/blog\/spektrum-autyzmu\/autyzm-i-leki\/","name":"Autyzm i leki - Diagnostyka Umys\u0142u","isPartOf":{"@id":"https:\/\/www.diagnostyka-umyslu.pl\/blog\/#website"},"primaryImageOfPage":{"@id":"https:\/\/www.diagnostyka-umyslu.pl\/blog\/spektrum-autyzmu\/autyzm-i-leki\/#primaryimage"},"datePublished":"2022-06-08T06:00:25+00:00","dateModified":"2022-07-08T09:14:38+00:00","breadcrumb":{"@id":"https:\/\/www.diagnostyka-umyslu.pl\/blog\/spektrum-autyzmu\/autyzm-i-leki\/#breadcrumb"},"inLanguage":"pl-PL","potentialAction":[{"@type":"ReadAction","target":["https:\/\/www.diagnostyka-umyslu.pl\/blog\/spektrum-autyzmu\/autyzm-i-leki\/"]}]},{"@type":"BreadcrumbList","@id":"https:\/\/www.diagnostyka-umyslu.pl\/blog\/spektrum-autyzmu\/autyzm-i-leki\/#breadcrumb","itemListElement":[{"@type":"ListItem","position":1,"name":"Strona g\u0142\u00f3wna","item":"https:\/\/www.diagnostyka-umyslu.pl\/blog\/"},{"@type":"ListItem","position":2,"name":"Spektrum Autyzmu","item":"https:\/\/www.diagnostyka-umyslu.pl\/blog\/spektrum-autyzmu\/"},{"@type":"ListItem","position":3,"name":"Autyzm i leki"}]},{"@type":"Article","@id":"https:\/\/www.diagnostyka-umyslu.pl\/blog\/spektrum-autyzmu\/autyzm-i-leki\/#article","isPartOf":{"@id":"https:\/\/www.diagnostyka-umyslu.pl\/blog\/spektrum-autyzmu\/autyzm-i-leki\/#webpage"},"author":{"@id":"https:\/\/www.diagnostyka-umyslu.pl\/blog\/#\/schema\/person\/8eb1bcaf59fea75c780c11946f4e3490"},"headline":"Autyzm i leki","datePublished":"2022-06-08T06:00:25+00:00","dateModified":"2022-07-08T09:14:38+00:00","mainEntityOfPage":{"@id":"https:\/\/www.diagnostyka-umyslu.pl\/blog\/spektrum-autyzmu\/autyzm-i-leki\/#webpage"},"wordCount":2328,"publisher":{"@id":"https:\/\/www.diagnostyka-umyslu.pl\/blog\/#organization"},"image":{"@id":"https:\/\/www.diagnostyka-umyslu.pl\/blog\/spektrum-autyzmu\/autyzm-i-leki\/#primaryimage"},"thumbnailUrl":"https:\/\/www.diagnostyka-umyslu.pl\/blog\/wp-content\/uploads\/2022\/07\/bg_top_default.jpg","keywords":["Autyzm i lekarstwa","Autyzm i leki"],"articleSection":["Spektrum Autyzmu"],"inLanguage":"pl-PL"},{"@type":"Person","@id":"https:\/\/www.diagnostyka-umyslu.pl\/blog\/#\/schema\/person\/8eb1bcaf59fea75c780c11946f4e3490","name":"Diagnostyka Umys\u0142u","image":{"@type":"ImageObject","@id":"https:\/\/www.diagnostyka-umyslu.pl\/blog\/#personlogo","inLanguage":"pl-PL","url":"https:\/\/secure.gravatar.com\/avatar\/6743211f010801ea26aa9423a2daab37?s=96&d=mm&r=g","contentUrl":"https:\/\/secure.gravatar.com\/avatar\/6743211f010801ea26aa9423a2daab37?s=96&d=mm&r=g","caption":"Diagnostyka Umys\u0142u"},"sameAs":["https:\/\/www.diagnostyka-umyslu.pl\/blog"],"url":"https:\/\/www.diagnostyka-umyslu.pl\/blog\/author\/diagnostyka-umyslu\/"}]}},"amp_enabled":true,"_links":{"self":[{"href":"https:\/\/www.diagnostyka-umyslu.pl\/blog\/wp-json\/wp\/v2\/posts\/1249"}],"collection":[{"href":"https:\/\/www.diagnostyka-umyslu.pl\/blog\/wp-json\/wp\/v2\/posts"}],"about":[{"href":"https:\/\/www.diagnostyka-umyslu.pl\/blog\/wp-json\/wp\/v2\/types\/post"}],"author":[{"embeddable":true,"href":"https:\/\/www.diagnostyka-umyslu.pl\/blog\/wp-json\/wp\/v2\/users\/1"}],"replies":[{"embeddable":true,"href":"https:\/\/www.diagnostyka-umyslu.pl\/blog\/wp-json\/wp\/v2\/comments?post=1249"}],"version-history":[{"count":2,"href":"https:\/\/www.diagnostyka-umyslu.pl\/blog\/wp-json\/wp\/v2\/posts\/1249\/revisions"}],"predecessor-version":[{"id":2131,"href":"https:\/\/www.diagnostyka-umyslu.pl\/blog\/wp-json\/wp\/v2\/posts\/1249\/revisions\/2131"}],"wp:featuredmedia":[{"embeddable":true,"href":"https:\/\/www.diagnostyka-umyslu.pl\/blog\/wp-json\/wp\/v2\/media\/1825"}],"wp:attachment":[{"href":"https:\/\/www.diagnostyka-umyslu.pl\/blog\/wp-json\/wp\/v2\/media?parent=1249"}],"wp:term":[{"taxonomy":"category","embeddable":true,"href":"https:\/\/www.diagnostyka-umyslu.pl\/blog\/wp-json\/wp\/v2\/categories?post=1249"},{"taxonomy":"post_tag","embeddable":true,"href":"https:\/\/www.diagnostyka-umyslu.pl\/blog\/wp-json\/wp\/v2\/tags?post=1249"}],"curies":[{"name":"wp","href":"https:\/\/api.w.org\/{rel}","templated":true}]}}