{"id":1264,"date":"2022-06-13T08:00:35","date_gmt":"2022-06-13T06:00:35","guid":{"rendered":"https:\/\/www.diagnostyka-umyslu.pl\/blog\/?p=1264"},"modified":"2022-07-08T11:12:35","modified_gmt":"2022-07-08T09:12:35","slug":"10-rzeczy-ktore-osoba-z-autyzmem-chce-abys-zaakceptowal","status":"publish","type":"post","link":"https:\/\/www.diagnostyka-umyslu.pl\/blog\/spektrum-autyzmu\/10-rzeczy-ktore-osoba-z-autyzmem-chce-abys-zaakceptowal\/","title":{"rendered":"10 rzeczy, kt\u00f3re osoba z autyzmem chce, aby\u015b zaakceptowa\u0142"},"content":{"rendered":"<p>Lydia Wayman jest autystyczn\u0105 autork\u0105, prelegentk\u0105, blogerk\u0105 i rzeczniczk\u0105 z Pittsburgha. Jej blog Autistic Speaks to lektura, kt\u00f3rej nie mo\u017cna si\u0119 oprze\u0107, je\u015bli chce si\u0119 lepiej zrozumie\u0107, jak wygl\u0105da i jak si\u0119 czuje \u015bwiat z punktu widzenia przynajmniej jednej bardzo elokwentnej osoby ze spektrum. Oto lista Lydii:<\/p>\n<p>Dziesi\u0119\u0107 najlepszych rzeczy, kt\u00f3rych chcia\u0142abym, aby\u015b zaakceptowa\u0142, bez zadawania pyta\u0144:<\/p>\n<p>1. Potrafi\u0119 by\u0107 zaskakuj\u0105co dobra w jednej rzeczy (np. w zapami\u0119tywaniu rozm\u00f3w dok\u0142adnie tak, jak si\u0119 odby\u0142y wiele lat po fakcie) i zaskakuj\u0105co z\u0142a w innej, kt\u00f3ra &#8211; jak mog\u0142oby si\u0119 wydawa\u0107 &#8211; powinna by\u0107 o wiele \u0142atwiejsza (np. w pilnowaniu rachunk\u00f3w lub pami\u0119taniu procedury realizacji recepty).<\/p>\n<p>2. To, \u017ce mam s\u0142owa, by to napisa\u0107, nie oznacza, \u017ce mam s\u0142owa, by to powiedzie\u0107.<\/p>\n<p>3. Naprawd\u0119 nie lubi\u0119 si\u0119 za\u0142amywa\u0107, zw\u0142aszcza publicznie. Gdyby istnia\u0142o inne wyj\u015bcie, zawsze bym z niego skorzysta\u0142.<\/p>\n<p>4. Nigdy nie udaj\u0119 g\u0142upiego. Je\u015bli zadaj\u0119 pytanie lub m\u00f3wi\u0119, \u017ce czego\u015b nie rozumiem, to znaczy, \u017ce tego nie rozumiem. Prosz\u0119, nie r\u00f3b ze mnie g\u0142upka, m\u00f3wi\u0105c, \u017ce udaj\u0119, tylko dlatego, \u017ce wydaje mi si\u0119 to proste.<\/p>\n<p>5. To, co dla Ciebie mo\u017ce by\u0107 lekko uci\u0105\u017cliwe, jak pasek w spodniach, dla mnie mo\u017ce by\u0107 czarownic\u0105 przez ca\u0142y dzie\u0144&#8230; a przynajmniej dop\u00f3ki si\u0119 nie przebior\u0119. Je\u015bli jestem rozdra\u017cniony, to dlatego, \u017ce co\u015b jest fizycznie niewygodne w sferze zmys\u0142\u00f3w. Dop\u00f3ki to si\u0119 nie zmieni, b\u0119d\u0119 nadal marudzi\u0107.<\/p>\n<p>6. Nie potrafi\u0119 kontrolowa\u0107 mojego podekscytowania kotami. Je\u015bli wi\u0119c wspomnisz o kotach lub wska\u017cesz na kota, zdaj sobie spraw\u0119, \u017ce b\u0119d\u0119 podekscytowany. Pozw\u00f3l mi si\u0119 tym cieszy\u0107. Odrobina szcz\u0119\u015bcia nigdy nikomu nie zaszkodzi\u0142a, prawda?<\/p>\n<p>7. Cz\u0119sto jestem zupe\u0142nie nie\u015bwiadomy zachowa\u0144 samookaleczaj\u0105cych. Cz\u0119sto si\u0119 drapi\u0119, uderzam, gryz\u0119 i d\u0142ubi\u0119, a jeszcze cz\u0119\u015bciej, kiedy z jakiego\u015b powodu jestem zdenerwowany. W danej chwili nie wiem, \u017ce to robi\u0119; je\u015bli si\u0119 zorientuj\u0119, jest to tak kompulsywne, \u017ce niemal fizycznie nie mog\u0119 si\u0119 powstrzyma\u0107. Ale gdy my\u015bl\u0119 o tym z g\u0142ow\u0105, to oczywi\u015bcie nie podobaj\u0105 mi si\u0119 rezultaty.<\/p>\n<p>8. Wewn\u0105trz jestem dok\u0142adnie t\u0105 sam\u0105 osob\u0105, niezale\u017cnie od tego, jak bardzo jestem zaanga\u017cowany (lub niezaanga\u017cowany) w \u015brodowisko i innych ludzi w nim. Tak, by\u0107 mo\u017ce b\u0119dziesz musia\u0142 zmieni\u0107 pewne rzeczy w zale\u017cno\u015bci od tego, jak reaguj\u0119 w danym momencie, ale prosz\u0119, traktuj mnie jak t\u0119 sam\u0105 osob\u0119, kt\u00f3r\u0105 jestem.<\/p>\n<p>9. Zaanga\u017cowanie i szcz\u0119\u015bcie nie zale\u017c\u0105 od siebie nawzajem! Mog\u0119 by\u0107 tak samo szcz\u0119\u015bliwa we w\u0142asnym \u015bwiecie, jak i w pe\u0142ni zaanga\u017cowana z Tob\u0105. Jednak w tym przypadku wiele zale\u017cy od Ciebie. Je\u015bli jestem niezaanga\u017cowany, a Ty zmuszasz mnie do &#8220;normalnego zachowania&#8221;, to nie, nie czuj\u0119 si\u0119 zbyt szcz\u0119\u015bliwy. Je\u015bli natomiast wchodzisz ze mn\u0105 w interakcj\u0119 w taki spos\u00f3b, w jaki mog\u0119 w danym momencie, wtedy mog\u0119 by\u0107 tak szcz\u0119\u015bliwy, jak nigdy dot\u0105d.<\/p>\n<p>10. Chocia\u017c autyzm oznacza, \u017ce jestem poch\u0142oni\u0119ty sob\u0105 (w ko\u0144cu aut oznacza &#8220;ja&#8221;), nie oznacza to, \u017ce nie chc\u0119 mie\u0107 Ci\u0119 w pobli\u017cu. Je\u015bli mo\u017cesz przyj\u015b\u0107 do mnie, a nie zmusza\u0107 mnie do wyj\u015bcia z mojego \u015bwiata, bym przyszed\u0142 do Ciebie, to z przyjemno\u015bci\u0105 Ci\u0119 wpuszcz\u0119. Tu jest ca\u0142y \u015bwiat&#8230; mo\u017ce powiniene\u015b go pozna\u0107&#8221;.<\/p>\n<p><strong><span style=\"text-decoration: underline;\">Wi\u0119cej informacji<\/span><\/strong><\/p>\n<ul>\n<li>childmind.org\/article\/10-things-1-autistic-person-wants-you-to-accept\/<\/li>\n<\/ul>\n","protected":false},"excerpt":{"rendered":"<p>Lydia Wayman jest autystyczn\u0105 autork\u0105, prelegentk\u0105, blogerk\u0105 i rzeczniczk\u0105 z Pittsburgha. Jej blog Autistic Speaks to lektura, kt\u00f3rej nie mo\u017cna si\u0119 oprze\u0107, je\u015bli chce si\u0119&#8230;<\/p>\n","protected":false},"author":1,"featured_media":1825,"comment_status":"closed","ping_status":"open","sticky":false,"template":"","format":"standard","meta":[],"categories":[44],"tags":[],"yoast_head":"<!-- This site is optimized with the Yoast SEO plugin v18.1 - https:\/\/yoast.com\/wordpress\/plugins\/seo\/ -->\n<title>10 rzeczy, kt\u00f3re osoba z autyzmem chce, aby\u015b zaakceptowa\u0142 - Diagnostyka Umys\u0142u<\/title>\n<meta name=\"robots\" content=\"index, follow, max-snippet:-1, max-image-preview:large, max-video-preview:-1\" \/>\n<link rel=\"canonical\" href=\"https:\/\/www.diagnostyka-umyslu.pl\/blog\/spektrum-autyzmu\/10-rzeczy-ktore-osoba-z-autyzmem-chce-abys-zaakceptowal\/\" \/>\n<meta property=\"og:locale\" content=\"pl_PL\" \/>\n<meta property=\"og:type\" content=\"article\" \/>\n<meta property=\"og:title\" content=\"10 rzeczy, kt\u00f3re osoba z autyzmem chce, aby\u015b zaakceptowa\u0142 - Diagnostyka Umys\u0142u\" \/>\n<meta property=\"og:description\" content=\"Lydia Wayman jest autystyczn\u0105 autork\u0105, prelegentk\u0105, blogerk\u0105 i rzeczniczk\u0105 z Pittsburgha. Jej blog Autistic Speaks to lektura, kt\u00f3rej nie mo\u017cna si\u0119 oprze\u0107, je\u015bli chce si\u0119...\" \/>\n<meta property=\"og:url\" content=\"https:\/\/www.diagnostyka-umyslu.pl\/blog\/spektrum-autyzmu\/10-rzeczy-ktore-osoba-z-autyzmem-chce-abys-zaakceptowal\/\" \/>\n<meta property=\"og:site_name\" content=\"Diagnostyka Umys\u0142u\" \/>\n<meta property=\"article:published_time\" content=\"2022-06-13T06:00:35+00:00\" \/>\n<meta property=\"article:modified_time\" content=\"2022-07-08T09:12:35+00:00\" \/>\n<meta property=\"og:image\" content=\"https:\/\/www.diagnostyka-umyslu.pl\/blog\/wp-content\/uploads\/2022\/07\/bg_top_default.jpg\" \/>\n\t<meta property=\"og:image:width\" content=\"840\" \/>\n\t<meta property=\"og:image:height\" content=\"202\" \/>\n\t<meta property=\"og:image:type\" content=\"image\/jpeg\" \/>\n<meta name=\"twitter:card\" content=\"summary_large_image\" \/>\n<meta name=\"twitter:label1\" content=\"Napisane przez\" \/>\n\t<meta name=\"twitter:data1\" content=\"Diagnostyka Umys\u0142u\" \/>\n\t<meta name=\"twitter:label2\" content=\"Szacowany czas czytania\" \/>\n\t<meta name=\"twitter:data2\" content=\"3 minuty\" \/>\n<script type=\"application\/ld+json\" class=\"yoast-schema-graph\">{\"@context\":\"https:\/\/schema.org\",\"@graph\":[{\"@type\":\"Organization\",\"@id\":\"https:\/\/www.diagnostyka-umyslu.pl\/blog\/#organization\",\"name\":\"Diagnostyka Umys\u0142u\",\"url\":\"https:\/\/www.diagnostyka-umyslu.pl\/blog\/\",\"sameAs\":[],\"logo\":{\"@type\":\"ImageObject\",\"@id\":\"https:\/\/www.diagnostyka-umyslu.pl\/blog\/#logo\",\"inLanguage\":\"pl-PL\",\"url\":\"https:\/\/www.diagnostyka-umyslu.pl\/blog\/wp-content\/uploads\/2021\/05\/logo.png\",\"contentUrl\":\"https:\/\/www.diagnostyka-umyslu.pl\/blog\/wp-content\/uploads\/2021\/05\/logo.png\",\"width\":236,\"height\":81,\"caption\":\"Diagnostyka Umys\u0142u\"},\"image\":{\"@id\":\"https:\/\/www.diagnostyka-umyslu.pl\/blog\/#logo\"}},{\"@type\":\"WebSite\",\"@id\":\"https:\/\/www.diagnostyka-umyslu.pl\/blog\/#website\",\"url\":\"https:\/\/www.diagnostyka-umyslu.pl\/blog\/\",\"name\":\"Diagnostyka Umys\u0142u\",\"description\":\"Blog o zaburzeniach umys\u0142u\",\"publisher\":{\"@id\":\"https:\/\/www.diagnostyka-umyslu.pl\/blog\/#organization\"},\"potentialAction\":[{\"@type\":\"SearchAction\",\"target\":{\"@type\":\"EntryPoint\",\"urlTemplate\":\"https:\/\/www.diagnostyka-umyslu.pl\/blog\/?s={search_term_string}\"},\"query-input\":\"required name=search_term_string\"}],\"inLanguage\":\"pl-PL\"},{\"@type\":\"ImageObject\",\"@id\":\"https:\/\/www.diagnostyka-umyslu.pl\/blog\/spektrum-autyzmu\/10-rzeczy-ktore-osoba-z-autyzmem-chce-abys-zaakceptowal\/#primaryimage\",\"inLanguage\":\"pl-PL\",\"url\":\"https:\/\/www.diagnostyka-umyslu.pl\/blog\/wp-content\/uploads\/2022\/07\/bg_top_default.jpg\",\"contentUrl\":\"https:\/\/www.diagnostyka-umyslu.pl\/blog\/wp-content\/uploads\/2022\/07\/bg_top_default.jpg\",\"width\":840,\"height\":202},{\"@type\":\"WebPage\",\"@id\":\"https:\/\/www.diagnostyka-umyslu.pl\/blog\/spektrum-autyzmu\/10-rzeczy-ktore-osoba-z-autyzmem-chce-abys-zaakceptowal\/#webpage\",\"url\":\"https:\/\/www.diagnostyka-umyslu.pl\/blog\/spektrum-autyzmu\/10-rzeczy-ktore-osoba-z-autyzmem-chce-abys-zaakceptowal\/\",\"name\":\"10 rzeczy, kt\u00f3re osoba z autyzmem chce, aby\u015b zaakceptowa\u0142 - Diagnostyka Umys\u0142u\",\"isPartOf\":{\"@id\":\"https:\/\/www.diagnostyka-umyslu.pl\/blog\/#website\"},\"primaryImageOfPage\":{\"@id\":\"https:\/\/www.diagnostyka-umyslu.pl\/blog\/spektrum-autyzmu\/10-rzeczy-ktore-osoba-z-autyzmem-chce-abys-zaakceptowal\/#primaryimage\"},\"datePublished\":\"2022-06-13T06:00:35+00:00\",\"dateModified\":\"2022-07-08T09:12:35+00:00\",\"breadcrumb\":{\"@id\":\"https:\/\/www.diagnostyka-umyslu.pl\/blog\/spektrum-autyzmu\/10-rzeczy-ktore-osoba-z-autyzmem-chce-abys-zaakceptowal\/#breadcrumb\"},\"inLanguage\":\"pl-PL\",\"potentialAction\":[{\"@type\":\"ReadAction\",\"target\":[\"https:\/\/www.diagnostyka-umyslu.pl\/blog\/spektrum-autyzmu\/10-rzeczy-ktore-osoba-z-autyzmem-chce-abys-zaakceptowal\/\"]}]},{\"@type\":\"BreadcrumbList\",\"@id\":\"https:\/\/www.diagnostyka-umyslu.pl\/blog\/spektrum-autyzmu\/10-rzeczy-ktore-osoba-z-autyzmem-chce-abys-zaakceptowal\/#breadcrumb\",\"itemListElement\":[{\"@type\":\"ListItem\",\"position\":1,\"name\":\"Strona g\u0142\u00f3wna\",\"item\":\"https:\/\/www.diagnostyka-umyslu.pl\/blog\/\"},{\"@type\":\"ListItem\",\"position\":2,\"name\":\"Spektrum Autyzmu\",\"item\":\"https:\/\/www.diagnostyka-umyslu.pl\/blog\/spektrum-autyzmu\/\"},{\"@type\":\"ListItem\",\"position\":3,\"name\":\"10 rzeczy, kt\u00f3re osoba z autyzmem chce, aby\u015b zaakceptowa\u0142\"}]},{\"@type\":\"Article\",\"@id\":\"https:\/\/www.diagnostyka-umyslu.pl\/blog\/spektrum-autyzmu\/10-rzeczy-ktore-osoba-z-autyzmem-chce-abys-zaakceptowal\/#article\",\"isPartOf\":{\"@id\":\"https:\/\/www.diagnostyka-umyslu.pl\/blog\/spektrum-autyzmu\/10-rzeczy-ktore-osoba-z-autyzmem-chce-abys-zaakceptowal\/#webpage\"},\"author\":{\"@id\":\"https:\/\/www.diagnostyka-umyslu.pl\/blog\/#\/schema\/person\/8eb1bcaf59fea75c780c11946f4e3490\"},\"headline\":\"10 rzeczy, kt\u00f3re osoba z autyzmem chce, aby\u015b zaakceptowa\u0142\",\"datePublished\":\"2022-06-13T06:00:35+00:00\",\"dateModified\":\"2022-07-08T09:12:35+00:00\",\"mainEntityOfPage\":{\"@id\":\"https:\/\/www.diagnostyka-umyslu.pl\/blog\/spektrum-autyzmu\/10-rzeczy-ktore-osoba-z-autyzmem-chce-abys-zaakceptowal\/#webpage\"},\"wordCount\":591,\"publisher\":{\"@id\":\"https:\/\/www.diagnostyka-umyslu.pl\/blog\/#organization\"},\"image\":{\"@id\":\"https:\/\/www.diagnostyka-umyslu.pl\/blog\/spektrum-autyzmu\/10-rzeczy-ktore-osoba-z-autyzmem-chce-abys-zaakceptowal\/#primaryimage\"},\"thumbnailUrl\":\"https:\/\/www.diagnostyka-umyslu.pl\/blog\/wp-content\/uploads\/2022\/07\/bg_top_default.jpg\",\"articleSection\":[\"Spektrum Autyzmu\"],\"inLanguage\":\"pl-PL\"},{\"@type\":\"Person\",\"@id\":\"https:\/\/www.diagnostyka-umyslu.pl\/blog\/#\/schema\/person\/8eb1bcaf59fea75c780c11946f4e3490\",\"name\":\"Diagnostyka Umys\u0142u\",\"image\":{\"@type\":\"ImageObject\",\"@id\":\"https:\/\/www.diagnostyka-umyslu.pl\/blog\/#personlogo\",\"inLanguage\":\"pl-PL\",\"url\":\"https:\/\/secure.gravatar.com\/avatar\/6743211f010801ea26aa9423a2daab37?s=96&d=mm&r=g\",\"contentUrl\":\"https:\/\/secure.gravatar.com\/avatar\/6743211f010801ea26aa9423a2daab37?s=96&d=mm&r=g\",\"caption\":\"Diagnostyka Umys\u0142u\"},\"sameAs\":[\"https:\/\/www.diagnostyka-umyslu.pl\/blog\"],\"url\":\"https:\/\/www.diagnostyka-umyslu.pl\/blog\/author\/diagnostyka-umyslu\/\"}]}<\/script>\n<!-- \/ Yoast SEO plugin. -->","yoast_head_json":{"title":"10 rzeczy, kt\u00f3re osoba z autyzmem chce, aby\u015b zaakceptowa\u0142 - Diagnostyka Umys\u0142u","robots":{"index":"index","follow":"follow","max-snippet":"max-snippet:-1","max-image-preview":"max-image-preview:large","max-video-preview":"max-video-preview:-1"},"canonical":"https:\/\/www.diagnostyka-umyslu.pl\/blog\/spektrum-autyzmu\/10-rzeczy-ktore-osoba-z-autyzmem-chce-abys-zaakceptowal\/","og_locale":"pl_PL","og_type":"article","og_title":"10 rzeczy, kt\u00f3re osoba z autyzmem chce, aby\u015b zaakceptowa\u0142 - Diagnostyka Umys\u0142u","og_description":"Lydia Wayman jest autystyczn\u0105 autork\u0105, prelegentk\u0105, blogerk\u0105 i rzeczniczk\u0105 z Pittsburgha. Jej blog Autistic Speaks to lektura, kt\u00f3rej nie mo\u017cna si\u0119 oprze\u0107, je\u015bli chce si\u0119...","og_url":"https:\/\/www.diagnostyka-umyslu.pl\/blog\/spektrum-autyzmu\/10-rzeczy-ktore-osoba-z-autyzmem-chce-abys-zaakceptowal\/","og_site_name":"Diagnostyka Umys\u0142u","article_published_time":"2022-06-13T06:00:35+00:00","article_modified_time":"2022-07-08T09:12:35+00:00","og_image":[{"width":840,"height":202,"url":"https:\/\/www.diagnostyka-umyslu.pl\/blog\/wp-content\/uploads\/2022\/07\/bg_top_default.jpg","type":"image\/jpeg"}],"twitter_card":"summary_large_image","twitter_misc":{"Napisane przez":"Diagnostyka Umys\u0142u","Szacowany czas czytania":"3 minuty"},"schema":{"@context":"https:\/\/schema.org","@graph":[{"@type":"Organization","@id":"https:\/\/www.diagnostyka-umyslu.pl\/blog\/#organization","name":"Diagnostyka Umys\u0142u","url":"https:\/\/www.diagnostyka-umyslu.pl\/blog\/","sameAs":[],"logo":{"@type":"ImageObject","@id":"https:\/\/www.diagnostyka-umyslu.pl\/blog\/#logo","inLanguage":"pl-PL","url":"https:\/\/www.diagnostyka-umyslu.pl\/blog\/wp-content\/uploads\/2021\/05\/logo.png","contentUrl":"https:\/\/www.diagnostyka-umyslu.pl\/blog\/wp-content\/uploads\/2021\/05\/logo.png","width":236,"height":81,"caption":"Diagnostyka Umys\u0142u"},"image":{"@id":"https:\/\/www.diagnostyka-umyslu.pl\/blog\/#logo"}},{"@type":"WebSite","@id":"https:\/\/www.diagnostyka-umyslu.pl\/blog\/#website","url":"https:\/\/www.diagnostyka-umyslu.pl\/blog\/","name":"Diagnostyka Umys\u0142u","description":"Blog o zaburzeniach umys\u0142u","publisher":{"@id":"https:\/\/www.diagnostyka-umyslu.pl\/blog\/#organization"},"potentialAction":[{"@type":"SearchAction","target":{"@type":"EntryPoint","urlTemplate":"https:\/\/www.diagnostyka-umyslu.pl\/blog\/?s={search_term_string}"},"query-input":"required name=search_term_string"}],"inLanguage":"pl-PL"},{"@type":"ImageObject","@id":"https:\/\/www.diagnostyka-umyslu.pl\/blog\/spektrum-autyzmu\/10-rzeczy-ktore-osoba-z-autyzmem-chce-abys-zaakceptowal\/#primaryimage","inLanguage":"pl-PL","url":"https:\/\/www.diagnostyka-umyslu.pl\/blog\/wp-content\/uploads\/2022\/07\/bg_top_default.jpg","contentUrl":"https:\/\/www.diagnostyka-umyslu.pl\/blog\/wp-content\/uploads\/2022\/07\/bg_top_default.jpg","width":840,"height":202},{"@type":"WebPage","@id":"https:\/\/www.diagnostyka-umyslu.pl\/blog\/spektrum-autyzmu\/10-rzeczy-ktore-osoba-z-autyzmem-chce-abys-zaakceptowal\/#webpage","url":"https:\/\/www.diagnostyka-umyslu.pl\/blog\/spektrum-autyzmu\/10-rzeczy-ktore-osoba-z-autyzmem-chce-abys-zaakceptowal\/","name":"10 rzeczy, kt\u00f3re osoba z autyzmem chce, aby\u015b zaakceptowa\u0142 - Diagnostyka Umys\u0142u","isPartOf":{"@id":"https:\/\/www.diagnostyka-umyslu.pl\/blog\/#website"},"primaryImageOfPage":{"@id":"https:\/\/www.diagnostyka-umyslu.pl\/blog\/spektrum-autyzmu\/10-rzeczy-ktore-osoba-z-autyzmem-chce-abys-zaakceptowal\/#primaryimage"},"datePublished":"2022-06-13T06:00:35+00:00","dateModified":"2022-07-08T09:12:35+00:00","breadcrumb":{"@id":"https:\/\/www.diagnostyka-umyslu.pl\/blog\/spektrum-autyzmu\/10-rzeczy-ktore-osoba-z-autyzmem-chce-abys-zaakceptowal\/#breadcrumb"},"inLanguage":"pl-PL","potentialAction":[{"@type":"ReadAction","target":["https:\/\/www.diagnostyka-umyslu.pl\/blog\/spektrum-autyzmu\/10-rzeczy-ktore-osoba-z-autyzmem-chce-abys-zaakceptowal\/"]}]},{"@type":"BreadcrumbList","@id":"https:\/\/www.diagnostyka-umyslu.pl\/blog\/spektrum-autyzmu\/10-rzeczy-ktore-osoba-z-autyzmem-chce-abys-zaakceptowal\/#breadcrumb","itemListElement":[{"@type":"ListItem","position":1,"name":"Strona g\u0142\u00f3wna","item":"https:\/\/www.diagnostyka-umyslu.pl\/blog\/"},{"@type":"ListItem","position":2,"name":"Spektrum Autyzmu","item":"https:\/\/www.diagnostyka-umyslu.pl\/blog\/spektrum-autyzmu\/"},{"@type":"ListItem","position":3,"name":"10 rzeczy, kt\u00f3re osoba z autyzmem chce, aby\u015b zaakceptowa\u0142"}]},{"@type":"Article","@id":"https:\/\/www.diagnostyka-umyslu.pl\/blog\/spektrum-autyzmu\/10-rzeczy-ktore-osoba-z-autyzmem-chce-abys-zaakceptowal\/#article","isPartOf":{"@id":"https:\/\/www.diagnostyka-umyslu.pl\/blog\/spektrum-autyzmu\/10-rzeczy-ktore-osoba-z-autyzmem-chce-abys-zaakceptowal\/#webpage"},"author":{"@id":"https:\/\/www.diagnostyka-umyslu.pl\/blog\/#\/schema\/person\/8eb1bcaf59fea75c780c11946f4e3490"},"headline":"10 rzeczy, kt\u00f3re osoba z autyzmem chce, aby\u015b zaakceptowa\u0142","datePublished":"2022-06-13T06:00:35+00:00","dateModified":"2022-07-08T09:12:35+00:00","mainEntityOfPage":{"@id":"https:\/\/www.diagnostyka-umyslu.pl\/blog\/spektrum-autyzmu\/10-rzeczy-ktore-osoba-z-autyzmem-chce-abys-zaakceptowal\/#webpage"},"wordCount":591,"publisher":{"@id":"https:\/\/www.diagnostyka-umyslu.pl\/blog\/#organization"},"image":{"@id":"https:\/\/www.diagnostyka-umyslu.pl\/blog\/spektrum-autyzmu\/10-rzeczy-ktore-osoba-z-autyzmem-chce-abys-zaakceptowal\/#primaryimage"},"thumbnailUrl":"https:\/\/www.diagnostyka-umyslu.pl\/blog\/wp-content\/uploads\/2022\/07\/bg_top_default.jpg","articleSection":["Spektrum Autyzmu"],"inLanguage":"pl-PL"},{"@type":"Person","@id":"https:\/\/www.diagnostyka-umyslu.pl\/blog\/#\/schema\/person\/8eb1bcaf59fea75c780c11946f4e3490","name":"Diagnostyka Umys\u0142u","image":{"@type":"ImageObject","@id":"https:\/\/www.diagnostyka-umyslu.pl\/blog\/#personlogo","inLanguage":"pl-PL","url":"https:\/\/secure.gravatar.com\/avatar\/6743211f010801ea26aa9423a2daab37?s=96&d=mm&r=g","contentUrl":"https:\/\/secure.gravatar.com\/avatar\/6743211f010801ea26aa9423a2daab37?s=96&d=mm&r=g","caption":"Diagnostyka Umys\u0142u"},"sameAs":["https:\/\/www.diagnostyka-umyslu.pl\/blog"],"url":"https:\/\/www.diagnostyka-umyslu.pl\/blog\/author\/diagnostyka-umyslu\/"}]}},"amp_enabled":true,"_links":{"self":[{"href":"https:\/\/www.diagnostyka-umyslu.pl\/blog\/wp-json\/wp\/v2\/posts\/1264"}],"collection":[{"href":"https:\/\/www.diagnostyka-umyslu.pl\/blog\/wp-json\/wp\/v2\/posts"}],"about":[{"href":"https:\/\/www.diagnostyka-umyslu.pl\/blog\/wp-json\/wp\/v2\/types\/post"}],"author":[{"embeddable":true,"href":"https:\/\/www.diagnostyka-umyslu.pl\/blog\/wp-json\/wp\/v2\/users\/1"}],"replies":[{"embeddable":true,"href":"https:\/\/www.diagnostyka-umyslu.pl\/blog\/wp-json\/wp\/v2\/comments?post=1264"}],"version-history":[{"count":1,"href":"https:\/\/www.diagnostyka-umyslu.pl\/blog\/wp-json\/wp\/v2\/posts\/1264\/revisions"}],"predecessor-version":[{"id":1266,"href":"https:\/\/www.diagnostyka-umyslu.pl\/blog\/wp-json\/wp\/v2\/posts\/1264\/revisions\/1266"}],"wp:featuredmedia":[{"embeddable":true,"href":"https:\/\/www.diagnostyka-umyslu.pl\/blog\/wp-json\/wp\/v2\/media\/1825"}],"wp:attachment":[{"href":"https:\/\/www.diagnostyka-umyslu.pl\/blog\/wp-json\/wp\/v2\/media?parent=1264"}],"wp:term":[{"taxonomy":"category","embeddable":true,"href":"https:\/\/www.diagnostyka-umyslu.pl\/blog\/wp-json\/wp\/v2\/categories?post=1264"},{"taxonomy":"post_tag","embeddable":true,"href":"https:\/\/www.diagnostyka-umyslu.pl\/blog\/wp-json\/wp\/v2\/tags?post=1264"}],"curies":[{"name":"wp","href":"https:\/\/api.w.org\/{rel}","templated":true}]}}