{"id":1325,"date":"2022-06-06T18:38:52","date_gmt":"2022-06-06T16:38:52","guid":{"rendered":"https:\/\/www.diagnostyka-umyslu.pl\/blog\/?p=1325"},"modified":"2022-07-08T11:15:41","modified_gmt":"2022-07-08T09:15:41","slug":"jak-radzic-sobie-z-atakiem-depresji","status":"publish","type":"post","link":"https:\/\/www.diagnostyka-umyslu.pl\/blog\/depresja\/jak-radzic-sobie-z-atakiem-depresji\/","title":{"rendered":"Jak radzi\u0107 sobie z atakiem depresji?"},"content":{"rendered":"<p>Czasami nieprzyjemne wydarzenia sytuacyjne mog\u0105 obni\u017ca\u0107 wysoki nastr\u00f3j i powodowa\u0107 uczucie niepokoju i zdenerwowania. Mo\u017ce to by\u0107 bardzo silny cios emocjonalny, do tego stopnia, \u017ce b\u0119dziesz stale odczuwa\u0107 niepok\u00f3j z powodu tych zdarze\u0144. Do\u015bwiadczenie to mo\u017ce by\u0107 na tyle niepokoj\u0105ce, \u017ce mo\u017ce spontanicznie wywo\u0142a\u0107 epizod depresyjny.<\/p>\n<p>Na nastr\u00f3j mog\u0105 wp\u0142ywa\u0107 r\u00f3\u017cne sytuacje. Czasami w \u017cyciu pacjenta zachodz\u0105 zmiany lub podejmuje on nowe obowi\u0105zki, kt\u00f3re mog\u0105 negatywnie wp\u0142yn\u0105\u0107 na jego nastr\u00f3j i sprawi\u0107, \u017ce poczuje, \u017ce sprawy nie maj\u0105 si\u0119 tak, jak powinny. Mo\u017ce to sk\u0142ania\u0107 do podejmowania osobistych wysi\u0142k\u00f3w, by wszystko wr\u00f3ci\u0142o do normy, ale nadal ma si\u0119 poczucie wp\u0142ywu na emocje, czuje si\u0119 samotnym, zm\u0119czonym, zagubionym i brakuje mu energii do efektywnego funkcjonowania. Jak najwcze\u015bniejsze rozpoznanie i opanowanie objaw\u00f3w depresji mo\u017ce pom\u00f3c w powstrzymaniu &#8220;epizod\u00f3w depresji&#8221;.<\/p>\n<h4>Co to jest napad lub epizod du\u017cej depresji?<\/h4>\n<p>Wed\u0142ug <em>Narodowego Instytutu Zdrowia Psychicznego<\/em> (NIMH), aby zdiagnozowa\u0107 depresj\u0119, objawy musz\u0105 utrzymywa\u0107 si\u0119 przez 2 tygodnie lub d\u0142u\u017cej. Oznacza to, \u017ce epizod du\u017cej depresji dotyczy okresu 14 dni lub d\u0142u\u017cszego. U pacjenta wyst\u0119puj\u0105 specyficzne objawy depresji, takie jak poczucie smutku i beznadziejno\u015bci, zmiany wagi, zm\u0119czenie, utrata zainteresowania czynno\u015bciami, kt\u00f3re kiedy\u015b sprawia\u0142y mu przyjemno\u015b\u0107, problemy ze snem, my\u015bli o \u015bmierci lub samob\u00f3jstwie. Badania wykazuj\u0105, \u017ce osoby, u kt\u00f3rych zdiagnozowano du\u017c\u0105 depresj\u0119, mog\u0105 mie\u0107 tendencj\u0119 do okresowego nawracania epizod\u00f3w depresyjnych.<\/p>\n<p>Ameryka\u0144skie Towarzystwo Psychiatryczne (APA) okre\u015bla du\u017c\u0105 depresj\u0119 jako powszechn\u0105 i powa\u017cn\u0105 chorob\u0119 psychiczn\u0105. \u015awiatowa Organizacja Zdrowia (WHO) uwa\u017ca j\u0105 za powszechne zaburzenie psychiczne, na kt\u00f3re cierpi ponad 264 miliony ludzi na ca\u0142ym \u015bwiecie. Jako zaburzenie nastroju, du\u017ca depresja charakteryzuje si\u0119 niezdrowymi wzorcami emocji i my\u015bli. Epizody depresyjne czasami powracaj\u0105. Dlatego okres, w kt\u00f3rym wyst\u0119puj\u0105 objawy, jest okre\u015blany jako &#8220;epizod depresyjny&#8221;.<\/p>\n<h4>Jakie s\u0105 objawy du\u017cego epizodu depresyjnego?<\/h4>\n<p>Kryteria diagnostyczne du\u017cej depresji obejmuj\u0105 dziewi\u0119\u0107 mo\u017cliwych objaw\u00f3w. Aby spe\u0142ni\u0107 kryteria, pacjent musi do\u015bwiadcza\u0107 pi\u0119ciu lub wi\u0119cej objaw\u00f3w i odczuwa\u0107 znaczne pogorszenie samopoczucia z powodu tych objaw\u00f3w przez dwa tygodnie (epizod depresyjny). Poni\u017cej wymieniono dziewi\u0119\u0107 potencjalnych objaw\u00f3w epizod\u00f3w du\u017cej depresji:<\/p>\n<ul>\n<li><strong>Utrata zainteresowa\u0144<\/strong>: Utrata zainteresowania lub przyjemno\u015bci z czynno\u015bci, kt\u00f3re kiedy\u015b sprawia\u0142y przyjemno\u015b\u0107, jest cz\u0119stym objawem epizod\u00f3w du\u017cej depresji. Czynno\u015bci te mog\u0105 obejmowa\u0107 obowi\u0105zki domowe, hobby, szko\u0142\u0119 lub prac\u0119.<\/li>\n<li><strong>Przygn\u0119biony nastr\u00f3j<\/strong>: Epizody du\u017cej depresji charakteryzuj\u0105 si\u0119 uczuciem smutku i pesymizmu, kt\u00f3re s\u0105 trwa\u0142e i intensywne. Mog\u0105 si\u0119 one objawia\u0107 dra\u017cliwo\u015bci\u0105.<\/li>\n<li><strong>Zmiany masy cia\u0142a<\/strong>: Mo\u017ce wyst\u0105pi\u0107 utrata lub przyrost masy cia\u0142a. Ten proces przemiany jest niezamierzony, ale wywo\u0142any utrat\u0105 apetytu lub przejadaniem si\u0119.<\/li>\n<li><strong>Problemy ze snem<\/strong>: Zmiany snu mog\u0105 mie\u0107 charakter bezsenno\u015bci (trudno\u015bci z zasypianiem) lub hipersomnii (nadmierna senno\u015b\u0107).<\/li>\n<li><strong>Zm\u0119czenie<\/strong>: Poprzedni objaw (bezsenno\u015b\u0107 lub niedob\u00f3r snu) mo\u017ce powodowa\u0107 zm\u0119czenie i spadek energii, kt\u00f3ry jest wi\u0119kszy ni\u017c zwykle i niewyt\u0142umaczalny.<\/li>\n<li><strong>Pobudzenie lub op\u00f3\u017anienie<\/strong>: Depresja mo\u017ce powodowa\u0107 niepok\u00f3j i pobudzenie. Mo\u017ce to r\u00f3wnie\u017c \u015bwiadczy\u0107 o obni\u017ceniu nastroju, na przyk\u0142ad w zakresie reakcji na rozmowy, co mo\u017ce by\u0107 zauwa\u017calne dla os\u00f3b z otoczenia.<\/li>\n<li><strong>Upo\u015bledzenie my\u015blenia<\/strong>: Powa\u017cna depresja mo\u017ce r\u00f3wnie\u017c wp\u0142ywa\u0107 na funkcje poznawcze. Mo\u017ce powodowa\u0107 trudno\u015bci z koncentracj\u0105, skupieniem uwagi lub podejmowaniem decyzji.<\/li>\n<li><strong>Nadmierne poczucie winy:<\/strong> Osoba do\u015bwiadczaj\u0105ca depresji ma wi\u0119ksze sk\u0142onno\u015bci do odczuwania poczucia winy, a czasem wstydu. Pacjent mo\u017ce tak\u017ce postrzega\u0107 siebie jako osob\u0119 bezwarto\u015bciow\u0105 lub bezcelow\u0105.<\/li>\n<li><strong>My\u015bli o \u015bmierci lub samob\u00f3jstwie<\/strong>: Epizod du\u017cej depresji mo\u017ce wi\u0105za\u0107 si\u0119 z my\u015blami o samob\u00f3jstwie, \u015bmierci, pr\u00f3bach samob\u00f3jczych lub planach samob\u00f3jczych.<\/li>\n<\/ul>\n<h4>Jak zaczyna si\u0119 depresja?<\/h4>\n<p>Depresja mo\u017ce pojawi\u0107 si\u0119 po traumatycznych wydarzeniach (takich jak wypadek lub zn\u0119canie si\u0119), znacz\u0105cej zmianie, nag\u0142ej utracie bliskiej osoby lub pracy. Takie zdarzenia sytuacyjne mog\u0105 powodowa\u0107 zwi\u0119kszon\u0105 produkcj\u0119 hormon\u00f3w stresu w m\u00f3zgu, kt\u00f3re mog\u0105 utorowa\u0107 drog\u0119 objawom depresji, a\u017c do momentu, gdy zaczniemy odczuwa\u0107, \u017ce co\u015b jest nie w porz\u0105dku. Pozornie objawy pojawiaj\u0105 si\u0119 nagle, ale w rzeczywisto\u015bci jest to proces, w kt\u00f3rym substancje chemiczne w m\u00f3zgu zmieniaj\u0105 si\u0119 w odpowiedzi na stres. Zanim zaczniesz to zauwa\u017ca\u0107, mo\u017ce to mie\u0107 wp\u0142yw na Twoje zdrowie.<\/p>\n<h4>Jak d\u0142ugo mo\u017ce trwa\u0107 depresja?<\/h4>\n<p>Mo\u017ce trwa\u0107 przez d\u0142u\u017cszy czas, je\u015bli niech\u0119tnie zajmiesz si\u0119 ni\u0105 jak najwcze\u015bniej. Po zauwa\u017ceniu wy\u017cej wymienionych zmian najlepiej jest podj\u0105\u0107 natychmiastowe dzia\u0142ania. Bardzo wa\u017cne jest, aby szuka\u0107 pomocy w przypadku depresji lub poszuka\u0107 sposobu na sprawdzenie, czy to, czego do\u015bwiadczasz, to objawy depresji &#8211; aby to wyja\u015bni\u0107 rozwi\u0105\u017c wst\u0119pny internetowy test na depresj\u0119.<\/p>\n<h4>Jak radzi\u0107 sobie z epizodem depresji?<\/h4>\n<p>Nag\u0142e pojawienie si\u0119 depresji mo\u017ce wi\u0105za\u0107 si\u0119 z poczuciem beznadziejno\u015bci i przekonaniem, \u017ce nie ma sposobu na wyj\u015bcie z trudnej sytuacji. W zwi\u0105zku z tym mo\u017cesz mie\u0107 poczucie, \u017ce szkoda czasu na pr\u00f3by zaradzenia temu problemowi. Dobra wiadomo\u015b\u0107 jest taka, \u017ce depresj\u0119 mo\u017cna leczy\u0107. Aby poradzi\u0107 sobie z epizodem depresyjnym, nale\u017cy podj\u0105\u0107 pewne kroki, kt\u00f3re skutecznie pomog\u0105 zmniejszy\u0107 objawy depresji i skr\u00f3ci\u0107 czas jej trwania. Poni\u017cej przedstawiono mo\u017cliwo\u015bci leczenia:<\/p>\n<ul>\n<li><strong>Terapia<\/strong>: Terapia jest powszechnie stosowan\u0105 metod\u0105 leczenia zaburze\u0144 psychicznych. Na szcz\u0119\u015bcie sprawdza si\u0119 ona tak\u017ce w przypadku epizodu depresyjnego. Istniej\u0105 wyszkoleni terapeuci, z kt\u00f3rymi mo\u017cna porozmawia\u0107 o swoim stanie. Terapeuta b\u0119dzie wiedzia\u0142, jaka forma terapii jest najlepsza dla danego stanu i jak zaplanowa\u0107 sesje.<\/li>\n<li><strong>Leki<\/strong>: W leczeniu depresji najcz\u0119\u015bciej przepisuje si\u0119 leki, takie jak antydepresanty. Nale\u017cy je stosowa\u0107 \u015bci\u015ble wed\u0142ug recepty wydanej przez psychiatr\u0119. Nale\u017cy unika\u0107 ich odstawiania (nawet gdy zaczyna si\u0119 zauwa\u017ca\u0107 popraw\u0119) bez powiadomienia lekarza &#8211; nag\u0142e odstawienie mo\u017ce mie\u0107 szkodliwe skutki.<\/li>\n<li><strong>Wsparcie ze strony przyjaci\u00f3\u0142 i rodziny<\/strong>: Twoi bliscy mog\u0105 okaza\u0107 si\u0119 bardzo pomocni. Nie wahaj si\u0119 zwr\u00f3ci\u0107 do swoich bliskich przyjaci\u00f3\u0142 i cz\u0142onk\u00f3w rodziny. Mog\u0105 oni udzieli\u0107 Ci wsparcia i podj\u0105\u0107 aktywne dzia\u0142ania, kt\u00f3re mog\u0105 by\u0107 korzystne dla Twojego zdrowia.<\/li>\n<li><strong>Do\u0142\u0105cz do grupy wsparcia<\/strong>: Istniej\u0105 grupy wsparcia dla os\u00f3b cierpi\u0105cych na podobne problemy zwi\u0105zane ze zdrowiem psychicznym. Taka grupa mo\u017ce przynie\u015b\u0107 wiele korzy\u015bci, kt\u00f3re pomog\u0105 ci zn\u00f3w stan\u0105\u0107 na nogi. Je\u015bli potrzebujesz pomocy w wyborze grupy, kt\u00f3ra najlepiej pasuje do twojego stanu, spr\u00f3buj porozmawia\u0107 z terapeut\u0105.<\/li>\n<li><strong>Zmiany stylu \u017cycia<\/strong>: Istniej\u0105 strategie samoopieki, kt\u00f3re mog\u0105 pom\u00f3c w radzeniu sobie z epizodem depresji. Mog\u0105 one obejmowa\u0107 stosowanie zdrowej diety, unikanie alkoholu i narkotyk\u00f3w, odpowiedni\u0105 ilo\u015b\u0107 snu, medytacj\u0119, regularne \u0107wiczenia fizyczne, aktywne zwalczanie natr\u0119tnych my\u015bli lub wykonywanie czynno\u015bci, kt\u00f3re kiedy\u015b sprawia\u0142y przyjemno\u015b\u0107.<\/li>\n<\/ul>\n<p>Ponadto nale\u017cy stara\u0107 si\u0119 pozna\u0107 czynniki wywo\u0142uj\u0105ce depresj\u0119. Czynniki wyzwalaj\u0105ce epizod depresyjny to znaki ostrzegawcze, na kt\u00f3re warto zwraca\u0107 uwag\u0119. Nale\u017cy zastanowi\u0107 si\u0119 nad wydarzeniami, kt\u00f3re mog\u0105 wywo\u0142ywa\u0107 zachowania lub my\u015bli. Po ich zidentyfikowaniu spr\u00f3buj porozmawia\u0107 z terapeut\u0105 lub cz\u0142onkiem rodziny. Na podstawie bada\u0144 odkryto, \u017ce czynnikami odpowiedzialnymi za nag\u0142e zmiany nastroju s\u0105 czasem stres lub zmiana stylu \u017cycia. Na przyk\u0142ad, niekt\u00f3re kobiety mog\u0105 by\u0107 predysponowane do wyst\u0105pienia objaw\u00f3w depresji, je\u015bli do\u015bwiadczaj\u0105 zespo\u0142u napi\u0119cia przedmiesi\u0105czkowego (PMS) &#8211; ze wzgl\u0119du na wyst\u0119powanie zmian hormonalnych mo\u017ce to wyd\u0142u\u017ca\u0107 okres wyst\u0119powania objaw\u00f3w. Niekt\u00f3re osoby do\u015bwiadczaj\u0105 depresji i przewlek\u0142ej choroby fizycznej w tym samym czasie.<\/p>\n<p>R\u00f3wnie\u017c pewne zmiany w sytuacji osobistej mog\u0105 wywo\u0142a\u0107 objawy depresyjne. Mo\u017ce to by\u0107 np. rozw\u00f3d, utrata bliskiej osoby lub pracy. Ponadto, zgodnie z badaniami, na emocje ludzi maj\u0105 wp\u0142yw zmiany pogody. Ta forma depresji (sezonowe zaburzenie afektywne) wyst\u0119puje, gdy dost\u0119p do \u015bwiat\u0142a s\u0142onecznego jest ograniczony. Ograniczona ekspozycja na \u015bwiat\u0142o s\u0142oneczne mo\u017ce prowadzi\u0107 do zaburze\u0144 rytmu snu.<\/p>\n<ul>\n<li><strong>Nie panikuj<\/strong>: Nie wolno panikowa\u0107, zw\u0142aszcza na pocz\u0105tku depresji; spr\u00f3buj wzi\u0105\u0107 kilka bardzo g\u0142\u0119bokich oddech\u00f3w i uspok\u00f3j si\u0119, m\u00f3wi\u0105c sobie, \u017ce dasz sobie rad\u0119. Nale\u017cy te\u017c zrozumie\u0107, \u017ce objawy nie b\u0119d\u0105 trwa\u0142y wiecznie.<\/li>\n<li><strong> Kontynuuj czynno\u015bci, kt\u00f3rymi straci\u0142e\u015b zainteresowanie<\/strong>: Epizod depresji mo\u017ce wi\u0105za\u0107 si\u0119 z utrat\u0105 zainteresowania lub przyjemno\u015bci z czynno\u015bci, kt\u00f3re wcze\u015bniej sprawia\u0142y Ci przyjemno\u015b\u0107. Mo\u017cesz zrobi\u0107 co innego, aby poprawi\u0107 sw\u00f3j stan. Staraj si\u0119 kontynuowa\u0107 takie dzia\u0142ania spo\u0142eczne, nawet je\u015bli nie sprawia ci to ju\u017c przyjemno\u015bci. Im bardziej si\u0119 w nie anga\u017cujesz i starasz si\u0119 sprawi\u0107 sobie przyjemno\u015b\u0107 i poczu\u0107 si\u0119 wolnym, tym mniej odczuwasz przygn\u0119bienie.<\/li>\n<\/ul>\n<p><span style=\"text-decoration: underline;\">Wi\u0119cej informacji<\/span>:<\/p>\n<ul>\n<li><em>mind-diagnostics.org\/blog\/depression\/how-to-deal-with-a-depression-attack<\/em><\/li>\n<\/ul>\n","protected":false},"excerpt":{"rendered":"<p>Czasami nieprzyjemne wydarzenia sytuacyjne mog\u0105 obni\u017ca\u0107 wysoki nastr\u00f3j i powodowa\u0107 uczucie niepokoju i zdenerwowania. Mo\u017ce to by\u0107 bardzo silny cios emocjonalny, do tego stopnia, \u017ce&#8230;<\/p>\n","protected":false},"author":1,"featured_media":1825,"comment_status":"closed","ping_status":"open","sticky":false,"template":"","format":"standard","meta":[],"categories":[289],"tags":[308,311,312,310,309],"yoast_head":"<!-- This site is optimized with the Yoast SEO plugin v18.1 - https:\/\/yoast.com\/wordpress\/plugins\/seo\/ -->\n<title>Jak radzi\u0107 sobie z atakiem depresji? - Diagnostyka Umys\u0142u<\/title>\n<meta name=\"robots\" content=\"index, follow, max-snippet:-1, max-image-preview:large, max-video-preview:-1\" \/>\n<link rel=\"canonical\" href=\"https:\/\/www.diagnostyka-umyslu.pl\/blog\/depresja\/jak-radzic-sobie-z-atakiem-depresji\/\" \/>\n<meta property=\"og:locale\" content=\"pl_PL\" \/>\n<meta property=\"og:type\" content=\"article\" \/>\n<meta property=\"og:title\" content=\"Jak radzi\u0107 sobie z atakiem depresji? - Diagnostyka Umys\u0142u\" \/>\n<meta property=\"og:description\" content=\"Czasami nieprzyjemne wydarzenia sytuacyjne mog\u0105 obni\u017ca\u0107 wysoki nastr\u00f3j i powodowa\u0107 uczucie niepokoju i zdenerwowania. Mo\u017ce to by\u0107 bardzo silny cios emocjonalny, do tego stopnia, \u017ce...\" \/>\n<meta property=\"og:url\" content=\"https:\/\/www.diagnostyka-umyslu.pl\/blog\/depresja\/jak-radzic-sobie-z-atakiem-depresji\/\" \/>\n<meta property=\"og:site_name\" content=\"Diagnostyka Umys\u0142u\" \/>\n<meta property=\"article:published_time\" content=\"2022-06-06T16:38:52+00:00\" \/>\n<meta property=\"article:modified_time\" content=\"2022-07-08T09:15:41+00:00\" \/>\n<meta property=\"og:image\" content=\"https:\/\/www.diagnostyka-umyslu.pl\/blog\/wp-content\/uploads\/2022\/07\/bg_top_default.jpg\" \/>\n\t<meta property=\"og:image:width\" content=\"840\" \/>\n\t<meta property=\"og:image:height\" content=\"202\" \/>\n\t<meta property=\"og:image:type\" content=\"image\/jpeg\" \/>\n<meta name=\"twitter:card\" content=\"summary_large_image\" \/>\n<meta name=\"twitter:label1\" content=\"Napisane przez\" \/>\n\t<meta name=\"twitter:data1\" content=\"Diagnostyka Umys\u0142u\" \/>\n\t<meta name=\"twitter:label2\" content=\"Szacowany czas czytania\" \/>\n\t<meta name=\"twitter:data2\" content=\"8 minut\" \/>\n<script type=\"application\/ld+json\" class=\"yoast-schema-graph\">{\"@context\":\"https:\/\/schema.org\",\"@graph\":[{\"@type\":\"Organization\",\"@id\":\"https:\/\/www.diagnostyka-umyslu.pl\/blog\/#organization\",\"name\":\"Diagnostyka Umys\u0142u\",\"url\":\"https:\/\/www.diagnostyka-umyslu.pl\/blog\/\",\"sameAs\":[],\"logo\":{\"@type\":\"ImageObject\",\"@id\":\"https:\/\/www.diagnostyka-umyslu.pl\/blog\/#logo\",\"inLanguage\":\"pl-PL\",\"url\":\"https:\/\/www.diagnostyka-umyslu.pl\/blog\/wp-content\/uploads\/2021\/05\/logo.png\",\"contentUrl\":\"https:\/\/www.diagnostyka-umyslu.pl\/blog\/wp-content\/uploads\/2021\/05\/logo.png\",\"width\":236,\"height\":81,\"caption\":\"Diagnostyka Umys\u0142u\"},\"image\":{\"@id\":\"https:\/\/www.diagnostyka-umyslu.pl\/blog\/#logo\"}},{\"@type\":\"WebSite\",\"@id\":\"https:\/\/www.diagnostyka-umyslu.pl\/blog\/#website\",\"url\":\"https:\/\/www.diagnostyka-umyslu.pl\/blog\/\",\"name\":\"Diagnostyka Umys\u0142u\",\"description\":\"Blog o zaburzeniach umys\u0142u\",\"publisher\":{\"@id\":\"https:\/\/www.diagnostyka-umyslu.pl\/blog\/#organization\"},\"potentialAction\":[{\"@type\":\"SearchAction\",\"target\":{\"@type\":\"EntryPoint\",\"urlTemplate\":\"https:\/\/www.diagnostyka-umyslu.pl\/blog\/?s={search_term_string}\"},\"query-input\":\"required name=search_term_string\"}],\"inLanguage\":\"pl-PL\"},{\"@type\":\"ImageObject\",\"@id\":\"https:\/\/www.diagnostyka-umyslu.pl\/blog\/depresja\/jak-radzic-sobie-z-atakiem-depresji\/#primaryimage\",\"inLanguage\":\"pl-PL\",\"url\":\"https:\/\/www.diagnostyka-umyslu.pl\/blog\/wp-content\/uploads\/2022\/07\/bg_top_default.jpg\",\"contentUrl\":\"https:\/\/www.diagnostyka-umyslu.pl\/blog\/wp-content\/uploads\/2022\/07\/bg_top_default.jpg\",\"width\":840,\"height\":202},{\"@type\":\"WebPage\",\"@id\":\"https:\/\/www.diagnostyka-umyslu.pl\/blog\/depresja\/jak-radzic-sobie-z-atakiem-depresji\/#webpage\",\"url\":\"https:\/\/www.diagnostyka-umyslu.pl\/blog\/depresja\/jak-radzic-sobie-z-atakiem-depresji\/\",\"name\":\"Jak radzi\u0107 sobie z atakiem depresji? - Diagnostyka Umys\u0142u\",\"isPartOf\":{\"@id\":\"https:\/\/www.diagnostyka-umyslu.pl\/blog\/#website\"},\"primaryImageOfPage\":{\"@id\":\"https:\/\/www.diagnostyka-umyslu.pl\/blog\/depresja\/jak-radzic-sobie-z-atakiem-depresji\/#primaryimage\"},\"datePublished\":\"2022-06-06T16:38:52+00:00\",\"dateModified\":\"2022-07-08T09:15:41+00:00\",\"breadcrumb\":{\"@id\":\"https:\/\/www.diagnostyka-umyslu.pl\/blog\/depresja\/jak-radzic-sobie-z-atakiem-depresji\/#breadcrumb\"},\"inLanguage\":\"pl-PL\",\"potentialAction\":[{\"@type\":\"ReadAction\",\"target\":[\"https:\/\/www.diagnostyka-umyslu.pl\/blog\/depresja\/jak-radzic-sobie-z-atakiem-depresji\/\"]}]},{\"@type\":\"BreadcrumbList\",\"@id\":\"https:\/\/www.diagnostyka-umyslu.pl\/blog\/depresja\/jak-radzic-sobie-z-atakiem-depresji\/#breadcrumb\",\"itemListElement\":[{\"@type\":\"ListItem\",\"position\":1,\"name\":\"Strona g\u0142\u00f3wna\",\"item\":\"https:\/\/www.diagnostyka-umyslu.pl\/blog\/\"},{\"@type\":\"ListItem\",\"position\":2,\"name\":\"Depresja\",\"item\":\"https:\/\/www.diagnostyka-umyslu.pl\/blog\/depresja\/\"},{\"@type\":\"ListItem\",\"position\":3,\"name\":\"Jak radzi\u0107 sobie z atakiem depresji?\"}]},{\"@type\":\"Article\",\"@id\":\"https:\/\/www.diagnostyka-umyslu.pl\/blog\/depresja\/jak-radzic-sobie-z-atakiem-depresji\/#article\",\"isPartOf\":{\"@id\":\"https:\/\/www.diagnostyka-umyslu.pl\/blog\/depresja\/jak-radzic-sobie-z-atakiem-depresji\/#webpage\"},\"author\":{\"@id\":\"https:\/\/www.diagnostyka-umyslu.pl\/blog\/#\/schema\/person\/8eb1bcaf59fea75c780c11946f4e3490\"},\"headline\":\"Jak radzi\u0107 sobie z atakiem depresji?\",\"datePublished\":\"2022-06-06T16:38:52+00:00\",\"dateModified\":\"2022-07-08T09:15:41+00:00\",\"mainEntityOfPage\":{\"@id\":\"https:\/\/www.diagnostyka-umyslu.pl\/blog\/depresja\/jak-radzic-sobie-z-atakiem-depresji\/#webpage\"},\"wordCount\":1515,\"publisher\":{\"@id\":\"https:\/\/www.diagnostyka-umyslu.pl\/blog\/#organization\"},\"image\":{\"@id\":\"https:\/\/www.diagnostyka-umyslu.pl\/blog\/depresja\/jak-radzic-sobie-z-atakiem-depresji\/#primaryimage\"},\"thumbnailUrl\":\"https:\/\/www.diagnostyka-umyslu.pl\/blog\/wp-content\/uploads\/2022\/07\/bg_top_default.jpg\",\"keywords\":[\"Co to jest napad lub epizod du\u017cej depresji?\",\"Jak d\u0142ugo mo\u017ce trwa\u0107 depresja?\",\"Jak radzi\u0107 sobie z epizodem depresji?\",\"Jak zaczyna si\u0119 depresja?\",\"Jakie s\u0105 objawy du\u017cego epizodu depresyjnego?\"],\"articleSection\":[\"Depresja\"],\"inLanguage\":\"pl-PL\"},{\"@type\":\"Person\",\"@id\":\"https:\/\/www.diagnostyka-umyslu.pl\/blog\/#\/schema\/person\/8eb1bcaf59fea75c780c11946f4e3490\",\"name\":\"Diagnostyka Umys\u0142u\",\"image\":{\"@type\":\"ImageObject\",\"@id\":\"https:\/\/www.diagnostyka-umyslu.pl\/blog\/#personlogo\",\"inLanguage\":\"pl-PL\",\"url\":\"https:\/\/secure.gravatar.com\/avatar\/6743211f010801ea26aa9423a2daab37?s=96&d=mm&r=g\",\"contentUrl\":\"https:\/\/secure.gravatar.com\/avatar\/6743211f010801ea26aa9423a2daab37?s=96&d=mm&r=g\",\"caption\":\"Diagnostyka Umys\u0142u\"},\"sameAs\":[\"https:\/\/www.diagnostyka-umyslu.pl\/blog\"],\"url\":\"https:\/\/www.diagnostyka-umyslu.pl\/blog\/author\/diagnostyka-umyslu\/\"}]}<\/script>\n<!-- \/ Yoast SEO plugin. -->","yoast_head_json":{"title":"Jak radzi\u0107 sobie z atakiem depresji? - Diagnostyka Umys\u0142u","robots":{"index":"index","follow":"follow","max-snippet":"max-snippet:-1","max-image-preview":"max-image-preview:large","max-video-preview":"max-video-preview:-1"},"canonical":"https:\/\/www.diagnostyka-umyslu.pl\/blog\/depresja\/jak-radzic-sobie-z-atakiem-depresji\/","og_locale":"pl_PL","og_type":"article","og_title":"Jak radzi\u0107 sobie z atakiem depresji? - Diagnostyka Umys\u0142u","og_description":"Czasami nieprzyjemne wydarzenia sytuacyjne mog\u0105 obni\u017ca\u0107 wysoki nastr\u00f3j i powodowa\u0107 uczucie niepokoju i zdenerwowania. Mo\u017ce to by\u0107 bardzo silny cios emocjonalny, do tego stopnia, \u017ce...","og_url":"https:\/\/www.diagnostyka-umyslu.pl\/blog\/depresja\/jak-radzic-sobie-z-atakiem-depresji\/","og_site_name":"Diagnostyka Umys\u0142u","article_published_time":"2022-06-06T16:38:52+00:00","article_modified_time":"2022-07-08T09:15:41+00:00","og_image":[{"width":840,"height":202,"url":"https:\/\/www.diagnostyka-umyslu.pl\/blog\/wp-content\/uploads\/2022\/07\/bg_top_default.jpg","type":"image\/jpeg"}],"twitter_card":"summary_large_image","twitter_misc":{"Napisane przez":"Diagnostyka Umys\u0142u","Szacowany czas czytania":"8 minut"},"schema":{"@context":"https:\/\/schema.org","@graph":[{"@type":"Organization","@id":"https:\/\/www.diagnostyka-umyslu.pl\/blog\/#organization","name":"Diagnostyka Umys\u0142u","url":"https:\/\/www.diagnostyka-umyslu.pl\/blog\/","sameAs":[],"logo":{"@type":"ImageObject","@id":"https:\/\/www.diagnostyka-umyslu.pl\/blog\/#logo","inLanguage":"pl-PL","url":"https:\/\/www.diagnostyka-umyslu.pl\/blog\/wp-content\/uploads\/2021\/05\/logo.png","contentUrl":"https:\/\/www.diagnostyka-umyslu.pl\/blog\/wp-content\/uploads\/2021\/05\/logo.png","width":236,"height":81,"caption":"Diagnostyka Umys\u0142u"},"image":{"@id":"https:\/\/www.diagnostyka-umyslu.pl\/blog\/#logo"}},{"@type":"WebSite","@id":"https:\/\/www.diagnostyka-umyslu.pl\/blog\/#website","url":"https:\/\/www.diagnostyka-umyslu.pl\/blog\/","name":"Diagnostyka Umys\u0142u","description":"Blog o zaburzeniach umys\u0142u","publisher":{"@id":"https:\/\/www.diagnostyka-umyslu.pl\/blog\/#organization"},"potentialAction":[{"@type":"SearchAction","target":{"@type":"EntryPoint","urlTemplate":"https:\/\/www.diagnostyka-umyslu.pl\/blog\/?s={search_term_string}"},"query-input":"required name=search_term_string"}],"inLanguage":"pl-PL"},{"@type":"ImageObject","@id":"https:\/\/www.diagnostyka-umyslu.pl\/blog\/depresja\/jak-radzic-sobie-z-atakiem-depresji\/#primaryimage","inLanguage":"pl-PL","url":"https:\/\/www.diagnostyka-umyslu.pl\/blog\/wp-content\/uploads\/2022\/07\/bg_top_default.jpg","contentUrl":"https:\/\/www.diagnostyka-umyslu.pl\/blog\/wp-content\/uploads\/2022\/07\/bg_top_default.jpg","width":840,"height":202},{"@type":"WebPage","@id":"https:\/\/www.diagnostyka-umyslu.pl\/blog\/depresja\/jak-radzic-sobie-z-atakiem-depresji\/#webpage","url":"https:\/\/www.diagnostyka-umyslu.pl\/blog\/depresja\/jak-radzic-sobie-z-atakiem-depresji\/","name":"Jak radzi\u0107 sobie z atakiem depresji? - Diagnostyka Umys\u0142u","isPartOf":{"@id":"https:\/\/www.diagnostyka-umyslu.pl\/blog\/#website"},"primaryImageOfPage":{"@id":"https:\/\/www.diagnostyka-umyslu.pl\/blog\/depresja\/jak-radzic-sobie-z-atakiem-depresji\/#primaryimage"},"datePublished":"2022-06-06T16:38:52+00:00","dateModified":"2022-07-08T09:15:41+00:00","breadcrumb":{"@id":"https:\/\/www.diagnostyka-umyslu.pl\/blog\/depresja\/jak-radzic-sobie-z-atakiem-depresji\/#breadcrumb"},"inLanguage":"pl-PL","potentialAction":[{"@type":"ReadAction","target":["https:\/\/www.diagnostyka-umyslu.pl\/blog\/depresja\/jak-radzic-sobie-z-atakiem-depresji\/"]}]},{"@type":"BreadcrumbList","@id":"https:\/\/www.diagnostyka-umyslu.pl\/blog\/depresja\/jak-radzic-sobie-z-atakiem-depresji\/#breadcrumb","itemListElement":[{"@type":"ListItem","position":1,"name":"Strona g\u0142\u00f3wna","item":"https:\/\/www.diagnostyka-umyslu.pl\/blog\/"},{"@type":"ListItem","position":2,"name":"Depresja","item":"https:\/\/www.diagnostyka-umyslu.pl\/blog\/depresja\/"},{"@type":"ListItem","position":3,"name":"Jak radzi\u0107 sobie z atakiem depresji?"}]},{"@type":"Article","@id":"https:\/\/www.diagnostyka-umyslu.pl\/blog\/depresja\/jak-radzic-sobie-z-atakiem-depresji\/#article","isPartOf":{"@id":"https:\/\/www.diagnostyka-umyslu.pl\/blog\/depresja\/jak-radzic-sobie-z-atakiem-depresji\/#webpage"},"author":{"@id":"https:\/\/www.diagnostyka-umyslu.pl\/blog\/#\/schema\/person\/8eb1bcaf59fea75c780c11946f4e3490"},"headline":"Jak radzi\u0107 sobie z atakiem depresji?","datePublished":"2022-06-06T16:38:52+00:00","dateModified":"2022-07-08T09:15:41+00:00","mainEntityOfPage":{"@id":"https:\/\/www.diagnostyka-umyslu.pl\/blog\/depresja\/jak-radzic-sobie-z-atakiem-depresji\/#webpage"},"wordCount":1515,"publisher":{"@id":"https:\/\/www.diagnostyka-umyslu.pl\/blog\/#organization"},"image":{"@id":"https:\/\/www.diagnostyka-umyslu.pl\/blog\/depresja\/jak-radzic-sobie-z-atakiem-depresji\/#primaryimage"},"thumbnailUrl":"https:\/\/www.diagnostyka-umyslu.pl\/blog\/wp-content\/uploads\/2022\/07\/bg_top_default.jpg","keywords":["Co to jest napad lub epizod du\u017cej depresji?","Jak d\u0142ugo mo\u017ce trwa\u0107 depresja?","Jak radzi\u0107 sobie z epizodem depresji?","Jak zaczyna si\u0119 depresja?","Jakie s\u0105 objawy du\u017cego epizodu depresyjnego?"],"articleSection":["Depresja"],"inLanguage":"pl-PL"},{"@type":"Person","@id":"https:\/\/www.diagnostyka-umyslu.pl\/blog\/#\/schema\/person\/8eb1bcaf59fea75c780c11946f4e3490","name":"Diagnostyka Umys\u0142u","image":{"@type":"ImageObject","@id":"https:\/\/www.diagnostyka-umyslu.pl\/blog\/#personlogo","inLanguage":"pl-PL","url":"https:\/\/secure.gravatar.com\/avatar\/6743211f010801ea26aa9423a2daab37?s=96&d=mm&r=g","contentUrl":"https:\/\/secure.gravatar.com\/avatar\/6743211f010801ea26aa9423a2daab37?s=96&d=mm&r=g","caption":"Diagnostyka Umys\u0142u"},"sameAs":["https:\/\/www.diagnostyka-umyslu.pl\/blog"],"url":"https:\/\/www.diagnostyka-umyslu.pl\/blog\/author\/diagnostyka-umyslu\/"}]}},"amp_enabled":true,"_links":{"self":[{"href":"https:\/\/www.diagnostyka-umyslu.pl\/blog\/wp-json\/wp\/v2\/posts\/1325"}],"collection":[{"href":"https:\/\/www.diagnostyka-umyslu.pl\/blog\/wp-json\/wp\/v2\/posts"}],"about":[{"href":"https:\/\/www.diagnostyka-umyslu.pl\/blog\/wp-json\/wp\/v2\/types\/post"}],"author":[{"embeddable":true,"href":"https:\/\/www.diagnostyka-umyslu.pl\/blog\/wp-json\/wp\/v2\/users\/1"}],"replies":[{"embeddable":true,"href":"https:\/\/www.diagnostyka-umyslu.pl\/blog\/wp-json\/wp\/v2\/comments?post=1325"}],"version-history":[{"count":1,"href":"https:\/\/www.diagnostyka-umyslu.pl\/blog\/wp-json\/wp\/v2\/posts\/1325\/revisions"}],"predecessor-version":[{"id":1327,"href":"https:\/\/www.diagnostyka-umyslu.pl\/blog\/wp-json\/wp\/v2\/posts\/1325\/revisions\/1327"}],"wp:featuredmedia":[{"embeddable":true,"href":"https:\/\/www.diagnostyka-umyslu.pl\/blog\/wp-json\/wp\/v2\/media\/1825"}],"wp:attachment":[{"href":"https:\/\/www.diagnostyka-umyslu.pl\/blog\/wp-json\/wp\/v2\/media?parent=1325"}],"wp:term":[{"taxonomy":"category","embeddable":true,"href":"https:\/\/www.diagnostyka-umyslu.pl\/blog\/wp-json\/wp\/v2\/categories?post=1325"},{"taxonomy":"post_tag","embeddable":true,"href":"https:\/\/www.diagnostyka-umyslu.pl\/blog\/wp-json\/wp\/v2\/tags?post=1325"}],"curies":[{"name":"wp","href":"https:\/\/api.w.org\/{rel}","templated":true}]}}