{"id":1342,"date":"2022-06-11T11:56:57","date_gmt":"2022-06-11T09:56:57","guid":{"rendered":"https:\/\/www.diagnostyka-umyslu.pl\/blog\/?p=1342"},"modified":"2022-07-08T11:13:19","modified_gmt":"2022-07-08T09:13:19","slug":"genetyka-a-depresja-czy-niektorzy-ludzie-sa-bardziej-narazeni-na-ryzyko-niz-inni","status":"publish","type":"post","link":"https:\/\/www.diagnostyka-umyslu.pl\/blog\/depresja\/genetyka-a-depresja-czy-niektorzy-ludzie-sa-bardziej-narazeni-na-ryzyko-niz-inni\/","title":{"rendered":"Genetyka a depresja: Czy niekt\u00f3rzy ludzie s\u0105 bardziej nara\u017ceni na ryzyko ni\u017c inni?"},"content":{"rendered":"<p>Czy to prawda, \u017ce niekt\u00f3rzy ludzie s\u0105 bardziej podatni na depresj\u0119 ni\u017c inni z powodu uwarunkowa\u0144 genetycznych? Koncepcja ta jest nadal badana, a za depresj\u0105 mog\u0105 sta\u0107 r\u00f3\u017cne czynniki, w tym genetyka. Koncepcja genetycznego wp\u0142ywu na depresj\u0119 jest bardziej skomplikowana, poniewa\u017c r\u00f3\u017cni si\u0119 w zale\u017cno\u015bci od osoby. Og\u00f3lnie rzecz bior\u0105c, u danej osoby mog\u0105 wyst\u0119powa\u0107 czynniki genetyczne, kt\u00f3re mog\u0105 sprawi\u0107, \u017ce b\u0119dzie ona bardziej podatna na rozw\u00f3j depresji ni\u017c inna osoba o innym sk\u0142adzie genetycznym. Jednym z czynnik\u00f3w mog\u0105 by\u0107 geny, ale do rozwoju depresji mo\u017ce si\u0119 te\u017c przyczyni\u0107 trauma lub \u015brodowisko.<\/p>\n<h4>Co to jest depresja?<\/h4>\n<p>Jest to zaburzenie nastroju obejmuj\u0105ce uczucie uporczywego smutku i zmiany nastroju, kt\u00f3re wp\u0142ywaj\u0105 na spos\u00f3b \u017cycia danej osoby. Depresja dotyka ludzi w r\u00f3\u017cny spos\u00f3b. Zak\u0142\u00f3ca prac\u0119, rodzin\u0119, zwi\u0105zki, a nawet wp\u0142ywa na istniej\u0105ce wcze\u015bniej lub przewlek\u0142e problemy zdrowotne. Z powodu objaw\u00f3w depresji mo\u017ce doj\u015b\u0107 do pogorszenia takich chor\u00f3b, jak cukrzyca, zapalenie staw\u00f3w czy choroby serca. Powszechne jest uczucie przygn\u0119bienia lub smutku, ale je\u015bli utrzymuje si\u0119 ono przez d\u0142u\u017cszy czas i towarzyszy mu poczucie beznadziejno\u015bci, mo\u017ce to oznacza\u0107 depresj\u0119. Objawy mog\u0105 si\u0119 nasili\u0107, je\u015bli nie zostan\u0105 wcze\u015bnie rozpoznane i leczone.<\/p>\n<p>Osoby cierpi\u0105ce na depresj\u0119 do\u015bwiadczaj\u0105 zmian nastroju, takich jak dra\u017cliwo\u015b\u0107, agresja i niepok\u00f3j. Pod wzgl\u0119dem emocjonalnym cz\u0119sto odczuwaj\u0105 smutek lub pustk\u0119. Trac\u0105 zainteresowanie przyjemnymi zaj\u0119ciami, takimi jak hobby czy spotkania towarzyskie. Niekt\u00f3rzy podejmuj\u0105 dzia\u0142ania ryzykowne, takie jak nadu\u017cywanie substancji psychoaktywnych. Do objaw\u00f3w depresji nale\u017c\u0105 tak\u017ce trudno\u015bci z koncentracj\u0105 i wykonywaniem zada\u0144, brak snu lub zbyt d\u0142ugi sen oraz zmiany w samopoczuciu fizycznym, takie jak cz\u0119stsze b\u00f3le i zm\u0119czenie.<\/p>\n<p>M\u0119\u017cczy\u017ani, kobiety i dzieci mog\u0105 do\u015bwiadcza\u0107 objaw\u00f3w w r\u00f3\u017cny spos\u00f3b, w zale\u017cno\u015bci od wieku, genetyki i \u015brodowiska. Wi\u0119kszo\u015b\u0107 os\u00f3b cierpi\u0105cych na depresj\u0119 mo\u017ce izolowa\u0107 si\u0119 od innych, kiedy nie chce, aby im przeszkadzano. Dzieci z depresj\u0105 mog\u0105 cz\u0119sto wpada\u0107 w k\u0142opoty lub osi\u0105ga\u0107 s\u0142abe wyniki w szkole.<\/p>\n<h4>Czy za depresj\u0105 rzeczywi\u015bcie stoi genetyka?<\/h4>\n<p>Naukowcy wci\u0105\u017c dowiaduj\u0105 si\u0119 wi\u0119cej o tym, jak\u0105 rol\u0119 odgrywaj\u0105 geny w niekt\u00f3rych stanach chorobowych, takich jak depresja. Poniewa\u017c istniej\u0105 r\u00f3\u017cne rodzaje depresji, niekt\u00f3re badania maj\u0105 na celu ustalenie, kt\u00f3ry z nich jest bardziej rozpowszechniony. Jedno z bada\u0144 wykaza\u0142o, \u017ce prawdopodobie\u0144stwo otrzymania diagnozy o depresji mo\u017ce by\u0107 trzykrotnie wi\u0119ksze, je\u015bli zdiagnozowano j\u0105 u cz\u0142onka najbli\u017cszej rodziny. Niekt\u00f3rzy s\u0105 ciekawi, czy istnieje gen depresji, ale istniej\u0105 dowody na to, \u017ce podczas bada\u0144 grupowych odkryto chromosom, kt\u00f3ry mo\u017ce by\u0107 zwi\u0105zany z ci\u0119\u017ck\u0105 depresj\u0105.<\/p>\n<p>Trwaj\u0105 badania maj\u0105ce na celu zrozumienie przyczyn depresji, jednak w niekt\u00f3rych przypadkach depresja mo\u017ce pojawi\u0107 si\u0119 bez wywiadu rodzinnego. Wiele bada\u0144 prowadzonych nad depresj\u0105 obejmuje poznanie historii rodzinnej wszelkich zaburze\u0144 psychicznych, aby dowiedzie\u0107 si\u0119, czy dana osoba jest bardziej podatna na zachorowanie, je\u015bli w jej rodzinie wyst\u0119powa\u0142y takie zaburzenia. Jest mo\u017cliwe, \u017ce geny mog\u0105 odgrywa\u0107 rol\u0119 w rozwoju depresji, ale niekt\u00f3re badania sugeruj\u0105, \u017ce dodatkowe czynniki wraz z genami zwi\u0119kszaj\u0105 ryzyko.<\/p>\n<p>Dziedziczno\u015b\u0107 i geny to r\u00f3\u017cne elementy, kt\u00f3re mog\u0105 by\u0107 \u017ar\u00f3d\u0142em wskaz\u00f3wek, ale ich zrozumienie jest bardziej z\u0142o\u017cone. Dziedziczno\u015b\u0107 i geny pomagaj\u0105 nam zrozumie\u0107 prawdopodobie\u0144stwo posiadania przez dan\u0105 osob\u0119 pewnych cech fizycznych, takich jak kolor oczu lub w\u0142os\u00f3w, na podstawie historii rodziny. Nie jest jasne, czy te same elementy mog\u0105 pom\u00f3c nam dowiedzie\u0107 si\u0119 z wyprzedzeniem, czy kto\u015b zachoruje na depresj\u0119.<\/p>\n<h4>Leczenie depresji a genetyka<\/h4>\n<p>Je\u015bli genetyka odgrywa rol\u0119 w rozwoju depresji, to czy pomo\u017ce nam ona r\u00f3wnie\u017c ustali\u0107, czy dana osoba b\u0119dzie lepiej reagowa\u0107 na leczenie? Depresj\u0119 mo\u017cna leczy\u0107, stosuj\u0105c r\u00f3\u017cne metody, w tym leki, psychoterapi\u0119 i zmian\u0119 stylu \u017cycia. Badania sugeruj\u0105, \u017ce profil genetyczny danej osoby mo\u017ce mie\u0107 wp\u0142yw na reakcj\u0119 na leczenie. Prowadzone s\u0105 na przyk\u0142ad badania nad tym, w jaki spos\u00f3b organizm rozk\u0142ada leki stosowane w leczeniu depresji. Analiza pomaga zrozumie\u0107 poziom metabolizmu w organizmie i to, w jaki spos\u00f3b mo\u017ce on wp\u0142ywa\u0107 na reakcj\u0119 organizmu na leczenie. Jest to inny aspekt bada\u0144 genetycznych.<\/p>\n<p>Ludzie znaj\u0105 badania kliniczne prowadzone w celu sprawdzenia, jak ludzie reaguj\u0105 na dan\u0105 metod\u0119 leczenia, zanim b\u0119dzie ona dost\u0119pna dla og\u00f3\u0142u. Zanim do nich dojdzie, badacze i lekarze poznaj\u0105 r\u00f3\u017cne leki i przeprowadzaj\u0105 testy sprawdzaj\u0105ce, jak wp\u0142ywaj\u0105 one na metabolizm w organizmie. Wyniki pomagaj\u0105 badaczom i lekarzom zrozumie\u0107, w jaki spos\u00f3b konkretne objawy mog\u0105 skorzysta\u0107 z danego leku. Zazwyczaj takie szczeg\u00f3\u0142y s\u0105 korzystniejsze dla lekarzy i badaczy, ale konsumenci mog\u0105 zapyta\u0107 o badania genetyczne, aby sprawdzi\u0107, czy dana opcja leczenia jest dla nich lepsza.<\/p>\n<h4>Czy dzieci mog\u0105 zarazi\u0107 si\u0119 depresj\u0105 od swoich rodzic\u00f3w?<\/h4>\n<p>A co z depresj\u0105 i genetyk\u0105 w przypadku dzieci? Je\u015bli kt\u00f3re\u015b z rodzic\u00f3w chorowa\u0142o w przesz\u0142o\u015bci na depresj\u0119, mo\u017ce si\u0119 zastanawia\u0107, czy jego dziecko jest zagro\u017cone. Niekt\u00f3re doros\u0142e dzieci cierpi\u0105ce na depresj\u0119 mog\u0105 przypuszcza\u0107, \u017ce zarazi\u0142y si\u0119 od swoich rodzic\u00f3w, je\u015bli pami\u0119taj\u0105, \u017ce kto\u015b z nich \u017cy\u0142 z problemami psychicznymi. Czynnikiem mog\u0105 by\u0107 geny, ale nie jest to jedyny element.<\/p>\n<p>W niekt\u00f3rych przypadkach dziecko mo\u017ce mie\u0107 profil genetyczny, kt\u00f3ry zawiera dziedziczny element zwi\u0105zany z depresj\u0105, ale mo\u017ce nie zachorowa\u0107 na depresj\u0119. U innych os\u00f3b depresja mo\u017ce by\u0107 wywo\u0142ana przez \u015brodowisko lub wydarzenie takie jak trauma. Je\u015bli dziecko nie ma element\u00f3w genetycznych ani historii rodzinnej, depresja mo\u017ce by\u0107 wywo\u0142ana przez traum\u0119. Badania wykaza\u0142y, \u017ce dziecko jest podatne na dorastanie z kim\u015b, kto ma depresj\u0119 w swoim domu.<\/p>\n<p>Rodzice cierpi\u0105cy na depresj\u0119 powinni rozmawia\u0107 z dzie\u0107mi o swoim zdrowiu psychicznym. Otwarto\u015b\u0107 i szczero\u015b\u0107 w m\u00f3wieniu o tym, co si\u0119 prze\u017cywa, pomaga dzieciom zrozumie\u0107, jak ta choroba wp\u0142ywa na ich rodzin\u0119. Je\u015bli rodzice obawiaj\u0105 si\u0119, \u017ce u ich dzieci rozwinie si\u0119 depresja lub inne zaburzenia psychiczne, powinni zasi\u0119gn\u0105\u0107 porady lekarza.<\/p>\n<h4>Co jeszcze powoduje depresj\u0119?<\/h4>\n<p>Koncepcja genetycznej przyczyny depresji nie jest jedyn\u0105 mo\u017cliw\u0105 przyczyn\u0105, kt\u00f3r\u0105 si\u0119 bada. Do depresji mog\u0105 si\u0119 przyczynia\u0107 inne czynniki, a tak\u017ce rozw\u00f3j innych zaburze\u0144 psychicznych. Znajomo\u015b\u0107 mo\u017cliwych przyczyn pomaga zrozumie\u0107, w jaki spos\u00f3b depresja wp\u0142ywa na pacjenta. Daje te\u017c wgl\u0105d w potencjalne metody leczenia, kt\u00f3re najprawdopodobniej przynios\u0105 rezultaty. Nale\u017cy pami\u0119ta\u0107, \u017ce depresja mo\u017ce nie mie\u0107 bezpo\u015bredniej przyczyny.<\/p>\n<p>Chemia w m\u00f3zgu mo\u017ce prowadzi\u0107 do wyst\u0105pienia objaw\u00f3w, gdy u danej osoby obni\u017ca si\u0119 poziom produkowanych hormon\u00f3w. Hormony te, znane r\u00f3wnie\u017c jako neuroprzeka\u017aniki, wp\u0142ywaj\u0105 na nastr\u00f3j i og\u00f3lny stan zdrowia. Czasami mog\u0105 one nie dzia\u0142a\u0107 tak dobrze, jak powinny, co powoduje zmiany nastroju. W badaniach uwzgl\u0119dniono r\u00f3wnie\u017c budow\u0119 m\u00f3zgu i stwierdzono, \u017ce kszta\u0142t i budowa m\u00f3zgu os\u00f3b cierpi\u0105cych na depresj\u0119 r\u00f3\u017cni si\u0119 od kszta\u0142tu i budowy m\u00f3zgu os\u00f3b nie cierpi\u0105cych na depresj\u0119.<\/p>\n<p>Poziom hormon\u00f3w u osoby podatnej na depresj\u0119 mo\u017ce by\u0107 wy\u017cszy lub ni\u017cszy od przeci\u0119tnego, co mo\u017ce wywo\u0142ywa\u0107 objawy. Na poziom hormon\u00f3w mog\u0105 wp\u0142ywa\u0107 r\u00f3wnie\u017c stany chorobowe, takie jak zaburzenia pracy tarczycy. Depresja mo\u017ce wyst\u0105pi\u0107 u os\u00f3b, kt\u00f3re zmagaj\u0105 si\u0119 z wysokim poziomem stresu wynikaj\u0105cym z traumatycznych prze\u017cy\u0107 lub stresuj\u0105cych okoliczno\u015bci.<\/p>\n<h4>Jak diagnozuje si\u0119 i leczy depresj\u0119?<\/h4>\n<p>Nie ma testu na depresj\u0119, kt\u00f3ry okre\u015bli\u0142by, czy dana osoba ma depresj\u0119. Aby postawi\u0107 diagnoz\u0119, lekarz zada pytania dotycz\u0105ce objaw\u00f3w i dowie si\u0119, jak wp\u0142ywaj\u0105 one na codzienne \u017cycie pacjenta. Bardzo wa\u017cne jest, aby szczerze opowiedzie\u0107 o tym, jak objawy wp\u0142ywaj\u0105 na twoje \u017cycie. Lekarz specjalista mo\u017ce zapyta\u0107 o apetyt, harmonogram snu, poziom codziennej aktywno\u015bci, nastr\u00f3j, my\u015bli i inne. Lekarz b\u0119dzie chcia\u0142 wykluczy\u0107 pewne schorzenia, dlatego mo\u017ce zleci\u0107 badania krwi i przeprowadzi\u0107 badanie fizykalne.<\/p>\n<p>Istniej\u0105 r\u00f3\u017cne rodzaje depresji, w tym du\u017ca depresja, uporczywe zaburzenia depresyjne i depresja dwubiegunowa. Opcje leczenia r\u00f3\u017cni\u0105 si\u0119 w zale\u017cno\u015bci od objaw\u00f3w i osobistych cel\u00f3w. Leczenie depresji obejmuje leki, takie jak leki przeciwl\u0119kowe i przeciwdepresyjne, psychoterapi\u0119, podczas kt\u00f3rej pacjent wsp\u00f3\u0142pracuje z terapeut\u0105, a nawet terapi\u0119 \u015bwiat\u0142em, kt\u00f3ra okaza\u0142a si\u0119 przydatna dla os\u00f3b cierpi\u0105cych na sezonowe zaburzenia afektywne (SAD). Inne alternatywne opcje, z kt\u00f3rych korzystali inni, to mediacja, olej rybny, suplementy zio\u0142owe i akupunktura.<\/p>\n<h4>Czy istnieje lekarstwo na depresj\u0119?<\/h4>\n<p>Naukowcy wci\u0105\u017c poszerzaj\u0105 swoj\u0105 wiedz\u0119 na temat depresji i jej wp\u0142ywu na organizm. Chocia\u017c nie ma na ni\u0105 lekarstwa, konieczne s\u0105 dalsze badania, aby zrozumie\u0107, jak\u0105 rol\u0119 mo\u017ce odegra\u0107 genetyka w zrozumieniu, w jaki spos\u00f3b niekt\u00f3re leki przeciwdepresyjne mog\u0105 by\u0107 stosowane w leczeniu. Podj\u0119cie decyzji o leczeniu depresji jest wa\u017cnym krokiem w kierunku poprawy samopoczucia. Poprawa objaw\u00f3w mo\u017ce zaj\u0105\u0107 troch\u0119 czasu, dlatego nale\u017cy uzbroi\u0107 si\u0119 w cierpliwo\u015b\u0107. By\u0107 mo\u017ce trzeba b\u0119dzie wprowadzi\u0107 zmiany w planie leczenia i rozwa\u017cy\u0107 po\u0142\u0105czenie terapii, lek\u00f3w i technik samopomocy.<\/p>\n<p>Niekt\u00f3re osoby mog\u0105 mie\u0107 pytania lub obawy zwi\u0105zane z leczeniem depresji, w tym osoby, u kt\u00f3rych w rodzinie wyst\u0119powa\u0142a ta choroba. Leczenie zale\u017cy od objaw\u00f3w i czasu ich trwania. U niekt\u00f3rych os\u00f3b objawy utrzymuj\u0105 si\u0119 przez miesi\u0105ce, lata lub do ko\u0144ca \u017cycia. Dok\u0142adna ocena dost\u0119pnych opcji pozwala na znalezienie rozwi\u0105za\u0144 zapewniaj\u0105cych d\u0142ugoterminowe wsparcie w radzeniu sobie z objawami i poprawie samopoczucia.<\/p>\n<p>Niezale\u017cnie od tego, czy w rodzinie wyst\u0119powa\u0142y przypadki tej choroby, jest ona uleczalna. Nale\u017cy by\u0107 \u015bwiadomym swoich objaw\u00f3w i tego, jak wp\u0142ywaj\u0105 one na \u017cycie. Nale\u017cy utrzymywa\u0107 kontakt z lekarzem na temat planu leczenia i zwraca\u0107 uwag\u0119 na powracaj\u0105ce objawy, kt\u00f3re mog\u0105 sygnalizowa\u0107 nawr\u00f3t choroby.<\/p>\n<p>W miar\u0119 post\u0119pu bada\u0144 coraz lepiej rozumiemy, czym jest depresja i jak wp\u0142ywa na organizm. Profil genetyczny depresji mo\u017ce zawiera\u0107 r\u00f3\u017cne elementy, kt\u00f3re pozwalaj\u0105 przewidzie\u0107, czy dana osoba zachoruje na depresj\u0119. Zrozumienie i rozpoznanie objaw\u00f3w depresji ma zasadnicze znaczenie dla szybszego ni\u017c p\u00f3\u017aniejsze zaj\u0119cie si\u0119 t\u0105 chorob\u0105. Prowadzenie dalszych bada\u0144 nad aspektami genetycznymi i \u015brodowiskowymi przybli\u017ca nas do opracowania skuteczniejszych metod leczenia depresji z nadziej\u0105 na lepsze wyniki w przysz\u0142o\u015bci.<\/p>\n<h4>Wi\u0119cej informacji<\/h4>\n<ul>\n<li><em>mind-diagnostics.org\/blog\/depression\/genetics-and-depression-are-some-people-at-risk-more-than-others<\/em><\/li>\n<\/ul>\n","protected":false},"excerpt":{"rendered":"<p>Czy to prawda, \u017ce niekt\u00f3rzy ludzie s\u0105 bardziej podatni na depresj\u0119 ni\u017c inni z powodu uwarunkowa\u0144 genetycznych? Koncepcja ta jest nadal badana, a za depresj\u0105&#8230;<\/p>\n","protected":false},"author":1,"featured_media":1825,"comment_status":"closed","ping_status":"open","sticky":false,"template":"","format":"standard","meta":[],"categories":[289],"tags":[354,358,355,352,357,353,356],"yoast_head":"<!-- This site is optimized with the Yoast SEO plugin v18.1 - https:\/\/yoast.com\/wordpress\/plugins\/seo\/ -->\n<title>Genetyka a depresja: Czy niekt\u00f3rzy ludzie s\u0105 bardziej nara\u017ceni na ryzyko ni\u017c inni? - Diagnostyka Umys\u0142u<\/title>\n<meta name=\"robots\" content=\"index, follow, max-snippet:-1, max-image-preview:large, max-video-preview:-1\" \/>\n<link rel=\"canonical\" href=\"https:\/\/www.diagnostyka-umyslu.pl\/blog\/depresja\/genetyka-a-depresja-czy-niektorzy-ludzie-sa-bardziej-narazeni-na-ryzyko-niz-inni\/\" \/>\n<meta property=\"og:locale\" content=\"pl_PL\" \/>\n<meta property=\"og:type\" content=\"article\" \/>\n<meta property=\"og:title\" content=\"Genetyka a depresja: Czy niekt\u00f3rzy ludzie s\u0105 bardziej nara\u017ceni na ryzyko ni\u017c inni? - Diagnostyka Umys\u0142u\" \/>\n<meta property=\"og:description\" content=\"Czy to prawda, \u017ce niekt\u00f3rzy ludzie s\u0105 bardziej podatni na depresj\u0119 ni\u017c inni z powodu uwarunkowa\u0144 genetycznych? Koncepcja ta jest nadal badana, a za depresj\u0105...\" \/>\n<meta property=\"og:url\" content=\"https:\/\/www.diagnostyka-umyslu.pl\/blog\/depresja\/genetyka-a-depresja-czy-niektorzy-ludzie-sa-bardziej-narazeni-na-ryzyko-niz-inni\/\" \/>\n<meta property=\"og:site_name\" content=\"Diagnostyka Umys\u0142u\" \/>\n<meta property=\"article:published_time\" content=\"2022-06-11T09:56:57+00:00\" \/>\n<meta property=\"article:modified_time\" content=\"2022-07-08T09:13:19+00:00\" \/>\n<meta property=\"og:image\" content=\"https:\/\/www.diagnostyka-umyslu.pl\/blog\/wp-content\/uploads\/2022\/07\/bg_top_default.jpg\" \/>\n\t<meta property=\"og:image:width\" content=\"840\" \/>\n\t<meta property=\"og:image:height\" content=\"202\" \/>\n\t<meta property=\"og:image:type\" content=\"image\/jpeg\" \/>\n<meta name=\"twitter:card\" content=\"summary_large_image\" \/>\n<meta name=\"twitter:label1\" content=\"Napisane przez\" \/>\n\t<meta name=\"twitter:data1\" content=\"Diagnostyka Umys\u0142u\" \/>\n\t<meta name=\"twitter:label2\" content=\"Szacowany czas czytania\" \/>\n\t<meta name=\"twitter:data2\" content=\"9 minut\" \/>\n<script type=\"application\/ld+json\" class=\"yoast-schema-graph\">{\"@context\":\"https:\/\/schema.org\",\"@graph\":[{\"@type\":\"Organization\",\"@id\":\"https:\/\/www.diagnostyka-umyslu.pl\/blog\/#organization\",\"name\":\"Diagnostyka Umys\u0142u\",\"url\":\"https:\/\/www.diagnostyka-umyslu.pl\/blog\/\",\"sameAs\":[],\"logo\":{\"@type\":\"ImageObject\",\"@id\":\"https:\/\/www.diagnostyka-umyslu.pl\/blog\/#logo\",\"inLanguage\":\"pl-PL\",\"url\":\"https:\/\/www.diagnostyka-umyslu.pl\/blog\/wp-content\/uploads\/2021\/05\/logo.png\",\"contentUrl\":\"https:\/\/www.diagnostyka-umyslu.pl\/blog\/wp-content\/uploads\/2021\/05\/logo.png\",\"width\":236,\"height\":81,\"caption\":\"Diagnostyka Umys\u0142u\"},\"image\":{\"@id\":\"https:\/\/www.diagnostyka-umyslu.pl\/blog\/#logo\"}},{\"@type\":\"WebSite\",\"@id\":\"https:\/\/www.diagnostyka-umyslu.pl\/blog\/#website\",\"url\":\"https:\/\/www.diagnostyka-umyslu.pl\/blog\/\",\"name\":\"Diagnostyka Umys\u0142u\",\"description\":\"Blog o zaburzeniach umys\u0142u\",\"publisher\":{\"@id\":\"https:\/\/www.diagnostyka-umyslu.pl\/blog\/#organization\"},\"potentialAction\":[{\"@type\":\"SearchAction\",\"target\":{\"@type\":\"EntryPoint\",\"urlTemplate\":\"https:\/\/www.diagnostyka-umyslu.pl\/blog\/?s={search_term_string}\"},\"query-input\":\"required name=search_term_string\"}],\"inLanguage\":\"pl-PL\"},{\"@type\":\"ImageObject\",\"@id\":\"https:\/\/www.diagnostyka-umyslu.pl\/blog\/depresja\/genetyka-a-depresja-czy-niektorzy-ludzie-sa-bardziej-narazeni-na-ryzyko-niz-inni\/#primaryimage\",\"inLanguage\":\"pl-PL\",\"url\":\"https:\/\/www.diagnostyka-umyslu.pl\/blog\/wp-content\/uploads\/2022\/07\/bg_top_default.jpg\",\"contentUrl\":\"https:\/\/www.diagnostyka-umyslu.pl\/blog\/wp-content\/uploads\/2022\/07\/bg_top_default.jpg\",\"width\":840,\"height\":202},{\"@type\":\"WebPage\",\"@id\":\"https:\/\/www.diagnostyka-umyslu.pl\/blog\/depresja\/genetyka-a-depresja-czy-niektorzy-ludzie-sa-bardziej-narazeni-na-ryzyko-niz-inni\/#webpage\",\"url\":\"https:\/\/www.diagnostyka-umyslu.pl\/blog\/depresja\/genetyka-a-depresja-czy-niektorzy-ludzie-sa-bardziej-narazeni-na-ryzyko-niz-inni\/\",\"name\":\"Genetyka a depresja: Czy niekt\u00f3rzy ludzie s\u0105 bardziej nara\u017ceni na ryzyko ni\u017c inni? - Diagnostyka Umys\u0142u\",\"isPartOf\":{\"@id\":\"https:\/\/www.diagnostyka-umyslu.pl\/blog\/#website\"},\"primaryImageOfPage\":{\"@id\":\"https:\/\/www.diagnostyka-umyslu.pl\/blog\/depresja\/genetyka-a-depresja-czy-niektorzy-ludzie-sa-bardziej-narazeni-na-ryzyko-niz-inni\/#primaryimage\"},\"datePublished\":\"2022-06-11T09:56:57+00:00\",\"dateModified\":\"2022-07-08T09:13:19+00:00\",\"breadcrumb\":{\"@id\":\"https:\/\/www.diagnostyka-umyslu.pl\/blog\/depresja\/genetyka-a-depresja-czy-niektorzy-ludzie-sa-bardziej-narazeni-na-ryzyko-niz-inni\/#breadcrumb\"},\"inLanguage\":\"pl-PL\",\"potentialAction\":[{\"@type\":\"ReadAction\",\"target\":[\"https:\/\/www.diagnostyka-umyslu.pl\/blog\/depresja\/genetyka-a-depresja-czy-niektorzy-ludzie-sa-bardziej-narazeni-na-ryzyko-niz-inni\/\"]}]},{\"@type\":\"BreadcrumbList\",\"@id\":\"https:\/\/www.diagnostyka-umyslu.pl\/blog\/depresja\/genetyka-a-depresja-czy-niektorzy-ludzie-sa-bardziej-narazeni-na-ryzyko-niz-inni\/#breadcrumb\",\"itemListElement\":[{\"@type\":\"ListItem\",\"position\":1,\"name\":\"Strona g\u0142\u00f3wna\",\"item\":\"https:\/\/www.diagnostyka-umyslu.pl\/blog\/\"},{\"@type\":\"ListItem\",\"position\":2,\"name\":\"Depresja\",\"item\":\"https:\/\/www.diagnostyka-umyslu.pl\/blog\/depresja\/\"},{\"@type\":\"ListItem\",\"position\":3,\"name\":\"Genetyka a depresja: Czy niekt\u00f3rzy ludzie s\u0105 bardziej nara\u017ceni na ryzyko ni\u017c inni?\"}]},{\"@type\":\"Article\",\"@id\":\"https:\/\/www.diagnostyka-umyslu.pl\/blog\/depresja\/genetyka-a-depresja-czy-niektorzy-ludzie-sa-bardziej-narazeni-na-ryzyko-niz-inni\/#article\",\"isPartOf\":{\"@id\":\"https:\/\/www.diagnostyka-umyslu.pl\/blog\/depresja\/genetyka-a-depresja-czy-niektorzy-ludzie-sa-bardziej-narazeni-na-ryzyko-niz-inni\/#webpage\"},\"author\":{\"@id\":\"https:\/\/www.diagnostyka-umyslu.pl\/blog\/#\/schema\/person\/8eb1bcaf59fea75c780c11946f4e3490\"},\"headline\":\"Genetyka a depresja: Czy niekt\u00f3rzy ludzie s\u0105 bardziej nara\u017ceni na ryzyko ni\u017c inni?\",\"datePublished\":\"2022-06-11T09:56:57+00:00\",\"dateModified\":\"2022-07-08T09:13:19+00:00\",\"mainEntityOfPage\":{\"@id\":\"https:\/\/www.diagnostyka-umyslu.pl\/blog\/depresja\/genetyka-a-depresja-czy-niektorzy-ludzie-sa-bardziej-narazeni-na-ryzyko-niz-inni\/#webpage\"},\"wordCount\":1815,\"publisher\":{\"@id\":\"https:\/\/www.diagnostyka-umyslu.pl\/blog\/#organization\"},\"image\":{\"@id\":\"https:\/\/www.diagnostyka-umyslu.pl\/blog\/depresja\/genetyka-a-depresja-czy-niektorzy-ludzie-sa-bardziej-narazeni-na-ryzyko-niz-inni\/#primaryimage\"},\"thumbnailUrl\":\"https:\/\/www.diagnostyka-umyslu.pl\/blog\/wp-content\/uploads\/2022\/07\/bg_top_default.jpg\",\"keywords\":[\"Co jeszcze powoduje depresj\u0119?\",\"Co to jest depresja?\",\"Czy dzieci mog\u0105 zarazi\u0107 si\u0119 depresj\u0105 od swoich rodzic\u00f3w?\",\"Czy istnieje lekarstwo na depresj\u0119?\",\"Czy za depresj\u0105 rzeczywi\u015bcie stoi genetyka?\",\"Jak diagnozuje si\u0119 i leczy depresj\u0119?\",\"Leczenie depresji a genetyka\"],\"articleSection\":[\"Depresja\"],\"inLanguage\":\"pl-PL\"},{\"@type\":\"Person\",\"@id\":\"https:\/\/www.diagnostyka-umyslu.pl\/blog\/#\/schema\/person\/8eb1bcaf59fea75c780c11946f4e3490\",\"name\":\"Diagnostyka Umys\u0142u\",\"image\":{\"@type\":\"ImageObject\",\"@id\":\"https:\/\/www.diagnostyka-umyslu.pl\/blog\/#personlogo\",\"inLanguage\":\"pl-PL\",\"url\":\"https:\/\/secure.gravatar.com\/avatar\/6743211f010801ea26aa9423a2daab37?s=96&d=mm&r=g\",\"contentUrl\":\"https:\/\/secure.gravatar.com\/avatar\/6743211f010801ea26aa9423a2daab37?s=96&d=mm&r=g\",\"caption\":\"Diagnostyka Umys\u0142u\"},\"sameAs\":[\"https:\/\/www.diagnostyka-umyslu.pl\/blog\"],\"url\":\"https:\/\/www.diagnostyka-umyslu.pl\/blog\/author\/diagnostyka-umyslu\/\"}]}<\/script>\n<!-- \/ Yoast SEO plugin. -->","yoast_head_json":{"title":"Genetyka a depresja: Czy niekt\u00f3rzy ludzie s\u0105 bardziej nara\u017ceni na ryzyko ni\u017c inni? - Diagnostyka Umys\u0142u","robots":{"index":"index","follow":"follow","max-snippet":"max-snippet:-1","max-image-preview":"max-image-preview:large","max-video-preview":"max-video-preview:-1"},"canonical":"https:\/\/www.diagnostyka-umyslu.pl\/blog\/depresja\/genetyka-a-depresja-czy-niektorzy-ludzie-sa-bardziej-narazeni-na-ryzyko-niz-inni\/","og_locale":"pl_PL","og_type":"article","og_title":"Genetyka a depresja: Czy niekt\u00f3rzy ludzie s\u0105 bardziej nara\u017ceni na ryzyko ni\u017c inni? - Diagnostyka Umys\u0142u","og_description":"Czy to prawda, \u017ce niekt\u00f3rzy ludzie s\u0105 bardziej podatni na depresj\u0119 ni\u017c inni z powodu uwarunkowa\u0144 genetycznych? Koncepcja ta jest nadal badana, a za depresj\u0105...","og_url":"https:\/\/www.diagnostyka-umyslu.pl\/blog\/depresja\/genetyka-a-depresja-czy-niektorzy-ludzie-sa-bardziej-narazeni-na-ryzyko-niz-inni\/","og_site_name":"Diagnostyka Umys\u0142u","article_published_time":"2022-06-11T09:56:57+00:00","article_modified_time":"2022-07-08T09:13:19+00:00","og_image":[{"width":840,"height":202,"url":"https:\/\/www.diagnostyka-umyslu.pl\/blog\/wp-content\/uploads\/2022\/07\/bg_top_default.jpg","type":"image\/jpeg"}],"twitter_card":"summary_large_image","twitter_misc":{"Napisane przez":"Diagnostyka Umys\u0142u","Szacowany czas czytania":"9 minut"},"schema":{"@context":"https:\/\/schema.org","@graph":[{"@type":"Organization","@id":"https:\/\/www.diagnostyka-umyslu.pl\/blog\/#organization","name":"Diagnostyka Umys\u0142u","url":"https:\/\/www.diagnostyka-umyslu.pl\/blog\/","sameAs":[],"logo":{"@type":"ImageObject","@id":"https:\/\/www.diagnostyka-umyslu.pl\/blog\/#logo","inLanguage":"pl-PL","url":"https:\/\/www.diagnostyka-umyslu.pl\/blog\/wp-content\/uploads\/2021\/05\/logo.png","contentUrl":"https:\/\/www.diagnostyka-umyslu.pl\/blog\/wp-content\/uploads\/2021\/05\/logo.png","width":236,"height":81,"caption":"Diagnostyka Umys\u0142u"},"image":{"@id":"https:\/\/www.diagnostyka-umyslu.pl\/blog\/#logo"}},{"@type":"WebSite","@id":"https:\/\/www.diagnostyka-umyslu.pl\/blog\/#website","url":"https:\/\/www.diagnostyka-umyslu.pl\/blog\/","name":"Diagnostyka Umys\u0142u","description":"Blog o zaburzeniach umys\u0142u","publisher":{"@id":"https:\/\/www.diagnostyka-umyslu.pl\/blog\/#organization"},"potentialAction":[{"@type":"SearchAction","target":{"@type":"EntryPoint","urlTemplate":"https:\/\/www.diagnostyka-umyslu.pl\/blog\/?s={search_term_string}"},"query-input":"required name=search_term_string"}],"inLanguage":"pl-PL"},{"@type":"ImageObject","@id":"https:\/\/www.diagnostyka-umyslu.pl\/blog\/depresja\/genetyka-a-depresja-czy-niektorzy-ludzie-sa-bardziej-narazeni-na-ryzyko-niz-inni\/#primaryimage","inLanguage":"pl-PL","url":"https:\/\/www.diagnostyka-umyslu.pl\/blog\/wp-content\/uploads\/2022\/07\/bg_top_default.jpg","contentUrl":"https:\/\/www.diagnostyka-umyslu.pl\/blog\/wp-content\/uploads\/2022\/07\/bg_top_default.jpg","width":840,"height":202},{"@type":"WebPage","@id":"https:\/\/www.diagnostyka-umyslu.pl\/blog\/depresja\/genetyka-a-depresja-czy-niektorzy-ludzie-sa-bardziej-narazeni-na-ryzyko-niz-inni\/#webpage","url":"https:\/\/www.diagnostyka-umyslu.pl\/blog\/depresja\/genetyka-a-depresja-czy-niektorzy-ludzie-sa-bardziej-narazeni-na-ryzyko-niz-inni\/","name":"Genetyka a depresja: Czy niekt\u00f3rzy ludzie s\u0105 bardziej nara\u017ceni na ryzyko ni\u017c inni? - Diagnostyka Umys\u0142u","isPartOf":{"@id":"https:\/\/www.diagnostyka-umyslu.pl\/blog\/#website"},"primaryImageOfPage":{"@id":"https:\/\/www.diagnostyka-umyslu.pl\/blog\/depresja\/genetyka-a-depresja-czy-niektorzy-ludzie-sa-bardziej-narazeni-na-ryzyko-niz-inni\/#primaryimage"},"datePublished":"2022-06-11T09:56:57+00:00","dateModified":"2022-07-08T09:13:19+00:00","breadcrumb":{"@id":"https:\/\/www.diagnostyka-umyslu.pl\/blog\/depresja\/genetyka-a-depresja-czy-niektorzy-ludzie-sa-bardziej-narazeni-na-ryzyko-niz-inni\/#breadcrumb"},"inLanguage":"pl-PL","potentialAction":[{"@type":"ReadAction","target":["https:\/\/www.diagnostyka-umyslu.pl\/blog\/depresja\/genetyka-a-depresja-czy-niektorzy-ludzie-sa-bardziej-narazeni-na-ryzyko-niz-inni\/"]}]},{"@type":"BreadcrumbList","@id":"https:\/\/www.diagnostyka-umyslu.pl\/blog\/depresja\/genetyka-a-depresja-czy-niektorzy-ludzie-sa-bardziej-narazeni-na-ryzyko-niz-inni\/#breadcrumb","itemListElement":[{"@type":"ListItem","position":1,"name":"Strona g\u0142\u00f3wna","item":"https:\/\/www.diagnostyka-umyslu.pl\/blog\/"},{"@type":"ListItem","position":2,"name":"Depresja","item":"https:\/\/www.diagnostyka-umyslu.pl\/blog\/depresja\/"},{"@type":"ListItem","position":3,"name":"Genetyka a depresja: Czy niekt\u00f3rzy ludzie s\u0105 bardziej nara\u017ceni na ryzyko ni\u017c inni?"}]},{"@type":"Article","@id":"https:\/\/www.diagnostyka-umyslu.pl\/blog\/depresja\/genetyka-a-depresja-czy-niektorzy-ludzie-sa-bardziej-narazeni-na-ryzyko-niz-inni\/#article","isPartOf":{"@id":"https:\/\/www.diagnostyka-umyslu.pl\/blog\/depresja\/genetyka-a-depresja-czy-niektorzy-ludzie-sa-bardziej-narazeni-na-ryzyko-niz-inni\/#webpage"},"author":{"@id":"https:\/\/www.diagnostyka-umyslu.pl\/blog\/#\/schema\/person\/8eb1bcaf59fea75c780c11946f4e3490"},"headline":"Genetyka a depresja: Czy niekt\u00f3rzy ludzie s\u0105 bardziej nara\u017ceni na ryzyko ni\u017c inni?","datePublished":"2022-06-11T09:56:57+00:00","dateModified":"2022-07-08T09:13:19+00:00","mainEntityOfPage":{"@id":"https:\/\/www.diagnostyka-umyslu.pl\/blog\/depresja\/genetyka-a-depresja-czy-niektorzy-ludzie-sa-bardziej-narazeni-na-ryzyko-niz-inni\/#webpage"},"wordCount":1815,"publisher":{"@id":"https:\/\/www.diagnostyka-umyslu.pl\/blog\/#organization"},"image":{"@id":"https:\/\/www.diagnostyka-umyslu.pl\/blog\/depresja\/genetyka-a-depresja-czy-niektorzy-ludzie-sa-bardziej-narazeni-na-ryzyko-niz-inni\/#primaryimage"},"thumbnailUrl":"https:\/\/www.diagnostyka-umyslu.pl\/blog\/wp-content\/uploads\/2022\/07\/bg_top_default.jpg","keywords":["Co jeszcze powoduje depresj\u0119?","Co to jest depresja?","Czy dzieci mog\u0105 zarazi\u0107 si\u0119 depresj\u0105 od swoich rodzic\u00f3w?","Czy istnieje lekarstwo na depresj\u0119?","Czy za depresj\u0105 rzeczywi\u015bcie stoi genetyka?","Jak diagnozuje si\u0119 i leczy depresj\u0119?","Leczenie depresji a genetyka"],"articleSection":["Depresja"],"inLanguage":"pl-PL"},{"@type":"Person","@id":"https:\/\/www.diagnostyka-umyslu.pl\/blog\/#\/schema\/person\/8eb1bcaf59fea75c780c11946f4e3490","name":"Diagnostyka Umys\u0142u","image":{"@type":"ImageObject","@id":"https:\/\/www.diagnostyka-umyslu.pl\/blog\/#personlogo","inLanguage":"pl-PL","url":"https:\/\/secure.gravatar.com\/avatar\/6743211f010801ea26aa9423a2daab37?s=96&d=mm&r=g","contentUrl":"https:\/\/secure.gravatar.com\/avatar\/6743211f010801ea26aa9423a2daab37?s=96&d=mm&r=g","caption":"Diagnostyka Umys\u0142u"},"sameAs":["https:\/\/www.diagnostyka-umyslu.pl\/blog"],"url":"https:\/\/www.diagnostyka-umyslu.pl\/blog\/author\/diagnostyka-umyslu\/"}]}},"amp_enabled":true,"_links":{"self":[{"href":"https:\/\/www.diagnostyka-umyslu.pl\/blog\/wp-json\/wp\/v2\/posts\/1342"}],"collection":[{"href":"https:\/\/www.diagnostyka-umyslu.pl\/blog\/wp-json\/wp\/v2\/posts"}],"about":[{"href":"https:\/\/www.diagnostyka-umyslu.pl\/blog\/wp-json\/wp\/v2\/types\/post"}],"author":[{"embeddable":true,"href":"https:\/\/www.diagnostyka-umyslu.pl\/blog\/wp-json\/wp\/v2\/users\/1"}],"replies":[{"embeddable":true,"href":"https:\/\/www.diagnostyka-umyslu.pl\/blog\/wp-json\/wp\/v2\/comments?post=1342"}],"version-history":[{"count":1,"href":"https:\/\/www.diagnostyka-umyslu.pl\/blog\/wp-json\/wp\/v2\/posts\/1342\/revisions"}],"predecessor-version":[{"id":1344,"href":"https:\/\/www.diagnostyka-umyslu.pl\/blog\/wp-json\/wp\/v2\/posts\/1342\/revisions\/1344"}],"wp:featuredmedia":[{"embeddable":true,"href":"https:\/\/www.diagnostyka-umyslu.pl\/blog\/wp-json\/wp\/v2\/media\/1825"}],"wp:attachment":[{"href":"https:\/\/www.diagnostyka-umyslu.pl\/blog\/wp-json\/wp\/v2\/media?parent=1342"}],"wp:term":[{"taxonomy":"category","embeddable":true,"href":"https:\/\/www.diagnostyka-umyslu.pl\/blog\/wp-json\/wp\/v2\/categories?post=1342"},{"taxonomy":"post_tag","embeddable":true,"href":"https:\/\/www.diagnostyka-umyslu.pl\/blog\/wp-json\/wp\/v2\/tags?post=1342"}],"curies":[{"name":"wp","href":"https:\/\/api.w.org\/{rel}","templated":true}]}}