{"id":1427,"date":"2022-07-03T08:00:56","date_gmt":"2022-07-03T06:00:56","guid":{"rendered":"https:\/\/www.diagnostyka-umyslu.pl\/blog\/?p=1427"},"modified":"2022-07-08T21:48:36","modified_gmt":"2022-07-08T19:48:36","slug":"co-to-jest-depresja-nos-o-zaburzeniu-depresyjnym-nieokreslonym-inaczej","status":"publish","type":"post","link":"https:\/\/www.diagnostyka-umyslu.pl\/blog\/depresja\/co-to-jest-depresja-nos-o-zaburzeniu-depresyjnym-nieokreslonym-inaczej\/","title":{"rendered":"Co to jest depresja NOS? O zaburzeniu depresyjnym nieokre\u015blonym inaczej"},"content":{"rendered":"<p>Zaburzenia depresyjne to powszechne schorzenie psychiczne. Wed\u0142ug danych \u015awiatowej Organizacji Zdrowia (WHO), na ca\u0142ym \u015bwiecie 264 miliony ludzi cierpi na depresj\u0119. Depresja mo\u017ce by\u0107 niezwykle wyniszczaj\u0105ca, ale dzi\u0119ki leczeniu objawy mog\u0105 si\u0119 poprawi\u0107, a wiele os\u00f3b z <a href=\"https:\/\/www.diagnostyka-umyslu.pl\/test-na-depresje\">zaburzeniami depresyjnymi<\/a> prowadzi pe\u0142ne, szcz\u0119\u015bliwe i zdrowe \u017cycie. Czytaj\u0105c o depresji, by\u0107 mo\u017ce natkn\u0105\u0142e\u015b si\u0119 na termin &#8220;zaburzenie depresyjne nieokre\u015blone inaczej&#8221; lub &#8220;zaburzenie depresyjne NOS&#8221;. W zwi\u0105zku z tym mo\u017cesz si\u0119 zastanawia\u0107, co to jest zaburzenie depresyjne nieokre\u015blone inaczej lub zaburzenie depresyjne NOS i kiedy stosuje si\u0119 t\u0119 diagnoz\u0119? Czytaj dalej, aby si\u0119 dowiedzie\u0107.<\/p>\n<h4>Co to jest zaburzenie depresyjne nieokre\u015blone inaczej?<\/h4>\n<p>Zaburzenie depresyjne nieokre\u015blone lub zaburzenie depresyjne NOS to diagnoza przedstawiona w czwartym wydaniu diagnostycznego i statystycznego podr\u0119cznika zaburze\u0144 psychicznych (DSM). Zosta\u0142o ono opisane w DSM-4 jako &#8220;ka\u017cde zaburzenie depresyjne, kt\u00f3re nie spe\u0142nia kryteri\u00f3w konkretnego zaburzenia&#8221;. Innymi s\u0142owy, rozpoznanie zaburzenia depresyjnego nieokre\u015blonego inaczej (Depressive Disorder Not Otherwise Specified lub Depressive Disorder NOS) by\u0142o stosowane do diagnozowania os\u00f3b, kt\u00f3re w znacznym stopniu cierpia\u0142y na depresj\u0119, ale nie spe\u0142nia\u0142y kryteri\u00f3w wymienionych w innych zaburzeniach depresyjnych, takich jak du\u017ce zaburzenie depresyjne (Major Depressive Disorder lub MDD, czasami okre\u015blane jako du\u017ca depresja), kt\u00f3re jest jednym z najcz\u0119\u015bciej spotykanych i najbardziej rozpowszechnionych zaburze\u0144 depresyjnych. Otrzymanie diagnozy zaburzenia depresyjnego NOS nie oznacza\u0142o, \u017ce objawy nie by\u0142y nasilone; oznacza\u0142o jedynie, \u017ce prze\u017cy\u0107 pacjenta nie mo\u017cna by\u0142o zakwalifikowa\u0107 do innej kategorii. Do dzi\u015b w DSM istniej\u0105 diagnozy, kt\u00f3re obejmuj\u0105 te do\u015bwiadczenia. Na przyk\u0142ad Inne okre\u015blone zaburzenia karmienia lub jedzenia (OSFED), znane wcze\u015bniej jako Zaburzenia od\u017cywiania nieokre\u015blone inaczej (EDNOS), to diagnoza zaburze\u0144 od\u017cywiania stosowana wtedy, gdy kto\u015b nie spe\u0142nia pe\u0142nych kryteri\u00f3w innych zaburze\u0144 od\u017cywiania. Podobnie jak w przypadku zaburze\u0144 depresyjnych NOS, nie oznacza to, \u017ce nie s\u0105 one powa\u017cne. OSFED jest uwa\u017cane za powa\u017cne i \u015bmiertelne zaburzenie od\u017cywiania i jest obecnie najcz\u0119\u015bciej rozpoznawanym zaburzeniem od\u017cywiania.<\/p>\n<p>W najnowszej wersji Diagnostycznego i statystycznego podr\u0119cznika zaburze\u0144 psychicznych (DSM) w kategorii zaburze\u0144 depresyjnych znajduj\u0105 si\u0119 rozpoznania: Inne okre\u015blone zaburzenia depresyjne i Nieokre\u015blone zaburzenia depresyjne. Rozpoznania takie jak Inne okre\u015blone zaburzenie depresyjne mog\u0105 by\u0107 stosowane u os\u00f3b, u kt\u00f3rych w przesz\u0142o\u015bci rozpoznano zaburzenie depresyjne nieokre\u015blone inaczej lub zaburzenie depresyjne NOS. Przyk\u0142ady sytuacji, w kt\u00f3rych &#8220;inne okre\u015blone zaburzenie depresyjne&#8221; mo\u017ce by\u0107 u\u017cyte jako rozpoznanie, to przypadki nawracaj\u0105cej kr\u00f3tkotrwa\u0142ej depresji i kr\u00f3tkotrwa\u0142ego epizodu depresyjnego, kt\u00f3ry nie spe\u0142nia kryteri\u00f3w innego zaburzenia depresyjnego lub nawracaj\u0105cej kr\u00f3tkotrwa\u0142ej depresji. Z drugiej strony, nieokre\u015blone zaburzenie depresyjne jest cz\u0119sto stosowane w takich sytuacjach, jak izba przyj\u0119\u0107, kiedy specjali\u015bci nie maj\u0105 wystarczaj\u0105cych informacji o pacjencie, aby postawi\u0107 diagnoz\u0119. Niemniej jednak objawy nadal maj\u0105 znacz\u0105cy wp\u0142yw na pacjenta.<\/p>\n<h4>Depresja w DSM-5<\/h4>\n<p>W najnowszej wersji diagnostycznego i statystycznego podr\u0119cznika zaburze\u0144 psychicznych (DSM), czyli DSM-5, w kategorii &#8220;Zaburzenia depresyjne&#8221;, kt\u00f3ra znajduje si\u0119 zaraz przed &#8220;Zaburzeniami l\u0119kowymi&#8221; i zaraz po &#8220;Zaburzeniach dwubiegunowych i pokrewnych&#8221;, wymieniono osiem diagnoz. Osiem potencjalnych rozpozna\u0144 wymienionych w kategorii zaburze\u0144 depresyjnych w DSM-5 to Zaburzenia dysregulacji nastroju, Du\u017ce zaburzenia depresyjne, Uporczywe zaburzenia depresyjne (Dystymia), Zaburzenia przedmiesi\u0105czkowe dysforyczne, Zaburzenia depresyjne wywo\u0142ane u\u017cywkami\/lekami, Zaburzenia depresyjne spowodowane innym stanem chorobowym, Inne okre\u015blone zaburzenia depresyjne i Nieokre\u015blone zaburzenia depresyjne.<\/p>\n<h4>Aktualne diagnozy i objawy zaburze\u0144 depresyjnych<\/h4>\n<p>Oto kilka dodatkowych informacji na temat zaburze\u0144 depresyjnych, kt\u00f3re obecnie znajduj\u0105 si\u0119 w spisie tre\u015bci pod has\u0142em &#8220;zaburzenia depresyjne&#8221; w DSM.<\/p>\n<h4>Zaburzenia regulacji nastroju (<em>DMDD<\/em>)<\/h4>\n<p>Diagnoza Zaburzenia Regulacji Nastroju jest nowa. Pojawi\u0142o si\u0119 ono wraz z wydaniem DSM-5. Jest ono jednak wa\u017cne z wielu powod\u00f3w. Zaburzenia regulacji nastroju (Disruptive Mood Dysregulation Disorder, DMDD) charakteryzuj\u0105 nast\u0119puj\u0105ce dwa objawy:<\/p>\n<p>powa\u017cne i powtarzaj\u0105ce si\u0119 wybuchy z\u0142o\u015bci, wyst\u0119puj\u0105ce \u015brednio trzy lub wi\u0119cej razy w tygodniu<br \/>\ndra\u017cliwo\u015b\u0107 lub z\u0142o\u015b\u0107, kt\u00f3re utrzymuj\u0105 si\u0119 przez wi\u0119ksz\u0105 cz\u0119\u015b\u0107 dnia przez wi\u0119kszo\u015b\u0107 dni lub codziennie.<br \/>\nAby postawi\u0107 diagnoz\u0119 Zaburzenia regulacji nastroju lub DMDD, objawy nie mog\u0105 by\u0107 lepiej wyja\u015bnione przez inne schorzenie. Diagnoz\u0119 zaburze\u0144 regulacji nastroju stawia si\u0119 u dzieci w wieku od 6 do 17 lat. Nie mo\u017cna go zdiagnozowa\u0107 u os\u00f3b w wieku 18 lat lub starszych, ani u os\u00f3b poni\u017cej 6 roku \u017cycia.<\/p>\n<h4>Powa\u017cne zaburzenie depresyjne<\/h4>\n<p>Powa\u017cne zaburzenia depresyjne (MDD) to jedno z najcz\u0119stszych zaburze\u0144 psychicznych. Symptomy i objawy powa\u017cnych zaburze\u0144 depresyjnych mog\u0105 obejmowa\u0107 m.in:<\/p>\n<ul>\n<li>Uczucie przygn\u0119bienia lub obni\u017conego nastroju<\/li>\n<li>Utrata zainteresowania czynno\u015bciami, kt\u00f3re zwykle sprawiaj\u0105 przyjemno\u015b\u0107<\/li>\n<li>Poczucie bezwarto\u015bciowo\u015bci, beznadziejno\u015bci lub nieproporcjonalnego poczucia winy<\/li>\n<li>Hipersomnia lub bezsenno\u015b\u0107 (zbyt du\u017co lub zbyt ma\u0142o snu)<\/li>\n<li>Problemy z koncentracj\u0105 lub skupieniem uwagi<\/li>\n<li>Zmiany apetytu<\/li>\n<li>Zm\u0119czenie lub znu\u017cenie<\/li>\n<li>Nadmierny p\u0142acz<\/li>\n<li>Dr\u0119twienie emocjonalne<\/li>\n<li>Niepok\u00f3j<\/li>\n<\/ul>\n<p>W samych Stanach Zjednoczonych na Wi\u0119ksze Zaburzenia Depresyjne (Major Depressive Disorder &#8211; MDD) cierpi 16,1 miliona os\u00f3b w wieku 18 lat i starszych. Innymi s\u0142owy, co roku oko\u0142o 6,7% os\u00f3b powy\u017cej 18 roku \u017cycia do\u015bwiadcza powa\u017cnych zaburze\u0144 depresyjnych (MDD).<\/p>\n<h4>Trwa\u0142e zaburzenie depresyjne (PDD)<\/h4>\n<p>Trwa\u0142e zaburzenie depresyjne (PDD), okre\u015blane jako &#8220;dystymia&#8221;, to przewlek\u0142a lub d\u0142ugotrwa\u0142a posta\u0107 depresji o niskim nasileniu. Symptomy i objawy uporczywego zaburzenia depresyjnego lub PDD mog\u0105 obejmowa\u0107 mi\u0119dzy innymi:<\/p>\n<ul>\n<li>Utrzymuj\u0105cy si\u0119 obni\u017cony nastr\u00f3j<\/li>\n<li>Brak zainteresowania czynno\u015bciami, kt\u00f3re zwykle sprawiaj\u0105 przyjemno\u015b\u0107<\/li>\n<li>Poczucie bezwarto\u015bciowo\u015bci, beznadziejno\u015bci lub nieproporcjonalnie du\u017ce poczucie winy<\/li>\n<li>Zm\u0119czenie lub znu\u017cenie<\/li>\n<li>Hipersomnia lub bezsenno\u015b\u0107 (zbyt du\u017co lub zbyt ma\u0142o snu)<\/li>\n<li>Problemy z koncentracj\u0105 lub skupieniem uwagi<\/li>\n<\/ul>\n<p>Aby zdiagnozowa\u0107 trwa\u0142e zaburzenie depresyjne lub PDD, objawy musz\u0105 wyst\u0119powa\u0107 przez dwa lata lub d\u0142u\u017cej.<\/p>\n<h4>Zaburzenia dysforyczne przedmiesi\u0105czkowe (PMDD)<\/h4>\n<p>Przedmiesi\u0105czkowe zaburzenie dysforyczne (PMDD) to zaburzenie charakteryzuj\u0105ce si\u0119 okresami depresji, kt\u00f3re wyst\u0119puj\u0105 przed miesi\u0105czk\u0105 i ust\u0119puj\u0105 po jej rozpocz\u0119ciu lub wkr\u00f3tce po niej. Symptomy i oznaki przedmiesi\u0105czkowego zaburzenia dysforycznego lub PMDD mog\u0105 obejmowa\u0107, ale nie ograniczaj\u0105 si\u0119 do:<\/p>\n<ul>\n<li>Uczucia smutku, przygn\u0119bienia lub rozpaczy<\/li>\n<li>Powa\u017cne wahania nastroju lub zmiany nastroju<\/li>\n<li>Fizyczne objawy PMS, takie jak wzd\u0119cia, zatrzymywanie wody w organizmie lub skurcze<\/li>\n<li>Brak zainteresowania zwi\u0105zkami lub czynno\u015bciami, kt\u00f3re zwykle sprawiaj\u0105 przyjemno\u015b\u0107<\/li>\n<li>Hipersomnia lub bezsenno\u015b\u0107 (zbyt du\u017co lub zbyt ma\u0142o snu)<\/li>\n<li>Niepok\u00f3j, napi\u0119cie, poczucie bycia podekscytowanym lub zdenerwowanym.<\/li>\n<li>Uczucie przyt\u0142oczenia<\/li>\n<li>Zm\u0119czenie lub znu\u017cenie<\/li>\n<li>Problemy z koncentracj\u0105 lub skupieniem uwagi<\/li>\n<li>Zmiany apetytu<\/li>\n<li>Dra\u017cliwo\u015b\u0107 lub pobudzenie<\/li>\n<\/ul>\n<p>Przedmiesi\u0105czkowe zaburzenie dysforyczne (PMDD) nie jest to\u017csame z PMS i jest bardziej nasilone pod wzgl\u0119dem objaw\u00f3w. Wed\u0142ug strony internetowej Mi\u0119dzynarodowego Stowarzyszenia na rzecz Zaburze\u0144 Przedmiesi\u0105czkowych (IAPMD), zaburzenia dysforyczne przedmiesi\u0105czkowe (PMDD) wyst\u0119puj\u0105 u 5% do 10% os\u00f3b w wieku rozrodczym, kt\u00f3re przy urodzeniu zosta\u0142y przypisane do p\u0142ci \u017ce\u0144skiej.<\/p>\n<h4>Zaburzenia depresyjne wywo\u0142ane u\u017cywaniem substancji\/lekami<\/h4>\n<p>Zaburzenia depresyjne wywo\u0142ane u\u017cywaniem substancji\/lek\u00f3w s\u0105 w du\u017cej mierze tym, czym si\u0119 wydaj\u0105. Zaburzenie depresyjne wywo\u0142ane u\u017cywaniem substancji\/lek\u00f3w rozpoznaje si\u0119 u os\u00f3b, kt\u00f3re do\u015bwiadczaj\u0105 objaw\u00f3w depresji i wyra\u017anej zmiany nastroju w wyniku za\u017cywania substancji. Objawy zaburzenia depresyjnego wywo\u0142anego u\u017cywaniem substancji\/lekami mog\u0105 obejmowa\u0107 m.in:<\/p>\n<ul>\n<li>Uczucie przygn\u0119bienia<\/li>\n<li>Zm\u0119czenie lub brak energii<\/li>\n<li>Utrata zainteresowania czynno\u015bciami, kt\u00f3re zwykle sprawiaj\u0105 przyjemno\u015b\u0107<\/li>\n<li>Poczucie bezwarto\u015bciowo\u015bci, beznadziejno\u015bci lub nieproporcjonalnie du\u017ce poczucie winy<\/li>\n<li>Hipersomnia lub bezsenno\u015b\u0107 (zbyt du\u017co lub zbyt ma\u0142o snu)<\/li>\n<li>Problemy z koncentracj\u0105 lub skupieniem uwagi<\/li>\n<li>Zmiany apetytu<\/li>\n<li>Niska samoocena<\/li>\n<li>Dra\u017cliwo\u015b\u0107<\/li>\n<\/ul>\n<p>Aby postawi\u0107 to rozpoznanie, objawy nie mog\u0105 by\u0107 spowodowane innym zaburzeniem i musz\u0105 by\u0107 wywo\u0142ane za\u017cywaniem substancji.<\/p>\n<h4>Zaburzenie depresyjne z powodu innego stanu chorobowego<\/h4>\n<p>Zaburzenie depresyjne zwi\u0105zane z innym stanem chorobowym jest mniej wi\u0119cej tym, czym si\u0119 wydaje. Oznaki i objawy zaburzenia depresyjnego z powodu innego stanu chorobowego s\u0105 bardzo podobne do objaw\u00f3w innych zaburze\u0144 depresyjnych. Obejmuj\u0105 one przygn\u0119bienie lub obni\u017cony nastr\u00f3j i\/lub utrat\u0119 zainteresowania czynno\u015bciami, kt\u00f3re zwykle sprawiaj\u0105 przyjemno\u015b\u0107. Aby jednak postawi\u0107 diagnoz\u0119, musi by\u0107 oczywiste, \u017ce objaw\u00f3w depresji u danej osoby nie mo\u017cna lepiej wyt\u0142umaczy\u0107 innym zaburzeniem psychicznym. Musi by\u0107 oczywiste, \u017ce objawy pojawi\u0142y si\u0119 dopiero po wyst\u0105pieniu innego schorzenia.<\/p>\n<h4>Inne okre\u015blone zaburzenie depresyjne (<em>Other Specified Depressive Disorder<\/em>)<\/h4>\n<p>Jak wspomniano powy\u017cej, zaburzenie to s\u0142u\u017cy do odnotowania lub zaznaczenia objaw\u00f3w depresji, kt\u00f3rych nie mo\u017cna zdiagnozowa\u0107 w ramach innych typ\u00f3w depresji.<\/p>\n<h4>Nieokre\u015blone zaburzenie depresyjne<\/h4>\n<p>Jak wspomniano powy\u017cej, to zaburzenie s\u0142u\u017cy do odnotowania lub zaznaczenia objaw\u00f3w depresji, gdy nie ma wystarczaj\u0105cych informacji, kt\u00f3re pozwoli\u0142yby na postawienie innego rozpoznania.<\/p>\n<p>Nale\u017cy pami\u0119ta\u0107, \u017ce w ramach tych kategorii istniej\u0105 inne zaburzenia depresyjne. Na przyk\u0142ad sezonowe zaburzenia afektywne (Seasonal Affective Disorder &#8211; SAD) s\u0105 diagnozowane w ramach kategorii du\u017cej depresji. Wyr\u00f3\u017cnia si\u0119 jednak, \u017ce u os\u00f3b z Sezonowym Zaburzeniem Afektywnym du\u017ce epizody depresyjne wyst\u0119puj\u0105 sezonowo. Je\u015bli do\u015bwiadczasz objaw\u00f3w depresji, wa\u017cne jest, aby\u015b skontaktowa\u0142 si\u0119 z lekarzem lub specjalist\u0105 od zdrowia psychicznego, kt\u00f3ry mo\u017ce Ci pom\u00f3c.<\/p>\n<h4>Wi\u0119cej informacji<\/h4>\n<ul>\n<li><em>mind-diagnostics.org\/blog\/depression\/what-is-depression-nos-about-depressive-disorder-not-otherwise-specified<\/em><\/li>\n<\/ul>\n","protected":false},"excerpt":{"rendered":"<p>Zaburzenia depresyjne to powszechne schorzenie psychiczne. Wed\u0142ug danych \u015awiatowej Organizacji Zdrowia (WHO), na ca\u0142ym \u015bwiecie 264 miliony ludzi cierpi na depresj\u0119. Depresja mo\u017ce by\u0107 niezwykle&#8230;<\/p>\n","protected":false},"author":1,"featured_media":1825,"comment_status":"closed","ping_status":"open","sticky":false,"template":"","format":"standard","meta":[],"categories":[289],"tags":[483,482,477,478,291,480,479,293,481],"yoast_head":"<!-- This site is optimized with the Yoast SEO plugin v18.1 - https:\/\/yoast.com\/wordpress\/plugins\/seo\/ -->\n<title>Co to jest depresja NOS? O zaburzeniu depresyjnym nieokre\u015blonym inaczej - Diagnostyka Umys\u0142u<\/title>\n<meta name=\"robots\" content=\"index, follow, max-snippet:-1, max-image-preview:large, max-video-preview:-1\" \/>\n<link rel=\"canonical\" href=\"https:\/\/www.diagnostyka-umyslu.pl\/blog\/depresja\/co-to-jest-depresja-nos-o-zaburzeniu-depresyjnym-nieokreslonym-inaczej\/\" \/>\n<meta property=\"og:locale\" content=\"pl_PL\" \/>\n<meta property=\"og:type\" content=\"article\" \/>\n<meta property=\"og:title\" content=\"Co to jest depresja NOS? O zaburzeniu depresyjnym nieokre\u015blonym inaczej - Diagnostyka Umys\u0142u\" \/>\n<meta property=\"og:description\" content=\"Zaburzenia depresyjne to powszechne schorzenie psychiczne. Wed\u0142ug danych \u015awiatowej Organizacji Zdrowia (WHO), na ca\u0142ym \u015bwiecie 264 miliony ludzi cierpi na depresj\u0119. Depresja mo\u017ce by\u0107 niezwykle...\" \/>\n<meta property=\"og:url\" content=\"https:\/\/www.diagnostyka-umyslu.pl\/blog\/depresja\/co-to-jest-depresja-nos-o-zaburzeniu-depresyjnym-nieokreslonym-inaczej\/\" \/>\n<meta property=\"og:site_name\" content=\"Diagnostyka Umys\u0142u\" \/>\n<meta property=\"article:published_time\" content=\"2022-07-03T06:00:56+00:00\" \/>\n<meta property=\"article:modified_time\" content=\"2022-07-08T19:48:36+00:00\" \/>\n<meta property=\"og:image\" content=\"https:\/\/www.diagnostyka-umyslu.pl\/blog\/wp-content\/uploads\/2022\/07\/bg_top_default.jpg\" \/>\n\t<meta property=\"og:image:width\" content=\"840\" \/>\n\t<meta property=\"og:image:height\" content=\"202\" \/>\n\t<meta property=\"og:image:type\" content=\"image\/jpeg\" \/>\n<meta name=\"twitter:card\" content=\"summary_large_image\" \/>\n<meta name=\"twitter:label1\" content=\"Napisane przez\" \/>\n\t<meta name=\"twitter:data1\" content=\"Diagnostyka Umys\u0142u\" \/>\n\t<meta name=\"twitter:label2\" content=\"Szacowany czas czytania\" \/>\n\t<meta name=\"twitter:data2\" content=\"8 minut\" \/>\n<script type=\"application\/ld+json\" class=\"yoast-schema-graph\">{\"@context\":\"https:\/\/schema.org\",\"@graph\":[{\"@type\":\"Organization\",\"@id\":\"https:\/\/www.diagnostyka-umyslu.pl\/blog\/#organization\",\"name\":\"Diagnostyka Umys\u0142u\",\"url\":\"https:\/\/www.diagnostyka-umyslu.pl\/blog\/\",\"sameAs\":[],\"logo\":{\"@type\":\"ImageObject\",\"@id\":\"https:\/\/www.diagnostyka-umyslu.pl\/blog\/#logo\",\"inLanguage\":\"pl-PL\",\"url\":\"https:\/\/www.diagnostyka-umyslu.pl\/blog\/wp-content\/uploads\/2021\/05\/logo.png\",\"contentUrl\":\"https:\/\/www.diagnostyka-umyslu.pl\/blog\/wp-content\/uploads\/2021\/05\/logo.png\",\"width\":236,\"height\":81,\"caption\":\"Diagnostyka Umys\u0142u\"},\"image\":{\"@id\":\"https:\/\/www.diagnostyka-umyslu.pl\/blog\/#logo\"}},{\"@type\":\"WebSite\",\"@id\":\"https:\/\/www.diagnostyka-umyslu.pl\/blog\/#website\",\"url\":\"https:\/\/www.diagnostyka-umyslu.pl\/blog\/\",\"name\":\"Diagnostyka Umys\u0142u\",\"description\":\"Blog o zaburzeniach umys\u0142u\",\"publisher\":{\"@id\":\"https:\/\/www.diagnostyka-umyslu.pl\/blog\/#organization\"},\"potentialAction\":[{\"@type\":\"SearchAction\",\"target\":{\"@type\":\"EntryPoint\",\"urlTemplate\":\"https:\/\/www.diagnostyka-umyslu.pl\/blog\/?s={search_term_string}\"},\"query-input\":\"required name=search_term_string\"}],\"inLanguage\":\"pl-PL\"},{\"@type\":\"ImageObject\",\"@id\":\"https:\/\/www.diagnostyka-umyslu.pl\/blog\/depresja\/co-to-jest-depresja-nos-o-zaburzeniu-depresyjnym-nieokreslonym-inaczej\/#primaryimage\",\"inLanguage\":\"pl-PL\",\"url\":\"https:\/\/www.diagnostyka-umyslu.pl\/blog\/wp-content\/uploads\/2022\/07\/bg_top_default.jpg\",\"contentUrl\":\"https:\/\/www.diagnostyka-umyslu.pl\/blog\/wp-content\/uploads\/2022\/07\/bg_top_default.jpg\",\"width\":840,\"height\":202},{\"@type\":\"WebPage\",\"@id\":\"https:\/\/www.diagnostyka-umyslu.pl\/blog\/depresja\/co-to-jest-depresja-nos-o-zaburzeniu-depresyjnym-nieokreslonym-inaczej\/#webpage\",\"url\":\"https:\/\/www.diagnostyka-umyslu.pl\/blog\/depresja\/co-to-jest-depresja-nos-o-zaburzeniu-depresyjnym-nieokreslonym-inaczej\/\",\"name\":\"Co to jest depresja NOS? O zaburzeniu depresyjnym nieokre\u015blonym inaczej - Diagnostyka Umys\u0142u\",\"isPartOf\":{\"@id\":\"https:\/\/www.diagnostyka-umyslu.pl\/blog\/#website\"},\"primaryImageOfPage\":{\"@id\":\"https:\/\/www.diagnostyka-umyslu.pl\/blog\/depresja\/co-to-jest-depresja-nos-o-zaburzeniu-depresyjnym-nieokreslonym-inaczej\/#primaryimage\"},\"datePublished\":\"2022-07-03T06:00:56+00:00\",\"dateModified\":\"2022-07-08T19:48:36+00:00\",\"breadcrumb\":{\"@id\":\"https:\/\/www.diagnostyka-umyslu.pl\/blog\/depresja\/co-to-jest-depresja-nos-o-zaburzeniu-depresyjnym-nieokreslonym-inaczej\/#breadcrumb\"},\"inLanguage\":\"pl-PL\",\"potentialAction\":[{\"@type\":\"ReadAction\",\"target\":[\"https:\/\/www.diagnostyka-umyslu.pl\/blog\/depresja\/co-to-jest-depresja-nos-o-zaburzeniu-depresyjnym-nieokreslonym-inaczej\/\"]}]},{\"@type\":\"BreadcrumbList\",\"@id\":\"https:\/\/www.diagnostyka-umyslu.pl\/blog\/depresja\/co-to-jest-depresja-nos-o-zaburzeniu-depresyjnym-nieokreslonym-inaczej\/#breadcrumb\",\"itemListElement\":[{\"@type\":\"ListItem\",\"position\":1,\"name\":\"Strona g\u0142\u00f3wna\",\"item\":\"https:\/\/www.diagnostyka-umyslu.pl\/blog\/\"},{\"@type\":\"ListItem\",\"position\":2,\"name\":\"Depresja\",\"item\":\"https:\/\/www.diagnostyka-umyslu.pl\/blog\/depresja\/\"},{\"@type\":\"ListItem\",\"position\":3,\"name\":\"Co to jest depresja NOS? O zaburzeniu depresyjnym nieokre\u015blonym inaczej\"}]},{\"@type\":\"Article\",\"@id\":\"https:\/\/www.diagnostyka-umyslu.pl\/blog\/depresja\/co-to-jest-depresja-nos-o-zaburzeniu-depresyjnym-nieokreslonym-inaczej\/#article\",\"isPartOf\":{\"@id\":\"https:\/\/www.diagnostyka-umyslu.pl\/blog\/depresja\/co-to-jest-depresja-nos-o-zaburzeniu-depresyjnym-nieokreslonym-inaczej\/#webpage\"},\"author\":{\"@id\":\"https:\/\/www.diagnostyka-umyslu.pl\/blog\/#\/schema\/person\/8eb1bcaf59fea75c780c11946f4e3490\"},\"headline\":\"Co to jest depresja NOS? O zaburzeniu depresyjnym nieokre\u015blonym inaczej\",\"datePublished\":\"2022-07-03T06:00:56+00:00\",\"dateModified\":\"2022-07-08T19:48:36+00:00\",\"mainEntityOfPage\":{\"@id\":\"https:\/\/www.diagnostyka-umyslu.pl\/blog\/depresja\/co-to-jest-depresja-nos-o-zaburzeniu-depresyjnym-nieokreslonym-inaczej\/#webpage\"},\"wordCount\":1587,\"publisher\":{\"@id\":\"https:\/\/www.diagnostyka-umyslu.pl\/blog\/#organization\"},\"image\":{\"@id\":\"https:\/\/www.diagnostyka-umyslu.pl\/blog\/depresja\/co-to-jest-depresja-nos-o-zaburzeniu-depresyjnym-nieokreslonym-inaczej\/#primaryimage\"},\"thumbnailUrl\":\"https:\/\/www.diagnostyka-umyslu.pl\/blog\/wp-content\/uploads\/2022\/07\/bg_top_default.jpg\",\"keywords\":[\"Co to jest zaburzenie depresyjne nieokre\u015blone inaczej?\",\"Depresja w DSM-5\",\"Nieokre\u015blone zaburzenie depresyjne\",\"Other Specified Depressive Disorder\",\"Powa\u017cne zaburzenie depresyjne\",\"Trwa\u0142e zaburzenie depresyjne\",\"Zaburzenia depresyjne wywo\u0142ane u\u017cywaniem substancji\",\"Zaburzenia dysforyczne przedmiesi\u0105czkowe\",\"Zaburzenia regulacji nastroju\"],\"articleSection\":[\"Depresja\"],\"inLanguage\":\"pl-PL\"},{\"@type\":\"Person\",\"@id\":\"https:\/\/www.diagnostyka-umyslu.pl\/blog\/#\/schema\/person\/8eb1bcaf59fea75c780c11946f4e3490\",\"name\":\"Diagnostyka Umys\u0142u\",\"image\":{\"@type\":\"ImageObject\",\"@id\":\"https:\/\/www.diagnostyka-umyslu.pl\/blog\/#personlogo\",\"inLanguage\":\"pl-PL\",\"url\":\"https:\/\/secure.gravatar.com\/avatar\/6743211f010801ea26aa9423a2daab37?s=96&d=mm&r=g\",\"contentUrl\":\"https:\/\/secure.gravatar.com\/avatar\/6743211f010801ea26aa9423a2daab37?s=96&d=mm&r=g\",\"caption\":\"Diagnostyka Umys\u0142u\"},\"sameAs\":[\"https:\/\/www.diagnostyka-umyslu.pl\/blog\"],\"url\":\"https:\/\/www.diagnostyka-umyslu.pl\/blog\/author\/diagnostyka-umyslu\/\"}]}<\/script>\n<!-- \/ Yoast SEO plugin. -->","yoast_head_json":{"title":"Co to jest depresja NOS? O zaburzeniu depresyjnym nieokre\u015blonym inaczej - Diagnostyka Umys\u0142u","robots":{"index":"index","follow":"follow","max-snippet":"max-snippet:-1","max-image-preview":"max-image-preview:large","max-video-preview":"max-video-preview:-1"},"canonical":"https:\/\/www.diagnostyka-umyslu.pl\/blog\/depresja\/co-to-jest-depresja-nos-o-zaburzeniu-depresyjnym-nieokreslonym-inaczej\/","og_locale":"pl_PL","og_type":"article","og_title":"Co to jest depresja NOS? O zaburzeniu depresyjnym nieokre\u015blonym inaczej - Diagnostyka Umys\u0142u","og_description":"Zaburzenia depresyjne to powszechne schorzenie psychiczne. Wed\u0142ug danych \u015awiatowej Organizacji Zdrowia (WHO), na ca\u0142ym \u015bwiecie 264 miliony ludzi cierpi na depresj\u0119. Depresja mo\u017ce by\u0107 niezwykle...","og_url":"https:\/\/www.diagnostyka-umyslu.pl\/blog\/depresja\/co-to-jest-depresja-nos-o-zaburzeniu-depresyjnym-nieokreslonym-inaczej\/","og_site_name":"Diagnostyka Umys\u0142u","article_published_time":"2022-07-03T06:00:56+00:00","article_modified_time":"2022-07-08T19:48:36+00:00","og_image":[{"width":840,"height":202,"url":"https:\/\/www.diagnostyka-umyslu.pl\/blog\/wp-content\/uploads\/2022\/07\/bg_top_default.jpg","type":"image\/jpeg"}],"twitter_card":"summary_large_image","twitter_misc":{"Napisane przez":"Diagnostyka Umys\u0142u","Szacowany czas czytania":"8 minut"},"schema":{"@context":"https:\/\/schema.org","@graph":[{"@type":"Organization","@id":"https:\/\/www.diagnostyka-umyslu.pl\/blog\/#organization","name":"Diagnostyka Umys\u0142u","url":"https:\/\/www.diagnostyka-umyslu.pl\/blog\/","sameAs":[],"logo":{"@type":"ImageObject","@id":"https:\/\/www.diagnostyka-umyslu.pl\/blog\/#logo","inLanguage":"pl-PL","url":"https:\/\/www.diagnostyka-umyslu.pl\/blog\/wp-content\/uploads\/2021\/05\/logo.png","contentUrl":"https:\/\/www.diagnostyka-umyslu.pl\/blog\/wp-content\/uploads\/2021\/05\/logo.png","width":236,"height":81,"caption":"Diagnostyka Umys\u0142u"},"image":{"@id":"https:\/\/www.diagnostyka-umyslu.pl\/blog\/#logo"}},{"@type":"WebSite","@id":"https:\/\/www.diagnostyka-umyslu.pl\/blog\/#website","url":"https:\/\/www.diagnostyka-umyslu.pl\/blog\/","name":"Diagnostyka Umys\u0142u","description":"Blog o zaburzeniach umys\u0142u","publisher":{"@id":"https:\/\/www.diagnostyka-umyslu.pl\/blog\/#organization"},"potentialAction":[{"@type":"SearchAction","target":{"@type":"EntryPoint","urlTemplate":"https:\/\/www.diagnostyka-umyslu.pl\/blog\/?s={search_term_string}"},"query-input":"required name=search_term_string"}],"inLanguage":"pl-PL"},{"@type":"ImageObject","@id":"https:\/\/www.diagnostyka-umyslu.pl\/blog\/depresja\/co-to-jest-depresja-nos-o-zaburzeniu-depresyjnym-nieokreslonym-inaczej\/#primaryimage","inLanguage":"pl-PL","url":"https:\/\/www.diagnostyka-umyslu.pl\/blog\/wp-content\/uploads\/2022\/07\/bg_top_default.jpg","contentUrl":"https:\/\/www.diagnostyka-umyslu.pl\/blog\/wp-content\/uploads\/2022\/07\/bg_top_default.jpg","width":840,"height":202},{"@type":"WebPage","@id":"https:\/\/www.diagnostyka-umyslu.pl\/blog\/depresja\/co-to-jest-depresja-nos-o-zaburzeniu-depresyjnym-nieokreslonym-inaczej\/#webpage","url":"https:\/\/www.diagnostyka-umyslu.pl\/blog\/depresja\/co-to-jest-depresja-nos-o-zaburzeniu-depresyjnym-nieokreslonym-inaczej\/","name":"Co to jest depresja NOS? O zaburzeniu depresyjnym nieokre\u015blonym inaczej - Diagnostyka Umys\u0142u","isPartOf":{"@id":"https:\/\/www.diagnostyka-umyslu.pl\/blog\/#website"},"primaryImageOfPage":{"@id":"https:\/\/www.diagnostyka-umyslu.pl\/blog\/depresja\/co-to-jest-depresja-nos-o-zaburzeniu-depresyjnym-nieokreslonym-inaczej\/#primaryimage"},"datePublished":"2022-07-03T06:00:56+00:00","dateModified":"2022-07-08T19:48:36+00:00","breadcrumb":{"@id":"https:\/\/www.diagnostyka-umyslu.pl\/blog\/depresja\/co-to-jest-depresja-nos-o-zaburzeniu-depresyjnym-nieokreslonym-inaczej\/#breadcrumb"},"inLanguage":"pl-PL","potentialAction":[{"@type":"ReadAction","target":["https:\/\/www.diagnostyka-umyslu.pl\/blog\/depresja\/co-to-jest-depresja-nos-o-zaburzeniu-depresyjnym-nieokreslonym-inaczej\/"]}]},{"@type":"BreadcrumbList","@id":"https:\/\/www.diagnostyka-umyslu.pl\/blog\/depresja\/co-to-jest-depresja-nos-o-zaburzeniu-depresyjnym-nieokreslonym-inaczej\/#breadcrumb","itemListElement":[{"@type":"ListItem","position":1,"name":"Strona g\u0142\u00f3wna","item":"https:\/\/www.diagnostyka-umyslu.pl\/blog\/"},{"@type":"ListItem","position":2,"name":"Depresja","item":"https:\/\/www.diagnostyka-umyslu.pl\/blog\/depresja\/"},{"@type":"ListItem","position":3,"name":"Co to jest depresja NOS? O zaburzeniu depresyjnym nieokre\u015blonym inaczej"}]},{"@type":"Article","@id":"https:\/\/www.diagnostyka-umyslu.pl\/blog\/depresja\/co-to-jest-depresja-nos-o-zaburzeniu-depresyjnym-nieokreslonym-inaczej\/#article","isPartOf":{"@id":"https:\/\/www.diagnostyka-umyslu.pl\/blog\/depresja\/co-to-jest-depresja-nos-o-zaburzeniu-depresyjnym-nieokreslonym-inaczej\/#webpage"},"author":{"@id":"https:\/\/www.diagnostyka-umyslu.pl\/blog\/#\/schema\/person\/8eb1bcaf59fea75c780c11946f4e3490"},"headline":"Co to jest depresja NOS? O zaburzeniu depresyjnym nieokre\u015blonym inaczej","datePublished":"2022-07-03T06:00:56+00:00","dateModified":"2022-07-08T19:48:36+00:00","mainEntityOfPage":{"@id":"https:\/\/www.diagnostyka-umyslu.pl\/blog\/depresja\/co-to-jest-depresja-nos-o-zaburzeniu-depresyjnym-nieokreslonym-inaczej\/#webpage"},"wordCount":1587,"publisher":{"@id":"https:\/\/www.diagnostyka-umyslu.pl\/blog\/#organization"},"image":{"@id":"https:\/\/www.diagnostyka-umyslu.pl\/blog\/depresja\/co-to-jest-depresja-nos-o-zaburzeniu-depresyjnym-nieokreslonym-inaczej\/#primaryimage"},"thumbnailUrl":"https:\/\/www.diagnostyka-umyslu.pl\/blog\/wp-content\/uploads\/2022\/07\/bg_top_default.jpg","keywords":["Co to jest zaburzenie depresyjne nieokre\u015blone inaczej?","Depresja w DSM-5","Nieokre\u015blone zaburzenie depresyjne","Other Specified Depressive Disorder","Powa\u017cne zaburzenie depresyjne","Trwa\u0142e zaburzenie depresyjne","Zaburzenia depresyjne wywo\u0142ane u\u017cywaniem substancji","Zaburzenia dysforyczne przedmiesi\u0105czkowe","Zaburzenia regulacji nastroju"],"articleSection":["Depresja"],"inLanguage":"pl-PL"},{"@type":"Person","@id":"https:\/\/www.diagnostyka-umyslu.pl\/blog\/#\/schema\/person\/8eb1bcaf59fea75c780c11946f4e3490","name":"Diagnostyka Umys\u0142u","image":{"@type":"ImageObject","@id":"https:\/\/www.diagnostyka-umyslu.pl\/blog\/#personlogo","inLanguage":"pl-PL","url":"https:\/\/secure.gravatar.com\/avatar\/6743211f010801ea26aa9423a2daab37?s=96&d=mm&r=g","contentUrl":"https:\/\/secure.gravatar.com\/avatar\/6743211f010801ea26aa9423a2daab37?s=96&d=mm&r=g","caption":"Diagnostyka Umys\u0142u"},"sameAs":["https:\/\/www.diagnostyka-umyslu.pl\/blog"],"url":"https:\/\/www.diagnostyka-umyslu.pl\/blog\/author\/diagnostyka-umyslu\/"}]}},"amp_enabled":true,"_links":{"self":[{"href":"https:\/\/www.diagnostyka-umyslu.pl\/blog\/wp-json\/wp\/v2\/posts\/1427"}],"collection":[{"href":"https:\/\/www.diagnostyka-umyslu.pl\/blog\/wp-json\/wp\/v2\/posts"}],"about":[{"href":"https:\/\/www.diagnostyka-umyslu.pl\/blog\/wp-json\/wp\/v2\/types\/post"}],"author":[{"embeddable":true,"href":"https:\/\/www.diagnostyka-umyslu.pl\/blog\/wp-json\/wp\/v2\/users\/1"}],"replies":[{"embeddable":true,"href":"https:\/\/www.diagnostyka-umyslu.pl\/blog\/wp-json\/wp\/v2\/comments?post=1427"}],"version-history":[{"count":2,"href":"https:\/\/www.diagnostyka-umyslu.pl\/blog\/wp-json\/wp\/v2\/posts\/1427\/revisions"}],"predecessor-version":[{"id":1984,"href":"https:\/\/www.diagnostyka-umyslu.pl\/blog\/wp-json\/wp\/v2\/posts\/1427\/revisions\/1984"}],"wp:featuredmedia":[{"embeddable":true,"href":"https:\/\/www.diagnostyka-umyslu.pl\/blog\/wp-json\/wp\/v2\/media\/1825"}],"wp:attachment":[{"href":"https:\/\/www.diagnostyka-umyslu.pl\/blog\/wp-json\/wp\/v2\/media?parent=1427"}],"wp:term":[{"taxonomy":"category","embeddable":true,"href":"https:\/\/www.diagnostyka-umyslu.pl\/blog\/wp-json\/wp\/v2\/categories?post=1427"},{"taxonomy":"post_tag","embeddable":true,"href":"https:\/\/www.diagnostyka-umyslu.pl\/blog\/wp-json\/wp\/v2\/tags?post=1427"}],"curies":[{"name":"wp","href":"https:\/\/api.w.org\/{rel}","templated":true}]}}