{"id":1504,"date":"2022-07-28T08:00:59","date_gmt":"2022-07-28T06:00:59","guid":{"rendered":"https:\/\/www.diagnostyka-umyslu.pl\/blog\/?p=1504"},"modified":"2022-07-08T22:00:16","modified_gmt":"2022-07-08T20:00:16","slug":"co-to-jest-depresja-adhd","status":"publish","type":"post","link":"https:\/\/www.diagnostyka-umyslu.pl\/blog\/depresja\/co-to-jest-depresja-adhd\/","title":{"rendered":"Co to jest depresja ADHD?"},"content":{"rendered":"<p>Aby zrozumie\u0107 z\u0142o\u017cono\u015b\u0107 depresji ADHD, konieczne jest przyjrzenie si\u0119 ka\u017cdemu z tych schorze\u0144 osobno, aby lepiej zrozumie\u0107, czy mog\u0105 wyst\u0105pi\u0107 oznaki i objawy obu zaburze\u0144.<\/p>\n<h4>Co to jest ADHD?<\/h4>\n<p>Zesp\u00f3\u0142 nadpobudliwo\u015bci psychoruchowej z deficytem uwagi (ADHD) jest zaburzeniem psychicznym, kt\u00f3re mo\u017ce powodowa\u0107 u danej osoby ponadprzeci\u0119tny poziom zachowa\u0144 impulsywnych i nadpobudliwych, co powoduje skrajne trudno\u015bci w zdolno\u015bci do skupienia si\u0119 na jednym zadaniu przez d\u0142u\u017cszy czas. ADHD mo\u017ce dotyczy\u0107 zar\u00f3wno dzieci, jak i doros\u0142ych i nie jest dyskryminuj\u0105ce, je\u015bli chodzi o wiek. Zaburzenie to jest jednak zwykle diagnozowane w dzieci\u0144stwie i w wieku m\u0142odzie\u0144czym. ADHD nie jest r\u00f3wnie\u017c dyskryminuj\u0105ce ze wzgl\u0119du na p\u0142e\u0107. Badania wskazuj\u0105 jednak, \u017ce zaburzenie to jest cz\u0119\u015bciej diagnozowane u m\u0119\u017cczyzn ni\u017c u kobiet. Rozbie\u017cno\u015b\u0107 ta mo\u017ce wynika\u0107 z faktu, \u017ce objawy u dziewcz\u0105t mog\u0105 by\u0107 trudniejsze do zauwa\u017cenia, a zatem istnieje wi\u0119ksze prawdopodobie\u0144stwo, \u017ce nie zostan\u0105 zdiagnozowane. ADHD Typowe objawy to m.in:<\/p>\n<ul>\n<li>Trudno\u015bci z usiedzeniem w miejscu<\/li>\n<li>Trudno\u015bci z utrzymaniem skupienia lub koncentracji podczas wykonywania prostych zada\u0144<\/li>\n<li>Zapominanie o wykonanych zadaniach<\/li>\n<li>Przerywanie innym w trakcie m\u00f3wienia<\/li>\n<\/ul>\n<h4>Rodzaje ADHD<\/h4>\n<p>ADHD mo\u017ce by\u0107 traktowane jako poj\u0119cie zbiorcze, kt\u00f3re mo\u017cna podzieli\u0107 na trzy r\u00f3\u017cne typy, aby diagnoza zaburzenia psychicznego by\u0142a bardziej sp\u00f3jna w ka\u017cdym przypadku.<\/p>\n<p><strong>Typ dominuj\u0105co nieuwa\u017cny<\/strong><\/p>\n<p>Osoby z przewag\u0105 uwagi nieuwa\u017cnej do\u015bwiadczaj\u0105 ogromnych trudno\u015bci ze skupieniem uwagi, wykonywaniem polece\u0144 i realizacj\u0105 zada\u0144. Tendencje te mog\u0105 by\u0107 niezauwa\u017calne u dziecka, dop\u00f3ki nie p\u00f3jdzie ono do szko\u0142y. Jednak u os\u00f3b doros\u0142ych mo\u017cna je \u0142atwo zauwa\u017cy\u0107 w sytuacjach spo\u0142ecznych lub w pracy. Osoba z ADHD typu nieuwa\u017cnego mo\u017ce r\u00f3wnie\u017c:<\/p>\n<ul>\n<li>Odk\u0142ada\u0107 na p\u00f3\u017aniej rozpocz\u0119te zadania, takie jak praca domowa lub obowi\u0105zki domowe<\/li>\n<li>By\u0107 skrajnie zdezorganizowana w my\u015blach i w swoim otoczeniu<\/li>\n<li>Mie\u0107 tendencj\u0119 do pope\u0142niania nieostro\u017cnych b\u0142\u0119d\u00f3w<\/li>\n<li>Mie\u0107 problemy z utrzymaniem si\u0119 w jednym temacie podczas m\u00f3wienia, nie s\u0142ucha\u0107, co m\u00f3wi\u0105 inni i\/lub mie\u0107 trudno\u015bci z przestrzeganiem zasad spo\u0142ecznych<\/li>\n<\/ul>\n<p><strong>Typ dominuj\u0105co nadpobudliwy-impulsywny<\/strong><\/p>\n<p>Osoby, u kt\u00f3rych zdiagnozowano ten typ ADHD, wykazuj\u0105 tendencj\u0119 do zachowa\u0144 nadpobudliwych i impulsywnych, takich jak przerywanie innym poprzez wymawianie informacji podczas m\u00f3wienia, wiercenie si\u0119 lub odczuwanie niepokoju oraz nieumiej\u0119tno\u015b\u0107 czekania na swoj\u0105 kolej. Stopie\u0144 nasilenia tych zachowa\u0144 zale\u017cy od wieku i osoby, jednak objawy te s\u0105 zawsze obecne przed okresem dojrzewania. Osoba z ADHD typu hiperaktywno-impulsywnego mo\u017ce:<\/p>\n<ul>\n<li>Nadmiernie m\u00f3wi\u0107<\/li>\n<li>Wierci\u0107 si\u0119 w pozycji siedz\u0105cej<\/li>\n<li>Mie\u0107 trudno\u015bci z cich\u0105 zabaw\u0105<\/li>\n<li>Biega\u0107 lub wspina\u0107 si\u0119 na przedmioty w sytuacjach, w kt\u00f3rych nie jest to w\u0142a\u015bciwe<\/li>\n<\/ul>\n<p>Ponadto, u ma\u0142ych dzieci ADHD przejawia si\u0119 w takich zachowaniach, jak ci\u0105g\u0142e bycie w ruchu, skakanie po meblach lub trudno\u015bci w uczestniczeniu w zaj\u0119ciach, w kt\u00f3rych s\u0105 zmuszone do siedzenia przez d\u0142u\u017cszy czas. Natomiast u nastolatk\u00f3w i doros\u0142ych nadpobudliwo\u015b\u0107 objawia si\u0119 uczuciem niepokoju i trudno\u015bci\u0105 w zachowaniu ciszy podczas wykonywania czynno\u015bci, nawet w okoliczno\u015bciach, w kt\u00f3rych wymagana jest d\u0142u\u017csza bezczynno\u015b\u0107.<\/p>\n<p><strong>Po\u0142\u0105czony typ nadpobudliwy, impulsywny i nieuwa\u017cny<\/strong><\/p>\n<p>Jest to najbardziej rozpowszechniony typ ADHD. Je\u015bli u danej osoby wyst\u0119puje kombinowany typ ADHD, do\u015bwiadcza ona r\u00f3\u017cnych objaw\u00f3w wymienionych powy\u017cej. Chocia\u017c objawy te wyst\u0119puj\u0105 od czasu do czasu u dzieci bez tego zaburzenia, cz\u0119stotliwo\u015b\u0107 u dzieci zdiagnozowanych z kombinowanym typem ADHD mo\u017ce mie\u0107 trudno\u015bci z niekt\u00f3rymi dzia\u0142aniami lub praktykami w ich codziennym \u017cyciu.<\/p>\n<h4>Diagnoza ADHD<\/h4>\n<p>Diagnostyczny i statystyczny podr\u0119cznik zaburze\u0144 psychicznych (DSM-5) oferuje licencjonowanym lekarzom wytyczne dotycz\u0105ce okre\u015blania, czy dana osoba ma ADHD, czy nie. DSM-5 koncentruje si\u0119 na wzorcach impulsywno\u015bci, nieuwagi i nadpobudliwo\u015bci oraz udokumentowanych zachowaniach rodzic\u00f3w, nauczycieli i innych os\u00f3b, kt\u00f3re maj\u0105 pom\u00f3c w postawieniu diagnozy ADHD. Doro\u015bli musz\u0105 spe\u0142ni\u0107 co najmniej pi\u0119\u0107 lub wi\u0119cej kryteri\u00f3w w DSM-5, aby postawi\u0107 diagnoz\u0119 ADHD. Z kolei dziecko musi wykona\u0107 co najmniej sze\u015b\u0107 okre\u015blonych zachowa\u0144. Nale\u017cy pami\u0119ta\u0107, \u017ce oficjalna diagnoza i plan leczenia mog\u0105 by\u0107 postawione jedynie przez licencjonowanego specjalist\u0119.<\/p>\n<h4>Co to jest depresja?<\/h4>\n<p>Depresja jest powszechnym i powa\u017cnym zaburzeniem nastroju, kt\u00f3re negatywnie wp\u0142ywa na samopoczucie, my\u015blenie i zachowanie jednostki. Osoby cierpi\u0105ce na depresj\u0119 do\u015bwiadczaj\u0105 uporczywego smutku i poczucia beznadziejno\u015bci, co mo\u017ce prowadzi\u0107 do utraty zainteresowania wykonywaniem codziennych zada\u0144 i czynno\u015bci, kt\u00f3re kiedy\u015b sprawia\u0142y im przyjemno\u015b\u0107. <a href=\"https:\/\/www.diagnostyka-umyslu.pl\/test-na-depresje\">Depresja<\/a> mo\u017ce r\u00f3wnie\u017c prowadzi\u0107 do utraty zdolno\u015bci do normalnego funkcjonowania w szkole, pracy lub domu. Depresja wyst\u0119puje zar\u00f3wno u m\u0119\u017cczyzn, jak i u kobiet i mo\u017ce by\u0107 zdiagnozowana w ka\u017cdym wieku. Objawy depresji mog\u0105 by\u0107 r\u00f3\u017cne &#8211; od \u0142agodnych do ci\u0119\u017ckich &#8211; i musz\u0105 utrzymywa\u0107 si\u0119 przez co najmniej dwa tygodnie. U os\u00f3b z depresj\u0105 mog\u0105 wyst\u0105pi\u0107:<\/p>\n<ul>\n<li>Zmiany apetytu (przyrost lub utrata wagi niezwi\u0105zana z diet\u0105 i \u0107wiczeniami)<\/li>\n<li>Problemy z zasypianiem lub nadmierna senno\u015b\u0107<\/li>\n<li>Utrata energii i motywacji<\/li>\n<li>Nadmierne my\u015blenie, koncentracja i podejmowanie decyzji<\/li>\n<li>Poczucie bezwarto\u015bciowo\u015bci lub winy<\/li>\n<\/ul>\n<h4>Zwi\u0105zek mi\u0119dzy depresj\u0105 a ADHD<\/h4>\n<p>Po\u0142\u0105czenie ADHD z innym zaburzeniem psychicznym mo\u017ce cz\u0119sto stanowi\u0107 dodatkowe wyzwania dla osoby z diagnoz\u0105 i os\u00f3b z jej otoczenia. W niekt\u00f3rych przypadkach ADHD i depresja mog\u0105 wyst\u0119powa\u0107 jednocze\u015bnie, co oznacza, \u017ce dana osoba mo\u017ce jednocze\u015bnie do\u015bwiadcza\u0107 obu zaburze\u0144. Dzieje si\u0119 tak dlatego, \u017ce objawy obu zaburze\u0144 s\u0105 do\u015b\u0107 podobne, co powoduje ich nak\u0142adanie si\u0119. Na przyk\u0142ad, trudno\u015bci ze skupieniem si\u0119 na codziennych zadaniach s\u0105 oznak\u0105 zar\u00f3wno ADHD, jak i depresji.<\/p>\n<p>Osoby z ADHD cz\u0119sto zapadaj\u0105 na depresj\u0119, gdy maj\u0105 trudno\u015bci z radzeniem sobie z objawami ADHD w \u015brodowisku szkolnym lub zawodowym oraz z nawi\u0105zywaniem przyja\u017ani lub relacji z innymi lud\u017ami, co prowadzi do poczucia beznadziejno\u015bci i g\u0142\u0119bokiego smutku. Wsp\u00f3\u0142wyst\u0119powanie ADHD i depresji mo\u017ce r\u00f3wnie\u017c powodowa\u0107 u jednostki niezdolno\u015b\u0107 do opanowania negatywnych emocji, takich jak z\u0142o\u015b\u0107 i frustracja, poniewa\u017c nie jest ona w stanie w sensowny spos\u00f3b regulowa\u0107 swoich zachowa\u0144.<\/p>\n<p>Dodatkowo, ADHD mo\u017ce powodowa\u0107 trudno\u015bci w skupieniu si\u0119 na codziennych, nieinteresuj\u0105cych zadaniach. Wsp\u00f3\u0142wyst\u0119powanie z depresj\u0105 mo\u017ce r\u00f3wnie\u017c powodowa\u0107 utrat\u0119 zainteresowania og\u00f3lnie ciekawymi zaj\u0119ciami.<\/p>\n<p>Aby ustali\u0107, czy objawy s\u0105 zwi\u0105zane z ADHD czy z depresj\u0105, nale\u017cy skonsultowa\u0107 si\u0119 z lekarzem. Te dwa schorzenia nie wykluczaj\u0105 si\u0119 wzajemnie, a u danej osoby mo\u017cna zdiagnozowa\u0107 zar\u00f3wno depresj\u0119, jak i ADHD.<\/p>\n<h4>Jakie s\u0105 niekt\u00f3re czynniki wp\u0142ywaj\u0105ce na rozw\u00f3j depresji w zwi\u0105zku z diagnoz\u0105 ADHD?<\/h4>\n<p>Je\u015bli ju\u017c zdiagnozowano u Ciebie ADHD, kilka zmiennych mo\u017ce sprawi\u0107, \u017ce b\u0119dziesz nara\u017cony na ryzyko rozwoju depresji.<\/p>\n<p><strong>P\u0142e\u0107 i wiek<\/strong><\/p>\n<p>Chocia\u017c jest bardziej prawdopodobne, \u017ce zdiagnozowano u Ciebie ADHD, je\u015bli jeste\u015b m\u0119\u017cczyzn\u0105, badania wskazuj\u0105, \u017ce kobiety z ADHD s\u0105 bardziej nara\u017cone na rozw\u00f3j depresji z powodu objaw\u00f3w ADHD. Ponadto, dzieci, u kt\u00f3rych zdiagnozowano ADHD w m\u0142odszym wieku s\u0105 r\u00f3wnie\u017c bardziej nara\u017cone na rozw\u00f3j depresji dzieci\u0119cej ni\u017c dzieci bez ADHD.<\/p>\n<p><strong>Typ ADHD<\/strong><\/p>\n<p>Naukowcy odkryli r\u00f3wnie\u017c, \u017ce osoby, u kt\u00f3rych zdiagnozowano ADHD typu dominuj\u0105co nieuwa\u017cnego lub ADHD typu mieszanego, maj\u0105 wi\u0119ksze szanse na wyst\u0105pienie depresji ni\u017c osoby z ADHD typu nadpobudliwego.<\/p>\n<p><strong>Cz\u0119sto\u015b\u0107 wyst\u0119powania depresji towarzysz\u0105cej ADHD<\/strong><\/p>\n<p>U jednej na trzy osoby, u kt\u00f3rych zdiagnozowano ADHD, zdiagnozowano r\u00f3wnie\u017c depresj\u0119 lub wyst\u0105pi\u0142 u nich epizod depresyjny. Badania wskazuj\u0105 r\u00f3wnie\u017c, \u017ce oko\u0142o 18,6% doros\u0142ych cierpi na depresj\u0119 zwi\u0105zan\u0105 z ADHD. Ponadto badania wykazuj\u0105, \u017ce a\u017c 30% dzieci ma zaburzenia nastroju. Chocia\u017c ADHD i depresja mog\u0105 wsp\u00f3\u0142wyst\u0119powa\u0107, odpowiednia diagnoza i leczenie mog\u0105 pom\u00f3c osobom z ADHD skutecznie radzi\u0107 sobie z objawami i zmniejszy\u0107 ryzyko rozwoju depresji.<\/p>\n<p><strong>Porozmawiaj z lekarzem o depresji zwi\u0105zanej z ADHD<\/strong><\/p>\n<p>Jednym z najlepszych sposob\u00f3w leczenia depresji ADHD jest zdiagnozowanie i leczenie warunk\u00f3w tak wcze\u015bnie, jak to mo\u017cliwe. Jednak leczenie mo\u017ce rozpocz\u0105\u0107 si\u0119 od tego, kt\u00f3re zaburzenie psychiczne sprawia pacjentowi najwi\u0119cej trudno\u015bci w \u017cyciu codziennym. W przypadku zdiagnozowania u osoby z ADHD i depresj\u0105, zwykle stosuje si\u0119 seri\u0119 spotka\u0144 i technik terapeutycznych. Zaleca si\u0119 jednak konsultacj\u0119 z lekarzem, aby dowiedzie\u0107 si\u0119, jakie formy leczenia s\u0105 najlepsze dla pacjenta i jego indywidualnych potrzeb. Dzi\u0119ki odpowiedniemu leczeniu mo\u017cna zacz\u0105\u0107 \u0142agodzi\u0107 do\u015bwiadczane objawy i wypracowa\u0107 pozytywne mechanizmy radzenia sobie z problemami, aby poprawi\u0107 koncentracj\u0119 i zwi\u0119kszy\u0107 poczucie w\u0142asnej warto\u015bci.<\/p>\n<p><strong>Terapia poznawczo-behawioralna (CBT)<\/strong><\/p>\n<p>Jedn\u0105 z najcz\u0119stszych metod terapii rozm\u00f3w, stosowan\u0105 w leczeniu tych zaburze\u0144 psychicznych, jest terapia poznawczo-behawioralna (Cognitive Behavioral Therapy, CBT). Terapia poznawczo-behawioralna polega na indywidualnym podej\u015bciu prowadzonym przez licencjonowanego terapeut\u0119. CBT pomaga osobom u\u015bwiadomi\u0107 sobie ich szkodliwe i niedok\u0142adne formy my\u015blenia, wykorzystuj\u0105c podej\u015bcie ukierunkowane na osi\u0105gni\u0119cie celu, jakim jest przeprogramowanie sposobu reagowania na stresuj\u0105ce i trudne sytuacje. Udowodniono, \u017ce CBT prowadzi do znacznej poprawy funkcjonowania i jako\u015bci \u017cycia os\u00f3b cierpi\u0105cych na zaburzenia psychiczne, w tym ADHD i depresj\u0119.<\/p>\n<p>W celu uzyskania szczeg\u00f3\u0142owych informacji na temat leczenia nale\u017cy skonsultowa\u0107 si\u0119 z licencjonowanym lekarzem specjalist\u0105.<\/p>\n<h4>Co mo\u017cesz zrobi\u0107 ju\u017c dzi\u015b<\/h4>\n<p>\u017bycie z diagnoz\u0105 depresji ADHD mo\u017ce by\u0107 wyzwaniem. Po przeczytaniu tego tekstu mo\u017cesz si\u0119 zastanawia\u0107, czy Ty lub kto\u015b, kogo kochasz, mo\u017ce do\u015bwiadcza\u0107 wymienionych powy\u017cej oznak i objaw\u00f3w zar\u00f3wno ADHD, jak i depresji. Rozwi\u0105zywanie <a href=\"https:\/\/www.diagnostyka-umyslu.pl\/test-na-depresje\">quizu na temat depresji<\/a> mo\u017ce by\u0107 dobrym punktem wyj\u015bcia, aby dowiedzie\u0107 si\u0119, czy nale\u017cy szuka\u0107 pomocy u specjalisty. Quiz ten nie powinien by\u0107 traktowany jako formalna diagnoza. Po wype\u0142nieniu quizu online zalecamy skontaktowanie si\u0119 z doradc\u0105 w celu uzyskania dalszych informacji i mo\u017cliwo\u015bci leczenia. Dzi\u0119ki odpowiedniemu wsparciu mo\u017cna poradzi\u0107 sobie z diagnoz\u0105 i prowadzi\u0107 szcz\u0119\u015bliwe i satysfakcjonuj\u0105ce \u017cycie.<\/p>\n<h4>Wi\u0119cej informacji<\/h4>\n<ul>\n<li><em>mind-diagnostics.org\/blog\/depression\/what-is-adhd-depression<\/em><\/li>\n<\/ul>\n","protected":false},"excerpt":{"rendered":"<p>Aby zrozumie\u0107 z\u0142o\u017cono\u015b\u0107 depresji ADHD, konieczne jest przyjrzenie si\u0119 ka\u017cdemu z tych schorze\u0144 osobno, aby lepiej zrozumie\u0107, czy mog\u0105 wyst\u0105pi\u0107 oznaki i objawy obu zaburze\u0144&#8230;.<\/p>\n","protected":false},"author":1,"featured_media":1825,"comment_status":"closed","ping_status":"open","sticky":false,"template":"","format":"standard","meta":[],"categories":[289],"tags":[358,72,580,577,579,578,581],"yoast_head":"<!-- This site is optimized with the Yoast SEO plugin v18.1 - https:\/\/yoast.com\/wordpress\/plugins\/seo\/ -->\n<title>Co to jest depresja ADHD? - Diagnostyka Umys\u0142u<\/title>\n<meta name=\"robots\" content=\"index, follow, max-snippet:-1, max-image-preview:large, max-video-preview:-1\" \/>\n<link rel=\"canonical\" href=\"https:\/\/www.diagnostyka-umyslu.pl\/blog\/depresja\/co-to-jest-depresja-adhd\/\" \/>\n<meta property=\"og:locale\" content=\"pl_PL\" \/>\n<meta property=\"og:type\" content=\"article\" \/>\n<meta property=\"og:title\" content=\"Co to jest depresja ADHD? - Diagnostyka Umys\u0142u\" \/>\n<meta property=\"og:description\" content=\"Aby zrozumie\u0107 z\u0142o\u017cono\u015b\u0107 depresji ADHD, konieczne jest przyjrzenie si\u0119 ka\u017cdemu z tych schorze\u0144 osobno, aby lepiej zrozumie\u0107, czy mog\u0105 wyst\u0105pi\u0107 oznaki i objawy obu zaburze\u0144....\" \/>\n<meta property=\"og:url\" content=\"https:\/\/www.diagnostyka-umyslu.pl\/blog\/depresja\/co-to-jest-depresja-adhd\/\" \/>\n<meta property=\"og:site_name\" content=\"Diagnostyka Umys\u0142u\" \/>\n<meta property=\"article:published_time\" content=\"2022-07-28T06:00:59+00:00\" \/>\n<meta property=\"article:modified_time\" content=\"2022-07-08T20:00:16+00:00\" \/>\n<meta property=\"og:image\" content=\"https:\/\/www.diagnostyka-umyslu.pl\/blog\/wp-content\/uploads\/2022\/07\/bg_top_default.jpg\" \/>\n\t<meta property=\"og:image:width\" content=\"840\" \/>\n\t<meta property=\"og:image:height\" content=\"202\" \/>\n\t<meta property=\"og:image:type\" content=\"image\/jpeg\" \/>\n<meta name=\"twitter:card\" content=\"summary_large_image\" \/>\n<meta name=\"twitter:label1\" content=\"Napisane przez\" \/>\n\t<meta name=\"twitter:data1\" content=\"Diagnostyka Umys\u0142u\" \/>\n\t<meta name=\"twitter:label2\" content=\"Szacowany czas czytania\" \/>\n\t<meta name=\"twitter:data2\" content=\"9 minut\" \/>\n<script type=\"application\/ld+json\" class=\"yoast-schema-graph\">{\"@context\":\"https:\/\/schema.org\",\"@graph\":[{\"@type\":\"Organization\",\"@id\":\"https:\/\/www.diagnostyka-umyslu.pl\/blog\/#organization\",\"name\":\"Diagnostyka Umys\u0142u\",\"url\":\"https:\/\/www.diagnostyka-umyslu.pl\/blog\/\",\"sameAs\":[],\"logo\":{\"@type\":\"ImageObject\",\"@id\":\"https:\/\/www.diagnostyka-umyslu.pl\/blog\/#logo\",\"inLanguage\":\"pl-PL\",\"url\":\"https:\/\/www.diagnostyka-umyslu.pl\/blog\/wp-content\/uploads\/2021\/05\/logo.png\",\"contentUrl\":\"https:\/\/www.diagnostyka-umyslu.pl\/blog\/wp-content\/uploads\/2021\/05\/logo.png\",\"width\":236,\"height\":81,\"caption\":\"Diagnostyka Umys\u0142u\"},\"image\":{\"@id\":\"https:\/\/www.diagnostyka-umyslu.pl\/blog\/#logo\"}},{\"@type\":\"WebSite\",\"@id\":\"https:\/\/www.diagnostyka-umyslu.pl\/blog\/#website\",\"url\":\"https:\/\/www.diagnostyka-umyslu.pl\/blog\/\",\"name\":\"Diagnostyka Umys\u0142u\",\"description\":\"Blog o zaburzeniach umys\u0142u\",\"publisher\":{\"@id\":\"https:\/\/www.diagnostyka-umyslu.pl\/blog\/#organization\"},\"potentialAction\":[{\"@type\":\"SearchAction\",\"target\":{\"@type\":\"EntryPoint\",\"urlTemplate\":\"https:\/\/www.diagnostyka-umyslu.pl\/blog\/?s={search_term_string}\"},\"query-input\":\"required name=search_term_string\"}],\"inLanguage\":\"pl-PL\"},{\"@type\":\"ImageObject\",\"@id\":\"https:\/\/www.diagnostyka-umyslu.pl\/blog\/depresja\/co-to-jest-depresja-adhd\/#primaryimage\",\"inLanguage\":\"pl-PL\",\"url\":\"https:\/\/www.diagnostyka-umyslu.pl\/blog\/wp-content\/uploads\/2022\/07\/bg_top_default.jpg\",\"contentUrl\":\"https:\/\/www.diagnostyka-umyslu.pl\/blog\/wp-content\/uploads\/2022\/07\/bg_top_default.jpg\",\"width\":840,\"height\":202},{\"@type\":\"WebPage\",\"@id\":\"https:\/\/www.diagnostyka-umyslu.pl\/blog\/depresja\/co-to-jest-depresja-adhd\/#webpage\",\"url\":\"https:\/\/www.diagnostyka-umyslu.pl\/blog\/depresja\/co-to-jest-depresja-adhd\/\",\"name\":\"Co to jest depresja ADHD? - Diagnostyka Umys\u0142u\",\"isPartOf\":{\"@id\":\"https:\/\/www.diagnostyka-umyslu.pl\/blog\/#website\"},\"primaryImageOfPage\":{\"@id\":\"https:\/\/www.diagnostyka-umyslu.pl\/blog\/depresja\/co-to-jest-depresja-adhd\/#primaryimage\"},\"datePublished\":\"2022-07-28T06:00:59+00:00\",\"dateModified\":\"2022-07-08T20:00:16+00:00\",\"breadcrumb\":{\"@id\":\"https:\/\/www.diagnostyka-umyslu.pl\/blog\/depresja\/co-to-jest-depresja-adhd\/#breadcrumb\"},\"inLanguage\":\"pl-PL\",\"potentialAction\":[{\"@type\":\"ReadAction\",\"target\":[\"https:\/\/www.diagnostyka-umyslu.pl\/blog\/depresja\/co-to-jest-depresja-adhd\/\"]}]},{\"@type\":\"BreadcrumbList\",\"@id\":\"https:\/\/www.diagnostyka-umyslu.pl\/blog\/depresja\/co-to-jest-depresja-adhd\/#breadcrumb\",\"itemListElement\":[{\"@type\":\"ListItem\",\"position\":1,\"name\":\"Strona g\u0142\u00f3wna\",\"item\":\"https:\/\/www.diagnostyka-umyslu.pl\/blog\/\"},{\"@type\":\"ListItem\",\"position\":2,\"name\":\"Depresja\",\"item\":\"https:\/\/www.diagnostyka-umyslu.pl\/blog\/depresja\/\"},{\"@type\":\"ListItem\",\"position\":3,\"name\":\"Co to jest depresja ADHD?\"}]},{\"@type\":\"Article\",\"@id\":\"https:\/\/www.diagnostyka-umyslu.pl\/blog\/depresja\/co-to-jest-depresja-adhd\/#article\",\"isPartOf\":{\"@id\":\"https:\/\/www.diagnostyka-umyslu.pl\/blog\/depresja\/co-to-jest-depresja-adhd\/#webpage\"},\"author\":{\"@id\":\"https:\/\/www.diagnostyka-umyslu.pl\/blog\/#\/schema\/person\/8eb1bcaf59fea75c780c11946f4e3490\"},\"headline\":\"Co to jest depresja ADHD?\",\"datePublished\":\"2022-07-28T06:00:59+00:00\",\"dateModified\":\"2022-07-08T20:00:16+00:00\",\"mainEntityOfPage\":{\"@id\":\"https:\/\/www.diagnostyka-umyslu.pl\/blog\/depresja\/co-to-jest-depresja-adhd\/#webpage\"},\"wordCount\":1708,\"publisher\":{\"@id\":\"https:\/\/www.diagnostyka-umyslu.pl\/blog\/#organization\"},\"image\":{\"@id\":\"https:\/\/www.diagnostyka-umyslu.pl\/blog\/depresja\/co-to-jest-depresja-adhd\/#primaryimage\"},\"thumbnailUrl\":\"https:\/\/www.diagnostyka-umyslu.pl\/blog\/wp-content\/uploads\/2022\/07\/bg_top_default.jpg\",\"keywords\":[\"Co to jest depresja?\",\"Diagnoza ADHD\",\"Po\u0142\u0105czony typ nadpobudliwy - impulsywny i nieuwa\u017cny\",\"Rodzaje ADHD\",\"Typ dominuj\u0105co nadpobudliwy-impulsywny\",\"Typ dominuj\u0105co nieuwa\u017cny\",\"Zwi\u0105zek mi\u0119dzy depresj\u0105 a ADHD\"],\"articleSection\":[\"Depresja\"],\"inLanguage\":\"pl-PL\"},{\"@type\":\"Person\",\"@id\":\"https:\/\/www.diagnostyka-umyslu.pl\/blog\/#\/schema\/person\/8eb1bcaf59fea75c780c11946f4e3490\",\"name\":\"Diagnostyka Umys\u0142u\",\"image\":{\"@type\":\"ImageObject\",\"@id\":\"https:\/\/www.diagnostyka-umyslu.pl\/blog\/#personlogo\",\"inLanguage\":\"pl-PL\",\"url\":\"https:\/\/secure.gravatar.com\/avatar\/6743211f010801ea26aa9423a2daab37?s=96&d=mm&r=g\",\"contentUrl\":\"https:\/\/secure.gravatar.com\/avatar\/6743211f010801ea26aa9423a2daab37?s=96&d=mm&r=g\",\"caption\":\"Diagnostyka Umys\u0142u\"},\"sameAs\":[\"https:\/\/www.diagnostyka-umyslu.pl\/blog\"],\"url\":\"https:\/\/www.diagnostyka-umyslu.pl\/blog\/author\/diagnostyka-umyslu\/\"}]}<\/script>\n<!-- \/ Yoast SEO plugin. -->","yoast_head_json":{"title":"Co to jest depresja ADHD? - Diagnostyka Umys\u0142u","robots":{"index":"index","follow":"follow","max-snippet":"max-snippet:-1","max-image-preview":"max-image-preview:large","max-video-preview":"max-video-preview:-1"},"canonical":"https:\/\/www.diagnostyka-umyslu.pl\/blog\/depresja\/co-to-jest-depresja-adhd\/","og_locale":"pl_PL","og_type":"article","og_title":"Co to jest depresja ADHD? - Diagnostyka Umys\u0142u","og_description":"Aby zrozumie\u0107 z\u0142o\u017cono\u015b\u0107 depresji ADHD, konieczne jest przyjrzenie si\u0119 ka\u017cdemu z tych schorze\u0144 osobno, aby lepiej zrozumie\u0107, czy mog\u0105 wyst\u0105pi\u0107 oznaki i objawy obu zaburze\u0144....","og_url":"https:\/\/www.diagnostyka-umyslu.pl\/blog\/depresja\/co-to-jest-depresja-adhd\/","og_site_name":"Diagnostyka Umys\u0142u","article_published_time":"2022-07-28T06:00:59+00:00","article_modified_time":"2022-07-08T20:00:16+00:00","og_image":[{"width":840,"height":202,"url":"https:\/\/www.diagnostyka-umyslu.pl\/blog\/wp-content\/uploads\/2022\/07\/bg_top_default.jpg","type":"image\/jpeg"}],"twitter_card":"summary_large_image","twitter_misc":{"Napisane przez":"Diagnostyka Umys\u0142u","Szacowany czas czytania":"9 minut"},"schema":{"@context":"https:\/\/schema.org","@graph":[{"@type":"Organization","@id":"https:\/\/www.diagnostyka-umyslu.pl\/blog\/#organization","name":"Diagnostyka Umys\u0142u","url":"https:\/\/www.diagnostyka-umyslu.pl\/blog\/","sameAs":[],"logo":{"@type":"ImageObject","@id":"https:\/\/www.diagnostyka-umyslu.pl\/blog\/#logo","inLanguage":"pl-PL","url":"https:\/\/www.diagnostyka-umyslu.pl\/blog\/wp-content\/uploads\/2021\/05\/logo.png","contentUrl":"https:\/\/www.diagnostyka-umyslu.pl\/blog\/wp-content\/uploads\/2021\/05\/logo.png","width":236,"height":81,"caption":"Diagnostyka Umys\u0142u"},"image":{"@id":"https:\/\/www.diagnostyka-umyslu.pl\/blog\/#logo"}},{"@type":"WebSite","@id":"https:\/\/www.diagnostyka-umyslu.pl\/blog\/#website","url":"https:\/\/www.diagnostyka-umyslu.pl\/blog\/","name":"Diagnostyka Umys\u0142u","description":"Blog o zaburzeniach umys\u0142u","publisher":{"@id":"https:\/\/www.diagnostyka-umyslu.pl\/blog\/#organization"},"potentialAction":[{"@type":"SearchAction","target":{"@type":"EntryPoint","urlTemplate":"https:\/\/www.diagnostyka-umyslu.pl\/blog\/?s={search_term_string}"},"query-input":"required name=search_term_string"}],"inLanguage":"pl-PL"},{"@type":"ImageObject","@id":"https:\/\/www.diagnostyka-umyslu.pl\/blog\/depresja\/co-to-jest-depresja-adhd\/#primaryimage","inLanguage":"pl-PL","url":"https:\/\/www.diagnostyka-umyslu.pl\/blog\/wp-content\/uploads\/2022\/07\/bg_top_default.jpg","contentUrl":"https:\/\/www.diagnostyka-umyslu.pl\/blog\/wp-content\/uploads\/2022\/07\/bg_top_default.jpg","width":840,"height":202},{"@type":"WebPage","@id":"https:\/\/www.diagnostyka-umyslu.pl\/blog\/depresja\/co-to-jest-depresja-adhd\/#webpage","url":"https:\/\/www.diagnostyka-umyslu.pl\/blog\/depresja\/co-to-jest-depresja-adhd\/","name":"Co to jest depresja ADHD? - Diagnostyka Umys\u0142u","isPartOf":{"@id":"https:\/\/www.diagnostyka-umyslu.pl\/blog\/#website"},"primaryImageOfPage":{"@id":"https:\/\/www.diagnostyka-umyslu.pl\/blog\/depresja\/co-to-jest-depresja-adhd\/#primaryimage"},"datePublished":"2022-07-28T06:00:59+00:00","dateModified":"2022-07-08T20:00:16+00:00","breadcrumb":{"@id":"https:\/\/www.diagnostyka-umyslu.pl\/blog\/depresja\/co-to-jest-depresja-adhd\/#breadcrumb"},"inLanguage":"pl-PL","potentialAction":[{"@type":"ReadAction","target":["https:\/\/www.diagnostyka-umyslu.pl\/blog\/depresja\/co-to-jest-depresja-adhd\/"]}]},{"@type":"BreadcrumbList","@id":"https:\/\/www.diagnostyka-umyslu.pl\/blog\/depresja\/co-to-jest-depresja-adhd\/#breadcrumb","itemListElement":[{"@type":"ListItem","position":1,"name":"Strona g\u0142\u00f3wna","item":"https:\/\/www.diagnostyka-umyslu.pl\/blog\/"},{"@type":"ListItem","position":2,"name":"Depresja","item":"https:\/\/www.diagnostyka-umyslu.pl\/blog\/depresja\/"},{"@type":"ListItem","position":3,"name":"Co to jest depresja ADHD?"}]},{"@type":"Article","@id":"https:\/\/www.diagnostyka-umyslu.pl\/blog\/depresja\/co-to-jest-depresja-adhd\/#article","isPartOf":{"@id":"https:\/\/www.diagnostyka-umyslu.pl\/blog\/depresja\/co-to-jest-depresja-adhd\/#webpage"},"author":{"@id":"https:\/\/www.diagnostyka-umyslu.pl\/blog\/#\/schema\/person\/8eb1bcaf59fea75c780c11946f4e3490"},"headline":"Co to jest depresja ADHD?","datePublished":"2022-07-28T06:00:59+00:00","dateModified":"2022-07-08T20:00:16+00:00","mainEntityOfPage":{"@id":"https:\/\/www.diagnostyka-umyslu.pl\/blog\/depresja\/co-to-jest-depresja-adhd\/#webpage"},"wordCount":1708,"publisher":{"@id":"https:\/\/www.diagnostyka-umyslu.pl\/blog\/#organization"},"image":{"@id":"https:\/\/www.diagnostyka-umyslu.pl\/blog\/depresja\/co-to-jest-depresja-adhd\/#primaryimage"},"thumbnailUrl":"https:\/\/www.diagnostyka-umyslu.pl\/blog\/wp-content\/uploads\/2022\/07\/bg_top_default.jpg","keywords":["Co to jest depresja?","Diagnoza ADHD","Po\u0142\u0105czony typ nadpobudliwy - impulsywny i nieuwa\u017cny","Rodzaje ADHD","Typ dominuj\u0105co nadpobudliwy-impulsywny","Typ dominuj\u0105co nieuwa\u017cny","Zwi\u0105zek mi\u0119dzy depresj\u0105 a ADHD"],"articleSection":["Depresja"],"inLanguage":"pl-PL"},{"@type":"Person","@id":"https:\/\/www.diagnostyka-umyslu.pl\/blog\/#\/schema\/person\/8eb1bcaf59fea75c780c11946f4e3490","name":"Diagnostyka Umys\u0142u","image":{"@type":"ImageObject","@id":"https:\/\/www.diagnostyka-umyslu.pl\/blog\/#personlogo","inLanguage":"pl-PL","url":"https:\/\/secure.gravatar.com\/avatar\/6743211f010801ea26aa9423a2daab37?s=96&d=mm&r=g","contentUrl":"https:\/\/secure.gravatar.com\/avatar\/6743211f010801ea26aa9423a2daab37?s=96&d=mm&r=g","caption":"Diagnostyka Umys\u0142u"},"sameAs":["https:\/\/www.diagnostyka-umyslu.pl\/blog"],"url":"https:\/\/www.diagnostyka-umyslu.pl\/blog\/author\/diagnostyka-umyslu\/"}]}},"amp_enabled":true,"_links":{"self":[{"href":"https:\/\/www.diagnostyka-umyslu.pl\/blog\/wp-json\/wp\/v2\/posts\/1504"}],"collection":[{"href":"https:\/\/www.diagnostyka-umyslu.pl\/blog\/wp-json\/wp\/v2\/posts"}],"about":[{"href":"https:\/\/www.diagnostyka-umyslu.pl\/blog\/wp-json\/wp\/v2\/types\/post"}],"author":[{"embeddable":true,"href":"https:\/\/www.diagnostyka-umyslu.pl\/blog\/wp-json\/wp\/v2\/users\/1"}],"replies":[{"embeddable":true,"href":"https:\/\/www.diagnostyka-umyslu.pl\/blog\/wp-json\/wp\/v2\/comments?post=1504"}],"version-history":[{"count":2,"href":"https:\/\/www.diagnostyka-umyslu.pl\/blog\/wp-json\/wp\/v2\/posts\/1504\/revisions"}],"predecessor-version":[{"id":2017,"href":"https:\/\/www.diagnostyka-umyslu.pl\/blog\/wp-json\/wp\/v2\/posts\/1504\/revisions\/2017"}],"wp:featuredmedia":[{"embeddable":true,"href":"https:\/\/www.diagnostyka-umyslu.pl\/blog\/wp-json\/wp\/v2\/media\/1825"}],"wp:attachment":[{"href":"https:\/\/www.diagnostyka-umyslu.pl\/blog\/wp-json\/wp\/v2\/media?parent=1504"}],"wp:term":[{"taxonomy":"category","embeddable":true,"href":"https:\/\/www.diagnostyka-umyslu.pl\/blog\/wp-json\/wp\/v2\/categories?post=1504"},{"taxonomy":"post_tag","embeddable":true,"href":"https:\/\/www.diagnostyka-umyslu.pl\/blog\/wp-json\/wp\/v2\/tags?post=1504"}],"curies":[{"name":"wp","href":"https:\/\/api.w.org\/{rel}","templated":true}]}}