{"id":1517,"date":"2022-08-01T08:00:49","date_gmt":"2022-08-01T06:00:49","guid":{"rendered":"https:\/\/www.diagnostyka-umyslu.pl\/blog\/?p=1517"},"modified":"2022-07-08T22:01:02","modified_gmt":"2022-07-08T20:01:02","slug":"jak-radzic-sobie-z-depresja-i-izolacja-kiedy-nie-chcesz-przebywac-z-innymi","status":"publish","type":"post","link":"https:\/\/www.diagnostyka-umyslu.pl\/blog\/depresja\/jak-radzic-sobie-z-depresja-i-izolacja-kiedy-nie-chcesz-przebywac-z-innymi\/","title":{"rendered":"Jak radzi\u0107 sobie z depresj\u0105 i izolacj\u0105, kiedy nie chcesz przebywa\u0107 z innymi?"},"content":{"rendered":"<p>Wiele os\u00f3b cierpi\u0105cych na depresj\u0119 chce by\u0107 samotnych. Niekt\u00f3rzy czuj\u0105, \u017ce izolacja jest form\u0105 ochrony, inni za\u015b czerpi\u0105 z niej pociech\u0119, poniewa\u017c nikt nie mo\u017ce ich os\u0105dza\u0107 ani pogarsza\u0107 ich samopoczucia. Niekt\u00f3re osoby z depresj\u0105 mog\u0105 do\u015bwiadcza\u0107 wycofania spo\u0142ecznego i smutku, nie tylko wol\u0105 by\u0107 pozostawione same sobie, ale ich samotno\u015b\u0107 staje si\u0119 nawykiem. Chocia\u017c poczucie samotno\u015bci i samotno\u015b\u0107 s\u0105 cz\u0119ste u <a href=\"https:\/\/www.diagnostyka-umyslu.pl\/test-na-depresje\">os\u00f3b z depresj\u0105<\/a>, nie jest to zalecane.<\/p>\n<p>Nawet je\u015bli kto\u015b mieszka z rodzin\u0105 lub ma przyjaci\u00f3\u0142, mo\u017ce nie by\u0107 mu \u0142atwo zwr\u00f3ci\u0107 si\u0119 do kogo\u015b, gdy potrzebuje porozmawia\u0107. Wa\u017cne jest, aby zrozumie\u0107, jak wa\u017cne s\u0105 kontakty z innymi i jak izolacja i depresja wp\u0142ywaj\u0105 na zdrowie.<\/p>\n<h4>JAK RADZI\u0106 SOBIE Z DEPRESJ\u0104<\/h4>\n<p>Zrozumienie, jak radzi\u0107 sobie z depresj\u0105, obejmuje poznanie objaw\u00f3w, mo\u017cliwo\u015bci leczenia, czynnik\u00f3w wyzwalaj\u0105cych oraz posiadanie systemu wsparcia. Je\u015bli nie zdiagnozowano u ciebie depresji, ale do\u015bwiadczasz samotno\u015bci, oba te objawy s\u0105 podobne. Niekt\u00f3rzy ludzie zauwa\u017caj\u0105 b\u00f3le, zamroczenie m\u00f3zgu, dra\u017cliwo\u015b\u0107, niepok\u00f3j, zmiany snu i apetytu. Depresja jest chorob\u0105 psychiczn\u0105, kt\u00f3ra charakteryzuje si\u0119 uporczywym smutkiem i obni\u017conym nastrojem. Je\u015bli podejrzewasz u siebie depresj\u0119, mo\u017cesz liczy\u0107 na pomoc. Je\u015bli cierpisz na depresj\u0119 i zauwa\u017cysz, \u017ce objawy powracaj\u0105 lub nasilaj\u0105 si\u0119, skontaktuj si\u0119 z licencjonowanym specjalist\u0105 zdrowia psychicznego.<\/p>\n<p>Radzenie sobie z depresj\u0105 obejmuje wsp\u00f3\u0142prac\u0119 z sieci\u0105 wsparcia. Sie\u0107 wsparcia mo\u017ce obejmowa\u0107 terapeut\u0119, lekarza, rodzin\u0119, przyjaci\u00f3\u0142 i wszystkie inne osoby, kt\u00f3re chc\u0105 uczestniczy\u0107 w procesie zdrowienia. Weryfikacja planu leczenia ma kluczowe znaczenie dla opanowania objaw\u00f3w depresji. Nawet je\u015bli pacjent nie chce, aby inni mu przeszkadzali z powodu poczucia osamotnienia, potrzebuje wsparcia spo\u0142ecznego, kt\u00f3re zapewni mu uwag\u0119, na jak\u0105 zas\u0142uguje jego samopoczucie.<\/p>\n<p>Nale\u017cy opracowa\u0107 plan skutecznego radzenia sobie z depresj\u0105. Rozwa\u017c techniki samopomocy w depresji, takie jak \u0107wiczenia fizyczne, medytacja, joga, czytanie, pisanie dziennika i grupy wsparcia. Wi\u0119cej informacji na temat radzenia sobie z depresj\u0105 od wewn\u0105trz mo\u017cna uzyska\u0107 podczas wsp\u00f3\u0142pracy z terapeut\u0105. Nale\u017cy by\u0107 konsekwentnym w swoich dzia\u0142aniach i nie ba\u0107 si\u0119 prosi\u0107 o pomoc.<\/p>\n<h4>JAK RADZI\u0106 SOBIE Z IZOLACJ\u0104<\/h4>\n<p>Radzenie sobie z izolacj\u0105 polega na zach\u0119caniu siebie do podejmowania dzia\u0142a\u0144 maj\u0105cych na celu nawi\u0105zanie kontaktu z innymi. Mo\u017ce to wymaga\u0107 cz\u0119stszego wychodzenia z domu i poznawania nowych ludzi, ale mo\u017cna to zrobi\u0107, kiedy b\u0119dzie si\u0119 na to gotowym. W mi\u0119dzyczasie warto rozwa\u017cy\u0107 pewne kwestie, kt\u00f3re pomog\u0105 zwalczy\u0107 poczucie samotno\u015bci. Jednym z nich jest zastanowienie si\u0119 nad mo\u017cliw\u0105 przyczyn\u0105 izolacji. Czy do\u015bwiadczasz objaw\u00f3w depresji lub l\u0119ku? Oto kilka wskaz\u00f3wek, kt\u00f3re pomog\u0105 Ci stworzy\u0107 plan radzenia sobie z tym problemem.<\/p>\n<h4>Oce\u0144 sw\u00f3j kr\u0105g towarzyski<\/h4>\n<p>Kim s\u0105 osoby, z kt\u00f3rymi utrzymujesz relacje, kt\u00f3re uwa\u017casz za przyjaci\u00f3\u0142? Nawet je\u015bli masz rodzin\u0119 i przyjaci\u00f3\u0142, kt\u00f3rzy si\u0119 o ciebie troszcz\u0105, cz\u0119sto zdarza si\u0119, \u017ce czujesz si\u0119 samotny. Czasami ma si\u0119 wra\u017cenie, \u017ce nie mo\u017cna nawi\u0105za\u0107 z kim\u015b kontaktu tak jak kiedy\u015b, a teraz wszystko wydaje si\u0119 inne. Warto rozwa\u017cy\u0107 ponowne nawi\u0105zanie kontaktu z osobami, z kt\u00f3rymi nie rozmawia\u0142o si\u0119 od d\u0142u\u017cszego czasu. Je\u015bli nie chcesz dzwoni\u0107, odezwij si\u0119 przez SMS lub e-mail. Wyci\u0105gnij do kogo\u015b pomocn\u0105 d\u0142o\u0144 i \u0107wicz bycie \u017cyczliwym dla innych. Zr\u00f3b dla kogo\u015b co\u015b mi\u0142ego &#8211; to mo\u017ce go rozweseli\u0107, a Tobie pom\u00f3c poczu\u0107 si\u0119 dobrze.<\/p>\n<h4>Zacznij wykonywa\u0107 czynno\u015bci, kt\u00f3re sprawiaj\u0105 Ci przyjemno\u015b\u0107<\/h4>\n<p>Zajmowanie si\u0119 czynno\u015bciami, kt\u00f3re nie sprawiaj\u0105 Ci przyjemno\u015bci, prowadzi do poczucia nudy i nieszcz\u0119\u015bcia. Zajmowanie si\u0119 czynno\u015bciami, kt\u00f3re lubisz, pomaga wnie\u015b\u0107 do Twojego \u017cycia satysfakcj\u0119. Mo\u017ce si\u0119 wydawa\u0107, \u017ce nie jest to zwi\u0105zane z izolacj\u0105, ale jest to element, kt\u00f3ry wp\u0142ywa na spos\u00f3b nawi\u0105zywania kontakt\u00f3w towarzyskich i wykorzystywania czasu sp\u0119dzanego z innymi lud\u017ami.<\/p>\n<p>Sprawianie sobie przyjemno\u015bci poprzez robienie rzeczy, kt\u00f3re si\u0119 lubi, np. hobby, jest form\u0105 dbania o siebie. Mo\u017ce to prowadzi\u0107 do ch\u0119ci wykonywania innych czynno\u015bci, kt\u00f3re maj\u0105 istotne znaczenie. Mo\u017cna by\u0107 zadowolonym, robi\u0105c to, co si\u0119 lubi, ale stopniowo odczuwa\u0107 to samo, robi\u0105c rzeczy z innymi.<\/p>\n<h4>B\u0105d\u017a dla siebie mi\u0142y i wsp\u00f3\u0142czuj\u0105cy<\/h4>\n<p>Zaakceptuj, \u017ce nie jeste\u015b doskona\u0142y i \u017ce pope\u0142niasz b\u0142\u0119dy. Wszyscy pope\u0142nili\u015bmy b\u0142\u0119dy lub zrobili\u015bmy co\u015b, z czego nie byli\u015bmy zadowoleni, ale nie musisz si\u0119 nad tym rozwodzi\u0107 ani pozwala\u0107, by to przy\u0107mi\u0142o dobre cechy, kt\u00f3re posiadasz. Wielu ludziom przeszkadzaj\u0105 b\u0142\u0119dy z ich przesz\u0142o\u015bci lub niedoskona\u0142o\u015bci, kt\u00f3re postrzegaj\u0105 jako wady. Pami\u0119taj jednak, \u017ce nawet ludzie, kt\u00f3rzy wydaj\u0105 si\u0119 mie\u0107 wszystko pouk\u0142adane, czuj\u0105 to samo.<\/p>\n<p>Pomy\u015bl o tym, by powiedzie\u0107 sobie rzeczy, kt\u00f3re m\u00f3g\u0142by\u015b powiedzie\u0107 przyjacielowi, by doda\u0107 mu otuchy, je\u015bli czuje si\u0119 \u017ale we w\u0142asnej sk\u00f3rze. Naucz si\u0119 by\u0107 dla siebie \u017cyczliwym, \u0107wicz\u0105c pozytywne m\u00f3wienie o sobie. Pomy\u015bl o rzeczach, kt\u00f3re w sobie lubisz i kt\u00f3re uwa\u017casz za swoje mocne strony. Warto\u015b\u0107 w\u0142asn\u0105 buduje si\u0119 za pomoc\u0105 s\u0142\u00f3w i my\u015bli maj\u0105cych znaczenie.<\/p>\n<h4>Naucz si\u0119 zarz\u0105dza\u0107 swoimi uczuciami<\/h4>\n<p>Ludzie mog\u0105 od czasu do czasu do\u015bwiadcza\u0107 negatywnych my\u015bli na sw\u00f3j temat. Wa\u017cne jest jednak, by nauczy\u0107 si\u0119 konfrontowa\u0107 z tymi uczuciami, kiedy czujemy si\u0119 przygn\u0119bieni i osamotnieni. Mo\u017ce to spowodowa\u0107 powstanie negatywnego cyklu, kt\u00f3ry trudno przerwa\u0107. Ludzie wpadaj\u0105 w schemat t\u0142umienia swoich my\u015bli, poniewa\u017c nie chc\u0105 si\u0119 nimi zajmowa\u0107, ale to mo\u017ce pogorszy\u0107 ich samopoczucie.<\/p>\n<p>Porozmawiaj z kim\u015b, aby pozby\u0107 si\u0119 tych emocji z wn\u0119trza. Je\u015bli nie mo\u017cesz z kim\u015b porozmawia\u0107, zajmij si\u0119 jak\u0105\u015b czynno\u015bci\u0105, kt\u00f3ra odwr\u00f3ci Twoj\u0105 uwag\u0119 i poprawi nastr\u00f3j. Praktykuj uwa\u017cno\u015b\u0107 (mindfulness), aby pom\u00f3c sobie w skupieniu si\u0119 i pozbyciu si\u0119 negatywnych my\u015bli.<\/p>\n<h4>Strategie pomagaj\u0105ce w walce z samotno\u015bci\u0105 i depresj\u0105<\/h4>\n<p>W walce z depresj\u0105 i izolacj\u0105 mo\u017cna rozwa\u017cy\u0107 wiele opcji. Bardzo wa\u017cne jest, aby sp\u0119dza\u0107 czas na zaj\u0119ciach, kt\u00f3re pozwol\u0105 utrzyma\u0107 pozytywne my\u015bli i emocje. Nawet je\u015bli zdecydujesz si\u0119 zosta\u0107 sam, mo\u017cesz robi\u0107 rzeczy, kt\u00f3re pomog\u0105 ci utrzyma\u0107 dobry nastr\u00f3j. Istnieje wiele strategii pomagaj\u0105cych radzi\u0107 sobie z depresj\u0105 i izolacj\u0105, mi\u0119dzy innymi nast\u0119puj\u0105ce:<\/p>\n<ul>\n<li>Planuj z wyprzedzeniem<br \/>\nPomy\u015bl o dzia\u0142aniach, kt\u00f3re mo\u017cesz podj\u0105\u0107, gdy poczujesz si\u0119 przygn\u0119biony i samotny. Mo\u017ce to by\u0107 na przyk\u0142ad spotkanie z kim\u015b zaufanym, aby porozmawia\u0107 o swoich uczuciach. Je\u015bli masz ochot\u0119 pomaga\u0107 innym, rozwa\u017c wolontariat w schronisku. Opr\u00f3cz pr\u00f3b nawi\u0105zania kontakt\u00f3w towarzyskich, kiedy nie masz ochoty na rozmow\u0119, pomy\u015bl o zaj\u0119ciach, kt\u00f3re mo\u017cesz wykonywa\u0107, aby podtrzyma\u0107 si\u0119 na duchu. Pomy\u015bl o zaj\u0119ciach, kt\u00f3re kiedy\u015b wykonywa\u0142e\u015b i o ludziach, z kt\u00f3rymi dawno si\u0119 nie kontaktowa\u0142e\u015b. Cokolwiek zamierzasz zrobi\u0107, b\u0105d\u017a konsekwentny, aby \u0142atwiej by\u0142o to robi\u0107 w przysz\u0142o\u015bci.<\/li>\n<li>Wsta\u0144 i zr\u00f3b co\u015b<br \/>\nGdy nie chce Ci si\u0119 nic robi\u0107 lub czujesz si\u0119 znudzony, pomy\u015bl o czynno\u015bciach, kt\u00f3rych jeszcze nie wykona\u0142e\u015b. Pomy\u015bl o czynno\u015bciach, kt\u00f3re zawsze poprawiaj\u0105 Ci humor. Mo\u017cesz zrobi\u0107 co\u015b produktywnego, co pomo\u017ce Ci pozby\u0107 si\u0119 poczucia izolacji. Mo\u017cna podj\u0105\u0107 kroki, aby co\u015b zrobi\u0107. Ju\u017c zrobienie pierwszego kroku z dobrymi intencjami jest \u015bwietnym pocz\u0105tkiem we w\u0142a\u015bciwym kierunku.<\/li>\n<li>Oce\u0144 swoje warto\u015bci i standardy<br \/>\nW przypadku niekt\u00f3rych os\u00f3b niska samoocena mo\u017ce przyczyni\u0107 si\u0119 do izolacji. Ludzie, z kt\u00f3rymi utrzymujesz relacje, prawdopodobnie wyznaj\u0105 podobne warto\u015bci. Takie osoby sprawiaj\u0105, \u017ce przebywanie razem jest ekscytuj\u0105ce i wygodne. Czasami Twoje warto\u015bci pomagaj\u0105 Ci nawi\u0105za\u0107 kontakt z nowymi lud\u017ami i przyjaci\u00f3\u0142mi. To, w co wierzysz, odzwierciedla spos\u00f3b, w jaki anga\u017cujesz si\u0119 w \u017cycie spo\u0142eczno\u015bci. Twoje warto\u015bci pomagaj\u0105 ci si\u0119 zrelaksowa\u0107 i dopasowa\u0107 si\u0119 do innych, kt\u00f3rzy mog\u0105 si\u0119 z tob\u0105 identyfikowa\u0107.<\/li>\n<li>My\u015bl o innych, poza sob\u0105<br \/>\nJe\u015bli czujesz si\u0119 samotny, to prawdopodobnie dlatego, \u017ce zap\u0119tlasz si\u0119 we w\u0142asnych uczuciach. Mo\u017ce Ci si\u0119 wydawa\u0107, \u017ce wszystko kr\u0119ci si\u0119 wok\u00f3\u0142 Ciebie, ale przecie\u017c inni s\u0105 cz\u0119\u015bci\u0105 Twojego kr\u0119gu spo\u0142ecznego, kt\u00f3ra ma swoje potrzeby. By\u0107 mo\u017ce przyjaciel w ostatniej chwili odwo\u0142a\u0142 kolacj\u0119. Cz\u0142onkowie rodziny wydaj\u0105 si\u0119 zbyt zaj\u0119ci, by rozmawia\u0107. Je\u015bli chcesz porozmawia\u0107 z kim\u015b o swoich uczuciach, a w tej chwili nie mo\u017cesz, to nic nie szkodzi. Je\u015bli kto\u015b ma inne priorytety, pozw\u00f3l mu sko\u0144czy\u0107. Po prostu spr\u00f3buj spotka\u0107 si\u0119 z nimi innym razem.<\/li>\n<li>Wykonaj telefon<br \/>\nKorzystanie z medi\u00f3w spo\u0142eczno\u015bciowych to modny spos\u00f3b na kontaktowanie si\u0119 z przyjaci\u00f3\u0142mi i rodzin\u0105. Jednak badania pokazuj\u0105, \u017ce ludzie odnosz\u0105 wi\u0119ksze korzy\u015bci z rozm\u00f3w telefonicznych i spotka\u0144 w cztery oczy. Gdy nast\u0119pnym razem znajomy wy\u015ble Ci SMS-a lub e-maila, spr\u00f3buj do niego oddzwoni\u0107. Kilka chwil rozmowy mo\u017ce poprawi\u0107 Tw\u00f3j nastr\u00f3j.<\/li>\n<li>Znajd\u017a czas, by sp\u0119dza\u0107 czas z bliskimi<br \/>\nPomaga to budowa\u0107 relacje i zapewnia rozw\u00f3j spo\u0142eczny. Sp\u0119dzanie czasu z rodzin\u0105 i przyjaci\u00f3\u0142mi pokazuje, \u017ce doceniasz ich obecno\u015b\u0107 w swoim \u017cyciu. Nie musisz sp\u0119dza\u0107 z nimi du\u017co czasu, ale przebywanie w pobli\u017cu os\u00f3b, na kt\u00f3rych Ci zale\u017cy, mo\u017ce poprawi\u0107 Twoje samopoczucie.<\/li>\n<li>Zasi\u0119gnij opinii kogo\u015b, komu ufasz<br \/>\nRozmowa z zaufanym cz\u0142onkiem rodziny lub dobrym przyjacielem mo\u017ce pom\u00f3c w pozbyciu si\u0119 niechcianych uczu\u0107. Nawet je\u015bli nie masz ochoty na rozmow\u0119, czasami osoby, do kt\u00f3rych si\u0119 zwracasz, mog\u0105 mie\u0107 wiele temat\u00f3w do om\u00f3wienia i pragn\u0105 Twojego towarzystwa.<\/li>\n<\/ul>\n<h4>KIEDY SZUKA\u0106 PROFESJONALNEJ POMOCY<\/h4>\n<p>Je\u015bli uwa\u017casz, \u017ce objawy depresji nasilaj\u0105 si\u0119 lub chcesz zwr\u00f3ci\u0107 si\u0119 do kogo\u015b innego ni\u017c cz\u0142onek rodziny, masz r\u00f3\u017cne mo\u017cliwo\u015bci. Poradnictwo i terapia to \u015bwietne opcje dla os\u00f3b, kt\u00f3re chc\u0105 zg\u0142\u0119bi\u0107 swoje my\u015bli i uczucia. Nale\u017cy dowiedzie\u0107 si\u0119, jak wp\u0142ywaj\u0105 na nas objawy choroby i pozna\u0107 sposoby radzenia sobie z izolacj\u0105.<\/p>\n<p>Poczucie izolacji przypomina, \u017ce nigdy nie jest za p\u00f3\u017ano, by wyci\u0105gn\u0105\u0107 do kogo\u015b r\u0119k\u0119. Sp\u0119dzanie czasu w samotno\u015bci, aby zastanowi\u0107 si\u0119 nad w\u0142asnymi my\u015blami jest pomocne, ale sp\u0119dzanie czasu w spos\u00f3b produktywny i docieranie do innych mo\u017ce pom\u00f3c w osi\u0105gni\u0119ciu szcz\u0119\u015bcia i nadziei na przysz\u0142o\u015b\u0107. Aby dowiedzie\u0107 si\u0119, czy cierpisz na depresj\u0119, rozwi\u0105\u017c nasz <a href=\"https:\/\/www.diagnostyka-umyslu.pl\/test-na-depresje\">szybki test online na depresj\u0119<\/a>.<\/p>\n<h4>Wi\u0119cej informacji<\/h4>\n<ul>\n<li><em>mind-diagnostics.org\/blog\/depression\/how-to-cope-with-depression-and-isolation-when-you-dont-want-to-be-around-others<\/em><\/li>\n<\/ul>\n","protected":false},"excerpt":{"rendered":"<p>Wiele os\u00f3b cierpi\u0105cych na depresj\u0119 chce by\u0107 samotnych. Niekt\u00f3rzy czuj\u0105, \u017ce izolacja jest form\u0105 ochrony, inni za\u015b czerpi\u0105 z niej pociech\u0119, poniewa\u017c nikt nie mo\u017ce&#8230;<\/p>\n","protected":false},"author":1,"featured_media":1825,"comment_status":"closed","ping_status":"open","sticky":false,"template":"","format":"standard","meta":[],"categories":[289],"tags":[593],"yoast_head":"<!-- This site is optimized with the Yoast SEO plugin v18.1 - https:\/\/yoast.com\/wordpress\/plugins\/seo\/ -->\n<title>Jak radzi\u0107 sobie z depresj\u0105 i izolacj\u0105, kiedy nie chcesz przebywa\u0107 z innymi? - Diagnostyka Umys\u0142u<\/title>\n<meta name=\"robots\" content=\"index, follow, max-snippet:-1, max-image-preview:large, max-video-preview:-1\" \/>\n<link rel=\"canonical\" href=\"https:\/\/www.diagnostyka-umyslu.pl\/blog\/depresja\/jak-radzic-sobie-z-depresja-i-izolacja-kiedy-nie-chcesz-przebywac-z-innymi\/\" \/>\n<meta property=\"og:locale\" content=\"pl_PL\" \/>\n<meta property=\"og:type\" content=\"article\" \/>\n<meta property=\"og:title\" content=\"Jak radzi\u0107 sobie z depresj\u0105 i izolacj\u0105, kiedy nie chcesz przebywa\u0107 z innymi? - Diagnostyka Umys\u0142u\" \/>\n<meta property=\"og:description\" content=\"Wiele os\u00f3b cierpi\u0105cych na depresj\u0119 chce by\u0107 samotnych. Niekt\u00f3rzy czuj\u0105, \u017ce izolacja jest form\u0105 ochrony, inni za\u015b czerpi\u0105 z niej pociech\u0119, poniewa\u017c nikt nie mo\u017ce...\" \/>\n<meta property=\"og:url\" content=\"https:\/\/www.diagnostyka-umyslu.pl\/blog\/depresja\/jak-radzic-sobie-z-depresja-i-izolacja-kiedy-nie-chcesz-przebywac-z-innymi\/\" \/>\n<meta property=\"og:site_name\" content=\"Diagnostyka Umys\u0142u\" \/>\n<meta property=\"article:published_time\" content=\"2022-08-01T06:00:49+00:00\" \/>\n<meta property=\"article:modified_time\" content=\"2022-07-08T20:01:02+00:00\" \/>\n<meta property=\"og:image\" content=\"https:\/\/www.diagnostyka-umyslu.pl\/blog\/wp-content\/uploads\/2022\/07\/bg_top_default.jpg\" \/>\n\t<meta property=\"og:image:width\" content=\"840\" \/>\n\t<meta property=\"og:image:height\" content=\"202\" \/>\n\t<meta property=\"og:image:type\" content=\"image\/jpeg\" \/>\n<meta name=\"twitter:card\" content=\"summary_large_image\" \/>\n<meta name=\"twitter:label1\" content=\"Napisane przez\" \/>\n\t<meta name=\"twitter:data1\" content=\"Diagnostyka Umys\u0142u\" \/>\n\t<meta name=\"twitter:label2\" content=\"Szacowany czas czytania\" \/>\n\t<meta name=\"twitter:data2\" content=\"9 minut\" \/>\n<script type=\"application\/ld+json\" class=\"yoast-schema-graph\">{\"@context\":\"https:\/\/schema.org\",\"@graph\":[{\"@type\":\"Organization\",\"@id\":\"https:\/\/www.diagnostyka-umyslu.pl\/blog\/#organization\",\"name\":\"Diagnostyka Umys\u0142u\",\"url\":\"https:\/\/www.diagnostyka-umyslu.pl\/blog\/\",\"sameAs\":[],\"logo\":{\"@type\":\"ImageObject\",\"@id\":\"https:\/\/www.diagnostyka-umyslu.pl\/blog\/#logo\",\"inLanguage\":\"pl-PL\",\"url\":\"https:\/\/www.diagnostyka-umyslu.pl\/blog\/wp-content\/uploads\/2021\/05\/logo.png\",\"contentUrl\":\"https:\/\/www.diagnostyka-umyslu.pl\/blog\/wp-content\/uploads\/2021\/05\/logo.png\",\"width\":236,\"height\":81,\"caption\":\"Diagnostyka Umys\u0142u\"},\"image\":{\"@id\":\"https:\/\/www.diagnostyka-umyslu.pl\/blog\/#logo\"}},{\"@type\":\"WebSite\",\"@id\":\"https:\/\/www.diagnostyka-umyslu.pl\/blog\/#website\",\"url\":\"https:\/\/www.diagnostyka-umyslu.pl\/blog\/\",\"name\":\"Diagnostyka Umys\u0142u\",\"description\":\"Blog o zaburzeniach umys\u0142u\",\"publisher\":{\"@id\":\"https:\/\/www.diagnostyka-umyslu.pl\/blog\/#organization\"},\"potentialAction\":[{\"@type\":\"SearchAction\",\"target\":{\"@type\":\"EntryPoint\",\"urlTemplate\":\"https:\/\/www.diagnostyka-umyslu.pl\/blog\/?s={search_term_string}\"},\"query-input\":\"required name=search_term_string\"}],\"inLanguage\":\"pl-PL\"},{\"@type\":\"ImageObject\",\"@id\":\"https:\/\/www.diagnostyka-umyslu.pl\/blog\/depresja\/jak-radzic-sobie-z-depresja-i-izolacja-kiedy-nie-chcesz-przebywac-z-innymi\/#primaryimage\",\"inLanguage\":\"pl-PL\",\"url\":\"https:\/\/www.diagnostyka-umyslu.pl\/blog\/wp-content\/uploads\/2022\/07\/bg_top_default.jpg\",\"contentUrl\":\"https:\/\/www.diagnostyka-umyslu.pl\/blog\/wp-content\/uploads\/2022\/07\/bg_top_default.jpg\",\"width\":840,\"height\":202},{\"@type\":\"WebPage\",\"@id\":\"https:\/\/www.diagnostyka-umyslu.pl\/blog\/depresja\/jak-radzic-sobie-z-depresja-i-izolacja-kiedy-nie-chcesz-przebywac-z-innymi\/#webpage\",\"url\":\"https:\/\/www.diagnostyka-umyslu.pl\/blog\/depresja\/jak-radzic-sobie-z-depresja-i-izolacja-kiedy-nie-chcesz-przebywac-z-innymi\/\",\"name\":\"Jak radzi\u0107 sobie z depresj\u0105 i izolacj\u0105, kiedy nie chcesz przebywa\u0107 z innymi? - Diagnostyka Umys\u0142u\",\"isPartOf\":{\"@id\":\"https:\/\/www.diagnostyka-umyslu.pl\/blog\/#website\"},\"primaryImageOfPage\":{\"@id\":\"https:\/\/www.diagnostyka-umyslu.pl\/blog\/depresja\/jak-radzic-sobie-z-depresja-i-izolacja-kiedy-nie-chcesz-przebywac-z-innymi\/#primaryimage\"},\"datePublished\":\"2022-08-01T06:00:49+00:00\",\"dateModified\":\"2022-07-08T20:01:02+00:00\",\"breadcrumb\":{\"@id\":\"https:\/\/www.diagnostyka-umyslu.pl\/blog\/depresja\/jak-radzic-sobie-z-depresja-i-izolacja-kiedy-nie-chcesz-przebywac-z-innymi\/#breadcrumb\"},\"inLanguage\":\"pl-PL\",\"potentialAction\":[{\"@type\":\"ReadAction\",\"target\":[\"https:\/\/www.diagnostyka-umyslu.pl\/blog\/depresja\/jak-radzic-sobie-z-depresja-i-izolacja-kiedy-nie-chcesz-przebywac-z-innymi\/\"]}]},{\"@type\":\"BreadcrumbList\",\"@id\":\"https:\/\/www.diagnostyka-umyslu.pl\/blog\/depresja\/jak-radzic-sobie-z-depresja-i-izolacja-kiedy-nie-chcesz-przebywac-z-innymi\/#breadcrumb\",\"itemListElement\":[{\"@type\":\"ListItem\",\"position\":1,\"name\":\"Strona g\u0142\u00f3wna\",\"item\":\"https:\/\/www.diagnostyka-umyslu.pl\/blog\/\"},{\"@type\":\"ListItem\",\"position\":2,\"name\":\"Depresja\",\"item\":\"https:\/\/www.diagnostyka-umyslu.pl\/blog\/depresja\/\"},{\"@type\":\"ListItem\",\"position\":3,\"name\":\"Jak radzi\u0107 sobie z depresj\u0105 i izolacj\u0105, kiedy nie chcesz przebywa\u0107 z innymi?\"}]},{\"@type\":\"Article\",\"@id\":\"https:\/\/www.diagnostyka-umyslu.pl\/blog\/depresja\/jak-radzic-sobie-z-depresja-i-izolacja-kiedy-nie-chcesz-przebywac-z-innymi\/#article\",\"isPartOf\":{\"@id\":\"https:\/\/www.diagnostyka-umyslu.pl\/blog\/depresja\/jak-radzic-sobie-z-depresja-i-izolacja-kiedy-nie-chcesz-przebywac-z-innymi\/#webpage\"},\"author\":{\"@id\":\"https:\/\/www.diagnostyka-umyslu.pl\/blog\/#\/schema\/person\/8eb1bcaf59fea75c780c11946f4e3490\"},\"headline\":\"Jak radzi\u0107 sobie z depresj\u0105 i izolacj\u0105, kiedy nie chcesz przebywa\u0107 z innymi?\",\"datePublished\":\"2022-08-01T06:00:49+00:00\",\"dateModified\":\"2022-07-08T20:01:02+00:00\",\"mainEntityOfPage\":{\"@id\":\"https:\/\/www.diagnostyka-umyslu.pl\/blog\/depresja\/jak-radzic-sobie-z-depresja-i-izolacja-kiedy-nie-chcesz-przebywac-z-innymi\/#webpage\"},\"wordCount\":1828,\"publisher\":{\"@id\":\"https:\/\/www.diagnostyka-umyslu.pl\/blog\/#organization\"},\"image\":{\"@id\":\"https:\/\/www.diagnostyka-umyslu.pl\/blog\/depresja\/jak-radzic-sobie-z-depresja-i-izolacja-kiedy-nie-chcesz-przebywac-z-innymi\/#primaryimage\"},\"thumbnailUrl\":\"https:\/\/www.diagnostyka-umyslu.pl\/blog\/wp-content\/uploads\/2022\/07\/bg_top_default.jpg\",\"keywords\":[\"Strategie pomagaj\u0105ce w walce z samotno\u015bci\u0105 i depresj\u0105\"],\"articleSection\":[\"Depresja\"],\"inLanguage\":\"pl-PL\"},{\"@type\":\"Person\",\"@id\":\"https:\/\/www.diagnostyka-umyslu.pl\/blog\/#\/schema\/person\/8eb1bcaf59fea75c780c11946f4e3490\",\"name\":\"Diagnostyka Umys\u0142u\",\"image\":{\"@type\":\"ImageObject\",\"@id\":\"https:\/\/www.diagnostyka-umyslu.pl\/blog\/#personlogo\",\"inLanguage\":\"pl-PL\",\"url\":\"https:\/\/secure.gravatar.com\/avatar\/6743211f010801ea26aa9423a2daab37?s=96&d=mm&r=g\",\"contentUrl\":\"https:\/\/secure.gravatar.com\/avatar\/6743211f010801ea26aa9423a2daab37?s=96&d=mm&r=g\",\"caption\":\"Diagnostyka Umys\u0142u\"},\"sameAs\":[\"https:\/\/www.diagnostyka-umyslu.pl\/blog\"],\"url\":\"https:\/\/www.diagnostyka-umyslu.pl\/blog\/author\/diagnostyka-umyslu\/\"}]}<\/script>\n<!-- \/ Yoast SEO plugin. -->","yoast_head_json":{"title":"Jak radzi\u0107 sobie z depresj\u0105 i izolacj\u0105, kiedy nie chcesz przebywa\u0107 z innymi? - Diagnostyka Umys\u0142u","robots":{"index":"index","follow":"follow","max-snippet":"max-snippet:-1","max-image-preview":"max-image-preview:large","max-video-preview":"max-video-preview:-1"},"canonical":"https:\/\/www.diagnostyka-umyslu.pl\/blog\/depresja\/jak-radzic-sobie-z-depresja-i-izolacja-kiedy-nie-chcesz-przebywac-z-innymi\/","og_locale":"pl_PL","og_type":"article","og_title":"Jak radzi\u0107 sobie z depresj\u0105 i izolacj\u0105, kiedy nie chcesz przebywa\u0107 z innymi? - Diagnostyka Umys\u0142u","og_description":"Wiele os\u00f3b cierpi\u0105cych na depresj\u0119 chce by\u0107 samotnych. Niekt\u00f3rzy czuj\u0105, \u017ce izolacja jest form\u0105 ochrony, inni za\u015b czerpi\u0105 z niej pociech\u0119, poniewa\u017c nikt nie mo\u017ce...","og_url":"https:\/\/www.diagnostyka-umyslu.pl\/blog\/depresja\/jak-radzic-sobie-z-depresja-i-izolacja-kiedy-nie-chcesz-przebywac-z-innymi\/","og_site_name":"Diagnostyka Umys\u0142u","article_published_time":"2022-08-01T06:00:49+00:00","article_modified_time":"2022-07-08T20:01:02+00:00","og_image":[{"width":840,"height":202,"url":"https:\/\/www.diagnostyka-umyslu.pl\/blog\/wp-content\/uploads\/2022\/07\/bg_top_default.jpg","type":"image\/jpeg"}],"twitter_card":"summary_large_image","twitter_misc":{"Napisane przez":"Diagnostyka Umys\u0142u","Szacowany czas czytania":"9 minut"},"schema":{"@context":"https:\/\/schema.org","@graph":[{"@type":"Organization","@id":"https:\/\/www.diagnostyka-umyslu.pl\/blog\/#organization","name":"Diagnostyka Umys\u0142u","url":"https:\/\/www.diagnostyka-umyslu.pl\/blog\/","sameAs":[],"logo":{"@type":"ImageObject","@id":"https:\/\/www.diagnostyka-umyslu.pl\/blog\/#logo","inLanguage":"pl-PL","url":"https:\/\/www.diagnostyka-umyslu.pl\/blog\/wp-content\/uploads\/2021\/05\/logo.png","contentUrl":"https:\/\/www.diagnostyka-umyslu.pl\/blog\/wp-content\/uploads\/2021\/05\/logo.png","width":236,"height":81,"caption":"Diagnostyka Umys\u0142u"},"image":{"@id":"https:\/\/www.diagnostyka-umyslu.pl\/blog\/#logo"}},{"@type":"WebSite","@id":"https:\/\/www.diagnostyka-umyslu.pl\/blog\/#website","url":"https:\/\/www.diagnostyka-umyslu.pl\/blog\/","name":"Diagnostyka Umys\u0142u","description":"Blog o zaburzeniach umys\u0142u","publisher":{"@id":"https:\/\/www.diagnostyka-umyslu.pl\/blog\/#organization"},"potentialAction":[{"@type":"SearchAction","target":{"@type":"EntryPoint","urlTemplate":"https:\/\/www.diagnostyka-umyslu.pl\/blog\/?s={search_term_string}"},"query-input":"required name=search_term_string"}],"inLanguage":"pl-PL"},{"@type":"ImageObject","@id":"https:\/\/www.diagnostyka-umyslu.pl\/blog\/depresja\/jak-radzic-sobie-z-depresja-i-izolacja-kiedy-nie-chcesz-przebywac-z-innymi\/#primaryimage","inLanguage":"pl-PL","url":"https:\/\/www.diagnostyka-umyslu.pl\/blog\/wp-content\/uploads\/2022\/07\/bg_top_default.jpg","contentUrl":"https:\/\/www.diagnostyka-umyslu.pl\/blog\/wp-content\/uploads\/2022\/07\/bg_top_default.jpg","width":840,"height":202},{"@type":"WebPage","@id":"https:\/\/www.diagnostyka-umyslu.pl\/blog\/depresja\/jak-radzic-sobie-z-depresja-i-izolacja-kiedy-nie-chcesz-przebywac-z-innymi\/#webpage","url":"https:\/\/www.diagnostyka-umyslu.pl\/blog\/depresja\/jak-radzic-sobie-z-depresja-i-izolacja-kiedy-nie-chcesz-przebywac-z-innymi\/","name":"Jak radzi\u0107 sobie z depresj\u0105 i izolacj\u0105, kiedy nie chcesz przebywa\u0107 z innymi? - Diagnostyka Umys\u0142u","isPartOf":{"@id":"https:\/\/www.diagnostyka-umyslu.pl\/blog\/#website"},"primaryImageOfPage":{"@id":"https:\/\/www.diagnostyka-umyslu.pl\/blog\/depresja\/jak-radzic-sobie-z-depresja-i-izolacja-kiedy-nie-chcesz-przebywac-z-innymi\/#primaryimage"},"datePublished":"2022-08-01T06:00:49+00:00","dateModified":"2022-07-08T20:01:02+00:00","breadcrumb":{"@id":"https:\/\/www.diagnostyka-umyslu.pl\/blog\/depresja\/jak-radzic-sobie-z-depresja-i-izolacja-kiedy-nie-chcesz-przebywac-z-innymi\/#breadcrumb"},"inLanguage":"pl-PL","potentialAction":[{"@type":"ReadAction","target":["https:\/\/www.diagnostyka-umyslu.pl\/blog\/depresja\/jak-radzic-sobie-z-depresja-i-izolacja-kiedy-nie-chcesz-przebywac-z-innymi\/"]}]},{"@type":"BreadcrumbList","@id":"https:\/\/www.diagnostyka-umyslu.pl\/blog\/depresja\/jak-radzic-sobie-z-depresja-i-izolacja-kiedy-nie-chcesz-przebywac-z-innymi\/#breadcrumb","itemListElement":[{"@type":"ListItem","position":1,"name":"Strona g\u0142\u00f3wna","item":"https:\/\/www.diagnostyka-umyslu.pl\/blog\/"},{"@type":"ListItem","position":2,"name":"Depresja","item":"https:\/\/www.diagnostyka-umyslu.pl\/blog\/depresja\/"},{"@type":"ListItem","position":3,"name":"Jak radzi\u0107 sobie z depresj\u0105 i izolacj\u0105, kiedy nie chcesz przebywa\u0107 z innymi?"}]},{"@type":"Article","@id":"https:\/\/www.diagnostyka-umyslu.pl\/blog\/depresja\/jak-radzic-sobie-z-depresja-i-izolacja-kiedy-nie-chcesz-przebywac-z-innymi\/#article","isPartOf":{"@id":"https:\/\/www.diagnostyka-umyslu.pl\/blog\/depresja\/jak-radzic-sobie-z-depresja-i-izolacja-kiedy-nie-chcesz-przebywac-z-innymi\/#webpage"},"author":{"@id":"https:\/\/www.diagnostyka-umyslu.pl\/blog\/#\/schema\/person\/8eb1bcaf59fea75c780c11946f4e3490"},"headline":"Jak radzi\u0107 sobie z depresj\u0105 i izolacj\u0105, kiedy nie chcesz przebywa\u0107 z innymi?","datePublished":"2022-08-01T06:00:49+00:00","dateModified":"2022-07-08T20:01:02+00:00","mainEntityOfPage":{"@id":"https:\/\/www.diagnostyka-umyslu.pl\/blog\/depresja\/jak-radzic-sobie-z-depresja-i-izolacja-kiedy-nie-chcesz-przebywac-z-innymi\/#webpage"},"wordCount":1828,"publisher":{"@id":"https:\/\/www.diagnostyka-umyslu.pl\/blog\/#organization"},"image":{"@id":"https:\/\/www.diagnostyka-umyslu.pl\/blog\/depresja\/jak-radzic-sobie-z-depresja-i-izolacja-kiedy-nie-chcesz-przebywac-z-innymi\/#primaryimage"},"thumbnailUrl":"https:\/\/www.diagnostyka-umyslu.pl\/blog\/wp-content\/uploads\/2022\/07\/bg_top_default.jpg","keywords":["Strategie pomagaj\u0105ce w walce z samotno\u015bci\u0105 i depresj\u0105"],"articleSection":["Depresja"],"inLanguage":"pl-PL"},{"@type":"Person","@id":"https:\/\/www.diagnostyka-umyslu.pl\/blog\/#\/schema\/person\/8eb1bcaf59fea75c780c11946f4e3490","name":"Diagnostyka Umys\u0142u","image":{"@type":"ImageObject","@id":"https:\/\/www.diagnostyka-umyslu.pl\/blog\/#personlogo","inLanguage":"pl-PL","url":"https:\/\/secure.gravatar.com\/avatar\/6743211f010801ea26aa9423a2daab37?s=96&d=mm&r=g","contentUrl":"https:\/\/secure.gravatar.com\/avatar\/6743211f010801ea26aa9423a2daab37?s=96&d=mm&r=g","caption":"Diagnostyka Umys\u0142u"},"sameAs":["https:\/\/www.diagnostyka-umyslu.pl\/blog"],"url":"https:\/\/www.diagnostyka-umyslu.pl\/blog\/author\/diagnostyka-umyslu\/"}]}},"amp_enabled":true,"_links":{"self":[{"href":"https:\/\/www.diagnostyka-umyslu.pl\/blog\/wp-json\/wp\/v2\/posts\/1517"}],"collection":[{"href":"https:\/\/www.diagnostyka-umyslu.pl\/blog\/wp-json\/wp\/v2\/posts"}],"about":[{"href":"https:\/\/www.diagnostyka-umyslu.pl\/blog\/wp-json\/wp\/v2\/types\/post"}],"author":[{"embeddable":true,"href":"https:\/\/www.diagnostyka-umyslu.pl\/blog\/wp-json\/wp\/v2\/users\/1"}],"replies":[{"embeddable":true,"href":"https:\/\/www.diagnostyka-umyslu.pl\/blog\/wp-json\/wp\/v2\/comments?post=1517"}],"version-history":[{"count":3,"href":"https:\/\/www.diagnostyka-umyslu.pl\/blog\/wp-json\/wp\/v2\/posts\/1517\/revisions"}],"predecessor-version":[{"id":2022,"href":"https:\/\/www.diagnostyka-umyslu.pl\/blog\/wp-json\/wp\/v2\/posts\/1517\/revisions\/2022"}],"wp:featuredmedia":[{"embeddable":true,"href":"https:\/\/www.diagnostyka-umyslu.pl\/blog\/wp-json\/wp\/v2\/media\/1825"}],"wp:attachment":[{"href":"https:\/\/www.diagnostyka-umyslu.pl\/blog\/wp-json\/wp\/v2\/media?parent=1517"}],"wp:term":[{"taxonomy":"category","embeddable":true,"href":"https:\/\/www.diagnostyka-umyslu.pl\/blog\/wp-json\/wp\/v2\/categories?post=1517"},{"taxonomy":"post_tag","embeddable":true,"href":"https:\/\/www.diagnostyka-umyslu.pl\/blog\/wp-json\/wp\/v2\/tags?post=1517"}],"curies":[{"name":"wp","href":"https:\/\/api.w.org\/{rel}","templated":true}]}}