{"id":1532,"date":"2022-08-06T08:00:11","date_gmt":"2022-08-06T06:00:11","guid":{"rendered":"https:\/\/www.diagnostyka-umyslu.pl\/blog\/?p=1532"},"modified":"2022-07-08T22:05:27","modified_gmt":"2022-07-08T20:05:27","slug":"jak-wiele-osob-cierpi-na-depresje-oto-co-wynika-z-danych-statystycznych","status":"publish","type":"post","link":"https:\/\/www.diagnostyka-umyslu.pl\/blog\/depresja\/jak-wiele-osob-cierpi-na-depresje-oto-co-wynika-z-danych-statystycznych\/","title":{"rendered":"Jak wiele os\u00f3b cierpi na depresj\u0119? Oto, co wynika z danych statystycznych"},"content":{"rendered":"<p>By\u0107 mo\u017ce ju\u017c wcze\u015bniej s\u0142yszeli\u015bcie, \u017ce depresja jest jednym z najcz\u0119stszych problem\u00f3w zwi\u0105zanych ze zdrowiem psychicznym, ale czy kiedykolwiek zastanawiali\u015bcie si\u0119 nad liczbami? W tym artykule dowiesz si\u0119, jak wiele os\u00f3b zmaga si\u0119 z depresj\u0105 w r\u00f3\u017cnych grupach demograficznych i miejscowo\u015bciach.<\/p>\n<h4>POWA\u017bNA DEPRESJA W STANACH ZJEDNOCZONYCH<\/h4>\n<p>Wed\u0142ug \u015awiatowej Organizacji Zdrowia Stany Zjednoczone s\u0105 uwa\u017cane za jeden z najbardziej depresyjnych kraj\u00f3w na \u015bwiecie; zajmuj\u0105 trzecie miejsce, tu\u017c za Indiami i Chinami, kt\u00f3re zajmuj\u0105 odpowiednio drugie i pierwsze miejsce. [1]\n<p>Jednak wska\u017aniki depresji w Ameryce mog\u0105 si\u0119 r\u00f3\u017cni\u0107 w zale\u017cno\u015bci od stanu, a niekt\u00f3re stany s\u0105 bardziej depresyjne ni\u017c inne z r\u00f3\u017cnych powod\u00f3w. Na przyk\u0142ad osoby mieszkaj\u0105ce w p\u00f3\u0142nocno-wschodnim regionie kraju s\u0105 najbardziej nara\u017cone na depresj\u0119. [2]\n<p>Mimo to, ilu Amerykan\u00f3w og\u00f3\u0142em cierpi na depresj\u0119?<\/p>\n<p>\u0141\u0105cznie w danym roku depresji do\u015bwiadcza oko\u0142o 17 milion\u00f3w doros\u0142ych, czyli oko\u0142o 7 procent os\u00f3b w wieku 18 lat i starszych w Stanach Zjednoczonych. [3]\n<p>Szczeg\u00f3lnie zagro\u017cone s\u0105 osoby studiuj\u0105ce, a depresja w statystykach student\u00f3w uczelni wy\u017cszych ma tendencj\u0119 wzrostow\u0105 i budzi niepok\u00f3j.<\/p>\n<p>Doro\u015bli nie stanowi\u0105 jednak ca\u0142ej populacji Stan\u00f3w Zjednoczonych &#8211; m\u0142odzie\u017c tak\u017ce jest nara\u017cona na ryzyko zachorowania na depresj\u0119 i to w alarmuj\u0105cym tempie.<\/p>\n<p>W 2017 roku statystyki dotycz\u0105ce depresji w\u015br\u00f3d nastolatk\u00f3w pokazuj\u0105, \u017ce u os\u00f3b w wieku od 12 do 17 lat epizod depresyjny wyst\u0105pi\u0142 u oko\u0142o 3 milion\u00f3w os\u00f3b. Stanowi to oko\u0142o 13 procent wszystkich nastolatk\u00f3w w Stanach Zjednoczonych. [4]\n<p>Spo\u015br\u00f3d tych 3 milion\u00f3w nastolatk\u00f3w oko\u0142o 2 miliony zg\u0142osi\u0142o, \u017ce ich objawy by\u0142y powa\u017cne. Stanowi to prawie 70 procent nastolatk\u00f3w z du\u017cym <a href=\"https:\/\/www.diagnostyka-umyslu.pl\/test-na-depresje\">zaburzeniem depresyjnym<\/a>.<\/p>\n<p>Istnieje tak\u017ce rozbie\u017cno\u015b\u0107 mi\u0119dzy m\u0119\u017cczyznami i kobietami w obu grupach; mo\u017cliwe jednak, \u017ce cz\u0119\u015bciowo jest to zwi\u0105zane z rodzajem zg\u0142aszanego zaburzenia.<\/p>\n<p>W Stanach Zjednoczonych kobiety s\u0105 statystycznie mniej nara\u017cone na depresj\u0119 ni\u017c m\u0119\u017cczy\u017ani. Jednak m\u0119\u017cczy\u017ani rzadziej s\u0105 diagnozowani i rzadziej szukaj\u0105 leczenia, co mo\u017ce mie\u0107 wp\u0142yw na r\u00f3\u017cnice w rozpowszechnieniu depresji w Stanach Zjednoczonych mi\u0119dzy p\u0142ciami.<\/p>\n<p>Mimo \u017ce depresja mo\u017ce pozosta\u0107 niezauwa\u017cona, wska\u017aniki leczenia w Stanach Zjednoczonych poprawi\u0142y si\u0119. 44 procent doros\u0142ych korzysta zar\u00f3wno z lek\u00f3w, jak i z innych mo\u017cliwo\u015bci leczenia, takich jak terapia, podczas gdy 35 procent nie leczy si\u0119 w og\u00f3le.<\/p>\n<p>W pozosta\u0142ych przypadkach 6 procent stosuje wy\u0142\u0105cznie leki, a 15 procent korzysta wy\u0142\u0105cznie z pomocy specjalisty. [4]\n<p>Podczas gdy statystyki dotycz\u0105ce leczenia doros\u0142ych rosn\u0105 i coraz wi\u0119cej os\u00f3b otrzymuje pomoc, nadal trzeba pracowa\u0107 nad popraw\u0105 wska\u017anik\u00f3w dotycz\u0105cych ameryka\u0144skich nastolatk\u00f3w.<\/p>\n<p>Oko\u0142o 60 procent nastolatk\u00f3w w og\u00f3le nie poddaje si\u0119 leczeniu, co jest niefortunne, poniewa\u017c dla wielu os\u00f3b mo\u017ce to by\u0107 okres krytyczny. Wielu m\u0142odych ludzi w tym trudnym okresie po raz pierwszy do\u015bwiadcza depresji.<\/p>\n<p>Z czasem statystyki te powinny si\u0119 poprawia\u0107, poniewa\u017c coraz wi\u0119cej os\u00f3b, zw\u0142aszcza nastolatk\u00f3w, zdobywa wiedz\u0119 na temat zdrowia psychicznego i nie waha si\u0119 szuka\u0107 pomocy. W Stanach Zjednoczonych leczenie zaburze\u0144 psychicznych sta\u0142o si\u0119 bardziej dost\u0119pne ni\u017c kiedykolwiek wcze\u015bniej, dlatego statystyki dotycz\u0105ce depresji w Ameryce b\u0119d\u0105 si\u0119 nadal poprawia\u0107.<\/p>\n<h4>Ile os\u00f3b cierpi na depresj\u0119 na ca\u0142ym \u015bwiecie?<\/h4>\n<p>Z poprzedniego rozdzia\u0142u, po\u015bwi\u0119conego statystykom dotycz\u0105cym depresji w Stanach Zjednoczonych, wynika, \u017ce jest to z pewno\u015bci\u0105 powa\u017cny problem, ale depresja jest zjawiskiem globalnym.<\/p>\n<p>Wed\u0142ug danych \u015awiatowej Organizacji Zdrowia, na ca\u0142ym \u015bwiecie na depresj\u0119 cierpi oko\u0142o 264 milion\u00f3w ludzi w ka\u017cdym wieku. [5] Na \u015bwiecie \u017cyje prawie 8 miliard\u00f3w ludzi, co stanowi nieco ponad 3 procent os\u00f3b cierpi\u0105cych na depresj\u0119.<\/p>\n<p>Ten odsetek os\u00f3b cierpi\u0105cych na depresj\u0119 mo\u017ce by\u0107 jednak niedok\u0142adny, a liczba ta mo\u017ce by\u0107 znacznie wy\u017csza, ni\u017c wynika\u0142oby to z oblicze\u0144.<\/p>\n<p>Chocia\u017c wiemy, \u017ce Chiny, Indie i Stany Zjednoczone s\u0105 dwoma krajami, w kt\u00f3rych wyst\u0119puje najwi\u0119cej os\u00f3b cierpi\u0105cych na depresj\u0119, najprawdopodobniej tylko ze wzgl\u0119du na liczb\u0119 ludno\u015bci, to z kilku powod\u00f3w inne kraje mog\u0105 nie by\u0107 brane pod uwag\u0119, co mo\u017ce mie\u0107 wp\u0142yw na globalny wska\u017anik depresji.<\/p>\n<p>Depresja mo\u017ce by\u0107 niezg\u0142aszana w wielu krajach, zw\u0142aszcza w tych, w kt\u00f3rych brakuje \u015brodk\u00f3w na ochron\u0119 zdrowia psychicznego i edukacji w tym zakresie, a zaburzenia psychiczne i leczenie s\u0105 napi\u0119tnowane.<\/p>\n<p>Stygmatyzacja mo\u017ce by\u0107 narzucona przez samego siebie lub wynika\u0107 z uwarunkowa\u0144 spo\u0142ecznych. Mo\u017ce wi\u0105za\u0107 si\u0119 z r\u00f3\u017cnymi przekonaniami, na przyk\u0142ad, \u017ce jest to wada charakteru, s\u0142abo\u015b\u0107, forma niekompetencji lub znak, \u017ce kto\u015b jest niebezpieczny. Niestety, mo\u017ce to prowadzi\u0107 do uprzedze\u0144 i dyskryminacji ze strony innych. [6]\n<p>Strach przed os\u0105dzaniem, unikaniem lub, co gorsza, odmow\u0105 zatrudnienia lub mieszkania, a tak\u017ce gro\u017aba przemocy to wystarczaj\u0105ce powody, by ludzie nie chcieli korzysta\u0107 z pomocy, co sprawia, \u017ce depresja i inne zaburzenia psychiczne nadal stanowi\u0105 globalny problem zdrowotny, kt\u00f3remu trudno w pe\u0142ni zaradzi\u0107, zw\u0142aszcza w krajach rozwijaj\u0105cych si\u0119.<\/p>\n<p>Idee kulturowe zwi\u0105zane ze zdrowiem psychicznym mog\u0105 si\u0119 zmienia\u0107 z up\u0142ywem czasu. Jednak Stany Zjednoczone i wiele innych spo\u0142ecze\u0144stw zachodnich r\u00f3wnie\u017c nie s\u0105 ca\u0142kowicie wolne od stygmatyzacji. Mimo to pokazuj\u0105, \u017ce z czasem kwestie te mog\u0105 si\u0119 zmieni\u0107, a ludzie mog\u0105 sta\u0107 si\u0119 bardziej przychylni dla innych, je\u015bli chodzi o zdrowie psychiczne.<\/p>\n<h4>Statystyki dotycz\u0105ce wsp\u00f3\u0142zachorowalno\u015bci<\/h4>\n<p>Istnieje wiele innych interesuj\u0105cych fakt\u00f3w i danych statystycznych dotycz\u0105cych depresji, o kt\u00f3rych warto wiedzie\u0107, poza liczbami om\u00f3wionymi wcze\u015bniej.<\/p>\n<p>Jedna z wa\u017cnych statystyk dotycz\u0105cych depresji odnosi si\u0119 do wsp\u00f3\u0142chorobowo\u015bci. Depresja jest chorob\u0105, kt\u00f3ra cz\u0119sto wsp\u00f3\u0142wyst\u0119puje z innymi schorzeniami, takimi jak zaburzenia l\u0119kowe, nadu\u017cywanie substancji i uzale\u017cnienia.<\/p>\n<p>Kiedy pacjenci zg\u0142aszaj\u0105 si\u0119 do specjalisty z powodu epizodu depresyjnego lub z powodu l\u0119ku, w ponad 50% przypadk\u00f3w okazuje si\u0119, \u017ce zmagaj\u0105 si\u0119 z towarzysz\u0105cymi zaburzeniami l\u0119kowymi lub depresj\u0105. [7]\n<p>Wiele objaw\u00f3w zaburze\u0144 l\u0119kowych i stan\u00f3w depresyjnych mo\u017ce si\u0119 nak\u0142ada\u0107. Mo\u017ce to powodowa\u0107 przewlek\u0142e problemy u poszczeg\u00f3lnych os\u00f3b i nasila\u0107 oba te stany; mo\u017cna je jednak leczy\u0107 jednocze\u015bnie.<\/p>\n<p>Serotonina jest neuroprzeka\u017anikiem silnie zwi\u0105zanym z du\u017c\u0105 depresj\u0105 i zaburzeniami l\u0119kowymi, a leki z grupy selektywnych inhibitor\u00f3w wychwytu zwrotnego serotoniny (SSRI) skutecznie lecz\u0105 objawy obu rodzaj\u00f3w zaburze\u0144 psychicznych. S\u0105 one stosunkowo bezpieczne i maj\u0105 niewiele skutk\u00f3w ubocznych.<\/p>\n<p>Jak jednak wspomniano wcze\u015bniej, nadu\u017cywanie substancji mo\u017ce by\u0107 problemem wyst\u0119puj\u0105cym r\u00f3wnolegle z depresj\u0105 i innymi schorzeniami, poniewa\u017c wiele os\u00f3b uzale\u017cnia si\u0119 od nich, aby poradzi\u0107 sobie z problemami i zamaskowa\u0107 ich objawy.<\/p>\n<p>Wed\u0142ug Ameryka\u0144skiego Stowarzyszenia L\u0119ku i Depresji (Anxiety and Depression Association of America &#8211; ADAA) oko\u0142o 20% os\u00f3b cierpi\u0105cych na zaburzenia nastroju, takie jak depresja, ma r\u00f3wnie\u017c zaburzenia zwi\u0105zane z nadu\u017cywaniem substancji. [8]\n<p>Leczenie jednego lub drugiego mo\u017ce nie rozwi\u0105za\u0107 obu problem\u00f3w, dlatego depresj\u0119 i zaburzenia zwi\u0105zane z nadu\u017cywaniem substancji zazwyczaj leczy si\u0119 jednocze\u015bnie, aby zapobiec nawrotom choroby.<\/p>\n<p>Na przyk\u0142ad osoba, kt\u00f3ra zmaga si\u0119 z piciem alkoholu i leczy tylko t\u0119 cz\u0119\u015b\u0107 problemu, mo\u017ce nadal zmaga\u0107 si\u0119 z depresj\u0105, co powoduje, \u017ce aby sobie z ni\u0105 poradzi\u0107, powraca do starych nawyk\u00f3w.<\/p>\n<p>Aby temu zapobiec, zaleca si\u0119 terapi\u0119, poniewa\u017c mo\u017ce ona pom\u00f3c w zdobyciu umiej\u0119tno\u015bci potrzebnych do jednoczesnego radzenia sobie z obydwoma rodzajami problem\u00f3w. Istnieje wiele skutecznych opcji, kt\u00f3re mo\u017cna wypr\u00f3bowa\u0107.<\/p>\n<h4>Czy masz depresj\u0119?<\/h4>\n<p>Je\u015bli uwa\u017casz, \u017ce mo\u017cesz mie\u0107 depresj\u0119, wa\u017cne jest, aby nie czeka\u0107 i jak najszybciej podj\u0105\u0107 odpowiednie dzia\u0142ania.<\/p>\n<p>Wiele os\u00f3b nie jest jednak pewnych, czy to, co je trapi, jest przej\u015bciowe i z czasem minie, czy te\u017c s\u0105 to objawy czego\u015b powa\u017cniejszego, co wymaga leczenia.<\/p>\n<p>Postawienie diagnozy du\u017cej depresji wymaga oceny przez lekarza lub specjalist\u0119 z zakresu zdrowia psychicznego. Je\u015bli jednak chcesz mie\u0107 wi\u0119ksz\u0105 pewno\u015b\u0107 co do tego, czego do\u015bwiadczasz, mo\u017cesz spr\u00f3bowa\u0107 wcze\u015bniej wykona\u0107 ten <a href=\"https:\/\/www.diagnostyka-umyslu.pl\/test-na-depresje\">test na depresj\u0119<\/a>.<\/p>\n<p>Wielu osobom daje to pewno\u015b\u0107 siebie i motywacj\u0119 do podj\u0119cia natychmiastowego dzia\u0142ania i uzyskania pomocy, kt\u00f3rej potrzebuj\u0105, aby zacz\u0105\u0107 \u017cy\u0107 szcz\u0119\u015bliwiej i zdrowiej.<\/p>\n<p>Ponadto mo\u017cna tu znale\u017a\u0107 wi\u0119cej test\u00f3w dotycz\u0105cych r\u00f3\u017cnych problem\u00f3w zdrowia psychicznego, takich jak zaburzenia l\u0119kowe, kt\u00f3re zazwyczaj wsp\u00f3\u0142istniej\u0105 z depresj\u0105.<\/p>\n<h4>PODSUMOWANIE<\/h4>\n<p>Mamy nadziej\u0119, \u017ce po przeczytaniu tego artyku\u0142u lepiej rozumiemy, jak powszechna i powa\u017cna mo\u017ce by\u0107 depresja. Powa\u017cne zaburzenia depresyjne nie maj\u0105 charakteru dyskryminuj\u0105cego, mog\u0105 pojawi\u0107 si\u0119 we wczesnym okresie \u017cycia i by\u0107 bardzo uporczywe. Jest to jednak choroba bardzo uleczalna, je\u015bli tylko chorzy maj\u0105 dost\u0119p do potrzebnej im opieki. Aby dowiedzie\u0107 si\u0119, czy cierpisz na depresj\u0119, wykonaj nasz szybki test online.<\/p>\n<h4>Wi\u0119cej informacji<\/h4>\n<ul>\n<li><em>mind-diagnostics.org\/blog\/depression\/how-many-people-suffer-from-depression-heres-what-the-statistics-show<\/em><\/li>\n<\/ul>\n<h4>Referencje:<\/h4>\n<ul>\n<li>McPhillips, D. (2016, September 14). The U.S. Most Depressed Countries in the World. Retrieved from https:\/\/www.usnews.com\/news\/best-countries\/articles\/2016-09-14\/the-10-most-depressed-countries<\/li>\n<li>Mental Health America. (, 2020). Ranking the States. Retrieved from https:\/\/www.mhanational.org\/issues\/ranking-states<\/li>\n<li>Depression and Bipolar Support Alliance. (2019, July 12). Depression Statistics. Retrieved from https:\/\/www.dbsalliance.org\/education\/depression\/statistics\/<\/li>\n<li>National Institute of Mental Health. (2019, February). Major Depression. Retrieved from https:\/\/www.nimh.nih.gov\/health\/statistics\/major-depression.shtml<\/li>\n<li>World Health Organization. (2020, January 30). Depression. Retrieved from https:\/\/www.who.int\/news-room\/fact-sheets\/detail\/depression<\/li>\n<li>Corrigan PW, Watson AC. Understanding the impact of stigma on people with mental illness. World Psychiatry. 2002;1(1):16-20.<\/li>\n<li>Hirschfeld RM. The Comorbidity of Major Depression and Anxiety Disorders: Recognition and Management in Primary Care. Prim Care Companion J Clin Psychiatry. 2001;3(6):244-254. doi:10.4088\/pcc.v03n0609<\/li>\n<li>Anxiety and Depression Association of America. (2020). Substance Use Disorders. Retrieved from https:\/\/adaa.org\/understanding-anxiety\/related-illnesses\/substance-abuse<\/li>\n<\/ul>\n","protected":false},"excerpt":{"rendered":"<p>By\u0107 mo\u017ce ju\u017c wcze\u015bniej s\u0142yszeli\u015bcie, \u017ce depresja jest jednym z najcz\u0119stszych problem\u00f3w zwi\u0105zanych ze zdrowiem psychicznym, ale czy kiedykolwiek zastanawiali\u015bcie si\u0119 nad liczbami? W tym&#8230;<\/p>\n","protected":false},"author":1,"featured_media":1825,"comment_status":"closed","ping_status":"open","sticky":false,"template":"","format":"standard","meta":[],"categories":[289],"tags":[540,597,596],"yoast_head":"<!-- This site is optimized with the Yoast SEO plugin v18.1 - https:\/\/yoast.com\/wordpress\/plugins\/seo\/ -->\n<title>Jak wiele os\u00f3b cierpi na depresj\u0119? Oto, co wynika z danych statystycznych - Diagnostyka Umys\u0142u<\/title>\n<meta name=\"robots\" content=\"index, follow, max-snippet:-1, max-image-preview:large, max-video-preview:-1\" \/>\n<link rel=\"canonical\" href=\"https:\/\/www.diagnostyka-umyslu.pl\/blog\/depresja\/jak-wiele-osob-cierpi-na-depresje-oto-co-wynika-z-danych-statystycznych\/\" \/>\n<meta property=\"og:locale\" content=\"pl_PL\" \/>\n<meta property=\"og:type\" content=\"article\" \/>\n<meta property=\"og:title\" content=\"Jak wiele os\u00f3b cierpi na depresj\u0119? Oto, co wynika z danych statystycznych - Diagnostyka Umys\u0142u\" \/>\n<meta property=\"og:description\" content=\"By\u0107 mo\u017ce ju\u017c wcze\u015bniej s\u0142yszeli\u015bcie, \u017ce depresja jest jednym z najcz\u0119stszych problem\u00f3w zwi\u0105zanych ze zdrowiem psychicznym, ale czy kiedykolwiek zastanawiali\u015bcie si\u0119 nad liczbami? W tym...\" \/>\n<meta property=\"og:url\" content=\"https:\/\/www.diagnostyka-umyslu.pl\/blog\/depresja\/jak-wiele-osob-cierpi-na-depresje-oto-co-wynika-z-danych-statystycznych\/\" \/>\n<meta property=\"og:site_name\" content=\"Diagnostyka Umys\u0142u\" \/>\n<meta property=\"article:published_time\" content=\"2022-08-06T06:00:11+00:00\" \/>\n<meta property=\"article:modified_time\" content=\"2022-07-08T20:05:27+00:00\" \/>\n<meta property=\"og:image\" content=\"https:\/\/www.diagnostyka-umyslu.pl\/blog\/wp-content\/uploads\/2022\/07\/bg_top_default.jpg\" \/>\n\t<meta property=\"og:image:width\" content=\"840\" \/>\n\t<meta property=\"og:image:height\" content=\"202\" \/>\n\t<meta property=\"og:image:type\" content=\"image\/jpeg\" \/>\n<meta name=\"twitter:card\" content=\"summary_large_image\" \/>\n<meta name=\"twitter:label1\" content=\"Napisane przez\" \/>\n\t<meta name=\"twitter:data1\" content=\"Diagnostyka Umys\u0142u\" \/>\n\t<meta name=\"twitter:label2\" content=\"Szacowany czas czytania\" \/>\n\t<meta name=\"twitter:data2\" content=\"9 minut\" \/>\n<script type=\"application\/ld+json\" class=\"yoast-schema-graph\">{\"@context\":\"https:\/\/schema.org\",\"@graph\":[{\"@type\":\"Organization\",\"@id\":\"https:\/\/www.diagnostyka-umyslu.pl\/blog\/#organization\",\"name\":\"Diagnostyka Umys\u0142u\",\"url\":\"https:\/\/www.diagnostyka-umyslu.pl\/blog\/\",\"sameAs\":[],\"logo\":{\"@type\":\"ImageObject\",\"@id\":\"https:\/\/www.diagnostyka-umyslu.pl\/blog\/#logo\",\"inLanguage\":\"pl-PL\",\"url\":\"https:\/\/www.diagnostyka-umyslu.pl\/blog\/wp-content\/uploads\/2021\/05\/logo.png\",\"contentUrl\":\"https:\/\/www.diagnostyka-umyslu.pl\/blog\/wp-content\/uploads\/2021\/05\/logo.png\",\"width\":236,\"height\":81,\"caption\":\"Diagnostyka Umys\u0142u\"},\"image\":{\"@id\":\"https:\/\/www.diagnostyka-umyslu.pl\/blog\/#logo\"}},{\"@type\":\"WebSite\",\"@id\":\"https:\/\/www.diagnostyka-umyslu.pl\/blog\/#website\",\"url\":\"https:\/\/www.diagnostyka-umyslu.pl\/blog\/\",\"name\":\"Diagnostyka Umys\u0142u\",\"description\":\"Blog o zaburzeniach umys\u0142u\",\"publisher\":{\"@id\":\"https:\/\/www.diagnostyka-umyslu.pl\/blog\/#organization\"},\"potentialAction\":[{\"@type\":\"SearchAction\",\"target\":{\"@type\":\"EntryPoint\",\"urlTemplate\":\"https:\/\/www.diagnostyka-umyslu.pl\/blog\/?s={search_term_string}\"},\"query-input\":\"required name=search_term_string\"}],\"inLanguage\":\"pl-PL\"},{\"@type\":\"ImageObject\",\"@id\":\"https:\/\/www.diagnostyka-umyslu.pl\/blog\/depresja\/jak-wiele-osob-cierpi-na-depresje-oto-co-wynika-z-danych-statystycznych\/#primaryimage\",\"inLanguage\":\"pl-PL\",\"url\":\"https:\/\/www.diagnostyka-umyslu.pl\/blog\/wp-content\/uploads\/2022\/07\/bg_top_default.jpg\",\"contentUrl\":\"https:\/\/www.diagnostyka-umyslu.pl\/blog\/wp-content\/uploads\/2022\/07\/bg_top_default.jpg\",\"width\":840,\"height\":202},{\"@type\":\"WebPage\",\"@id\":\"https:\/\/www.diagnostyka-umyslu.pl\/blog\/depresja\/jak-wiele-osob-cierpi-na-depresje-oto-co-wynika-z-danych-statystycznych\/#webpage\",\"url\":\"https:\/\/www.diagnostyka-umyslu.pl\/blog\/depresja\/jak-wiele-osob-cierpi-na-depresje-oto-co-wynika-z-danych-statystycznych\/\",\"name\":\"Jak wiele os\u00f3b cierpi na depresj\u0119? Oto, co wynika z danych statystycznych - Diagnostyka Umys\u0142u\",\"isPartOf\":{\"@id\":\"https:\/\/www.diagnostyka-umyslu.pl\/blog\/#website\"},\"primaryImageOfPage\":{\"@id\":\"https:\/\/www.diagnostyka-umyslu.pl\/blog\/depresja\/jak-wiele-osob-cierpi-na-depresje-oto-co-wynika-z-danych-statystycznych\/#primaryimage\"},\"datePublished\":\"2022-08-06T06:00:11+00:00\",\"dateModified\":\"2022-07-08T20:05:27+00:00\",\"breadcrumb\":{\"@id\":\"https:\/\/www.diagnostyka-umyslu.pl\/blog\/depresja\/jak-wiele-osob-cierpi-na-depresje-oto-co-wynika-z-danych-statystycznych\/#breadcrumb\"},\"inLanguage\":\"pl-PL\",\"potentialAction\":[{\"@type\":\"ReadAction\",\"target\":[\"https:\/\/www.diagnostyka-umyslu.pl\/blog\/depresja\/jak-wiele-osob-cierpi-na-depresje-oto-co-wynika-z-danych-statystycznych\/\"]}]},{\"@type\":\"BreadcrumbList\",\"@id\":\"https:\/\/www.diagnostyka-umyslu.pl\/blog\/depresja\/jak-wiele-osob-cierpi-na-depresje-oto-co-wynika-z-danych-statystycznych\/#breadcrumb\",\"itemListElement\":[{\"@type\":\"ListItem\",\"position\":1,\"name\":\"Strona g\u0142\u00f3wna\",\"item\":\"https:\/\/www.diagnostyka-umyslu.pl\/blog\/\"},{\"@type\":\"ListItem\",\"position\":2,\"name\":\"Depresja\",\"item\":\"https:\/\/www.diagnostyka-umyslu.pl\/blog\/depresja\/\"},{\"@type\":\"ListItem\",\"position\":3,\"name\":\"Jak wiele os\u00f3b cierpi na depresj\u0119? Oto, co wynika z danych statystycznych\"}]},{\"@type\":\"Article\",\"@id\":\"https:\/\/www.diagnostyka-umyslu.pl\/blog\/depresja\/jak-wiele-osob-cierpi-na-depresje-oto-co-wynika-z-danych-statystycznych\/#article\",\"isPartOf\":{\"@id\":\"https:\/\/www.diagnostyka-umyslu.pl\/blog\/depresja\/jak-wiele-osob-cierpi-na-depresje-oto-co-wynika-z-danych-statystycznych\/#webpage\"},\"author\":{\"@id\":\"https:\/\/www.diagnostyka-umyslu.pl\/blog\/#\/schema\/person\/8eb1bcaf59fea75c780c11946f4e3490\"},\"headline\":\"Jak wiele os\u00f3b cierpi na depresj\u0119? Oto, co wynika z danych statystycznych\",\"datePublished\":\"2022-08-06T06:00:11+00:00\",\"dateModified\":\"2022-07-08T20:05:27+00:00\",\"mainEntityOfPage\":{\"@id\":\"https:\/\/www.diagnostyka-umyslu.pl\/blog\/depresja\/jak-wiele-osob-cierpi-na-depresje-oto-co-wynika-z-danych-statystycznych\/#webpage\"},\"wordCount\":1700,\"publisher\":{\"@id\":\"https:\/\/www.diagnostyka-umyslu.pl\/blog\/#organization\"},\"image\":{\"@id\":\"https:\/\/www.diagnostyka-umyslu.pl\/blog\/depresja\/jak-wiele-osob-cierpi-na-depresje-oto-co-wynika-z-danych-statystycznych\/#primaryimage\"},\"thumbnailUrl\":\"https:\/\/www.diagnostyka-umyslu.pl\/blog\/wp-content\/uploads\/2022\/07\/bg_top_default.jpg\",\"keywords\":[\"Czy masz depresj\u0119?\",\"Ile os\u00f3b cierpi na depresj\u0119 na ca\u0142ym \u015bwiecie?\",\"Statystyki dotycz\u0105ce wsp\u00f3\u0142zachorowalno\u015bci\"],\"articleSection\":[\"Depresja\"],\"inLanguage\":\"pl-PL\"},{\"@type\":\"Person\",\"@id\":\"https:\/\/www.diagnostyka-umyslu.pl\/blog\/#\/schema\/person\/8eb1bcaf59fea75c780c11946f4e3490\",\"name\":\"Diagnostyka Umys\u0142u\",\"image\":{\"@type\":\"ImageObject\",\"@id\":\"https:\/\/www.diagnostyka-umyslu.pl\/blog\/#personlogo\",\"inLanguage\":\"pl-PL\",\"url\":\"https:\/\/secure.gravatar.com\/avatar\/6743211f010801ea26aa9423a2daab37?s=96&d=mm&r=g\",\"contentUrl\":\"https:\/\/secure.gravatar.com\/avatar\/6743211f010801ea26aa9423a2daab37?s=96&d=mm&r=g\",\"caption\":\"Diagnostyka Umys\u0142u\"},\"sameAs\":[\"https:\/\/www.diagnostyka-umyslu.pl\/blog\"],\"url\":\"https:\/\/www.diagnostyka-umyslu.pl\/blog\/author\/diagnostyka-umyslu\/\"}]}<\/script>\n<!-- \/ Yoast SEO plugin. -->","yoast_head_json":{"title":"Jak wiele os\u00f3b cierpi na depresj\u0119? Oto, co wynika z danych statystycznych - Diagnostyka Umys\u0142u","robots":{"index":"index","follow":"follow","max-snippet":"max-snippet:-1","max-image-preview":"max-image-preview:large","max-video-preview":"max-video-preview:-1"},"canonical":"https:\/\/www.diagnostyka-umyslu.pl\/blog\/depresja\/jak-wiele-osob-cierpi-na-depresje-oto-co-wynika-z-danych-statystycznych\/","og_locale":"pl_PL","og_type":"article","og_title":"Jak wiele os\u00f3b cierpi na depresj\u0119? Oto, co wynika z danych statystycznych - Diagnostyka Umys\u0142u","og_description":"By\u0107 mo\u017ce ju\u017c wcze\u015bniej s\u0142yszeli\u015bcie, \u017ce depresja jest jednym z najcz\u0119stszych problem\u00f3w zwi\u0105zanych ze zdrowiem psychicznym, ale czy kiedykolwiek zastanawiali\u015bcie si\u0119 nad liczbami? W tym...","og_url":"https:\/\/www.diagnostyka-umyslu.pl\/blog\/depresja\/jak-wiele-osob-cierpi-na-depresje-oto-co-wynika-z-danych-statystycznych\/","og_site_name":"Diagnostyka Umys\u0142u","article_published_time":"2022-08-06T06:00:11+00:00","article_modified_time":"2022-07-08T20:05:27+00:00","og_image":[{"width":840,"height":202,"url":"https:\/\/www.diagnostyka-umyslu.pl\/blog\/wp-content\/uploads\/2022\/07\/bg_top_default.jpg","type":"image\/jpeg"}],"twitter_card":"summary_large_image","twitter_misc":{"Napisane przez":"Diagnostyka Umys\u0142u","Szacowany czas czytania":"9 minut"},"schema":{"@context":"https:\/\/schema.org","@graph":[{"@type":"Organization","@id":"https:\/\/www.diagnostyka-umyslu.pl\/blog\/#organization","name":"Diagnostyka Umys\u0142u","url":"https:\/\/www.diagnostyka-umyslu.pl\/blog\/","sameAs":[],"logo":{"@type":"ImageObject","@id":"https:\/\/www.diagnostyka-umyslu.pl\/blog\/#logo","inLanguage":"pl-PL","url":"https:\/\/www.diagnostyka-umyslu.pl\/blog\/wp-content\/uploads\/2021\/05\/logo.png","contentUrl":"https:\/\/www.diagnostyka-umyslu.pl\/blog\/wp-content\/uploads\/2021\/05\/logo.png","width":236,"height":81,"caption":"Diagnostyka Umys\u0142u"},"image":{"@id":"https:\/\/www.diagnostyka-umyslu.pl\/blog\/#logo"}},{"@type":"WebSite","@id":"https:\/\/www.diagnostyka-umyslu.pl\/blog\/#website","url":"https:\/\/www.diagnostyka-umyslu.pl\/blog\/","name":"Diagnostyka Umys\u0142u","description":"Blog o zaburzeniach umys\u0142u","publisher":{"@id":"https:\/\/www.diagnostyka-umyslu.pl\/blog\/#organization"},"potentialAction":[{"@type":"SearchAction","target":{"@type":"EntryPoint","urlTemplate":"https:\/\/www.diagnostyka-umyslu.pl\/blog\/?s={search_term_string}"},"query-input":"required name=search_term_string"}],"inLanguage":"pl-PL"},{"@type":"ImageObject","@id":"https:\/\/www.diagnostyka-umyslu.pl\/blog\/depresja\/jak-wiele-osob-cierpi-na-depresje-oto-co-wynika-z-danych-statystycznych\/#primaryimage","inLanguage":"pl-PL","url":"https:\/\/www.diagnostyka-umyslu.pl\/blog\/wp-content\/uploads\/2022\/07\/bg_top_default.jpg","contentUrl":"https:\/\/www.diagnostyka-umyslu.pl\/blog\/wp-content\/uploads\/2022\/07\/bg_top_default.jpg","width":840,"height":202},{"@type":"WebPage","@id":"https:\/\/www.diagnostyka-umyslu.pl\/blog\/depresja\/jak-wiele-osob-cierpi-na-depresje-oto-co-wynika-z-danych-statystycznych\/#webpage","url":"https:\/\/www.diagnostyka-umyslu.pl\/blog\/depresja\/jak-wiele-osob-cierpi-na-depresje-oto-co-wynika-z-danych-statystycznych\/","name":"Jak wiele os\u00f3b cierpi na depresj\u0119? Oto, co wynika z danych statystycznych - Diagnostyka Umys\u0142u","isPartOf":{"@id":"https:\/\/www.diagnostyka-umyslu.pl\/blog\/#website"},"primaryImageOfPage":{"@id":"https:\/\/www.diagnostyka-umyslu.pl\/blog\/depresja\/jak-wiele-osob-cierpi-na-depresje-oto-co-wynika-z-danych-statystycznych\/#primaryimage"},"datePublished":"2022-08-06T06:00:11+00:00","dateModified":"2022-07-08T20:05:27+00:00","breadcrumb":{"@id":"https:\/\/www.diagnostyka-umyslu.pl\/blog\/depresja\/jak-wiele-osob-cierpi-na-depresje-oto-co-wynika-z-danych-statystycznych\/#breadcrumb"},"inLanguage":"pl-PL","potentialAction":[{"@type":"ReadAction","target":["https:\/\/www.diagnostyka-umyslu.pl\/blog\/depresja\/jak-wiele-osob-cierpi-na-depresje-oto-co-wynika-z-danych-statystycznych\/"]}]},{"@type":"BreadcrumbList","@id":"https:\/\/www.diagnostyka-umyslu.pl\/blog\/depresja\/jak-wiele-osob-cierpi-na-depresje-oto-co-wynika-z-danych-statystycznych\/#breadcrumb","itemListElement":[{"@type":"ListItem","position":1,"name":"Strona g\u0142\u00f3wna","item":"https:\/\/www.diagnostyka-umyslu.pl\/blog\/"},{"@type":"ListItem","position":2,"name":"Depresja","item":"https:\/\/www.diagnostyka-umyslu.pl\/blog\/depresja\/"},{"@type":"ListItem","position":3,"name":"Jak wiele os\u00f3b cierpi na depresj\u0119? Oto, co wynika z danych statystycznych"}]},{"@type":"Article","@id":"https:\/\/www.diagnostyka-umyslu.pl\/blog\/depresja\/jak-wiele-osob-cierpi-na-depresje-oto-co-wynika-z-danych-statystycznych\/#article","isPartOf":{"@id":"https:\/\/www.diagnostyka-umyslu.pl\/blog\/depresja\/jak-wiele-osob-cierpi-na-depresje-oto-co-wynika-z-danych-statystycznych\/#webpage"},"author":{"@id":"https:\/\/www.diagnostyka-umyslu.pl\/blog\/#\/schema\/person\/8eb1bcaf59fea75c780c11946f4e3490"},"headline":"Jak wiele os\u00f3b cierpi na depresj\u0119? Oto, co wynika z danych statystycznych","datePublished":"2022-08-06T06:00:11+00:00","dateModified":"2022-07-08T20:05:27+00:00","mainEntityOfPage":{"@id":"https:\/\/www.diagnostyka-umyslu.pl\/blog\/depresja\/jak-wiele-osob-cierpi-na-depresje-oto-co-wynika-z-danych-statystycznych\/#webpage"},"wordCount":1700,"publisher":{"@id":"https:\/\/www.diagnostyka-umyslu.pl\/blog\/#organization"},"image":{"@id":"https:\/\/www.diagnostyka-umyslu.pl\/blog\/depresja\/jak-wiele-osob-cierpi-na-depresje-oto-co-wynika-z-danych-statystycznych\/#primaryimage"},"thumbnailUrl":"https:\/\/www.diagnostyka-umyslu.pl\/blog\/wp-content\/uploads\/2022\/07\/bg_top_default.jpg","keywords":["Czy masz depresj\u0119?","Ile os\u00f3b cierpi na depresj\u0119 na ca\u0142ym \u015bwiecie?","Statystyki dotycz\u0105ce wsp\u00f3\u0142zachorowalno\u015bci"],"articleSection":["Depresja"],"inLanguage":"pl-PL"},{"@type":"Person","@id":"https:\/\/www.diagnostyka-umyslu.pl\/blog\/#\/schema\/person\/8eb1bcaf59fea75c780c11946f4e3490","name":"Diagnostyka Umys\u0142u","image":{"@type":"ImageObject","@id":"https:\/\/www.diagnostyka-umyslu.pl\/blog\/#personlogo","inLanguage":"pl-PL","url":"https:\/\/secure.gravatar.com\/avatar\/6743211f010801ea26aa9423a2daab37?s=96&d=mm&r=g","contentUrl":"https:\/\/secure.gravatar.com\/avatar\/6743211f010801ea26aa9423a2daab37?s=96&d=mm&r=g","caption":"Diagnostyka Umys\u0142u"},"sameAs":["https:\/\/www.diagnostyka-umyslu.pl\/blog"],"url":"https:\/\/www.diagnostyka-umyslu.pl\/blog\/author\/diagnostyka-umyslu\/"}]}},"amp_enabled":true,"_links":{"self":[{"href":"https:\/\/www.diagnostyka-umyslu.pl\/blog\/wp-json\/wp\/v2\/posts\/1532"}],"collection":[{"href":"https:\/\/www.diagnostyka-umyslu.pl\/blog\/wp-json\/wp\/v2\/posts"}],"about":[{"href":"https:\/\/www.diagnostyka-umyslu.pl\/blog\/wp-json\/wp\/v2\/types\/post"}],"author":[{"embeddable":true,"href":"https:\/\/www.diagnostyka-umyslu.pl\/blog\/wp-json\/wp\/v2\/users\/1"}],"replies":[{"embeddable":true,"href":"https:\/\/www.diagnostyka-umyslu.pl\/blog\/wp-json\/wp\/v2\/comments?post=1532"}],"version-history":[{"count":2,"href":"https:\/\/www.diagnostyka-umyslu.pl\/blog\/wp-json\/wp\/v2\/posts\/1532\/revisions"}],"predecessor-version":[{"id":2028,"href":"https:\/\/www.diagnostyka-umyslu.pl\/blog\/wp-json\/wp\/v2\/posts\/1532\/revisions\/2028"}],"wp:featuredmedia":[{"embeddable":true,"href":"https:\/\/www.diagnostyka-umyslu.pl\/blog\/wp-json\/wp\/v2\/media\/1825"}],"wp:attachment":[{"href":"https:\/\/www.diagnostyka-umyslu.pl\/blog\/wp-json\/wp\/v2\/media?parent=1532"}],"wp:term":[{"taxonomy":"category","embeddable":true,"href":"https:\/\/www.diagnostyka-umyslu.pl\/blog\/wp-json\/wp\/v2\/categories?post=1532"},{"taxonomy":"post_tag","embeddable":true,"href":"https:\/\/www.diagnostyka-umyslu.pl\/blog\/wp-json\/wp\/v2\/tags?post=1532"}],"curies":[{"name":"wp","href":"https:\/\/api.w.org\/{rel}","templated":true}]}}