{"id":1639,"date":"2022-06-30T08:00:04","date_gmt":"2022-06-30T06:00:04","guid":{"rendered":"https:\/\/www.diagnostyka-umyslu.pl\/blog\/?p=1639"},"modified":"2023-02-23T11:00:57","modified_gmt":"2023-02-23T10:00:57","slug":"zaleznosc-miedzy-adhd-a-depresja","status":"publish","type":"post","link":"https:\/\/www.diagnostyka-umyslu.pl\/blog\/adhd\/zaleznosc-miedzy-adhd-a-depresja\/","title":{"rendered":"Zale\u017cno\u015b\u0107 mi\u0119dzy ADHD a depresj\u0105"},"content":{"rendered":"<p>ADHD i depresja s\u0105 odr\u0119bnymi zaburzeniami, ale maj\u0105 tendencj\u0119 do nak\u0142adania si\u0119.<\/p>\n<p>Je\u015bli zdiagnozowano u Ciebie zesp\u00f3\u0142 nadpobudliwo\u015bci psychoruchowej z deficytem uwagi (ADHD) i depresj\u0119, mo\u017cesz si\u0119 zastanawia\u0107, co to oznacza dla Ciebie w kontek\u015bcie rokowania, leczenia i zmian w stylu \u017cycia, kt\u00f3re mo\u017cesz wprowadzi\u0107, aby poprawi\u0107 swoj\u0105 sytuacj\u0119.<\/p>\n<h4>Co to jest ADHD?<\/h4>\n<p>Zanim zaczniemy rozpl\u0105tywa\u0107 z\u0142o\u017cony zwi\u0105zek mi\u0119dzy ADHD i depresj\u0105, wa\u017cne jest, aby zrozumie\u0107, co wi\u0105\u017ce si\u0119 z ka\u017cdym z tych rozpozna\u0144.<\/p>\n<p>ADHD jest zaburzeniem neurorozwojowym, co oznacza, \u017ce jest obecne od dzieci\u0144stwa i utrzymuje si\u0119 przez ca\u0142e \u017cycie. Osoby, u kt\u00f3rych <a href=\"https:\/\/www.diagnostyka-umyslu.pl\/test-na-adhd\">zdiagnozowano ADHD<\/a>, mog\u0105 wykazywa\u0107 tzw. deficyt funkcji wykonawczych: maj\u0105 trudno\u015bci z doprowadzaniem zada\u0144 do ko\u0144ca i \u0142atwo ulegaj\u0105 dezorganizacji, sp\u00f3\u017aniaj\u0105 si\u0119 na spotkania i gubi\u0105 swoje rzeczy.<\/p>\n<blockquote><p>ADHD jest zwykle diagnozowane w dzieci\u0144stwie i mo\u017cna je podzieli\u0107 na trzy r\u00f3\u017cne rodzaje.<\/p><\/blockquote>\n<p><strong>Nieuwa\u017cne<\/strong><\/p>\n<p>Osoby z nieuwa\u017cnym ADHD maj\u0105 trudno\u015bci z utrzymaniem uwagi na zadaniach, kt\u00f3re uwa\u017caj\u0105 za nudne, maj\u0105 problemy z organizacj\u0105 swoich my\u015bli i pod\u0105\u017caniem za rozmowami, i mog\u0105 by\u0107 \u0142atwo rozpraszane przez to, co dzieje si\u0119 wok\u00f3\u0142 nich lub ich w\u0142asny dialog wewn\u0119trzny.<\/p>\n<p><strong>Nadpobudliwo\u015b\u0107 psychoruchowa<\/strong><\/p>\n<p>Osoby z ADHD nadpobudliwe-impulsywne maj\u0105 ci\u0105g\u0142e uczucie niepokoju, mog\u0105 spontanicznie m\u00f3wi\u0107 rzeczy bez zastanowienia i trudno jest im pozosta\u0107 w miejscu (np. siedz\u0105c w klasie na lekcji).<\/p>\n<p><strong>Po\u0142\u0105czenie nieuwa\u017cno\u015bci i nadpobudliwo\u015bci psychoruchowej<\/strong><\/p>\n<p>U os\u00f3b z po\u0142\u0105czeniem objaw\u00f3w wyst\u0119puj\u0105 zar\u00f3wno objawy nieuwa\u017cno\u015bci, jak i nadpobudliwo\u015bci psychoruchowej.<\/p>\n<h4>Co to jest depresja?<\/h4>\n<p>Depresja to co\u015b wi\u0119cej ni\u017c tylko smutek czy chandra. Wiele os\u00f3b do\u015bwiadcza nawracaj\u0105cych epizod\u00f3w, kt\u00f3re mog\u0105 trwa\u0107 od kilku tygodni do kilku miesi\u0119cy lub d\u0142u\u017cej.<\/p>\n<p>Poni\u017cej wymieniono najcz\u0119stsze objawy depresji:<\/p>\n<ul>\n<li>Smutek, poczucie beznadziejno\u015bci lub pustki<\/li>\n<li>Dra\u017cliwo\u015b\u0107, frustracja lub niepok\u00f3j<\/li>\n<li>Utrata zainteresowania rzeczami, kt\u00f3re wcze\u015bniej lubi\u0142e\u015b robi\u0107<\/li>\n<li>Problemy z koncentracj\u0105<\/li>\n<li>Jedzenie zbyt ma\u0142o lub zbyt du\u017co<\/li>\n<li>Problemy z zasypianiem lub budzeniem si\u0119 w nocy<\/li>\n<li>Uczucie nadmiernego zm\u0119czenia lub znu\u017cenia<\/li>\n<li>Depresja mo\u017ce utrudnia\u0107 wykonywanie codziennych czynno\u015bci, takich jak chodzenie do pracy lub szko\u0142y, dbanie o higien\u0119 osobist\u0105 czy jedzenie zdrowych posi\u0142k\u00f3w. W ci\u0119\u017ckich przypadkach jest to r\u00f3wnie\u017c choroba zagra\u017caj\u0105ca \u017cyciu i prowadzi do my\u015bli samob\u00f3jczych.<\/li>\n<\/ul>\n<h4>Nak\u0142adanie si\u0119 ADHD i depresji<\/h4>\n<p>W jaki spos\u00f3b ADHD i depresja nak\u0142adaj\u0105 si\u0119 na siebie? Wiemy, \u017ce s\u0105 to choroby wsp\u00f3\u0142wyst\u0119puj\u0105ce, co oznacza, \u017ce w przypadku zdiagnozowania u pacjenta jednej z nich, prawdopodobie\u0144stwo zdiagnozowania u niego r\u00f3wnie\u017c drugiej jest wy\u017csze.<\/p>\n<p>Poni\u017cej przedstawiono kilka fakt\u00f3w dotycz\u0105cych nak\u0142adania si\u0119 ADHD i depresji:<\/p>\n<ul>\n<li>U nastolatk\u00f3w z ADHD 10 razy cz\u0119\u015bciej ni\u017c u ich r\u00f3wie\u015bnik\u00f3w bez ADHD wyst\u0119puje depresja.<\/li>\n<li>Depresja wyst\u0119puje trzy razy cz\u0119\u015bciej u doros\u0142ych z ADHD w por\u00f3wnaniu do doros\u0142ych bez ADHD.<\/li>\n<li>U os\u00f3b, u kt\u00f3rych zdiagnozowano depresj\u0119, odsetek os\u00f3b z ADHD wynosi zazwyczaj od 30 do 40%.<\/li>\n<li>U 70% os\u00f3b, u kt\u00f3rych zdiagnozowano ADHD, w ci\u0105gu ca\u0142ego \u017cycia mo\u017ce wyst\u0105pi\u0107 r\u00f3wnie\u017c depresja.<br \/>\nPonadto w badaniu, w kt\u00f3rym przeanalizowano dane z Netherlands Study of Depression and Anxiety, stwierdzono, \u017ce wska\u017aniki ADHD by\u0142y wy\u017csze w\u015br\u00f3d os\u00f3b, kt\u00f3re mia\u0142y ci\u0119\u017ck\u0105 depresj\u0119, przewlek\u0142\u0105 depresj\u0119, depresj\u0119 o wczesnym pocz\u0105tku lub wsp\u00f3\u0142wyst\u0119puj\u0105cy l\u0119k. Sugeruje to silny zwi\u0105zek mi\u0119dzy ADHD i depresj\u0105.<\/li>\n<\/ul>\n<p>Je\u015bli chodzi o my\u015bli samob\u00f3jcze, badanie przeprowadzone w\u015br\u00f3d 627 student\u00f3w wykaza\u0142o, \u017ce rozpoznanie ADHD by\u0142o zwi\u0105zane z cz\u0119stszym wyst\u0119powaniem my\u015bli samob\u00f3jczych. Na t\u0119 zale\u017cno\u015b\u0107 wp\u0142yw mia\u0142y r\u00f3\u017cne czynniki, takie jak radzenie sobie z negatywnymi emocjami, \u015bwiadomo\u015b\u0107 emocjonalna i zachowanie zorientowane na cel.<\/p>\n<h4>Czy to ADHD czy depresja?<\/h4>\n<p>Czasami trudno jest odr\u00f3\u017cni\u0107 ADHD od depresji. Dzieje si\u0119 tak z powodu nak\u0142adaj\u0105cych si\u0119 na siebie objaw\u00f3w, ale tak\u017ce dlatego, \u017ce niekt\u00f3re leki na ADHD mog\u0105 wywo\u0142ywa\u0107 skutki uboczne imituj\u0105ce depresj\u0119, takie jak utrata apetytu czy problemy ze snem.<\/p>\n<p>Chocia\u017c zar\u00f3wno ADHD, jak i depresja wi\u0105\u017c\u0105 si\u0119 z problemami dotycz\u0105cymi nastroju, koncentracji i motywacji, to jednak r\u00f3\u017cni\u0105 si\u0119 od siebie.<\/p>\n<p><strong>Nastr\u00f3j<\/strong><\/p>\n<p>Osoba z ADHD mo\u017ce do\u015bwiadcza\u0107 przej\u015bciowej chwiejno\u015bci nastroju ju\u017c w dzieci\u0144stwie, podczas gdy osoba z depresj\u0105 ma tendencj\u0119 do epizod\u00f3w nastroju, pocz\u0105wszy od nastolatk\u00f3w lub p\u00f3\u017aniej, kt\u00f3re trwaj\u0105 co najmniej tygodnie lub miesi\u0105ce.<\/p>\n<p><strong>Motywacja<\/strong><\/p>\n<p>Osoba z ADHD mo\u017ce by\u0107 zmotywowana, gdy co\u015b wydaje jej si\u0119 interesuj\u0105ce, natomiast osoba z depresj\u0105 uwa\u017ca wszystko za trudne, niezale\u017cnie od tego, czy jest to dla niej interesuj\u0105ce lub ekscytuj\u0105ce w normalnych warunkach, kiedy nie jest przygn\u0119biona.<\/p>\n<p><strong>Sen<\/strong><\/p>\n<p>Osoba z ADHD ma problemy z zasypianiem z powodu aktywnego umys\u0142u i nie czuje si\u0119 zm\u0119czona, podczas gdy osoba z depresj\u0105 mo\u017ce czu\u0107 si\u0119 zm\u0119czona, ale nie mo\u017ce zasn\u0105\u0107 z powodu negatywnych my\u015bli i bezsenno\u015bci, mo\u017ce budzi\u0107 si\u0119 w nocy lub spa\u0107 zbyt d\u0142ugo.<\/p>\n<p><strong>Przebieg<\/strong><\/p>\n<p>Objawy ADHD utrzymuj\u0105 si\u0119 przez ca\u0142e \u017cycie, natomiast objawy du\u017cej depresji trwaj\u0105 przez pewien czas, po czym cz\u0119sto nast\u0119puje poprawa i powr\u00f3t do normalnego poziomu funkcjonowania.<\/p>\n<h4>Czynniki ryzyka wsp\u00f3\u0142wyst\u0119powania ADHD i depresji<\/h4>\n<p>Jakie s\u0105 czynniki ryzyka wsp\u00f3\u0142wyst\u0119powania ADHD i depresji? Poni\u017cej przedstawiono niekt\u00f3re z czynnik\u00f3w ryzyka, kt\u00f3re zosta\u0142y zidentyfikowane.<\/p>\n<ul>\n<li>Bycie kobiet\u0105: Chocia\u017c ADHD jest bardziej powszechne u m\u0119\u017cczyzn, kobiety s\u0105 bardziej nara\u017cone na wsp\u00f3\u0142wyst\u0119powanie ADHD i depresji.<\/li>\n<li>Typ nieuwa\u017cny: Osoby zdiagnozowane jako typ nieuwa\u017cny cz\u0119\u015bciej maj\u0105 r\u00f3wnie\u017c zdiagnozowan\u0105 depresj\u0119.<\/li>\n<li>Zdrowie matki: Je\u015bli matka ma depresj\u0119 w czasie ci\u0105\u017cy, jest to zwi\u0105zane z wi\u0119kszym prawdopodobie\u0144stwem urodzenia dziecka, u kt\u00f3rego p\u00f3\u017aniej zdiagnozowano ADHD, depresj\u0119 lub oba te zaburzenia.<\/li>\n<li>Wczesne wyst\u0105pienie: Zdiagnozowanie ADHD w dzieci\u0144stwie wi\u0105\u017ce si\u0119 ze zwi\u0119kszonym ryzykiem wyst\u0105pienia depresji i my\u015bli samob\u00f3jczych w p\u00f3\u017aniejszym okresie \u017cycia.<\/li>\n<li>Brak leczenia: Osoby z nieleczonym ADHD s\u0105 bardziej nara\u017cone na depresj\u0119 ze wzgl\u0119du na problemy wt\u00f3rne, takie jak niska samoocena.<\/li>\n<\/ul>\n<h4>Leczenie nak\u0142adaj\u0105cych si\u0119 objaw\u00f3w ADHD i depresji<\/h4>\n<p>Jakie rodzaje leczenia s\u0105 oferowane, je\u015bli masz nak\u0142adaj\u0105ce si\u0119 ADHD i depresji? To naprawd\u0119 zale\u017cy od konkretnej sytuacji.<\/p>\n<blockquote><p>Og\u00f3lnie rzecz bior\u0105c, podej\u015bcie polega na pracy na stan, kt\u00f3ry jest najbardziej upo\u015bledzaj\u0105ce najpierw. Chocia\u017c terapia mo\u017ce dotyczy\u0107 obu problem\u00f3w jednocze\u015bnie, cz\u0119sto na jeden z nich przepisuje si\u0119 leki, a nast\u0119pnie drugi.<\/p><\/blockquote>\n<p><strong>Leki<\/strong><\/p>\n<p>Jakie leki mog\u0105 zosta\u0107 przepisane? Poni\u017cej znajduje si\u0119 lista niekt\u00f3rych lek\u00f3w, kt\u00f3re mog\u0105 zosta\u0107 przepisane:<\/p>\n<ul>\n<li>Stymulanty<\/li>\n<\/ul>\n<p>Na ADHD mog\u0105 zosta\u0107 przepisane leki pobudzaj\u0105ce, takie jak Adderall (amfetamina\/dekstroamfetamina). Stymulanty pomagaj\u0105 zwi\u0119kszy\u0107 poziom substancji chemicznych w m\u00f3zgu, kt\u00f3re poprawiaj\u0105 koncentracj\u0119. Mog\u0105 one jednak powodowa\u0107 skutki uboczne, takie jak utrata apetytu lub problemy ze snem.<\/p>\n<ul>\n<li>Leki niestymuluj\u0105ce<\/li>\n<\/ul>\n<p>Leki niestymuluj\u0105ce, takie jak Strattera (atomoksetyna) mog\u0105 by\u0107 r\u00f3wnie\u017c przepisywane na ADHD.<\/p>\n<ul>\n<li>Leki przeciwdepresyjne<\/li>\n<\/ul>\n<p>Leki przeciwdepresyjne mog\u0105 by\u0107 przepisywane na depresj\u0119, w tym Wellbutrin (bupropion), kt\u00f3ry mo\u017ce r\u00f3wnie\u017c pom\u00f3c z\u0142agodzi\u0107 objawy ADHD. Zanim pacjent b\u0119dzie wiedzia\u0142, czy leki przeciwdepresyjne dzia\u0142aj\u0105, mo\u017ce min\u0105\u0107 kilka tygodni.<\/p>\n<p><strong>Terapia<\/strong><\/p>\n<p>Psychoterapia dla ADHD ma na celu popraw\u0119 koncentracji i budowanie poczucia w\u0142asnej warto\u015bci, podczas gdy terapia dla depresji mo\u017ce by\u0107 ukierunkowana na identyfikacj\u0119 i zast\u0105pienie negatywnych my\u015bli i zachowa\u0144 (co mo\u017ce by\u0107 r\u00f3wnie\u017c pomocne dla ADHD).<\/p>\n<p>W jednym z bada\u0144 z udzia\u0142em 77 doros\u0142ych os\u00f3b z ADHD wykazano, \u017ce osoby, kt\u00f3re przesz\u0142y intensywn\u0105 psychoterapi\u0119 i u kt\u00f3rych rzadziej wyst\u0119powa\u0142o my\u015blenie ruminacyjne, by\u0142y bardziej odporne na epizody depresji.<\/p>\n<p><strong>Zmiany w stylu \u017cycia<\/strong><\/p>\n<p>Co mo\u017cesz zrobi\u0107 sam, aby poprawi\u0107 stan swojego ADHD i depresji? Najwa\u017cniejsze s\u0105 podstawy: je\u015b\u0107 zdrowe posi\u0142ki, regularnie \u0107wiczy\u0107 (\u0107wiczenia aerobowe s\u0105 wa\u017cne, je\u015bli masz ADHD) i dba\u0107 o higien\u0119 snu.<\/p>\n<p>Inn\u0105 dobr\u0105 strategi\u0105 jest zapobieganie nudzie, je\u015bli masz ADHD, poniewa\u017c mo\u017ce to pogorszy\u0107 Tw\u00f3j nastr\u00f3j.<\/p>\n<p>Jednym ze sposob\u00f3w na osi\u0105gni\u0119cie tego celu jest prowadzenie &#8220;szafy zainteresowa\u0144&#8221; lub innego miejsca w domu, gdzie przechowywane s\u0105 zaj\u0119cia, kt\u00f3re mo\u017cna zrobi\u0107, gdy czujesz si\u0119 znudzony. Dodaj rzeczy takie jak ksi\u0105\u017cki, kt\u00f3re chcesz przeczyta\u0107, prace r\u0119czne, kt\u00f3re chcesz wykona\u0107, podcasty, kt\u00f3rych chcesz pos\u0142ucha\u0107 itp. tak, \u017ce nigdy nie ma czasu, \u017ce jeste\u015b w stracie.<\/p>\n<h4>Wi\u0119cej informacji<\/h4>\n<ul>\n<li><em>verywellmind.com\/adhd-and-depression-4773762<\/em><\/li>\n<\/ul>\n","protected":false},"excerpt":{"rendered":"<p>ADHD i depresja s\u0105 odr\u0119bnymi zaburzeniami, ale maj\u0105 tendencj\u0119 do nak\u0142adania si\u0119. Je\u015bli zdiagnozowano u Ciebie zesp\u00f3\u0142 nadpobudliwo\u015bci psychoruchowej z deficytem uwagi (ADHD) i depresj\u0119,&#8230;<\/p>\n","protected":false},"author":1,"featured_media":1825,"comment_status":"closed","ping_status":"open","sticky":false,"template":"","format":"standard","meta":[],"categories":[37],"tags":[57,358,708,707,706,709],"yoast_head":"<!-- This site is optimized with the Yoast SEO plugin v18.1 - https:\/\/yoast.com\/wordpress\/plugins\/seo\/ -->\n<title>Zale\u017cno\u015b\u0107 mi\u0119dzy ADHD a depresj\u0105 - Diagnostyka Umys\u0142u<\/title>\n<meta name=\"robots\" content=\"index, follow, max-snippet:-1, max-image-preview:large, max-video-preview:-1\" \/>\n<link rel=\"canonical\" href=\"https:\/\/www.diagnostyka-umyslu.pl\/blog\/adhd\/zaleznosc-miedzy-adhd-a-depresja\/\" \/>\n<meta property=\"og:locale\" content=\"pl_PL\" \/>\n<meta property=\"og:type\" content=\"article\" \/>\n<meta property=\"og:title\" content=\"Zale\u017cno\u015b\u0107 mi\u0119dzy ADHD a depresj\u0105 - Diagnostyka Umys\u0142u\" \/>\n<meta property=\"og:description\" content=\"ADHD i depresja s\u0105 odr\u0119bnymi zaburzeniami, ale maj\u0105 tendencj\u0119 do nak\u0142adania si\u0119. Je\u015bli zdiagnozowano u Ciebie zesp\u00f3\u0142 nadpobudliwo\u015bci psychoruchowej z deficytem uwagi (ADHD) i depresj\u0119,...\" \/>\n<meta property=\"og:url\" content=\"https:\/\/www.diagnostyka-umyslu.pl\/blog\/adhd\/zaleznosc-miedzy-adhd-a-depresja\/\" \/>\n<meta property=\"og:site_name\" content=\"Diagnostyka Umys\u0142u\" \/>\n<meta property=\"article:published_time\" content=\"2022-06-30T06:00:04+00:00\" \/>\n<meta property=\"article:modified_time\" content=\"2023-02-23T10:00:57+00:00\" \/>\n<meta property=\"og:image\" content=\"https:\/\/www.diagnostyka-umyslu.pl\/blog\/wp-content\/uploads\/2022\/07\/bg_top_default.jpg\" \/>\n\t<meta property=\"og:image:width\" content=\"840\" \/>\n\t<meta property=\"og:image:height\" content=\"202\" \/>\n\t<meta property=\"og:image:type\" content=\"image\/jpeg\" \/>\n<meta name=\"twitter:card\" content=\"summary_large_image\" \/>\n<meta name=\"twitter:label1\" content=\"Napisane przez\" \/>\n\t<meta name=\"twitter:data1\" content=\"Diagnostyka Umys\u0142u\" \/>\n\t<meta name=\"twitter:label2\" content=\"Szacowany czas czytania\" \/>\n\t<meta name=\"twitter:data2\" content=\"8 minut\" \/>\n<script type=\"application\/ld+json\" class=\"yoast-schema-graph\">{\"@context\":\"https:\/\/schema.org\",\"@graph\":[{\"@type\":\"Organization\",\"@id\":\"https:\/\/www.diagnostyka-umyslu.pl\/blog\/#organization\",\"name\":\"Diagnostyka Umys\u0142u\",\"url\":\"https:\/\/www.diagnostyka-umyslu.pl\/blog\/\",\"sameAs\":[],\"logo\":{\"@type\":\"ImageObject\",\"@id\":\"https:\/\/www.diagnostyka-umyslu.pl\/blog\/#logo\",\"inLanguage\":\"pl-PL\",\"url\":\"https:\/\/www.diagnostyka-umyslu.pl\/blog\/wp-content\/uploads\/2021\/05\/logo.png\",\"contentUrl\":\"https:\/\/www.diagnostyka-umyslu.pl\/blog\/wp-content\/uploads\/2021\/05\/logo.png\",\"width\":236,\"height\":81,\"caption\":\"Diagnostyka Umys\u0142u\"},\"image\":{\"@id\":\"https:\/\/www.diagnostyka-umyslu.pl\/blog\/#logo\"}},{\"@type\":\"WebSite\",\"@id\":\"https:\/\/www.diagnostyka-umyslu.pl\/blog\/#website\",\"url\":\"https:\/\/www.diagnostyka-umyslu.pl\/blog\/\",\"name\":\"Diagnostyka Umys\u0142u\",\"description\":\"Blog o zaburzeniach umys\u0142u\",\"publisher\":{\"@id\":\"https:\/\/www.diagnostyka-umyslu.pl\/blog\/#organization\"},\"potentialAction\":[{\"@type\":\"SearchAction\",\"target\":{\"@type\":\"EntryPoint\",\"urlTemplate\":\"https:\/\/www.diagnostyka-umyslu.pl\/blog\/?s={search_term_string}\"},\"query-input\":\"required name=search_term_string\"}],\"inLanguage\":\"pl-PL\"},{\"@type\":\"ImageObject\",\"@id\":\"https:\/\/www.diagnostyka-umyslu.pl\/blog\/adhd\/zaleznosc-miedzy-adhd-a-depresja\/#primaryimage\",\"inLanguage\":\"pl-PL\",\"url\":\"https:\/\/www.diagnostyka-umyslu.pl\/blog\/wp-content\/uploads\/2022\/07\/bg_top_default.jpg\",\"contentUrl\":\"https:\/\/www.diagnostyka-umyslu.pl\/blog\/wp-content\/uploads\/2022\/07\/bg_top_default.jpg\",\"width\":840,\"height\":202},{\"@type\":\"WebPage\",\"@id\":\"https:\/\/www.diagnostyka-umyslu.pl\/blog\/adhd\/zaleznosc-miedzy-adhd-a-depresja\/#webpage\",\"url\":\"https:\/\/www.diagnostyka-umyslu.pl\/blog\/adhd\/zaleznosc-miedzy-adhd-a-depresja\/\",\"name\":\"Zale\u017cno\u015b\u0107 mi\u0119dzy ADHD a depresj\u0105 - Diagnostyka Umys\u0142u\",\"isPartOf\":{\"@id\":\"https:\/\/www.diagnostyka-umyslu.pl\/blog\/#website\"},\"primaryImageOfPage\":{\"@id\":\"https:\/\/www.diagnostyka-umyslu.pl\/blog\/adhd\/zaleznosc-miedzy-adhd-a-depresja\/#primaryimage\"},\"datePublished\":\"2022-06-30T06:00:04+00:00\",\"dateModified\":\"2023-02-23T10:00:57+00:00\",\"breadcrumb\":{\"@id\":\"https:\/\/www.diagnostyka-umyslu.pl\/blog\/adhd\/zaleznosc-miedzy-adhd-a-depresja\/#breadcrumb\"},\"inLanguage\":\"pl-PL\",\"potentialAction\":[{\"@type\":\"ReadAction\",\"target\":[\"https:\/\/www.diagnostyka-umyslu.pl\/blog\/adhd\/zaleznosc-miedzy-adhd-a-depresja\/\"]}]},{\"@type\":\"BreadcrumbList\",\"@id\":\"https:\/\/www.diagnostyka-umyslu.pl\/blog\/adhd\/zaleznosc-miedzy-adhd-a-depresja\/#breadcrumb\",\"itemListElement\":[{\"@type\":\"ListItem\",\"position\":1,\"name\":\"Strona g\u0142\u00f3wna\",\"item\":\"https:\/\/www.diagnostyka-umyslu.pl\/blog\/\"},{\"@type\":\"ListItem\",\"position\":2,\"name\":\"ADHD\",\"item\":\"https:\/\/www.diagnostyka-umyslu.pl\/blog\/adhd\/\"},{\"@type\":\"ListItem\",\"position\":3,\"name\":\"Zale\u017cno\u015b\u0107 mi\u0119dzy ADHD a depresj\u0105\"}]},{\"@type\":\"Article\",\"@id\":\"https:\/\/www.diagnostyka-umyslu.pl\/blog\/adhd\/zaleznosc-miedzy-adhd-a-depresja\/#article\",\"isPartOf\":{\"@id\":\"https:\/\/www.diagnostyka-umyslu.pl\/blog\/adhd\/zaleznosc-miedzy-adhd-a-depresja\/#webpage\"},\"author\":{\"@id\":\"https:\/\/www.diagnostyka-umyslu.pl\/blog\/#\/schema\/person\/8eb1bcaf59fea75c780c11946f4e3490\"},\"headline\":\"Zale\u017cno\u015b\u0107 mi\u0119dzy ADHD a depresj\u0105\",\"datePublished\":\"2022-06-30T06:00:04+00:00\",\"dateModified\":\"2023-02-23T10:00:57+00:00\",\"mainEntityOfPage\":{\"@id\":\"https:\/\/www.diagnostyka-umyslu.pl\/blog\/adhd\/zaleznosc-miedzy-adhd-a-depresja\/#webpage\"},\"wordCount\":1499,\"publisher\":{\"@id\":\"https:\/\/www.diagnostyka-umyslu.pl\/blog\/#organization\"},\"image\":{\"@id\":\"https:\/\/www.diagnostyka-umyslu.pl\/blog\/adhd\/zaleznosc-miedzy-adhd-a-depresja\/#primaryimage\"},\"thumbnailUrl\":\"https:\/\/www.diagnostyka-umyslu.pl\/blog\/wp-content\/uploads\/2022\/07\/bg_top_default.jpg\",\"keywords\":[\"co to jest ADHD\",\"Co to jest depresja?\",\"Czy to ADHD czy depresja?\",\"Czynniki ryzyka wsp\u00f3\u0142wyst\u0119powania ADHD i depresji\",\"Leczenie nak\u0142adaj\u0105cych si\u0119 objaw\u00f3w ADHD i depresji\",\"Nak\u0142adanie si\u0119 ADHD i depresji\"],\"articleSection\":[\"ADHD\"],\"inLanguage\":\"pl-PL\"},{\"@type\":\"Person\",\"@id\":\"https:\/\/www.diagnostyka-umyslu.pl\/blog\/#\/schema\/person\/8eb1bcaf59fea75c780c11946f4e3490\",\"name\":\"Diagnostyka Umys\u0142u\",\"image\":{\"@type\":\"ImageObject\",\"@id\":\"https:\/\/www.diagnostyka-umyslu.pl\/blog\/#personlogo\",\"inLanguage\":\"pl-PL\",\"url\":\"https:\/\/secure.gravatar.com\/avatar\/6743211f010801ea26aa9423a2daab37?s=96&d=mm&r=g\",\"contentUrl\":\"https:\/\/secure.gravatar.com\/avatar\/6743211f010801ea26aa9423a2daab37?s=96&d=mm&r=g\",\"caption\":\"Diagnostyka Umys\u0142u\"},\"sameAs\":[\"https:\/\/www.diagnostyka-umyslu.pl\/blog\"],\"url\":\"https:\/\/www.diagnostyka-umyslu.pl\/blog\/author\/diagnostyka-umyslu\/\"}]}<\/script>\n<!-- \/ Yoast SEO plugin. -->","yoast_head_json":{"title":"Zale\u017cno\u015b\u0107 mi\u0119dzy ADHD a depresj\u0105 - Diagnostyka Umys\u0142u","robots":{"index":"index","follow":"follow","max-snippet":"max-snippet:-1","max-image-preview":"max-image-preview:large","max-video-preview":"max-video-preview:-1"},"canonical":"https:\/\/www.diagnostyka-umyslu.pl\/blog\/adhd\/zaleznosc-miedzy-adhd-a-depresja\/","og_locale":"pl_PL","og_type":"article","og_title":"Zale\u017cno\u015b\u0107 mi\u0119dzy ADHD a depresj\u0105 - Diagnostyka Umys\u0142u","og_description":"ADHD i depresja s\u0105 odr\u0119bnymi zaburzeniami, ale maj\u0105 tendencj\u0119 do nak\u0142adania si\u0119. Je\u015bli zdiagnozowano u Ciebie zesp\u00f3\u0142 nadpobudliwo\u015bci psychoruchowej z deficytem uwagi (ADHD) i depresj\u0119,...","og_url":"https:\/\/www.diagnostyka-umyslu.pl\/blog\/adhd\/zaleznosc-miedzy-adhd-a-depresja\/","og_site_name":"Diagnostyka Umys\u0142u","article_published_time":"2022-06-30T06:00:04+00:00","article_modified_time":"2023-02-23T10:00:57+00:00","og_image":[{"width":840,"height":202,"url":"https:\/\/www.diagnostyka-umyslu.pl\/blog\/wp-content\/uploads\/2022\/07\/bg_top_default.jpg","type":"image\/jpeg"}],"twitter_card":"summary_large_image","twitter_misc":{"Napisane przez":"Diagnostyka Umys\u0142u","Szacowany czas czytania":"8 minut"},"schema":{"@context":"https:\/\/schema.org","@graph":[{"@type":"Organization","@id":"https:\/\/www.diagnostyka-umyslu.pl\/blog\/#organization","name":"Diagnostyka Umys\u0142u","url":"https:\/\/www.diagnostyka-umyslu.pl\/blog\/","sameAs":[],"logo":{"@type":"ImageObject","@id":"https:\/\/www.diagnostyka-umyslu.pl\/blog\/#logo","inLanguage":"pl-PL","url":"https:\/\/www.diagnostyka-umyslu.pl\/blog\/wp-content\/uploads\/2021\/05\/logo.png","contentUrl":"https:\/\/www.diagnostyka-umyslu.pl\/blog\/wp-content\/uploads\/2021\/05\/logo.png","width":236,"height":81,"caption":"Diagnostyka Umys\u0142u"},"image":{"@id":"https:\/\/www.diagnostyka-umyslu.pl\/blog\/#logo"}},{"@type":"WebSite","@id":"https:\/\/www.diagnostyka-umyslu.pl\/blog\/#website","url":"https:\/\/www.diagnostyka-umyslu.pl\/blog\/","name":"Diagnostyka Umys\u0142u","description":"Blog o zaburzeniach umys\u0142u","publisher":{"@id":"https:\/\/www.diagnostyka-umyslu.pl\/blog\/#organization"},"potentialAction":[{"@type":"SearchAction","target":{"@type":"EntryPoint","urlTemplate":"https:\/\/www.diagnostyka-umyslu.pl\/blog\/?s={search_term_string}"},"query-input":"required name=search_term_string"}],"inLanguage":"pl-PL"},{"@type":"ImageObject","@id":"https:\/\/www.diagnostyka-umyslu.pl\/blog\/adhd\/zaleznosc-miedzy-adhd-a-depresja\/#primaryimage","inLanguage":"pl-PL","url":"https:\/\/www.diagnostyka-umyslu.pl\/blog\/wp-content\/uploads\/2022\/07\/bg_top_default.jpg","contentUrl":"https:\/\/www.diagnostyka-umyslu.pl\/blog\/wp-content\/uploads\/2022\/07\/bg_top_default.jpg","width":840,"height":202},{"@type":"WebPage","@id":"https:\/\/www.diagnostyka-umyslu.pl\/blog\/adhd\/zaleznosc-miedzy-adhd-a-depresja\/#webpage","url":"https:\/\/www.diagnostyka-umyslu.pl\/blog\/adhd\/zaleznosc-miedzy-adhd-a-depresja\/","name":"Zale\u017cno\u015b\u0107 mi\u0119dzy ADHD a depresj\u0105 - Diagnostyka Umys\u0142u","isPartOf":{"@id":"https:\/\/www.diagnostyka-umyslu.pl\/blog\/#website"},"primaryImageOfPage":{"@id":"https:\/\/www.diagnostyka-umyslu.pl\/blog\/adhd\/zaleznosc-miedzy-adhd-a-depresja\/#primaryimage"},"datePublished":"2022-06-30T06:00:04+00:00","dateModified":"2023-02-23T10:00:57+00:00","breadcrumb":{"@id":"https:\/\/www.diagnostyka-umyslu.pl\/blog\/adhd\/zaleznosc-miedzy-adhd-a-depresja\/#breadcrumb"},"inLanguage":"pl-PL","potentialAction":[{"@type":"ReadAction","target":["https:\/\/www.diagnostyka-umyslu.pl\/blog\/adhd\/zaleznosc-miedzy-adhd-a-depresja\/"]}]},{"@type":"BreadcrumbList","@id":"https:\/\/www.diagnostyka-umyslu.pl\/blog\/adhd\/zaleznosc-miedzy-adhd-a-depresja\/#breadcrumb","itemListElement":[{"@type":"ListItem","position":1,"name":"Strona g\u0142\u00f3wna","item":"https:\/\/www.diagnostyka-umyslu.pl\/blog\/"},{"@type":"ListItem","position":2,"name":"ADHD","item":"https:\/\/www.diagnostyka-umyslu.pl\/blog\/adhd\/"},{"@type":"ListItem","position":3,"name":"Zale\u017cno\u015b\u0107 mi\u0119dzy ADHD a depresj\u0105"}]},{"@type":"Article","@id":"https:\/\/www.diagnostyka-umyslu.pl\/blog\/adhd\/zaleznosc-miedzy-adhd-a-depresja\/#article","isPartOf":{"@id":"https:\/\/www.diagnostyka-umyslu.pl\/blog\/adhd\/zaleznosc-miedzy-adhd-a-depresja\/#webpage"},"author":{"@id":"https:\/\/www.diagnostyka-umyslu.pl\/blog\/#\/schema\/person\/8eb1bcaf59fea75c780c11946f4e3490"},"headline":"Zale\u017cno\u015b\u0107 mi\u0119dzy ADHD a depresj\u0105","datePublished":"2022-06-30T06:00:04+00:00","dateModified":"2023-02-23T10:00:57+00:00","mainEntityOfPage":{"@id":"https:\/\/www.diagnostyka-umyslu.pl\/blog\/adhd\/zaleznosc-miedzy-adhd-a-depresja\/#webpage"},"wordCount":1499,"publisher":{"@id":"https:\/\/www.diagnostyka-umyslu.pl\/blog\/#organization"},"image":{"@id":"https:\/\/www.diagnostyka-umyslu.pl\/blog\/adhd\/zaleznosc-miedzy-adhd-a-depresja\/#primaryimage"},"thumbnailUrl":"https:\/\/www.diagnostyka-umyslu.pl\/blog\/wp-content\/uploads\/2022\/07\/bg_top_default.jpg","keywords":["co to jest ADHD","Co to jest depresja?","Czy to ADHD czy depresja?","Czynniki ryzyka wsp\u00f3\u0142wyst\u0119powania ADHD i depresji","Leczenie nak\u0142adaj\u0105cych si\u0119 objaw\u00f3w ADHD i depresji","Nak\u0142adanie si\u0119 ADHD i depresji"],"articleSection":["ADHD"],"inLanguage":"pl-PL"},{"@type":"Person","@id":"https:\/\/www.diagnostyka-umyslu.pl\/blog\/#\/schema\/person\/8eb1bcaf59fea75c780c11946f4e3490","name":"Diagnostyka Umys\u0142u","image":{"@type":"ImageObject","@id":"https:\/\/www.diagnostyka-umyslu.pl\/blog\/#personlogo","inLanguage":"pl-PL","url":"https:\/\/secure.gravatar.com\/avatar\/6743211f010801ea26aa9423a2daab37?s=96&d=mm&r=g","contentUrl":"https:\/\/secure.gravatar.com\/avatar\/6743211f010801ea26aa9423a2daab37?s=96&d=mm&r=g","caption":"Diagnostyka Umys\u0142u"},"sameAs":["https:\/\/www.diagnostyka-umyslu.pl\/blog"],"url":"https:\/\/www.diagnostyka-umyslu.pl\/blog\/author\/diagnostyka-umyslu\/"}]}},"amp_enabled":true,"_links":{"self":[{"href":"https:\/\/www.diagnostyka-umyslu.pl\/blog\/wp-json\/wp\/v2\/posts\/1639"}],"collection":[{"href":"https:\/\/www.diagnostyka-umyslu.pl\/blog\/wp-json\/wp\/v2\/posts"}],"about":[{"href":"https:\/\/www.diagnostyka-umyslu.pl\/blog\/wp-json\/wp\/v2\/types\/post"}],"author":[{"embeddable":true,"href":"https:\/\/www.diagnostyka-umyslu.pl\/blog\/wp-json\/wp\/v2\/users\/1"}],"replies":[{"embeddable":true,"href":"https:\/\/www.diagnostyka-umyslu.pl\/blog\/wp-json\/wp\/v2\/comments?post=1639"}],"version-history":[{"count":3,"href":"https:\/\/www.diagnostyka-umyslu.pl\/blog\/wp-json\/wp\/v2\/posts\/1639\/revisions"}],"predecessor-version":[{"id":2224,"href":"https:\/\/www.diagnostyka-umyslu.pl\/blog\/wp-json\/wp\/v2\/posts\/1639\/revisions\/2224"}],"wp:featuredmedia":[{"embeddable":true,"href":"https:\/\/www.diagnostyka-umyslu.pl\/blog\/wp-json\/wp\/v2\/media\/1825"}],"wp:attachment":[{"href":"https:\/\/www.diagnostyka-umyslu.pl\/blog\/wp-json\/wp\/v2\/media?parent=1639"}],"wp:term":[{"taxonomy":"category","embeddable":true,"href":"https:\/\/www.diagnostyka-umyslu.pl\/blog\/wp-json\/wp\/v2\/categories?post=1639"},{"taxonomy":"post_tag","embeddable":true,"href":"https:\/\/www.diagnostyka-umyslu.pl\/blog\/wp-json\/wp\/v2\/tags?post=1639"}],"curies":[{"name":"wp","href":"https:\/\/api.w.org\/{rel}","templated":true}]}}