{"id":1661,"date":"2022-07-09T08:00:24","date_gmt":"2022-07-09T06:00:24","guid":{"rendered":"https:\/\/www.diagnostyka-umyslu.pl\/blog\/?p=1661"},"modified":"2023-02-23T11:14:49","modified_gmt":"2023-02-23T10:14:49","slug":"czy-add-i-adhd-to-to-samo-schorzenie","status":"publish","type":"post","link":"https:\/\/www.diagnostyka-umyslu.pl\/blog\/adhd\/czy-add-i-adhd-to-to-samo-schorzenie\/","title":{"rendered":"Czy ADD i ADHD to to samo schorzenie?"},"content":{"rendered":"<p>By\u0107 mo\u017ce s\u0142ysza\u0142e\u015b, \u017ce terminy ADD i ADHD s\u0105 u\u017cywane zamiennie. Zaburzenia z deficytem uwagi (ADD) i zaburzenia z deficytem uwagi i nadpobudliwo\u015bci\u0105 (ADHD) s\u0105 w rzeczywisto\u015bci tym samym zaburzeniem, ale w ci\u0105gu ostatnich trzech dekad nazwa ADHD uleg\u0142a kilku zmianom. Dzieje si\u0119 tak dlatego, \u017ce w miar\u0119 przeprowadzania coraz wi\u0119kszej liczby bada\u0144, wzrasta zrozumienie i nazwa zosta\u0142a zmieniona, aby odzwierciedli\u0107 t\u0119 wiedz\u0119.<\/p>\n<blockquote><p>ADHD jest obecnie oficjaln\u0105 nazw\u0105 tego zaburzenia. Jednak wiele os\u00f3b nadal u\u017cywa terminu ADD, kt\u00f3ry by\u0142 formaln\u0105 nazw\u0105 w latach 1980-1987.<\/p><\/blockquote>\n<p>Niekt\u00f3rzy ludzie z\u0142oszcz\u0105 si\u0119 lub frustruj\u0105, gdy s\u0142ysz\u0105, \u017ce ADD i ADHD to to samo. Uwa\u017caj\u0105, \u017ce litera &#8220;H&#8221;, oznaczaj\u0105ca nadpobudliwo\u015b\u0107, nie opisuje dok\u0142adnie ich lub ich dziecka. Zrozumienie ewolucji zmian w nazwie mo\u017ce pom\u00f3c.<\/p>\n<h4>Kr\u00f3tka o\u015b czasu zmiany nazwy ADHD<\/h4>\n<p>&#8220;<em>Diagnostyczny I Statystyczny Podr\u0119cznik Zaburze\u0144 Psychicznych<\/em>&#8221; (DSM) jest publikowany przez <em>Ameryka\u0144skie Towarzystwo Psychiatryczne<\/em>. Jest to standardowa wytyczna, z kt\u00f3rej korzystaj\u0105 lekarze, specjali\u015bci zdrowia psychicznego i klinicy\u015bci podczas oceny i diagnozowania ADHD i innych zaburze\u0144.<\/p>\n<p>Ka\u017cda nowa aktualizacja i rewizja DSM jest z niecierpliwo\u015bci\u0105 oczekiwana, poniewa\u017c mo\u017ce oznacza\u0107 du\u017c\u0105 lub ma\u0142\u0105 zmian\u0119 w nazewnictwie poszczeg\u00f3lnych zaburze\u0144 oraz w kryteriach ich diagnozowania, w tym ADHD.<\/p>\n<h4>1980<\/h4>\n<p>Ukaza\u0142o si\u0119 trzecie wydanie DSM (DSM-III), a oficjalna nazwa zaburzenia to zesp\u00f3\u0142 deficytu uwagi (attention-deficit disorder &#8211; ADD). W tym czasie nadpobudliwo\u015b\u0107 nie by\u0142a uwa\u017cana za cz\u0119sty objaw. Wyodr\u0119bniono dwa podtypy ADD:<\/p>\n<ul>\n<li>ADD z nadpobudliwo\u015bci\u0105<\/li>\n<li>ADD bez nadpobudliwo\u015bci<\/li>\n<\/ul>\n<h4>1987<\/h4>\n<p>Ukaza\u0142a si\u0119 poprawiona wersja DSM-III. Oficjalna nazwa to zesp\u00f3\u0142 nadpobudliwo\u015bci psychoruchowej z deficytem uwagi (attention-deficit hyperactivity disorder, ADHD). Oznacza\u0142o to, \u017ce nadpobudliwo\u015b\u0107 zosta\u0142a uznana za wa\u017cn\u0105 cech\u0119 ADHD.<\/p>\n<h4>1994<\/h4>\n<p>Opublikowano DSM-IV z niewielk\u0105 zmian\u0105 gramatyczn\u0105 w nazwie. Oficjalna nazwa brzmia\u0142a teraz: zesp\u00f3\u0142 nadpobudliwo\u015bci psychoruchowej z deficytem uwagi (attention-deficit\/hyperactivity disorder). Uko\u015bnik mi\u0119dzy zaburzeniami z deficytem uwagi a nadpobudliwo\u015bci\u0105 oznacza\u0142 co\u015b istotnego. Mo\u017cna by\u0142o mie\u0107 jeden lub oba podtypy. Nie trzeba by\u0142o by\u0107 nadpobudliwym, aby zdiagnozowa\u0107 ADHD. Trzy podtypy zosta\u0142y nazwane:<\/p>\n<ul>\n<li>Zaburzenie z deficytem uwagi\/nadpobudliwo\u015bci\u0105 typu mieszanego<\/li>\n<li>Zesp\u00f3\u0142 nadpobudliwo\u015bci psychoruchowej z zaburzeniami koncentracji uwagi, typ dominuj\u0105co nieuwa\u017cny<\/li>\n<li>Zesp\u00f3\u0142 nadpobudliwo\u015bci psychoruchowej z zaburzeniami koncentracji uwagi, typ nadpobudliwy-impulsywny<\/li>\n<\/ul>\n<h4>2013<\/h4>\n<p>Ukaza\u0142a si\u0119 pi\u0105ta edycja DSM (DSM-5). Trzy podtypy ADHD pozosta\u0142y niezmienione, ale teraz nazywa si\u0119 je prezentacjami, a nie podtypami. Nale\u017c\u0105 do nich:<\/p>\n<ul>\n<li>Zesp\u00f3\u0142 nadpobudliwo\u015bci psychoruchowej z deficytem uwagi, posta\u0107 mieszana<\/li>\n<li>Zesp\u00f3\u0142 nadpobudliwo\u015bci psychoruchowej z deficytem uwagi i nadruchliwo\u015bci\u0105, prezentacja g\u0142\u00f3wnie nieuwa\u017cna<\/li>\n<li>Zesp\u00f3\u0142 nadpobudliwo\u015bci psychoruchowej z deficytem uwagi i nadruchliwo\u015bci\u0105, z przewag\u0105 nadruchliwo\u015bci i nadpobudliwo\u015bci<\/li>\n<\/ul>\n<blockquote><p>DSM-5 uwzgl\u0119dnia wyst\u0119powanie objaw\u00f3w zar\u00f3wno u dzieci, jak i u doros\u0142ych. To dobra wiadomo\u015b\u0107, poniewa\u017c w poprzednich edycjach DSM uwa\u017cano, \u017ce ADHD u doros\u0142ych by\u0142o pomijane.<\/p><\/blockquote>\n<h4>U\u017cywanie terminu ADD<\/h4>\n<p>Mo\u017cesz nadal u\u017cywa\u0107 terminu ADD, a ludzie prawie na pewno Ci\u0119 zrozumiej\u0105. Wielu lekarzy, klinicyst\u00f3w i pisarzy u\u017cywa terminu ADD na okre\u015blenie nieuwagi, a ADHD na okre\u015blenie osoby z nadpobudliwo\u015bci\u0105. Niekt\u00f3rzy ludzie stosuj\u0105 ADD i ADHD zamiennie. Je\u015bli jednak potrafisz dokona\u0107 mentalnej zamiany ADD na ADHD, pomo\u017ce Ci to unikn\u0105\u0107 potencjalnych nieporozumie\u0144 i pozwoli Ci by\u0107 na bie\u017c\u0105co z najbardziej aktualnymi terminami.<\/p>\n<h4>Komponent nadpobudliwo\u015bci<\/h4>\n<p>Wiele os\u00f3b z nieuwa\u017cnym ADHD uwa\u017ca, \u017ce u\u017cywanie nadpobudliwo\u015bci w nazwie choroby, kt\u00f3r\u0105 maj\u0105, \u017ale oddaje ich zmagania. Cz\u0119sto, gdy laicy s\u0142ysz\u0105 ADHD, automatycznie my\u015bl\u0105 &#8220;nadpobudliwo\u015b\u0107&#8221; i nie rozumiej\u0105 subtelno\u015bci r\u00f3\u017cnych prezentacji. Oczywi\u015bcie, nie musisz si\u0119 z nikim dzieli\u0107 swoj\u0105 diagnoz\u0105, ale je\u015bli si\u0119 na to zdecydujesz, mo\u017cesz nieco rozwin\u0105\u0107 temat i wyja\u015bni\u0107, \u017ce jest to ADHD nieuwa\u017cne, co od razu pomaga w wyja\u015bnieniu.<\/p>\n<p>Wielu doros\u0142ych z ADHD nadpobudliwym i impulsywnym r\u00f3wnie\u017c nie uwa\u017ca, by &#8220;H&#8221; dok\u0142adnie ich opisywa\u0142o. Kiedy my\u015blimy o nadpobudliwo\u015bci, przychodzi nam na my\u015bl dziecko, kt\u00f3re jest bardzo aktywne fizycznie i nie mo\u017ce usiedzie\u0107 w miejscu w klasie.<\/p>\n<blockquote><p>W doros\u0142ym \u017cyciu nadpobudliwo\u015b\u0107 mo\u017ce objawia\u0107 si\u0119 w mniej oczywisty spos\u00f3b. Na przyk\u0142ad, mo\u017cesz mie\u0107 sk\u0142onno\u015bci pracoholiczne, du\u017co m\u00f3wi\u0107, ci\u0105gle si\u0119 wierci\u0107 lub bardzo szybko je\u017adzi\u0107 samochodem.<\/p><\/blockquote>\n<p>Mo\u017ce si\u0119 te\u017c zdarzy\u0107, \u017ce nie jeste\u015b ju\u017c tak nadpobudliwy jak kiedy\u015b. W pi\u0105tej edycji DSM uznano, \u017ce objawy ADHD mog\u0105 si\u0119 zmienia\u0107 w ci\u0105gu ca\u0142ego \u017cycia.<\/p>\n<h4>Wi\u0119cej informacji<\/h4>\n<ul>\n<li><em>verywellmind.com\/is-add-the-same-thing-as-adhd-20467<\/em><\/li>\n<\/ul>\n","protected":false},"excerpt":{"rendered":"<p>By\u0107 mo\u017ce s\u0142ysza\u0142e\u015b, \u017ce terminy ADD i ADHD s\u0105 u\u017cywane zamiennie. Zaburzenia z deficytem uwagi (ADD) i zaburzenia z deficytem uwagi i nadpobudliwo\u015bci\u0105 (ADHD) s\u0105&#8230;<\/p>\n","protected":false},"author":1,"featured_media":1825,"comment_status":"closed","ping_status":"open","sticky":false,"template":"","format":"standard","meta":[],"categories":[37],"tags":[724,723],"yoast_head":"<!-- This site is optimized with the Yoast SEO plugin v18.1 - https:\/\/yoast.com\/wordpress\/plugins\/seo\/ -->\n<title>Czy ADD i ADHD to to samo schorzenie? - Diagnostyka Umys\u0142u<\/title>\n<meta name=\"robots\" content=\"index, follow, max-snippet:-1, max-image-preview:large, max-video-preview:-1\" \/>\n<link rel=\"canonical\" href=\"https:\/\/www.diagnostyka-umyslu.pl\/blog\/adhd\/czy-add-i-adhd-to-to-samo-schorzenie\/\" \/>\n<meta property=\"og:locale\" content=\"pl_PL\" \/>\n<meta property=\"og:type\" content=\"article\" \/>\n<meta property=\"og:title\" content=\"Czy ADD i ADHD to to samo schorzenie? - Diagnostyka Umys\u0142u\" \/>\n<meta property=\"og:description\" content=\"By\u0107 mo\u017ce s\u0142ysza\u0142e\u015b, \u017ce terminy ADD i ADHD s\u0105 u\u017cywane zamiennie. Zaburzenia z deficytem uwagi (ADD) i zaburzenia z deficytem uwagi i nadpobudliwo\u015bci\u0105 (ADHD) s\u0105...\" \/>\n<meta property=\"og:url\" content=\"https:\/\/www.diagnostyka-umyslu.pl\/blog\/adhd\/czy-add-i-adhd-to-to-samo-schorzenie\/\" \/>\n<meta property=\"og:site_name\" content=\"Diagnostyka Umys\u0142u\" \/>\n<meta property=\"article:published_time\" content=\"2022-07-09T06:00:24+00:00\" \/>\n<meta property=\"article:modified_time\" content=\"2023-02-23T10:14:49+00:00\" \/>\n<meta property=\"og:image\" content=\"https:\/\/www.diagnostyka-umyslu.pl\/blog\/wp-content\/uploads\/2022\/07\/bg_top_default.jpg\" \/>\n\t<meta property=\"og:image:width\" content=\"840\" \/>\n\t<meta property=\"og:image:height\" content=\"202\" \/>\n\t<meta property=\"og:image:type\" content=\"image\/jpeg\" \/>\n<meta name=\"twitter:card\" content=\"summary_large_image\" \/>\n<meta name=\"twitter:label1\" content=\"Napisane przez\" \/>\n\t<meta name=\"twitter:data1\" content=\"Diagnostyka Umys\u0142u\" \/>\n\t<meta name=\"twitter:label2\" content=\"Szacowany czas czytania\" \/>\n\t<meta name=\"twitter:data2\" content=\"4 minuty\" \/>\n<script type=\"application\/ld+json\" class=\"yoast-schema-graph\">{\"@context\":\"https:\/\/schema.org\",\"@graph\":[{\"@type\":\"Organization\",\"@id\":\"https:\/\/www.diagnostyka-umyslu.pl\/blog\/#organization\",\"name\":\"Diagnostyka Umys\u0142u\",\"url\":\"https:\/\/www.diagnostyka-umyslu.pl\/blog\/\",\"sameAs\":[],\"logo\":{\"@type\":\"ImageObject\",\"@id\":\"https:\/\/www.diagnostyka-umyslu.pl\/blog\/#logo\",\"inLanguage\":\"pl-PL\",\"url\":\"https:\/\/www.diagnostyka-umyslu.pl\/blog\/wp-content\/uploads\/2021\/05\/logo.png\",\"contentUrl\":\"https:\/\/www.diagnostyka-umyslu.pl\/blog\/wp-content\/uploads\/2021\/05\/logo.png\",\"width\":236,\"height\":81,\"caption\":\"Diagnostyka Umys\u0142u\"},\"image\":{\"@id\":\"https:\/\/www.diagnostyka-umyslu.pl\/blog\/#logo\"}},{\"@type\":\"WebSite\",\"@id\":\"https:\/\/www.diagnostyka-umyslu.pl\/blog\/#website\",\"url\":\"https:\/\/www.diagnostyka-umyslu.pl\/blog\/\",\"name\":\"Diagnostyka Umys\u0142u\",\"description\":\"Blog o zaburzeniach umys\u0142u\",\"publisher\":{\"@id\":\"https:\/\/www.diagnostyka-umyslu.pl\/blog\/#organization\"},\"potentialAction\":[{\"@type\":\"SearchAction\",\"target\":{\"@type\":\"EntryPoint\",\"urlTemplate\":\"https:\/\/www.diagnostyka-umyslu.pl\/blog\/?s={search_term_string}\"},\"query-input\":\"required name=search_term_string\"}],\"inLanguage\":\"pl-PL\"},{\"@type\":\"ImageObject\",\"@id\":\"https:\/\/www.diagnostyka-umyslu.pl\/blog\/adhd\/czy-add-i-adhd-to-to-samo-schorzenie\/#primaryimage\",\"inLanguage\":\"pl-PL\",\"url\":\"https:\/\/www.diagnostyka-umyslu.pl\/blog\/wp-content\/uploads\/2022\/07\/bg_top_default.jpg\",\"contentUrl\":\"https:\/\/www.diagnostyka-umyslu.pl\/blog\/wp-content\/uploads\/2022\/07\/bg_top_default.jpg\",\"width\":840,\"height\":202},{\"@type\":\"WebPage\",\"@id\":\"https:\/\/www.diagnostyka-umyslu.pl\/blog\/adhd\/czy-add-i-adhd-to-to-samo-schorzenie\/#webpage\",\"url\":\"https:\/\/www.diagnostyka-umyslu.pl\/blog\/adhd\/czy-add-i-adhd-to-to-samo-schorzenie\/\",\"name\":\"Czy ADD i ADHD to to samo schorzenie? - Diagnostyka Umys\u0142u\",\"isPartOf\":{\"@id\":\"https:\/\/www.diagnostyka-umyslu.pl\/blog\/#website\"},\"primaryImageOfPage\":{\"@id\":\"https:\/\/www.diagnostyka-umyslu.pl\/blog\/adhd\/czy-add-i-adhd-to-to-samo-schorzenie\/#primaryimage\"},\"datePublished\":\"2022-07-09T06:00:24+00:00\",\"dateModified\":\"2023-02-23T10:14:49+00:00\",\"breadcrumb\":{\"@id\":\"https:\/\/www.diagnostyka-umyslu.pl\/blog\/adhd\/czy-add-i-adhd-to-to-samo-schorzenie\/#breadcrumb\"},\"inLanguage\":\"pl-PL\",\"potentialAction\":[{\"@type\":\"ReadAction\",\"target\":[\"https:\/\/www.diagnostyka-umyslu.pl\/blog\/adhd\/czy-add-i-adhd-to-to-samo-schorzenie\/\"]}]},{\"@type\":\"BreadcrumbList\",\"@id\":\"https:\/\/www.diagnostyka-umyslu.pl\/blog\/adhd\/czy-add-i-adhd-to-to-samo-schorzenie\/#breadcrumb\",\"itemListElement\":[{\"@type\":\"ListItem\",\"position\":1,\"name\":\"Strona g\u0142\u00f3wna\",\"item\":\"https:\/\/www.diagnostyka-umyslu.pl\/blog\/\"},{\"@type\":\"ListItem\",\"position\":2,\"name\":\"ADHD\",\"item\":\"https:\/\/www.diagnostyka-umyslu.pl\/blog\/adhd\/\"},{\"@type\":\"ListItem\",\"position\":3,\"name\":\"Czy ADD i ADHD to to samo schorzenie?\"}]},{\"@type\":\"Article\",\"@id\":\"https:\/\/www.diagnostyka-umyslu.pl\/blog\/adhd\/czy-add-i-adhd-to-to-samo-schorzenie\/#article\",\"isPartOf\":{\"@id\":\"https:\/\/www.diagnostyka-umyslu.pl\/blog\/adhd\/czy-add-i-adhd-to-to-samo-schorzenie\/#webpage\"},\"author\":{\"@id\":\"https:\/\/www.diagnostyka-umyslu.pl\/blog\/#\/schema\/person\/8eb1bcaf59fea75c780c11946f4e3490\"},\"headline\":\"Czy ADD i ADHD to to samo schorzenie?\",\"datePublished\":\"2022-07-09T06:00:24+00:00\",\"dateModified\":\"2023-02-23T10:14:49+00:00\",\"mainEntityOfPage\":{\"@id\":\"https:\/\/www.diagnostyka-umyslu.pl\/blog\/adhd\/czy-add-i-adhd-to-to-samo-schorzenie\/#webpage\"},\"wordCount\":780,\"publisher\":{\"@id\":\"https:\/\/www.diagnostyka-umyslu.pl\/blog\/#organization\"},\"image\":{\"@id\":\"https:\/\/www.diagnostyka-umyslu.pl\/blog\/adhd\/czy-add-i-adhd-to-to-samo-schorzenie\/#primaryimage\"},\"thumbnailUrl\":\"https:\/\/www.diagnostyka-umyslu.pl\/blog\/wp-content\/uploads\/2022\/07\/bg_top_default.jpg\",\"keywords\":[\"Kr\u00f3tka o\u015b czasu zmiany nazwy ADHD\",\"U\u017cywanie terminu ADD\"],\"articleSection\":[\"ADHD\"],\"inLanguage\":\"pl-PL\"},{\"@type\":\"Person\",\"@id\":\"https:\/\/www.diagnostyka-umyslu.pl\/blog\/#\/schema\/person\/8eb1bcaf59fea75c780c11946f4e3490\",\"name\":\"Diagnostyka Umys\u0142u\",\"image\":{\"@type\":\"ImageObject\",\"@id\":\"https:\/\/www.diagnostyka-umyslu.pl\/blog\/#personlogo\",\"inLanguage\":\"pl-PL\",\"url\":\"https:\/\/secure.gravatar.com\/avatar\/6743211f010801ea26aa9423a2daab37?s=96&d=mm&r=g\",\"contentUrl\":\"https:\/\/secure.gravatar.com\/avatar\/6743211f010801ea26aa9423a2daab37?s=96&d=mm&r=g\",\"caption\":\"Diagnostyka Umys\u0142u\"},\"sameAs\":[\"https:\/\/www.diagnostyka-umyslu.pl\/blog\"],\"url\":\"https:\/\/www.diagnostyka-umyslu.pl\/blog\/author\/diagnostyka-umyslu\/\"}]}<\/script>\n<!-- \/ Yoast SEO plugin. -->","yoast_head_json":{"title":"Czy ADD i ADHD to to samo schorzenie? - Diagnostyka Umys\u0142u","robots":{"index":"index","follow":"follow","max-snippet":"max-snippet:-1","max-image-preview":"max-image-preview:large","max-video-preview":"max-video-preview:-1"},"canonical":"https:\/\/www.diagnostyka-umyslu.pl\/blog\/adhd\/czy-add-i-adhd-to-to-samo-schorzenie\/","og_locale":"pl_PL","og_type":"article","og_title":"Czy ADD i ADHD to to samo schorzenie? - Diagnostyka Umys\u0142u","og_description":"By\u0107 mo\u017ce s\u0142ysza\u0142e\u015b, \u017ce terminy ADD i ADHD s\u0105 u\u017cywane zamiennie. Zaburzenia z deficytem uwagi (ADD) i zaburzenia z deficytem uwagi i nadpobudliwo\u015bci\u0105 (ADHD) s\u0105...","og_url":"https:\/\/www.diagnostyka-umyslu.pl\/blog\/adhd\/czy-add-i-adhd-to-to-samo-schorzenie\/","og_site_name":"Diagnostyka Umys\u0142u","article_published_time":"2022-07-09T06:00:24+00:00","article_modified_time":"2023-02-23T10:14:49+00:00","og_image":[{"width":840,"height":202,"url":"https:\/\/www.diagnostyka-umyslu.pl\/blog\/wp-content\/uploads\/2022\/07\/bg_top_default.jpg","type":"image\/jpeg"}],"twitter_card":"summary_large_image","twitter_misc":{"Napisane przez":"Diagnostyka Umys\u0142u","Szacowany czas czytania":"4 minuty"},"schema":{"@context":"https:\/\/schema.org","@graph":[{"@type":"Organization","@id":"https:\/\/www.diagnostyka-umyslu.pl\/blog\/#organization","name":"Diagnostyka Umys\u0142u","url":"https:\/\/www.diagnostyka-umyslu.pl\/blog\/","sameAs":[],"logo":{"@type":"ImageObject","@id":"https:\/\/www.diagnostyka-umyslu.pl\/blog\/#logo","inLanguage":"pl-PL","url":"https:\/\/www.diagnostyka-umyslu.pl\/blog\/wp-content\/uploads\/2021\/05\/logo.png","contentUrl":"https:\/\/www.diagnostyka-umyslu.pl\/blog\/wp-content\/uploads\/2021\/05\/logo.png","width":236,"height":81,"caption":"Diagnostyka Umys\u0142u"},"image":{"@id":"https:\/\/www.diagnostyka-umyslu.pl\/blog\/#logo"}},{"@type":"WebSite","@id":"https:\/\/www.diagnostyka-umyslu.pl\/blog\/#website","url":"https:\/\/www.diagnostyka-umyslu.pl\/blog\/","name":"Diagnostyka Umys\u0142u","description":"Blog o zaburzeniach umys\u0142u","publisher":{"@id":"https:\/\/www.diagnostyka-umyslu.pl\/blog\/#organization"},"potentialAction":[{"@type":"SearchAction","target":{"@type":"EntryPoint","urlTemplate":"https:\/\/www.diagnostyka-umyslu.pl\/blog\/?s={search_term_string}"},"query-input":"required name=search_term_string"}],"inLanguage":"pl-PL"},{"@type":"ImageObject","@id":"https:\/\/www.diagnostyka-umyslu.pl\/blog\/adhd\/czy-add-i-adhd-to-to-samo-schorzenie\/#primaryimage","inLanguage":"pl-PL","url":"https:\/\/www.diagnostyka-umyslu.pl\/blog\/wp-content\/uploads\/2022\/07\/bg_top_default.jpg","contentUrl":"https:\/\/www.diagnostyka-umyslu.pl\/blog\/wp-content\/uploads\/2022\/07\/bg_top_default.jpg","width":840,"height":202},{"@type":"WebPage","@id":"https:\/\/www.diagnostyka-umyslu.pl\/blog\/adhd\/czy-add-i-adhd-to-to-samo-schorzenie\/#webpage","url":"https:\/\/www.diagnostyka-umyslu.pl\/blog\/adhd\/czy-add-i-adhd-to-to-samo-schorzenie\/","name":"Czy ADD i ADHD to to samo schorzenie? - Diagnostyka Umys\u0142u","isPartOf":{"@id":"https:\/\/www.diagnostyka-umyslu.pl\/blog\/#website"},"primaryImageOfPage":{"@id":"https:\/\/www.diagnostyka-umyslu.pl\/blog\/adhd\/czy-add-i-adhd-to-to-samo-schorzenie\/#primaryimage"},"datePublished":"2022-07-09T06:00:24+00:00","dateModified":"2023-02-23T10:14:49+00:00","breadcrumb":{"@id":"https:\/\/www.diagnostyka-umyslu.pl\/blog\/adhd\/czy-add-i-adhd-to-to-samo-schorzenie\/#breadcrumb"},"inLanguage":"pl-PL","potentialAction":[{"@type":"ReadAction","target":["https:\/\/www.diagnostyka-umyslu.pl\/blog\/adhd\/czy-add-i-adhd-to-to-samo-schorzenie\/"]}]},{"@type":"BreadcrumbList","@id":"https:\/\/www.diagnostyka-umyslu.pl\/blog\/adhd\/czy-add-i-adhd-to-to-samo-schorzenie\/#breadcrumb","itemListElement":[{"@type":"ListItem","position":1,"name":"Strona g\u0142\u00f3wna","item":"https:\/\/www.diagnostyka-umyslu.pl\/blog\/"},{"@type":"ListItem","position":2,"name":"ADHD","item":"https:\/\/www.diagnostyka-umyslu.pl\/blog\/adhd\/"},{"@type":"ListItem","position":3,"name":"Czy ADD i ADHD to to samo schorzenie?"}]},{"@type":"Article","@id":"https:\/\/www.diagnostyka-umyslu.pl\/blog\/adhd\/czy-add-i-adhd-to-to-samo-schorzenie\/#article","isPartOf":{"@id":"https:\/\/www.diagnostyka-umyslu.pl\/blog\/adhd\/czy-add-i-adhd-to-to-samo-schorzenie\/#webpage"},"author":{"@id":"https:\/\/www.diagnostyka-umyslu.pl\/blog\/#\/schema\/person\/8eb1bcaf59fea75c780c11946f4e3490"},"headline":"Czy ADD i ADHD to to samo schorzenie?","datePublished":"2022-07-09T06:00:24+00:00","dateModified":"2023-02-23T10:14:49+00:00","mainEntityOfPage":{"@id":"https:\/\/www.diagnostyka-umyslu.pl\/blog\/adhd\/czy-add-i-adhd-to-to-samo-schorzenie\/#webpage"},"wordCount":780,"publisher":{"@id":"https:\/\/www.diagnostyka-umyslu.pl\/blog\/#organization"},"image":{"@id":"https:\/\/www.diagnostyka-umyslu.pl\/blog\/adhd\/czy-add-i-adhd-to-to-samo-schorzenie\/#primaryimage"},"thumbnailUrl":"https:\/\/www.diagnostyka-umyslu.pl\/blog\/wp-content\/uploads\/2022\/07\/bg_top_default.jpg","keywords":["Kr\u00f3tka o\u015b czasu zmiany nazwy ADHD","U\u017cywanie terminu ADD"],"articleSection":["ADHD"],"inLanguage":"pl-PL"},{"@type":"Person","@id":"https:\/\/www.diagnostyka-umyslu.pl\/blog\/#\/schema\/person\/8eb1bcaf59fea75c780c11946f4e3490","name":"Diagnostyka Umys\u0142u","image":{"@type":"ImageObject","@id":"https:\/\/www.diagnostyka-umyslu.pl\/blog\/#personlogo","inLanguage":"pl-PL","url":"https:\/\/secure.gravatar.com\/avatar\/6743211f010801ea26aa9423a2daab37?s=96&d=mm&r=g","contentUrl":"https:\/\/secure.gravatar.com\/avatar\/6743211f010801ea26aa9423a2daab37?s=96&d=mm&r=g","caption":"Diagnostyka Umys\u0142u"},"sameAs":["https:\/\/www.diagnostyka-umyslu.pl\/blog"],"url":"https:\/\/www.diagnostyka-umyslu.pl\/blog\/author\/diagnostyka-umyslu\/"}]}},"amp_enabled":true,"_links":{"self":[{"href":"https:\/\/www.diagnostyka-umyslu.pl\/blog\/wp-json\/wp\/v2\/posts\/1661"}],"collection":[{"href":"https:\/\/www.diagnostyka-umyslu.pl\/blog\/wp-json\/wp\/v2\/posts"}],"about":[{"href":"https:\/\/www.diagnostyka-umyslu.pl\/blog\/wp-json\/wp\/v2\/types\/post"}],"author":[{"embeddable":true,"href":"https:\/\/www.diagnostyka-umyslu.pl\/blog\/wp-json\/wp\/v2\/users\/1"}],"replies":[{"embeddable":true,"href":"https:\/\/www.diagnostyka-umyslu.pl\/blog\/wp-json\/wp\/v2\/comments?post=1661"}],"version-history":[{"count":4,"href":"https:\/\/www.diagnostyka-umyslu.pl\/blog\/wp-json\/wp\/v2\/posts\/1661\/revisions"}],"predecessor-version":[{"id":2239,"href":"https:\/\/www.diagnostyka-umyslu.pl\/blog\/wp-json\/wp\/v2\/posts\/1661\/revisions\/2239"}],"wp:featuredmedia":[{"embeddable":true,"href":"https:\/\/www.diagnostyka-umyslu.pl\/blog\/wp-json\/wp\/v2\/media\/1825"}],"wp:attachment":[{"href":"https:\/\/www.diagnostyka-umyslu.pl\/blog\/wp-json\/wp\/v2\/media?parent=1661"}],"wp:term":[{"taxonomy":"category","embeddable":true,"href":"https:\/\/www.diagnostyka-umyslu.pl\/blog\/wp-json\/wp\/v2\/categories?post=1661"},{"taxonomy":"post_tag","embeddable":true,"href":"https:\/\/www.diagnostyka-umyslu.pl\/blog\/wp-json\/wp\/v2\/tags?post=1661"}],"curies":[{"name":"wp","href":"https:\/\/api.w.org\/{rel}","templated":true}]}}