{"id":1670,"date":"2022-07-13T08:00:48","date_gmt":"2022-07-13T06:00:48","guid":{"rendered":"https:\/\/www.diagnostyka-umyslu.pl\/blog\/?p=1670"},"modified":"2023-02-23T11:16:20","modified_gmt":"2023-02-23T10:16:20","slug":"czy-twoje-dziecko-ma-adhd-czy-to-tylko-duza-energia","status":"publish","type":"post","link":"https:\/\/www.diagnostyka-umyslu.pl\/blog\/adhd\/czy-twoje-dziecko-ma-adhd-czy-to-tylko-duza-energia\/","title":{"rendered":"Czy Twoje dziecko ma ADHD, czy to tylko du\u017ca energia?"},"content":{"rendered":"<p>Chocia\u017c wiele dzieci z ADHD jest w rzeczywisto\u015bci bardzo energicznych, sama wysoka energia nie jest wystarczaj\u0105cym powodem do postawienia diagnozy. W rzeczywisto\u015bci, dzieci z niekt\u00f3rymi formami ADHD nie s\u0105 wcale wysokoenergetyczne. Na przyk\u0142ad ADHD typu pierwotnie nieuwa\u017cnego (historycznie znane jako ADD) mo\u017ce objawia\u0107 si\u0119 niskim poziomem energii w po\u0142\u0105czeniu z nieuwag\u0105 i innymi objawami.<\/p>\n<p>Kiedy wi\u0119c u dziecka z du\u017c\u0105 ilo\u015bci\u0105 energii mo\u017ce zosta\u0107 zdiagnozowane ADHD? Aby zakwalifikowa\u0107 si\u0119 do diagnozy, dziecko musi mie\u0107 przewlek\u0142y, wszechobecny problem ze zdolno\u015bci\u0105 do regulowania poziomu aktywno\u015bci, a tak\u017ce upo\u015bledzon\u0105 zdolno\u015b\u0107 do hamowania i kontrolowania impuls\u00f3w.<\/p>\n<blockquote><p>Upo\u015bledzenie funkcjonowania lub uczenia si\u0119 jest kluczem do odr\u00f3\u017cnienia ADHD od normalnej aktywno\u015bci. Je\u015bli dziecko ma du\u017co energii, ale potrafi dobrze zachowywa\u0107 si\u0119 i radzi\u0107 sobie w szkole, prawdopodobnie nie ma ADHD.<\/p><\/blockquote>\n<h4>Objawy ADHD<\/h4>\n<p>Nadpobudliwo\u015b\u0107 i inne podstawowe objawy, impulsywno\u015b\u0107 i nieuwaga, to tak naprawd\u0119 tylko wierzcho\u0142ek g\u00f3ry lodowej u dzieci z ADHD. Mog\u0105 wyst\u0119powa\u0107 dodatkowe zaburzenia, kt\u00f3re mog\u0105 nie by\u0107 tak oczywiste. Na przyk\u0142ad niekt\u00f3re z oznak i objaw\u00f3w ADHD maj\u0105 wp\u0142yw na nast\u0119puj\u0105ce obszary rozwoju:<\/p>\n<p><strong>Przetwarzanie informacji<\/strong><\/p>\n<p>Dzieci z ADHD cz\u0119sto maj\u0105 problemy z przetwarzaniem informacji. W przypadku przyk\u0142adu nadpobudliwo\u015bci, mo\u017ce to oznacza\u0107, \u017ce dana osoba ma problemy ze zwolnieniem tempa, aby dok\u0142adnie przetwarza\u0107 informacje. Mo\u017ce to powodowa\u0107 problemy w klasie, gdzie od uczni\u00f3w oczekuje si\u0119 szybkiego i dok\u0142adnego zrozumienia i reagowania na polecenia.<\/p>\n<p><strong>Regulacja emocjonalna<\/strong><\/p>\n<p>Dzieci z ADHD bardzo \u0142atwo ulegaj\u0105 frustracji i przyt\u0142oczeniu oraz maj\u0105 problemy z regulacj\u0105 emocji. Objawy te mog\u0105 zaburza\u0107 relacje spo\u0142eczne, prowadz\u0105c do poczucia izolacji i obni\u017conej samooceny.<\/p>\n<p><strong>Funkcjonowanie wykonawcze<\/strong><\/p>\n<p>Dzieci z ADHD zazwyczaj maj\u0105 problemy z funkcjami wykonawczymi, takimi jak organizowanie, planowanie, ustalanie priorytet\u00f3w, zwracanie uwagi i zapami\u0119tywanie szczeg\u00f3\u0142\u00f3w. Kwestie te mog\u0105 by\u0107 problematyczne w wielu sytuacjach. Nawet podczas pozaszkolnych zaj\u0119\u0107 sportowych od cz\u0142onk\u00f3w dru\u017cyny oczekuje si\u0119, \u017ce przyjd\u0105 przygotowani, b\u0119d\u0105 pami\u0119ta\u0107, czego si\u0119 uczyli i stawi\u0105 si\u0119 na czas.<\/p>\n<p><strong>Dojrza\u0142o\u015b\u0107<\/strong><\/p>\n<p>Dzieci z ADHD maj\u0105 r\u00f3wnie\u017c tendencj\u0119 do bycia mniej dojrza\u0142ymi rozwojowo ni\u017c ich r\u00f3wie\u015bnicy w tym samym wieku. Tak wi\u0119c, 11-latek z ADHD mo\u017ce my\u015ble\u0107 i zachowywa\u0107 si\u0119 bardziej jak ma\u0142e dziecko ni\u017c jak dorastaj\u0105cy nastolatek. Oznacza to, \u017ce nawet jako nastolatki, dzieci z ADHD mog\u0105 nie by\u0107 w stanie oceni\u0107, czego potrzebuj\u0105, aby dokonywa\u0107 m\u0105drych wybor\u00f3w dotycz\u0105cych przyja\u017ani, podejmowania ryzyka i potencjalnie szkodliwych dzia\u0142a\u0144.<\/p>\n<h4>Odr\u00f3\u017cnianie ADHD od wysokiej energii<\/h4>\n<p>Je\u015bli Twoje dziecko jest energiczne i trudno mu usiedzie\u0107 w miejscu, mo\u017ce wykazywa\u0107 niekt\u00f3re z objaw\u00f3w ADHD. Je\u015bli jednak jest w stanie kontrolowa\u0107 swoje impulsy i emocje, zwraca\u0107 uwag\u0119 i odpowiednio reagowa\u0107 w szkole i w domu, prawdopodobnie jest po prostu osob\u0105 energiczn\u0105 i nie cierpi na ADHD.<\/p>\n<p>Chocia\u017c podstawowe objawy, kt\u00f3re definiuj\u0105 ADHD mog\u0105 obejmowa\u0107 nadpobudliwo\u015b\u0107, impulsywno\u015b\u0107 i nieuwag\u0119, nie wszystkie dzieci (lub doro\u015bli) z ADHD b\u0119d\u0105 mia\u0142y te objawy w ten sam spos\u00f3b lub w tym samym stopniu. Z pewno\u015bci\u0105 mo\u017cna zauwa\u017cy\u0107 zmiany w sposobie manifestacji lub wyst\u0119powania objaw\u00f3w w miar\u0119 przechodzenia jednostki przez r\u00f3\u017cne etapy \u017cycia.<\/p>\n<h4>Wi\u0119cej informacji<\/h4>\n<ul>\n<li><em>verywellmind.com\/difference-between-an-energetic-child-and-one-with-adhd-20486<\/em><\/li>\n<\/ul>\n","protected":false},"excerpt":{"rendered":"<p>Chocia\u017c wiele dzieci z ADHD jest w rzeczywisto\u015bci bardzo energicznych, sama wysoka energia nie jest wystarczaj\u0105cym powodem do postawienia diagnozy. W rzeczywisto\u015bci, dzieci z niekt\u00f3rymi&#8230;<\/p>\n","protected":false},"author":1,"featured_media":1825,"comment_status":"closed","ping_status":"open","sticky":false,"template":"","format":"standard","meta":[],"categories":[37],"tags":[63,728],"yoast_head":"<!-- This site is optimized with the Yoast SEO plugin v18.1 - https:\/\/yoast.com\/wordpress\/plugins\/seo\/ -->\n<title>Czy Twoje dziecko ma ADHD, czy to tylko du\u017ca energia? - Diagnostyka Umys\u0142u<\/title>\n<meta name=\"robots\" content=\"index, follow, max-snippet:-1, max-image-preview:large, max-video-preview:-1\" \/>\n<link rel=\"canonical\" href=\"https:\/\/www.diagnostyka-umyslu.pl\/blog\/adhd\/czy-twoje-dziecko-ma-adhd-czy-to-tylko-duza-energia\/\" \/>\n<meta property=\"og:locale\" content=\"pl_PL\" \/>\n<meta property=\"og:type\" content=\"article\" \/>\n<meta property=\"og:title\" content=\"Czy Twoje dziecko ma ADHD, czy to tylko du\u017ca energia? - Diagnostyka Umys\u0142u\" \/>\n<meta property=\"og:description\" content=\"Chocia\u017c wiele dzieci z ADHD jest w rzeczywisto\u015bci bardzo energicznych, sama wysoka energia nie jest wystarczaj\u0105cym powodem do postawienia diagnozy. W rzeczywisto\u015bci, dzieci z niekt\u00f3rymi...\" \/>\n<meta property=\"og:url\" content=\"https:\/\/www.diagnostyka-umyslu.pl\/blog\/adhd\/czy-twoje-dziecko-ma-adhd-czy-to-tylko-duza-energia\/\" \/>\n<meta property=\"og:site_name\" content=\"Diagnostyka Umys\u0142u\" \/>\n<meta property=\"article:published_time\" content=\"2022-07-13T06:00:48+00:00\" \/>\n<meta property=\"article:modified_time\" content=\"2023-02-23T10:16:20+00:00\" \/>\n<meta property=\"og:image\" content=\"https:\/\/www.diagnostyka-umyslu.pl\/blog\/wp-content\/uploads\/2022\/07\/bg_top_default.jpg\" \/>\n\t<meta property=\"og:image:width\" content=\"840\" \/>\n\t<meta property=\"og:image:height\" content=\"202\" \/>\n\t<meta property=\"og:image:type\" content=\"image\/jpeg\" \/>\n<meta name=\"twitter:card\" content=\"summary_large_image\" \/>\n<meta name=\"twitter:label1\" content=\"Napisane przez\" \/>\n\t<meta name=\"twitter:data1\" content=\"Diagnostyka Umys\u0142u\" \/>\n\t<meta name=\"twitter:label2\" content=\"Szacowany czas czytania\" \/>\n\t<meta name=\"twitter:data2\" content=\"3 minuty\" \/>\n<script type=\"application\/ld+json\" class=\"yoast-schema-graph\">{\"@context\":\"https:\/\/schema.org\",\"@graph\":[{\"@type\":\"Organization\",\"@id\":\"https:\/\/www.diagnostyka-umyslu.pl\/blog\/#organization\",\"name\":\"Diagnostyka Umys\u0142u\",\"url\":\"https:\/\/www.diagnostyka-umyslu.pl\/blog\/\",\"sameAs\":[],\"logo\":{\"@type\":\"ImageObject\",\"@id\":\"https:\/\/www.diagnostyka-umyslu.pl\/blog\/#logo\",\"inLanguage\":\"pl-PL\",\"url\":\"https:\/\/www.diagnostyka-umyslu.pl\/blog\/wp-content\/uploads\/2021\/05\/logo.png\",\"contentUrl\":\"https:\/\/www.diagnostyka-umyslu.pl\/blog\/wp-content\/uploads\/2021\/05\/logo.png\",\"width\":236,\"height\":81,\"caption\":\"Diagnostyka Umys\u0142u\"},\"image\":{\"@id\":\"https:\/\/www.diagnostyka-umyslu.pl\/blog\/#logo\"}},{\"@type\":\"WebSite\",\"@id\":\"https:\/\/www.diagnostyka-umyslu.pl\/blog\/#website\",\"url\":\"https:\/\/www.diagnostyka-umyslu.pl\/blog\/\",\"name\":\"Diagnostyka Umys\u0142u\",\"description\":\"Blog o zaburzeniach umys\u0142u\",\"publisher\":{\"@id\":\"https:\/\/www.diagnostyka-umyslu.pl\/blog\/#organization\"},\"potentialAction\":[{\"@type\":\"SearchAction\",\"target\":{\"@type\":\"EntryPoint\",\"urlTemplate\":\"https:\/\/www.diagnostyka-umyslu.pl\/blog\/?s={search_term_string}\"},\"query-input\":\"required name=search_term_string\"}],\"inLanguage\":\"pl-PL\"},{\"@type\":\"ImageObject\",\"@id\":\"https:\/\/www.diagnostyka-umyslu.pl\/blog\/adhd\/czy-twoje-dziecko-ma-adhd-czy-to-tylko-duza-energia\/#primaryimage\",\"inLanguage\":\"pl-PL\",\"url\":\"https:\/\/www.diagnostyka-umyslu.pl\/blog\/wp-content\/uploads\/2022\/07\/bg_top_default.jpg\",\"contentUrl\":\"https:\/\/www.diagnostyka-umyslu.pl\/blog\/wp-content\/uploads\/2022\/07\/bg_top_default.jpg\",\"width\":840,\"height\":202},{\"@type\":\"WebPage\",\"@id\":\"https:\/\/www.diagnostyka-umyslu.pl\/blog\/adhd\/czy-twoje-dziecko-ma-adhd-czy-to-tylko-duza-energia\/#webpage\",\"url\":\"https:\/\/www.diagnostyka-umyslu.pl\/blog\/adhd\/czy-twoje-dziecko-ma-adhd-czy-to-tylko-duza-energia\/\",\"name\":\"Czy Twoje dziecko ma ADHD, czy to tylko du\u017ca energia? - Diagnostyka Umys\u0142u\",\"isPartOf\":{\"@id\":\"https:\/\/www.diagnostyka-umyslu.pl\/blog\/#website\"},\"primaryImageOfPage\":{\"@id\":\"https:\/\/www.diagnostyka-umyslu.pl\/blog\/adhd\/czy-twoje-dziecko-ma-adhd-czy-to-tylko-duza-energia\/#primaryimage\"},\"datePublished\":\"2022-07-13T06:00:48+00:00\",\"dateModified\":\"2023-02-23T10:16:20+00:00\",\"breadcrumb\":{\"@id\":\"https:\/\/www.diagnostyka-umyslu.pl\/blog\/adhd\/czy-twoje-dziecko-ma-adhd-czy-to-tylko-duza-energia\/#breadcrumb\"},\"inLanguage\":\"pl-PL\",\"potentialAction\":[{\"@type\":\"ReadAction\",\"target\":[\"https:\/\/www.diagnostyka-umyslu.pl\/blog\/adhd\/czy-twoje-dziecko-ma-adhd-czy-to-tylko-duza-energia\/\"]}]},{\"@type\":\"BreadcrumbList\",\"@id\":\"https:\/\/www.diagnostyka-umyslu.pl\/blog\/adhd\/czy-twoje-dziecko-ma-adhd-czy-to-tylko-duza-energia\/#breadcrumb\",\"itemListElement\":[{\"@type\":\"ListItem\",\"position\":1,\"name\":\"Strona g\u0142\u00f3wna\",\"item\":\"https:\/\/www.diagnostyka-umyslu.pl\/blog\/\"},{\"@type\":\"ListItem\",\"position\":2,\"name\":\"ADHD\",\"item\":\"https:\/\/www.diagnostyka-umyslu.pl\/blog\/adhd\/\"},{\"@type\":\"ListItem\",\"position\":3,\"name\":\"Czy Twoje dziecko ma ADHD, czy to tylko du\u017ca energia?\"}]},{\"@type\":\"Article\",\"@id\":\"https:\/\/www.diagnostyka-umyslu.pl\/blog\/adhd\/czy-twoje-dziecko-ma-adhd-czy-to-tylko-duza-energia\/#article\",\"isPartOf\":{\"@id\":\"https:\/\/www.diagnostyka-umyslu.pl\/blog\/adhd\/czy-twoje-dziecko-ma-adhd-czy-to-tylko-duza-energia\/#webpage\"},\"author\":{\"@id\":\"https:\/\/www.diagnostyka-umyslu.pl\/blog\/#\/schema\/person\/8eb1bcaf59fea75c780c11946f4e3490\"},\"headline\":\"Czy Twoje dziecko ma ADHD, czy to tylko du\u017ca energia?\",\"datePublished\":\"2022-07-13T06:00:48+00:00\",\"dateModified\":\"2023-02-23T10:16:20+00:00\",\"mainEntityOfPage\":{\"@id\":\"https:\/\/www.diagnostyka-umyslu.pl\/blog\/adhd\/czy-twoje-dziecko-ma-adhd-czy-to-tylko-duza-energia\/#webpage\"},\"wordCount\":572,\"publisher\":{\"@id\":\"https:\/\/www.diagnostyka-umyslu.pl\/blog\/#organization\"},\"image\":{\"@id\":\"https:\/\/www.diagnostyka-umyslu.pl\/blog\/adhd\/czy-twoje-dziecko-ma-adhd-czy-to-tylko-duza-energia\/#primaryimage\"},\"thumbnailUrl\":\"https:\/\/www.diagnostyka-umyslu.pl\/blog\/wp-content\/uploads\/2022\/07\/bg_top_default.jpg\",\"keywords\":[\"Objawy ADHD\",\"Odr\u00f3\u017cnianie ADHD od wysokiej energii\"],\"articleSection\":[\"ADHD\"],\"inLanguage\":\"pl-PL\"},{\"@type\":\"Person\",\"@id\":\"https:\/\/www.diagnostyka-umyslu.pl\/blog\/#\/schema\/person\/8eb1bcaf59fea75c780c11946f4e3490\",\"name\":\"Diagnostyka Umys\u0142u\",\"image\":{\"@type\":\"ImageObject\",\"@id\":\"https:\/\/www.diagnostyka-umyslu.pl\/blog\/#personlogo\",\"inLanguage\":\"pl-PL\",\"url\":\"https:\/\/secure.gravatar.com\/avatar\/6743211f010801ea26aa9423a2daab37?s=96&d=mm&r=g\",\"contentUrl\":\"https:\/\/secure.gravatar.com\/avatar\/6743211f010801ea26aa9423a2daab37?s=96&d=mm&r=g\",\"caption\":\"Diagnostyka Umys\u0142u\"},\"sameAs\":[\"https:\/\/www.diagnostyka-umyslu.pl\/blog\"],\"url\":\"https:\/\/www.diagnostyka-umyslu.pl\/blog\/author\/diagnostyka-umyslu\/\"}]}<\/script>\n<!-- \/ Yoast SEO plugin. -->","yoast_head_json":{"title":"Czy Twoje dziecko ma ADHD, czy to tylko du\u017ca energia? - Diagnostyka Umys\u0142u","robots":{"index":"index","follow":"follow","max-snippet":"max-snippet:-1","max-image-preview":"max-image-preview:large","max-video-preview":"max-video-preview:-1"},"canonical":"https:\/\/www.diagnostyka-umyslu.pl\/blog\/adhd\/czy-twoje-dziecko-ma-adhd-czy-to-tylko-duza-energia\/","og_locale":"pl_PL","og_type":"article","og_title":"Czy Twoje dziecko ma ADHD, czy to tylko du\u017ca energia? - Diagnostyka Umys\u0142u","og_description":"Chocia\u017c wiele dzieci z ADHD jest w rzeczywisto\u015bci bardzo energicznych, sama wysoka energia nie jest wystarczaj\u0105cym powodem do postawienia diagnozy. W rzeczywisto\u015bci, dzieci z niekt\u00f3rymi...","og_url":"https:\/\/www.diagnostyka-umyslu.pl\/blog\/adhd\/czy-twoje-dziecko-ma-adhd-czy-to-tylko-duza-energia\/","og_site_name":"Diagnostyka Umys\u0142u","article_published_time":"2022-07-13T06:00:48+00:00","article_modified_time":"2023-02-23T10:16:20+00:00","og_image":[{"width":840,"height":202,"url":"https:\/\/www.diagnostyka-umyslu.pl\/blog\/wp-content\/uploads\/2022\/07\/bg_top_default.jpg","type":"image\/jpeg"}],"twitter_card":"summary_large_image","twitter_misc":{"Napisane przez":"Diagnostyka Umys\u0142u","Szacowany czas czytania":"3 minuty"},"schema":{"@context":"https:\/\/schema.org","@graph":[{"@type":"Organization","@id":"https:\/\/www.diagnostyka-umyslu.pl\/blog\/#organization","name":"Diagnostyka Umys\u0142u","url":"https:\/\/www.diagnostyka-umyslu.pl\/blog\/","sameAs":[],"logo":{"@type":"ImageObject","@id":"https:\/\/www.diagnostyka-umyslu.pl\/blog\/#logo","inLanguage":"pl-PL","url":"https:\/\/www.diagnostyka-umyslu.pl\/blog\/wp-content\/uploads\/2021\/05\/logo.png","contentUrl":"https:\/\/www.diagnostyka-umyslu.pl\/blog\/wp-content\/uploads\/2021\/05\/logo.png","width":236,"height":81,"caption":"Diagnostyka Umys\u0142u"},"image":{"@id":"https:\/\/www.diagnostyka-umyslu.pl\/blog\/#logo"}},{"@type":"WebSite","@id":"https:\/\/www.diagnostyka-umyslu.pl\/blog\/#website","url":"https:\/\/www.diagnostyka-umyslu.pl\/blog\/","name":"Diagnostyka Umys\u0142u","description":"Blog o zaburzeniach umys\u0142u","publisher":{"@id":"https:\/\/www.diagnostyka-umyslu.pl\/blog\/#organization"},"potentialAction":[{"@type":"SearchAction","target":{"@type":"EntryPoint","urlTemplate":"https:\/\/www.diagnostyka-umyslu.pl\/blog\/?s={search_term_string}"},"query-input":"required name=search_term_string"}],"inLanguage":"pl-PL"},{"@type":"ImageObject","@id":"https:\/\/www.diagnostyka-umyslu.pl\/blog\/adhd\/czy-twoje-dziecko-ma-adhd-czy-to-tylko-duza-energia\/#primaryimage","inLanguage":"pl-PL","url":"https:\/\/www.diagnostyka-umyslu.pl\/blog\/wp-content\/uploads\/2022\/07\/bg_top_default.jpg","contentUrl":"https:\/\/www.diagnostyka-umyslu.pl\/blog\/wp-content\/uploads\/2022\/07\/bg_top_default.jpg","width":840,"height":202},{"@type":"WebPage","@id":"https:\/\/www.diagnostyka-umyslu.pl\/blog\/adhd\/czy-twoje-dziecko-ma-adhd-czy-to-tylko-duza-energia\/#webpage","url":"https:\/\/www.diagnostyka-umyslu.pl\/blog\/adhd\/czy-twoje-dziecko-ma-adhd-czy-to-tylko-duza-energia\/","name":"Czy Twoje dziecko ma ADHD, czy to tylko du\u017ca energia? - Diagnostyka Umys\u0142u","isPartOf":{"@id":"https:\/\/www.diagnostyka-umyslu.pl\/blog\/#website"},"primaryImageOfPage":{"@id":"https:\/\/www.diagnostyka-umyslu.pl\/blog\/adhd\/czy-twoje-dziecko-ma-adhd-czy-to-tylko-duza-energia\/#primaryimage"},"datePublished":"2022-07-13T06:00:48+00:00","dateModified":"2023-02-23T10:16:20+00:00","breadcrumb":{"@id":"https:\/\/www.diagnostyka-umyslu.pl\/blog\/adhd\/czy-twoje-dziecko-ma-adhd-czy-to-tylko-duza-energia\/#breadcrumb"},"inLanguage":"pl-PL","potentialAction":[{"@type":"ReadAction","target":["https:\/\/www.diagnostyka-umyslu.pl\/blog\/adhd\/czy-twoje-dziecko-ma-adhd-czy-to-tylko-duza-energia\/"]}]},{"@type":"BreadcrumbList","@id":"https:\/\/www.diagnostyka-umyslu.pl\/blog\/adhd\/czy-twoje-dziecko-ma-adhd-czy-to-tylko-duza-energia\/#breadcrumb","itemListElement":[{"@type":"ListItem","position":1,"name":"Strona g\u0142\u00f3wna","item":"https:\/\/www.diagnostyka-umyslu.pl\/blog\/"},{"@type":"ListItem","position":2,"name":"ADHD","item":"https:\/\/www.diagnostyka-umyslu.pl\/blog\/adhd\/"},{"@type":"ListItem","position":3,"name":"Czy Twoje dziecko ma ADHD, czy to tylko du\u017ca energia?"}]},{"@type":"Article","@id":"https:\/\/www.diagnostyka-umyslu.pl\/blog\/adhd\/czy-twoje-dziecko-ma-adhd-czy-to-tylko-duza-energia\/#article","isPartOf":{"@id":"https:\/\/www.diagnostyka-umyslu.pl\/blog\/adhd\/czy-twoje-dziecko-ma-adhd-czy-to-tylko-duza-energia\/#webpage"},"author":{"@id":"https:\/\/www.diagnostyka-umyslu.pl\/blog\/#\/schema\/person\/8eb1bcaf59fea75c780c11946f4e3490"},"headline":"Czy Twoje dziecko ma ADHD, czy to tylko du\u017ca energia?","datePublished":"2022-07-13T06:00:48+00:00","dateModified":"2023-02-23T10:16:20+00:00","mainEntityOfPage":{"@id":"https:\/\/www.diagnostyka-umyslu.pl\/blog\/adhd\/czy-twoje-dziecko-ma-adhd-czy-to-tylko-duza-energia\/#webpage"},"wordCount":572,"publisher":{"@id":"https:\/\/www.diagnostyka-umyslu.pl\/blog\/#organization"},"image":{"@id":"https:\/\/www.diagnostyka-umyslu.pl\/blog\/adhd\/czy-twoje-dziecko-ma-adhd-czy-to-tylko-duza-energia\/#primaryimage"},"thumbnailUrl":"https:\/\/www.diagnostyka-umyslu.pl\/blog\/wp-content\/uploads\/2022\/07\/bg_top_default.jpg","keywords":["Objawy ADHD","Odr\u00f3\u017cnianie ADHD od wysokiej energii"],"articleSection":["ADHD"],"inLanguage":"pl-PL"},{"@type":"Person","@id":"https:\/\/www.diagnostyka-umyslu.pl\/blog\/#\/schema\/person\/8eb1bcaf59fea75c780c11946f4e3490","name":"Diagnostyka Umys\u0142u","image":{"@type":"ImageObject","@id":"https:\/\/www.diagnostyka-umyslu.pl\/blog\/#personlogo","inLanguage":"pl-PL","url":"https:\/\/secure.gravatar.com\/avatar\/6743211f010801ea26aa9423a2daab37?s=96&d=mm&r=g","contentUrl":"https:\/\/secure.gravatar.com\/avatar\/6743211f010801ea26aa9423a2daab37?s=96&d=mm&r=g","caption":"Diagnostyka Umys\u0142u"},"sameAs":["https:\/\/www.diagnostyka-umyslu.pl\/blog"],"url":"https:\/\/www.diagnostyka-umyslu.pl\/blog\/author\/diagnostyka-umyslu\/"}]}},"amp_enabled":true,"_links":{"self":[{"href":"https:\/\/www.diagnostyka-umyslu.pl\/blog\/wp-json\/wp\/v2\/posts\/1670"}],"collection":[{"href":"https:\/\/www.diagnostyka-umyslu.pl\/blog\/wp-json\/wp\/v2\/posts"}],"about":[{"href":"https:\/\/www.diagnostyka-umyslu.pl\/blog\/wp-json\/wp\/v2\/types\/post"}],"author":[{"embeddable":true,"href":"https:\/\/www.diagnostyka-umyslu.pl\/blog\/wp-json\/wp\/v2\/users\/1"}],"replies":[{"embeddable":true,"href":"https:\/\/www.diagnostyka-umyslu.pl\/blog\/wp-json\/wp\/v2\/comments?post=1670"}],"version-history":[{"count":3,"href":"https:\/\/www.diagnostyka-umyslu.pl\/blog\/wp-json\/wp\/v2\/posts\/1670\/revisions"}],"predecessor-version":[{"id":2242,"href":"https:\/\/www.diagnostyka-umyslu.pl\/blog\/wp-json\/wp\/v2\/posts\/1670\/revisions\/2242"}],"wp:featuredmedia":[{"embeddable":true,"href":"https:\/\/www.diagnostyka-umyslu.pl\/blog\/wp-json\/wp\/v2\/media\/1825"}],"wp:attachment":[{"href":"https:\/\/www.diagnostyka-umyslu.pl\/blog\/wp-json\/wp\/v2\/media?parent=1670"}],"wp:term":[{"taxonomy":"category","embeddable":true,"href":"https:\/\/www.diagnostyka-umyslu.pl\/blog\/wp-json\/wp\/v2\/categories?post=1670"},{"taxonomy":"post_tag","embeddable":true,"href":"https:\/\/www.diagnostyka-umyslu.pl\/blog\/wp-json\/wp\/v2\/tags?post=1670"}],"curies":[{"name":"wp","href":"https:\/\/api.w.org\/{rel}","templated":true}]}}