{"id":1678,"date":"2022-07-16T08:00:11","date_gmt":"2022-07-16T06:00:11","guid":{"rendered":"https:\/\/www.diagnostyka-umyslu.pl\/blog\/?p=1678"},"modified":"2022-07-08T21:29:10","modified_gmt":"2022-07-08T19:29:10","slug":"czy-twoje-dziecko-odziedziczy-adhd","status":"publish","type":"post","link":"https:\/\/www.diagnostyka-umyslu.pl\/blog\/adhd\/czy-twoje-dziecko-odziedziczy-adhd\/","title":{"rendered":"Czy Twoje dziecko odziedziczy ADHD?"},"content":{"rendered":"<p>Niezale\u017cnie od tego, czy niedawno zdiagnozowano u Ciebie ADHD, czy \u017cyjesz z ADHD od wielu lat, pytanie, kt\u00f3re zadaj\u0105 prawie wszyscy doro\u015bli, to: &#8220;<em>Czy moje dzieci te\u017c b\u0119d\u0105 mia\u0142y ADHD?<\/em>&#8220;.<\/p>\n<p>Odpowied\u017a na to pytanie zale\u017cy od kilku czynnik\u00f3w. Najwi\u0119ksz\u0105 przyczyn\u0105 ADHD s\u0105 geny, co oznacza, \u017ce ADHD rzeczywi\u015bcie wyst\u0119puje w rodzinach. Nawet je\u015bli nikt w Twojej dalszej rodzinie nie zosta\u0142 oficjalnie zdiagnozowany z ADHD, mo\u017cesz zauwa\u017cy\u0107 u cz\u0142onk\u00f3w rodziny cechy i w\u0142a\u015bciwo\u015bci przypominaj\u0105ce ADHD.<\/p>\n<p>Pomimo tego silnego zwi\u0105zku genetycznego, je\u015bli masz ADHD, nie oznacza to automatycznie, \u017ce Twoje dziecko te\u017c b\u0119dzie. To dlatego, \u017ce jest to po\u0142\u0105czenie gen\u00f3w i czynnik\u00f3w \u015brodowiskowych, kt\u00f3re okre\u015blaj\u0105, czy dziecko rozwija ADHD. Mog\u0105 one odziedziczy\u0107 geny ADHD bez ich aktywacji.<br \/>\nBadania sugeruj\u0105, \u017ce oko\u0142o 40% dzieci, u kt\u00f3rych zdiagnozowano ADHD, ma co najmniej jednego rodzica, kt\u00f3ry r\u00f3wnie\u017c ma objawy tego schorzenia.<\/p>\n<p>Chocia\u017c mo\u017cesz czu\u0107 si\u0119 bezsilny wobec swoich gen\u00f3w, nadal istniej\u0105 pewne rzeczy, kt\u00f3re mo\u017cesz zrobi\u0107, aby pom\u00f3c swojemu dziecku, w tym obserwuj\u0105c wczesne oznaki i dzia\u0142aj\u0105c jako wz\u00f3r do na\u015bladowania. W tym artykule om\u00f3wiono proaktywne podej\u015bcia, kt\u00f3re mo\u017cesz podj\u0105\u0107, aby pom\u00f3c swojemu dziecku, je\u015bli odziedziczy ono ADHD.<\/p>\n<h4>B\u0105d\u017a czujny<\/h4>\n<p>Je\u015bli Twoje dziecko zaczyna wykazywa\u0107 oznaki lub <a href=\"https:\/\/www.diagnostyka-umyslu.pl\/test-na-adhd\">objawy ADHD<\/a>, szukaj profesjonalnej pomocy. Uzyskanie wczesnej diagnozy i odpowiedniego leczenia b\u0119dzie nieocenione dla Twojego dziecka; pomo\u017ce zminimalizowa\u0107 ich problemy i pomo\u017ce im osi\u0105gn\u0105\u0107 sukces. Wa\u017cne jest r\u00f3wnie\u017c, aby powiedzie\u0107 pediatrze dziecka, \u017ce istnieje historia rodziny z ADHD.<\/p>\n<h4>B\u0105d\u017a \u015bwiadomy r\u00f3\u017cnic<\/h4>\n<p>Je\u015bli Twoje dziecko odziedziczy ADHD, mo\u017ce to objawia\u0107 si\u0119 w zupe\u0142nie inny spos\u00f3b ni\u017c ADHD. Na przyk\u0142ad, je\u015bli masz hiperaktywno-impulsywne ADHD i dziecko ma nieuwa\u017cny ADHD, zachowanie i wyzwania b\u0119d\u0105 r\u00f3\u017cne, mimo \u017ce oboje maj\u0105 ADHD.<\/p>\n<p>R\u00f3wnie\u017c ADHD cz\u0119sto wygl\u0105da inaczej w zale\u017cno\u015bci od p\u0142ci dziecka.3 Je\u015bli tw\u00f3j syn ma ADHD hiperaktywno-impulsywne, mog\u0105 by\u0107 bardzo aktywne fizycznie, podczas gdy twoja c\u00f3rka mo\u017ce by\u0107 hiper-rozmowny i werbalnie impulsywny.<\/p>\n<p>Wreszcie, nawet je\u015bli jeste\u015b tej samej p\u0142ci co dziecko i maj\u0105 te same prezentacje ADHD, nadal mog\u0105 mie\u0107 r\u00f3\u017cne zachowania i wyzwania ADHD. Jednak wiedz\u0105c, \u017ce te r\u00f3\u017cnice istniej\u0105 mo\u017ce zwi\u0119kszy\u0107 swoj\u0105 \u015bwiadomo\u015b\u0107 i pom\u00f3c wykry\u0107 objawy ADHD u dziecka wcze\u015bnie.<\/p>\n<blockquote><p><strong>Podsumuj<\/strong><\/p>\n<p>ADHD nie jest takie samo dla ka\u017cdej osoby z tym schorzeniem, wi\u0119c wa\u017cne jest, aby rozpozna\u0107, \u017ce twoje dziecko mo\u017ce by\u0107 inne i mo\u017ce napotka\u0107 wyj\u0105tkowe zmagania.<\/p><\/blockquote>\n<h4>B\u0105d\u017a wzorem do na\u015bladowania<\/h4>\n<p>Tw\u00f3j stosunek do ADHD wp\u0142ywa na to, jak Twoje dziecko radzi sobie z diagnoz\u0105.4 Staraj si\u0119 m\u00f3wi\u0107 o tym neutralnie, a nie o czym\u015b, co jest &#8220;straszne&#8221; i czego chcia\u0142by\u015b nie mie\u0107.<\/p>\n<p>Ponadto, je\u015bli aktywnie leczysz i zarz\u0105dzasz swoimi objawami ADHD, to pomo\u017ce to Twojemu dziecku zrobi\u0107 to samo. Je\u015bli nauczy\u0107 si\u0119 i wdro\u017cy\u0107 ADHD przyjazne umiej\u0119tno\u015bci \u017cyciowe i szuka\u0107 odpowiedniej pomocy medycznej, Twoje dziecko b\u0119dzie te\u017c.<\/p>\n<p>Dzieci lubi\u0105 si\u0119 dopasowa\u0107. Je\u015bli s\u0105 jedynym dzieckiem w szkole z ADHD, mo\u017ce to sprawi\u0107, \u017ce czuj\u0105 si\u0119 odizolowani i samotni. Wiedz\u0105c, \u017ce masz ADHD i robi\u0105 dobrze daje im morale boost i sprawia, \u017ce czuj\u0105 si\u0119 mniej samotni.<\/p>\n<h4>Ditch winy<\/h4>\n<p>Osoby z ADHD s\u0105 ekspertami w odczuwaniu winy i wstydu za wszelkiego rodzaju rzeczy, od ci\u0105g\u0142ego sp\u00f3\u017aniania si\u0119 do zapominania o wa\u017cnych zadaniach w pracy. Jednak nie czu\u0107 si\u0119 winny, \u017ce Twoje dziecko ma ADHD. Podobnie jak kolor ich oczu, nie masz kontroli nad tym, jakie geny odziedziczy\u0142y.<\/p>\n<p>Dzielenie si\u0119 tym stanem mo\u017ce r\u00f3wnie\u017c pom\u00f3c dziecku poczu\u0107 si\u0119 bli\u017cej Ciebie. Poniewa\u017c mo\u017cesz odnie\u015b\u0107 si\u0119 do ich objaw\u00f3w i zmaga\u0144, mog\u0105 czu\u0107 si\u0119 bli\u017cej wi\u0119zi, \u017ce mog\u0105 nie dzieli\u0107 z rodzicem, kt\u00f3ry nie ma ADHD.<\/p>\n<blockquote><p><strong>Podsumuj<\/strong><\/p>\n<p>Je\u015bli Twoje dziecko nie rozwija ADHD, nie czuj si\u0119 winny. Przypomnij sobie, \u017ce jeste\u015b w stanie zrozumie\u0107, co prze\u017cywaj\u0105 i \u017ce Twoje dziecko ma wa\u017cne mocne strony, kt\u00f3re pomog\u0105 im radzi\u0107 sobie.<\/p><\/blockquote>\n<h4>B\u0105d\u017a pozytywny<\/h4>\n<p>O ADHD wiadomo wi\u0119cej ni\u017c kiedykolwiek o ADHD ni\u017c kiedykolwiek wcze\u015bniej. Oznacza to, \u017ce \u0142atwiej jest wykry\u0107 ADHD, a odpowiednia pomoc jest \u0142atwiej dost\u0119pna w \u015brodowisku medycznym i w szkole. Ponadto, Twoje dziecko ma wspieraj\u0105cego rodzica, kt\u00f3ry rozumie ich zmagania.<br \/>\nTo nie musi oznacza\u0107, \u017ce Twoi rodzice nie byli wspieraj\u0105cy. Ka\u017cde pokolenie robi co mo\u017ce, korzystaj\u0105c z wiedzy i bada\u0144, kt\u00f3re s\u0105 dla niego dost\u0119pne w danym czasie.<\/p>\n<p>Pomocne jest r\u00f3wnie\u017c, aby zmieni\u0107 spos\u00f3b postrzegania ADHD. Na przyk\u0142ad, zamiast ujmowa\u0107 objawy choroby jako &#8220;deficyty&#8221;, spr\u00f3buj pomy\u015ble\u0107 o nich jako o r\u00f3\u017cnicach. Kiedy patrzysz na ADHD w ten spos\u00f3b, zdajesz sobie spraw\u0119, \u017ce m\u00f3zg Twojego dziecka mo\u017ce dzia\u0142a\u0107 inaczej ni\u017c u niekt\u00f3rych ludzi, ale inny nie musi by\u0107 z\u0142\u0105 rzecz\u0105.<\/p>\n<h4>Wi\u0119cej informacji<\/h4>\n<ul>\n<li><em>verywellmind.com\/will-my-child-inherit-adhd-20508<\/em><\/li>\n<\/ul>\n","protected":false},"excerpt":{"rendered":"<p>Niezale\u017cnie od tego, czy niedawno zdiagnozowano u Ciebie ADHD, czy \u017cyjesz z ADHD od wielu lat, pytanie, kt\u00f3re zadaj\u0105 prawie wszyscy doro\u015bli, to: &#8220;Czy moje&#8230;<\/p>\n","protected":false},"author":1,"featured_media":1825,"comment_status":"closed","ping_status":"open","sticky":false,"template":"","format":"standard","meta":[],"categories":[37],"tags":[731],"yoast_head":"<!-- This site is optimized with the Yoast SEO plugin v18.1 - https:\/\/yoast.com\/wordpress\/plugins\/seo\/ -->\n<title>Czy Twoje dziecko odziedziczy ADHD? - Diagnostyka Umys\u0142u<\/title>\n<meta name=\"robots\" content=\"index, follow, max-snippet:-1, max-image-preview:large, max-video-preview:-1\" \/>\n<link rel=\"canonical\" href=\"https:\/\/www.diagnostyka-umyslu.pl\/blog\/adhd\/czy-twoje-dziecko-odziedziczy-adhd\/\" \/>\n<meta property=\"og:locale\" content=\"pl_PL\" \/>\n<meta property=\"og:type\" content=\"article\" \/>\n<meta property=\"og:title\" content=\"Czy Twoje dziecko odziedziczy ADHD? - Diagnostyka Umys\u0142u\" \/>\n<meta property=\"og:description\" content=\"Niezale\u017cnie od tego, czy niedawno zdiagnozowano u Ciebie ADHD, czy \u017cyjesz z ADHD od wielu lat, pytanie, kt\u00f3re zadaj\u0105 prawie wszyscy doro\u015bli, to: &#8220;Czy moje...\" \/>\n<meta property=\"og:url\" content=\"https:\/\/www.diagnostyka-umyslu.pl\/blog\/adhd\/czy-twoje-dziecko-odziedziczy-adhd\/\" \/>\n<meta property=\"og:site_name\" content=\"Diagnostyka Umys\u0142u\" \/>\n<meta property=\"article:published_time\" content=\"2022-07-16T06:00:11+00:00\" \/>\n<meta property=\"article:modified_time\" content=\"2022-07-08T19:29:10+00:00\" \/>\n<meta property=\"og:image\" content=\"https:\/\/www.diagnostyka-umyslu.pl\/blog\/wp-content\/uploads\/2022\/07\/bg_top_default.jpg\" \/>\n\t<meta property=\"og:image:width\" content=\"840\" \/>\n\t<meta property=\"og:image:height\" content=\"202\" \/>\n\t<meta property=\"og:image:type\" content=\"image\/jpeg\" \/>\n<meta name=\"twitter:card\" content=\"summary_large_image\" \/>\n<meta name=\"twitter:label1\" content=\"Napisane przez\" \/>\n\t<meta name=\"twitter:data1\" content=\"Diagnostyka Umys\u0142u\" \/>\n\t<meta name=\"twitter:label2\" content=\"Szacowany czas czytania\" \/>\n\t<meta name=\"twitter:data2\" content=\"5 minut\" \/>\n<script type=\"application\/ld+json\" class=\"yoast-schema-graph\">{\"@context\":\"https:\/\/schema.org\",\"@graph\":[{\"@type\":\"Organization\",\"@id\":\"https:\/\/www.diagnostyka-umyslu.pl\/blog\/#organization\",\"name\":\"Diagnostyka Umys\u0142u\",\"url\":\"https:\/\/www.diagnostyka-umyslu.pl\/blog\/\",\"sameAs\":[],\"logo\":{\"@type\":\"ImageObject\",\"@id\":\"https:\/\/www.diagnostyka-umyslu.pl\/blog\/#logo\",\"inLanguage\":\"pl-PL\",\"url\":\"https:\/\/www.diagnostyka-umyslu.pl\/blog\/wp-content\/uploads\/2021\/05\/logo.png\",\"contentUrl\":\"https:\/\/www.diagnostyka-umyslu.pl\/blog\/wp-content\/uploads\/2021\/05\/logo.png\",\"width\":236,\"height\":81,\"caption\":\"Diagnostyka Umys\u0142u\"},\"image\":{\"@id\":\"https:\/\/www.diagnostyka-umyslu.pl\/blog\/#logo\"}},{\"@type\":\"WebSite\",\"@id\":\"https:\/\/www.diagnostyka-umyslu.pl\/blog\/#website\",\"url\":\"https:\/\/www.diagnostyka-umyslu.pl\/blog\/\",\"name\":\"Diagnostyka Umys\u0142u\",\"description\":\"Blog o zaburzeniach umys\u0142u\",\"publisher\":{\"@id\":\"https:\/\/www.diagnostyka-umyslu.pl\/blog\/#organization\"},\"potentialAction\":[{\"@type\":\"SearchAction\",\"target\":{\"@type\":\"EntryPoint\",\"urlTemplate\":\"https:\/\/www.diagnostyka-umyslu.pl\/blog\/?s={search_term_string}\"},\"query-input\":\"required name=search_term_string\"}],\"inLanguage\":\"pl-PL\"},{\"@type\":\"ImageObject\",\"@id\":\"https:\/\/www.diagnostyka-umyslu.pl\/blog\/adhd\/czy-twoje-dziecko-odziedziczy-adhd\/#primaryimage\",\"inLanguage\":\"pl-PL\",\"url\":\"https:\/\/www.diagnostyka-umyslu.pl\/blog\/wp-content\/uploads\/2022\/07\/bg_top_default.jpg\",\"contentUrl\":\"https:\/\/www.diagnostyka-umyslu.pl\/blog\/wp-content\/uploads\/2022\/07\/bg_top_default.jpg\",\"width\":840,\"height\":202},{\"@type\":\"WebPage\",\"@id\":\"https:\/\/www.diagnostyka-umyslu.pl\/blog\/adhd\/czy-twoje-dziecko-odziedziczy-adhd\/#webpage\",\"url\":\"https:\/\/www.diagnostyka-umyslu.pl\/blog\/adhd\/czy-twoje-dziecko-odziedziczy-adhd\/\",\"name\":\"Czy Twoje dziecko odziedziczy ADHD? - Diagnostyka Umys\u0142u\",\"isPartOf\":{\"@id\":\"https:\/\/www.diagnostyka-umyslu.pl\/blog\/#website\"},\"primaryImageOfPage\":{\"@id\":\"https:\/\/www.diagnostyka-umyslu.pl\/blog\/adhd\/czy-twoje-dziecko-odziedziczy-adhd\/#primaryimage\"},\"datePublished\":\"2022-07-16T06:00:11+00:00\",\"dateModified\":\"2022-07-08T19:29:10+00:00\",\"breadcrumb\":{\"@id\":\"https:\/\/www.diagnostyka-umyslu.pl\/blog\/adhd\/czy-twoje-dziecko-odziedziczy-adhd\/#breadcrumb\"},\"inLanguage\":\"pl-PL\",\"potentialAction\":[{\"@type\":\"ReadAction\",\"target\":[\"https:\/\/www.diagnostyka-umyslu.pl\/blog\/adhd\/czy-twoje-dziecko-odziedziczy-adhd\/\"]}]},{\"@type\":\"BreadcrumbList\",\"@id\":\"https:\/\/www.diagnostyka-umyslu.pl\/blog\/adhd\/czy-twoje-dziecko-odziedziczy-adhd\/#breadcrumb\",\"itemListElement\":[{\"@type\":\"ListItem\",\"position\":1,\"name\":\"Strona g\u0142\u00f3wna\",\"item\":\"https:\/\/www.diagnostyka-umyslu.pl\/blog\/\"},{\"@type\":\"ListItem\",\"position\":2,\"name\":\"ADHD\",\"item\":\"https:\/\/www.diagnostyka-umyslu.pl\/blog\/adhd\/\"},{\"@type\":\"ListItem\",\"position\":3,\"name\":\"Czy Twoje dziecko odziedziczy ADHD?\"}]},{\"@type\":\"Article\",\"@id\":\"https:\/\/www.diagnostyka-umyslu.pl\/blog\/adhd\/czy-twoje-dziecko-odziedziczy-adhd\/#article\",\"isPartOf\":{\"@id\":\"https:\/\/www.diagnostyka-umyslu.pl\/blog\/adhd\/czy-twoje-dziecko-odziedziczy-adhd\/#webpage\"},\"author\":{\"@id\":\"https:\/\/www.diagnostyka-umyslu.pl\/blog\/#\/schema\/person\/8eb1bcaf59fea75c780c11946f4e3490\"},\"headline\":\"Czy Twoje dziecko odziedziczy ADHD?\",\"datePublished\":\"2022-07-16T06:00:11+00:00\",\"dateModified\":\"2022-07-08T19:29:10+00:00\",\"mainEntityOfPage\":{\"@id\":\"https:\/\/www.diagnostyka-umyslu.pl\/blog\/adhd\/czy-twoje-dziecko-odziedziczy-adhd\/#webpage\"},\"wordCount\":878,\"publisher\":{\"@id\":\"https:\/\/www.diagnostyka-umyslu.pl\/blog\/#organization\"},\"image\":{\"@id\":\"https:\/\/www.diagnostyka-umyslu.pl\/blog\/adhd\/czy-twoje-dziecko-odziedziczy-adhd\/#primaryimage\"},\"thumbnailUrl\":\"https:\/\/www.diagnostyka-umyslu.pl\/blog\/wp-content\/uploads\/2022\/07\/bg_top_default.jpg\",\"keywords\":[\"Czy moje dzieci te\u017c b\u0119d\u0105 mia\u0142y ADHD?\"],\"articleSection\":[\"ADHD\"],\"inLanguage\":\"pl-PL\"},{\"@type\":\"Person\",\"@id\":\"https:\/\/www.diagnostyka-umyslu.pl\/blog\/#\/schema\/person\/8eb1bcaf59fea75c780c11946f4e3490\",\"name\":\"Diagnostyka Umys\u0142u\",\"image\":{\"@type\":\"ImageObject\",\"@id\":\"https:\/\/www.diagnostyka-umyslu.pl\/blog\/#personlogo\",\"inLanguage\":\"pl-PL\",\"url\":\"https:\/\/secure.gravatar.com\/avatar\/6743211f010801ea26aa9423a2daab37?s=96&d=mm&r=g\",\"contentUrl\":\"https:\/\/secure.gravatar.com\/avatar\/6743211f010801ea26aa9423a2daab37?s=96&d=mm&r=g\",\"caption\":\"Diagnostyka Umys\u0142u\"},\"sameAs\":[\"https:\/\/www.diagnostyka-umyslu.pl\/blog\"],\"url\":\"https:\/\/www.diagnostyka-umyslu.pl\/blog\/author\/diagnostyka-umyslu\/\"}]}<\/script>\n<!-- \/ Yoast SEO plugin. -->","yoast_head_json":{"title":"Czy Twoje dziecko odziedziczy ADHD? - Diagnostyka Umys\u0142u","robots":{"index":"index","follow":"follow","max-snippet":"max-snippet:-1","max-image-preview":"max-image-preview:large","max-video-preview":"max-video-preview:-1"},"canonical":"https:\/\/www.diagnostyka-umyslu.pl\/blog\/adhd\/czy-twoje-dziecko-odziedziczy-adhd\/","og_locale":"pl_PL","og_type":"article","og_title":"Czy Twoje dziecko odziedziczy ADHD? - Diagnostyka Umys\u0142u","og_description":"Niezale\u017cnie od tego, czy niedawno zdiagnozowano u Ciebie ADHD, czy \u017cyjesz z ADHD od wielu lat, pytanie, kt\u00f3re zadaj\u0105 prawie wszyscy doro\u015bli, to: &#8220;Czy moje...","og_url":"https:\/\/www.diagnostyka-umyslu.pl\/blog\/adhd\/czy-twoje-dziecko-odziedziczy-adhd\/","og_site_name":"Diagnostyka Umys\u0142u","article_published_time":"2022-07-16T06:00:11+00:00","article_modified_time":"2022-07-08T19:29:10+00:00","og_image":[{"width":840,"height":202,"url":"https:\/\/www.diagnostyka-umyslu.pl\/blog\/wp-content\/uploads\/2022\/07\/bg_top_default.jpg","type":"image\/jpeg"}],"twitter_card":"summary_large_image","twitter_misc":{"Napisane przez":"Diagnostyka Umys\u0142u","Szacowany czas czytania":"5 minut"},"schema":{"@context":"https:\/\/schema.org","@graph":[{"@type":"Organization","@id":"https:\/\/www.diagnostyka-umyslu.pl\/blog\/#organization","name":"Diagnostyka Umys\u0142u","url":"https:\/\/www.diagnostyka-umyslu.pl\/blog\/","sameAs":[],"logo":{"@type":"ImageObject","@id":"https:\/\/www.diagnostyka-umyslu.pl\/blog\/#logo","inLanguage":"pl-PL","url":"https:\/\/www.diagnostyka-umyslu.pl\/blog\/wp-content\/uploads\/2021\/05\/logo.png","contentUrl":"https:\/\/www.diagnostyka-umyslu.pl\/blog\/wp-content\/uploads\/2021\/05\/logo.png","width":236,"height":81,"caption":"Diagnostyka Umys\u0142u"},"image":{"@id":"https:\/\/www.diagnostyka-umyslu.pl\/blog\/#logo"}},{"@type":"WebSite","@id":"https:\/\/www.diagnostyka-umyslu.pl\/blog\/#website","url":"https:\/\/www.diagnostyka-umyslu.pl\/blog\/","name":"Diagnostyka Umys\u0142u","description":"Blog o zaburzeniach umys\u0142u","publisher":{"@id":"https:\/\/www.diagnostyka-umyslu.pl\/blog\/#organization"},"potentialAction":[{"@type":"SearchAction","target":{"@type":"EntryPoint","urlTemplate":"https:\/\/www.diagnostyka-umyslu.pl\/blog\/?s={search_term_string}"},"query-input":"required name=search_term_string"}],"inLanguage":"pl-PL"},{"@type":"ImageObject","@id":"https:\/\/www.diagnostyka-umyslu.pl\/blog\/adhd\/czy-twoje-dziecko-odziedziczy-adhd\/#primaryimage","inLanguage":"pl-PL","url":"https:\/\/www.diagnostyka-umyslu.pl\/blog\/wp-content\/uploads\/2022\/07\/bg_top_default.jpg","contentUrl":"https:\/\/www.diagnostyka-umyslu.pl\/blog\/wp-content\/uploads\/2022\/07\/bg_top_default.jpg","width":840,"height":202},{"@type":"WebPage","@id":"https:\/\/www.diagnostyka-umyslu.pl\/blog\/adhd\/czy-twoje-dziecko-odziedziczy-adhd\/#webpage","url":"https:\/\/www.diagnostyka-umyslu.pl\/blog\/adhd\/czy-twoje-dziecko-odziedziczy-adhd\/","name":"Czy Twoje dziecko odziedziczy ADHD? - Diagnostyka Umys\u0142u","isPartOf":{"@id":"https:\/\/www.diagnostyka-umyslu.pl\/blog\/#website"},"primaryImageOfPage":{"@id":"https:\/\/www.diagnostyka-umyslu.pl\/blog\/adhd\/czy-twoje-dziecko-odziedziczy-adhd\/#primaryimage"},"datePublished":"2022-07-16T06:00:11+00:00","dateModified":"2022-07-08T19:29:10+00:00","breadcrumb":{"@id":"https:\/\/www.diagnostyka-umyslu.pl\/blog\/adhd\/czy-twoje-dziecko-odziedziczy-adhd\/#breadcrumb"},"inLanguage":"pl-PL","potentialAction":[{"@type":"ReadAction","target":["https:\/\/www.diagnostyka-umyslu.pl\/blog\/adhd\/czy-twoje-dziecko-odziedziczy-adhd\/"]}]},{"@type":"BreadcrumbList","@id":"https:\/\/www.diagnostyka-umyslu.pl\/blog\/adhd\/czy-twoje-dziecko-odziedziczy-adhd\/#breadcrumb","itemListElement":[{"@type":"ListItem","position":1,"name":"Strona g\u0142\u00f3wna","item":"https:\/\/www.diagnostyka-umyslu.pl\/blog\/"},{"@type":"ListItem","position":2,"name":"ADHD","item":"https:\/\/www.diagnostyka-umyslu.pl\/blog\/adhd\/"},{"@type":"ListItem","position":3,"name":"Czy Twoje dziecko odziedziczy ADHD?"}]},{"@type":"Article","@id":"https:\/\/www.diagnostyka-umyslu.pl\/blog\/adhd\/czy-twoje-dziecko-odziedziczy-adhd\/#article","isPartOf":{"@id":"https:\/\/www.diagnostyka-umyslu.pl\/blog\/adhd\/czy-twoje-dziecko-odziedziczy-adhd\/#webpage"},"author":{"@id":"https:\/\/www.diagnostyka-umyslu.pl\/blog\/#\/schema\/person\/8eb1bcaf59fea75c780c11946f4e3490"},"headline":"Czy Twoje dziecko odziedziczy ADHD?","datePublished":"2022-07-16T06:00:11+00:00","dateModified":"2022-07-08T19:29:10+00:00","mainEntityOfPage":{"@id":"https:\/\/www.diagnostyka-umyslu.pl\/blog\/adhd\/czy-twoje-dziecko-odziedziczy-adhd\/#webpage"},"wordCount":878,"publisher":{"@id":"https:\/\/www.diagnostyka-umyslu.pl\/blog\/#organization"},"image":{"@id":"https:\/\/www.diagnostyka-umyslu.pl\/blog\/adhd\/czy-twoje-dziecko-odziedziczy-adhd\/#primaryimage"},"thumbnailUrl":"https:\/\/www.diagnostyka-umyslu.pl\/blog\/wp-content\/uploads\/2022\/07\/bg_top_default.jpg","keywords":["Czy moje dzieci te\u017c b\u0119d\u0105 mia\u0142y ADHD?"],"articleSection":["ADHD"],"inLanguage":"pl-PL"},{"@type":"Person","@id":"https:\/\/www.diagnostyka-umyslu.pl\/blog\/#\/schema\/person\/8eb1bcaf59fea75c780c11946f4e3490","name":"Diagnostyka Umys\u0142u","image":{"@type":"ImageObject","@id":"https:\/\/www.diagnostyka-umyslu.pl\/blog\/#personlogo","inLanguage":"pl-PL","url":"https:\/\/secure.gravatar.com\/avatar\/6743211f010801ea26aa9423a2daab37?s=96&d=mm&r=g","contentUrl":"https:\/\/secure.gravatar.com\/avatar\/6743211f010801ea26aa9423a2daab37?s=96&d=mm&r=g","caption":"Diagnostyka Umys\u0142u"},"sameAs":["https:\/\/www.diagnostyka-umyslu.pl\/blog"],"url":"https:\/\/www.diagnostyka-umyslu.pl\/blog\/author\/diagnostyka-umyslu\/"}]}},"amp_enabled":true,"_links":{"self":[{"href":"https:\/\/www.diagnostyka-umyslu.pl\/blog\/wp-json\/wp\/v2\/posts\/1678"}],"collection":[{"href":"https:\/\/www.diagnostyka-umyslu.pl\/blog\/wp-json\/wp\/v2\/posts"}],"about":[{"href":"https:\/\/www.diagnostyka-umyslu.pl\/blog\/wp-json\/wp\/v2\/types\/post"}],"author":[{"embeddable":true,"href":"https:\/\/www.diagnostyka-umyslu.pl\/blog\/wp-json\/wp\/v2\/users\/1"}],"replies":[{"embeddable":true,"href":"https:\/\/www.diagnostyka-umyslu.pl\/blog\/wp-json\/wp\/v2\/comments?post=1678"}],"version-history":[{"count":2,"href":"https:\/\/www.diagnostyka-umyslu.pl\/blog\/wp-json\/wp\/v2\/posts\/1678\/revisions"}],"predecessor-version":[{"id":1946,"href":"https:\/\/www.diagnostyka-umyslu.pl\/blog\/wp-json\/wp\/v2\/posts\/1678\/revisions\/1946"}],"wp:featuredmedia":[{"embeddable":true,"href":"https:\/\/www.diagnostyka-umyslu.pl\/blog\/wp-json\/wp\/v2\/media\/1825"}],"wp:attachment":[{"href":"https:\/\/www.diagnostyka-umyslu.pl\/blog\/wp-json\/wp\/v2\/media?parent=1678"}],"wp:term":[{"taxonomy":"category","embeddable":true,"href":"https:\/\/www.diagnostyka-umyslu.pl\/blog\/wp-json\/wp\/v2\/categories?post=1678"},{"taxonomy":"post_tag","embeddable":true,"href":"https:\/\/www.diagnostyka-umyslu.pl\/blog\/wp-json\/wp\/v2\/tags?post=1678"}],"curies":[{"name":"wp","href":"https:\/\/api.w.org\/{rel}","templated":true}]}}