{"id":1687,"date":"2022-07-18T08:00:52","date_gmt":"2022-07-18T06:00:52","guid":{"rendered":"https:\/\/www.diagnostyka-umyslu.pl\/blog\/?p=1687"},"modified":"2022-07-08T21:29:35","modified_gmt":"2022-07-08T19:29:35","slug":"czy-dzieci-z-adhd-staja-sie-doroslymi-z-adhd","status":"publish","type":"post","link":"https:\/\/www.diagnostyka-umyslu.pl\/blog\/adhd\/czy-dzieci-z-adhd-staja-sie-doroslymi-z-adhd\/","title":{"rendered":"Czy dzieci z ADHD staj\u0105 si\u0119 doros\u0142ymi z ADHD?"},"content":{"rendered":"<p>ADHD nie odchodzi, zazwyczaj. Kiedy\u015b s\u0105dzono, \u017ce dzieci wyrosn\u0105 z ADHD jak si\u0119 rozwin\u0105 i dojrzej\u0105. Teraz wiemy, \u017ce objawy ADHD mo\u017ce trwa\u0107 w okresie dojrzewania i dalej &#8211; przez ca\u0142e \u017cycie osoby. Podczas gdy niekt\u00f3re dzieci mog\u0105 wydawa\u0107 si\u0119 wyrosn\u0105\u0107 z zaburzenia (lub nie maj\u0105 ju\u017c objaw\u00f3w, kt\u00f3re powoduj\u0105 upo\u015bledzenie), w wi\u0119kszo\u015bci przypadk\u00f3w dzieci z ADHD dorastaj\u0105 do doros\u0142o\u015bci z ADHD.<\/p>\n<blockquote><p>Wed\u0142ug bada\u0144 pod\u0142u\u017cnych, 60% <a href=\"https:\/\/www.diagnostyka-umyslu.pl\/test-na-adhd\">dzieci z ADHD<\/a> nadal maj\u0105 objawy jako doro\u015bli.<\/p><\/blockquote>\n<p>Chocia\u017c ADHD jest przewlek\u0142y w naturze, objawy mog\u0105 wyst\u0119powa\u0107 w r\u00f3\u017cny spos\u00f3b, jak osoba porusza si\u0119 przez etapy \u017cycia. Objawy te mog\u0105 nawet zmniejszy\u0107 si\u0119, jak ta osoba ro\u015bnie &#8211; na przyk\u0142ad, nadpobudliwo\u015b\u0107 i fidgetiness mo\u017ce zmniejszy\u0107 si\u0119 z wiekiem.<\/p>\n<p>Jak r\u00f3wnie\u017c, nastolatk\u00f3w i doros\u0142ych, kt\u00f3rych ADHD zosta\u0142 skierowany przez lata b\u0119d\u0105 mia\u0142y szereg zasob\u00f3w i strategii, aby zwr\u00f3ci\u0107 si\u0119 do kiedy objawy ADHD staj\u0105 si\u0119 problematyczne.<\/p>\n<h4>ADHD utrzymuje si\u0119 w doros\u0142o\u015bci<\/h4>\n<p>Badania sugeruj\u0105, \u017ce podczas gdy objawy mog\u0105 zmienia\u0107 si\u0119 wraz z wiekiem, ludzie, kt\u00f3rzy maj\u0105 ADHD w dzieci\u0144stwie s\u0105 cz\u0119sto nadal dotkni\u0119te warunkiem w doros\u0142o\u015bci. Jednak szacunki r\u00f3\u017cni\u0105 si\u0119 co do tego, jak wiele os\u00f3b nadal ma trwa\u0142e objawy i upo\u015bledzenie w doros\u0142ym \u017cyciu.<\/p>\n<p>W jednym badaniu, kt\u00f3re \u015bledzi\u0142o dzieci zdiagnozowane z ADHD do doros\u0142o\u015bci, naukowcy stwierdzili, \u017ce:<\/p>\n<ul>\n<li>29% os\u00f3b zdiagnozowanych w dzieci\u0144stwie mia\u0142o objawy ADHD w wieku doros\u0142ym.<\/li>\n<li>81% os\u00f3b z ADHD w wieku doros\u0142ym mia\u0142o r\u00f3wnie\u017c co najmniej jedno inne zaburzenie psychiczne.<\/li>\n<li>Wsp\u00f3lne zaburzenia wsp\u00f3\u0142wyst\u0119puj\u0105ce widziane w doros\u0142o\u015bci obejmowa\u0142y zaburzenia u\u017cywania substancji, l\u0119ki i depresj\u0119.<\/li>\n<\/ul>\n<p>Spo\u015br\u00f3d wszystkich dzieci bior\u0105cych udzia\u0142 w badaniu, tylko 37,5% by\u0142o wolne od objaw\u00f3w lub negatywnych wynik\u00f3w w doros\u0142ym \u017cyciu. Wyniki wskaza\u0142y r\u00f3wnie\u017c, \u017ce uczestnicy mieli wy\u017csze wska\u017aniki uwi\u0119zienia i samob\u00f3jstwa w wieku doros\u0142ym.<\/p>\n<p>Inne badanie opublikowane w The Journal of Child Psychology and Psychiatry wykaza\u0142o, \u017ce 60% dzieci z ADHD nadal mia\u0142o objawy w wieku doros\u0142ym, a 41% mia\u0142o objawy, kt\u00f3re tworzy\u0142y upo\u015bledzenie.<\/p>\n<p>Badania przeprowadzone przez National Human Genome Research Project wykaza\u0142y, \u017ce ADHD nie ust\u0119puje w przypadku od 20% do 30% os\u00f3b z tym schorzeniem. Chocia\u017c badanie wykaza\u0142o, \u017ce warunek utrzymuje si\u0119 dla wielu, wykaza\u0142o r\u00f3wnie\u017c, \u017ce oko\u0142o po\u0142owa doros\u0142ych do\u015bwiadcza mniej lub mniej powa\u017cnych objaw\u00f3w w doros\u0142o\u015bci.<\/p>\n<blockquote><p><strong>Kiedy ADHD osi\u0105ga szczyt?<\/strong><\/p>\n<p>Jedno ze starszych bada\u0144 wykaza\u0142o, \u017ce objawy ADHD s\u0105 cz\u0119sto gorsze u dzieci w wieku od 6 do 8 lat i stopniowo zmniejszaj\u0105 si\u0119 oko\u0142o 11 roku \u017cycia. Objawy nadpobudliwo\u015bci i impulsywno\u015bci by\u0142y bardziej prawdopodobne, aby zmniejszy\u0107 si\u0119 z wiekiem, podczas gdy objawy nieuwagi by\u0142y prawdopodobne, aby utrzyma\u0107.<\/p><\/blockquote>\n<h4>Zdiagnozowany w p\u00f3\u017aniejszym wieku<\/h4>\n<p>Wiele os\u00f3b z ADHD mog\u0105 nie by\u0107 zdiagnozowane a\u017c ich nastolatk\u00f3w lub doros\u0142ych lat. Jest to szczeg\u00f3lnie prawdziwe w przypadku os\u00f3b z przewag\u0105 objaw\u00f3w nieuwa\u017cnych, kt\u00f3re s\u0105 mniej uci\u0105\u017cliwe i jawne w por\u00f3wnaniu z objawami impulsywnymi\/hiperaktywnymi.<\/p>\n<p>Dziewcz\u0119ta i kobiety, w szczeg\u00f3lno\u015bci, s\u0105 bardziej nara\u017cone na nieuwa\u017cny typ ADHD. Oznacza to cz\u0119sto, \u017ce s\u0105 one zdiagnozowane w p\u00f3\u017aniejszym okresie \u017cycia. Badania sugeruj\u0105, \u017ce poniewa\u017c te objawy s\u0105 mniej zauwa\u017calne, dziewcz\u0119ta rozwijaj\u0105 strategie radzenia sobie, aby pom\u00f3c ukry\u0107 swoje objawy.<\/p>\n<p>Chocia\u017c dzieci mog\u0105 by\u0107 w stanie skutecznie zarz\u0105dza\u0107 objawy, nastolatek i doros\u0142ych lat przynie\u015b\u0107 na zwi\u0119kszone wymagania dla trwa\u0142ej uwagi, planowania, organizacji i zarz\u0105dzania sob\u0105, kt\u00f3re mog\u0105 sprawi\u0107, \u017ce radzenie sobie z ADHD coraz trudniejsze.<\/p>\n<blockquote><p>Osoby, kt\u00f3re zosta\u0142y zdiagnozowane jako nastolatki lub doro\u015bli mog\u0105 znale\u017a\u0107 poczucie ulgi w diagnozie, kt\u00f3ra wyja\u015bnia szeroki zakres wyzwa\u0144 przez ca\u0142e \u017cycie.<\/p><\/blockquote>\n<p>Szczeg\u00f3lnie pomocne mo\u017ce by\u0107 dowiedzenie si\u0119, \u017ce istniej\u0105 zar\u00f3wno zabiegi medyczne, jak i strategie, kt\u00f3re mog\u0105 przynie\u015b\u0107 pozytywne zmiany. Ponadto, posiadanie diagnozy mo\u017ce otworzy\u0107 drzwi do pomocnych rozm\u00f3w z rodzicami, przyjaci\u00f3\u0142mi i partnerami.<\/p>\n<h4>Nastolatki z ADHD<\/h4>\n<p>Nastolatki z nieleczonym ADHD maj\u0105 niewiele narz\u0119dzi i zasob\u00f3w do zarz\u0105dzania swoimi objawami. W rezultacie, s\u0105 one bardziej prawdopodobne ni\u017c ich typowych r\u00f3wie\u015bnik\u00f3w, aby mie\u0107 trudno\u015bci z \u017conglerki wielu klas i zaj\u0119\u0107 pozalekcyjnych.<\/p>\n<p>Podobnie jak inne nastolatki, nastolatki z ADHD oddzielaj\u0105 si\u0119 od rodziny i staj\u0105 si\u0119 bardziej niezale\u017cne &#8211; ale z mniejsz\u0105 ilo\u015bci\u0105 wewn\u0119trznych ogranicze\u0144, nastolatki z ADHD s\u0105 bardziej sk\u0142onne do anga\u017cowania si\u0119 w ryzykowne zachowania. Wszystkie te wyzwania mog\u0105 prowadzi\u0107 do uraz\u00f3w i \/ lub obni\u017conej samooceny.<\/p>\n<blockquote><p>Nastolatki z nieleczonym ADHD s\u0105 bardziej nara\u017cone na cz\u0119stsze wypadki drogowe, s\u0142abe osi\u0105gni\u0119cia w szkole\/pracy, problemy w relacjach, a nawet nadu\u017cywanie substancji.<\/p><\/blockquote>\n<h4>Doro\u015bli z ADHD<\/h4>\n<p>Naukowcy odkryli r\u00f3wnie\u017c, \u017ce strukturalne r\u00f3\u017cnice w m\u00f3zgu utrzymuj\u0105 si\u0119 w wieku doros\u0142ym, nawet w przypadkach, gdy osoby wcze\u015bniej zdiagnozowane z ADHD nie spe\u0142nia\u0142y ju\u017c kryteri\u00f3w diagnostycznych dla tego zaburzenia.<\/p>\n<p>Takie ustalenia sugeruj\u0105, \u017ce podczas gdy objawy ADHD mog\u0105 sta\u0107 si\u0119 mniej widoczne, gdy kto\u015b si\u0119 starzeje, mo\u017ce nadal do\u015bwiadcza\u0107 r\u00f3\u017cnych r\u00f3\u017cnic neurologicznych, kt\u00f3re mog\u0105 wp\u0142ywa\u0107 na zachowanie na r\u00f3\u017cne sposoby.<\/p>\n<p>Objawy w doros\u0142o\u015bci mog\u0105 by\u0107 bardziej zr\u00f3\u017cnicowane i obecne w bardziej subtelnych sposob\u00f3w &#8211; niekt\u00f3re przyk\u0142ady obejmuj\u0105:<\/p>\n<ul>\n<li>Dezorganizacja<\/li>\n<li>Impulsywne podejmowanie decyzji<\/li>\n<li>Wewn\u0119trzny niepok\u00f3j<\/li>\n<li>B\u0142\u0105dz\u0105ca uwaga<\/li>\n<li>Odwlekanie<\/li>\n<\/ul>\n<p>Chocia\u017c objawy mog\u0105 by\u0107 mniej widoczne, mog\u0105 by\u0107 tak samo upo\u015bledzaj\u0105ce. Na przyk\u0142ad, doro\u015bli z ADHD mog\u0105 mie\u0107 trudno\u015bci z zarz\u0105dzaniem zadaniami w pracy lub reagowa\u0107 impulsywnie w sytuacjach wymagaj\u0105cych pow\u015bci\u0105gliwo\u015bci i taktu. Mo\u017ce to prowadzi\u0107 do cz\u0119stszych zmian pracy lub bezrobocia. Mog\u0105 r\u00f3wnie\u017c mie\u0107 trudno\u015bci z utrzymaniem d\u0142ugoterminowych przyja\u017ani i zwi\u0105zk\u00f3w romantycznych.<\/p>\n<blockquote><p><strong>Czy ADHD pogarsza si\u0119 z wiekiem?<\/strong><\/p>\n<p>Objawy mog\u0105 wp\u0142ywa\u0107 na doros\u0142ych inaczej, ale zazwyczaj nie pogarszaj\u0105 si\u0119 z wiekiem. Doro\u015bli maj\u0105 r\u00f3wnie\u017c zazwyczaj wi\u0119cej umiej\u0119tno\u015bci radzenia sobie i zasob\u00f3w do zarz\u0105dzania objawami z wiekiem.<\/p><\/blockquote>\n<h4>Wi\u0119cej informacji<\/h4>\n<ul>\n<li><em>verywellmind.com\/do-kids-outgrow-adhd-20509<\/em><\/li>\n<\/ul>\n","protected":false},"excerpt":{"rendered":"<p>ADHD nie odchodzi, zazwyczaj. Kiedy\u015b s\u0105dzono, \u017ce dzieci wyrosn\u0105 z ADHD jak si\u0119 rozwin\u0105 i dojrzej\u0105. Teraz wiemy, \u017ce objawy ADHD mo\u017ce trwa\u0107 w okresie&#8230;<\/p>\n","protected":false},"author":1,"featured_media":1825,"comment_status":"closed","ping_status":"open","sticky":false,"template":"","format":"standard","meta":[],"categories":[37],"tags":[732,733,734],"yoast_head":"<!-- This site is optimized with the Yoast SEO plugin v18.1 - https:\/\/yoast.com\/wordpress\/plugins\/seo\/ -->\n<title>Czy dzieci z ADHD staj\u0105 si\u0119 doros\u0142ymi z ADHD? - Diagnostyka Umys\u0142u<\/title>\n<meta name=\"robots\" content=\"index, follow, max-snippet:-1, max-image-preview:large, max-video-preview:-1\" \/>\n<link rel=\"canonical\" href=\"https:\/\/www.diagnostyka-umyslu.pl\/blog\/adhd\/czy-dzieci-z-adhd-staja-sie-doroslymi-z-adhd\/\" \/>\n<meta property=\"og:locale\" content=\"pl_PL\" \/>\n<meta property=\"og:type\" content=\"article\" \/>\n<meta property=\"og:title\" content=\"Czy dzieci z ADHD staj\u0105 si\u0119 doros\u0142ymi z ADHD? - Diagnostyka Umys\u0142u\" \/>\n<meta property=\"og:description\" content=\"ADHD nie odchodzi, zazwyczaj. Kiedy\u015b s\u0105dzono, \u017ce dzieci wyrosn\u0105 z ADHD jak si\u0119 rozwin\u0105 i dojrzej\u0105. Teraz wiemy, \u017ce objawy ADHD mo\u017ce trwa\u0107 w okresie...\" \/>\n<meta property=\"og:url\" content=\"https:\/\/www.diagnostyka-umyslu.pl\/blog\/adhd\/czy-dzieci-z-adhd-staja-sie-doroslymi-z-adhd\/\" \/>\n<meta property=\"og:site_name\" content=\"Diagnostyka Umys\u0142u\" \/>\n<meta property=\"article:published_time\" content=\"2022-07-18T06:00:52+00:00\" \/>\n<meta property=\"article:modified_time\" content=\"2022-07-08T19:29:35+00:00\" \/>\n<meta property=\"og:image\" content=\"https:\/\/www.diagnostyka-umyslu.pl\/blog\/wp-content\/uploads\/2022\/07\/bg_top_default.jpg\" \/>\n\t<meta property=\"og:image:width\" content=\"840\" \/>\n\t<meta property=\"og:image:height\" content=\"202\" \/>\n\t<meta property=\"og:image:type\" content=\"image\/jpeg\" \/>\n<meta name=\"twitter:card\" content=\"summary_large_image\" \/>\n<meta name=\"twitter:label1\" content=\"Napisane przez\" \/>\n\t<meta name=\"twitter:data1\" content=\"Diagnostyka Umys\u0142u\" \/>\n\t<meta name=\"twitter:label2\" content=\"Szacowany czas czytania\" \/>\n\t<meta name=\"twitter:data2\" content=\"6 minut\" \/>\n<script type=\"application\/ld+json\" class=\"yoast-schema-graph\">{\"@context\":\"https:\/\/schema.org\",\"@graph\":[{\"@type\":\"Organization\",\"@id\":\"https:\/\/www.diagnostyka-umyslu.pl\/blog\/#organization\",\"name\":\"Diagnostyka Umys\u0142u\",\"url\":\"https:\/\/www.diagnostyka-umyslu.pl\/blog\/\",\"sameAs\":[],\"logo\":{\"@type\":\"ImageObject\",\"@id\":\"https:\/\/www.diagnostyka-umyslu.pl\/blog\/#logo\",\"inLanguage\":\"pl-PL\",\"url\":\"https:\/\/www.diagnostyka-umyslu.pl\/blog\/wp-content\/uploads\/2021\/05\/logo.png\",\"contentUrl\":\"https:\/\/www.diagnostyka-umyslu.pl\/blog\/wp-content\/uploads\/2021\/05\/logo.png\",\"width\":236,\"height\":81,\"caption\":\"Diagnostyka Umys\u0142u\"},\"image\":{\"@id\":\"https:\/\/www.diagnostyka-umyslu.pl\/blog\/#logo\"}},{\"@type\":\"WebSite\",\"@id\":\"https:\/\/www.diagnostyka-umyslu.pl\/blog\/#website\",\"url\":\"https:\/\/www.diagnostyka-umyslu.pl\/blog\/\",\"name\":\"Diagnostyka Umys\u0142u\",\"description\":\"Blog o zaburzeniach umys\u0142u\",\"publisher\":{\"@id\":\"https:\/\/www.diagnostyka-umyslu.pl\/blog\/#organization\"},\"potentialAction\":[{\"@type\":\"SearchAction\",\"target\":{\"@type\":\"EntryPoint\",\"urlTemplate\":\"https:\/\/www.diagnostyka-umyslu.pl\/blog\/?s={search_term_string}\"},\"query-input\":\"required name=search_term_string\"}],\"inLanguage\":\"pl-PL\"},{\"@type\":\"ImageObject\",\"@id\":\"https:\/\/www.diagnostyka-umyslu.pl\/blog\/adhd\/czy-dzieci-z-adhd-staja-sie-doroslymi-z-adhd\/#primaryimage\",\"inLanguage\":\"pl-PL\",\"url\":\"https:\/\/www.diagnostyka-umyslu.pl\/blog\/wp-content\/uploads\/2022\/07\/bg_top_default.jpg\",\"contentUrl\":\"https:\/\/www.diagnostyka-umyslu.pl\/blog\/wp-content\/uploads\/2022\/07\/bg_top_default.jpg\",\"width\":840,\"height\":202},{\"@type\":\"WebPage\",\"@id\":\"https:\/\/www.diagnostyka-umyslu.pl\/blog\/adhd\/czy-dzieci-z-adhd-staja-sie-doroslymi-z-adhd\/#webpage\",\"url\":\"https:\/\/www.diagnostyka-umyslu.pl\/blog\/adhd\/czy-dzieci-z-adhd-staja-sie-doroslymi-z-adhd\/\",\"name\":\"Czy dzieci z ADHD staj\u0105 si\u0119 doros\u0142ymi z ADHD? - Diagnostyka Umys\u0142u\",\"isPartOf\":{\"@id\":\"https:\/\/www.diagnostyka-umyslu.pl\/blog\/#website\"},\"primaryImageOfPage\":{\"@id\":\"https:\/\/www.diagnostyka-umyslu.pl\/blog\/adhd\/czy-dzieci-z-adhd-staja-sie-doroslymi-z-adhd\/#primaryimage\"},\"datePublished\":\"2022-07-18T06:00:52+00:00\",\"dateModified\":\"2022-07-08T19:29:35+00:00\",\"breadcrumb\":{\"@id\":\"https:\/\/www.diagnostyka-umyslu.pl\/blog\/adhd\/czy-dzieci-z-adhd-staja-sie-doroslymi-z-adhd\/#breadcrumb\"},\"inLanguage\":\"pl-PL\",\"potentialAction\":[{\"@type\":\"ReadAction\",\"target\":[\"https:\/\/www.diagnostyka-umyslu.pl\/blog\/adhd\/czy-dzieci-z-adhd-staja-sie-doroslymi-z-adhd\/\"]}]},{\"@type\":\"BreadcrumbList\",\"@id\":\"https:\/\/www.diagnostyka-umyslu.pl\/blog\/adhd\/czy-dzieci-z-adhd-staja-sie-doroslymi-z-adhd\/#breadcrumb\",\"itemListElement\":[{\"@type\":\"ListItem\",\"position\":1,\"name\":\"Strona g\u0142\u00f3wna\",\"item\":\"https:\/\/www.diagnostyka-umyslu.pl\/blog\/\"},{\"@type\":\"ListItem\",\"position\":2,\"name\":\"ADHD\",\"item\":\"https:\/\/www.diagnostyka-umyslu.pl\/blog\/adhd\/\"},{\"@type\":\"ListItem\",\"position\":3,\"name\":\"Czy dzieci z ADHD staj\u0105 si\u0119 doros\u0142ymi z ADHD?\"}]},{\"@type\":\"Article\",\"@id\":\"https:\/\/www.diagnostyka-umyslu.pl\/blog\/adhd\/czy-dzieci-z-adhd-staja-sie-doroslymi-z-adhd\/#article\",\"isPartOf\":{\"@id\":\"https:\/\/www.diagnostyka-umyslu.pl\/blog\/adhd\/czy-dzieci-z-adhd-staja-sie-doroslymi-z-adhd\/#webpage\"},\"author\":{\"@id\":\"https:\/\/www.diagnostyka-umyslu.pl\/blog\/#\/schema\/person\/8eb1bcaf59fea75c780c11946f4e3490\"},\"headline\":\"Czy dzieci z ADHD staj\u0105 si\u0119 doros\u0142ymi z ADHD?\",\"datePublished\":\"2022-07-18T06:00:52+00:00\",\"dateModified\":\"2022-07-08T19:29:35+00:00\",\"mainEntityOfPage\":{\"@id\":\"https:\/\/www.diagnostyka-umyslu.pl\/blog\/adhd\/czy-dzieci-z-adhd-staja-sie-doroslymi-z-adhd\/#webpage\"},\"wordCount\":1085,\"publisher\":{\"@id\":\"https:\/\/www.diagnostyka-umyslu.pl\/blog\/#organization\"},\"image\":{\"@id\":\"https:\/\/www.diagnostyka-umyslu.pl\/blog\/adhd\/czy-dzieci-z-adhd-staja-sie-doroslymi-z-adhd\/#primaryimage\"},\"thumbnailUrl\":\"https:\/\/www.diagnostyka-umyslu.pl\/blog\/wp-content\/uploads\/2022\/07\/bg_top_default.jpg\",\"keywords\":[\"Czy ADHD pogarsza si\u0119 z wiekiem?\",\"Doro\u015bli z ADHD\",\"Nastolatki z ADHD\"],\"articleSection\":[\"ADHD\"],\"inLanguage\":\"pl-PL\"},{\"@type\":\"Person\",\"@id\":\"https:\/\/www.diagnostyka-umyslu.pl\/blog\/#\/schema\/person\/8eb1bcaf59fea75c780c11946f4e3490\",\"name\":\"Diagnostyka Umys\u0142u\",\"image\":{\"@type\":\"ImageObject\",\"@id\":\"https:\/\/www.diagnostyka-umyslu.pl\/blog\/#personlogo\",\"inLanguage\":\"pl-PL\",\"url\":\"https:\/\/secure.gravatar.com\/avatar\/6743211f010801ea26aa9423a2daab37?s=96&d=mm&r=g\",\"contentUrl\":\"https:\/\/secure.gravatar.com\/avatar\/6743211f010801ea26aa9423a2daab37?s=96&d=mm&r=g\",\"caption\":\"Diagnostyka Umys\u0142u\"},\"sameAs\":[\"https:\/\/www.diagnostyka-umyslu.pl\/blog\"],\"url\":\"https:\/\/www.diagnostyka-umyslu.pl\/blog\/author\/diagnostyka-umyslu\/\"}]}<\/script>\n<!-- \/ Yoast SEO plugin. -->","yoast_head_json":{"title":"Czy dzieci z ADHD staj\u0105 si\u0119 doros\u0142ymi z ADHD? - Diagnostyka Umys\u0142u","robots":{"index":"index","follow":"follow","max-snippet":"max-snippet:-1","max-image-preview":"max-image-preview:large","max-video-preview":"max-video-preview:-1"},"canonical":"https:\/\/www.diagnostyka-umyslu.pl\/blog\/adhd\/czy-dzieci-z-adhd-staja-sie-doroslymi-z-adhd\/","og_locale":"pl_PL","og_type":"article","og_title":"Czy dzieci z ADHD staj\u0105 si\u0119 doros\u0142ymi z ADHD? - Diagnostyka Umys\u0142u","og_description":"ADHD nie odchodzi, zazwyczaj. Kiedy\u015b s\u0105dzono, \u017ce dzieci wyrosn\u0105 z ADHD jak si\u0119 rozwin\u0105 i dojrzej\u0105. Teraz wiemy, \u017ce objawy ADHD mo\u017ce trwa\u0107 w okresie...","og_url":"https:\/\/www.diagnostyka-umyslu.pl\/blog\/adhd\/czy-dzieci-z-adhd-staja-sie-doroslymi-z-adhd\/","og_site_name":"Diagnostyka Umys\u0142u","article_published_time":"2022-07-18T06:00:52+00:00","article_modified_time":"2022-07-08T19:29:35+00:00","og_image":[{"width":840,"height":202,"url":"https:\/\/www.diagnostyka-umyslu.pl\/blog\/wp-content\/uploads\/2022\/07\/bg_top_default.jpg","type":"image\/jpeg"}],"twitter_card":"summary_large_image","twitter_misc":{"Napisane przez":"Diagnostyka Umys\u0142u","Szacowany czas czytania":"6 minut"},"schema":{"@context":"https:\/\/schema.org","@graph":[{"@type":"Organization","@id":"https:\/\/www.diagnostyka-umyslu.pl\/blog\/#organization","name":"Diagnostyka Umys\u0142u","url":"https:\/\/www.diagnostyka-umyslu.pl\/blog\/","sameAs":[],"logo":{"@type":"ImageObject","@id":"https:\/\/www.diagnostyka-umyslu.pl\/blog\/#logo","inLanguage":"pl-PL","url":"https:\/\/www.diagnostyka-umyslu.pl\/blog\/wp-content\/uploads\/2021\/05\/logo.png","contentUrl":"https:\/\/www.diagnostyka-umyslu.pl\/blog\/wp-content\/uploads\/2021\/05\/logo.png","width":236,"height":81,"caption":"Diagnostyka Umys\u0142u"},"image":{"@id":"https:\/\/www.diagnostyka-umyslu.pl\/blog\/#logo"}},{"@type":"WebSite","@id":"https:\/\/www.diagnostyka-umyslu.pl\/blog\/#website","url":"https:\/\/www.diagnostyka-umyslu.pl\/blog\/","name":"Diagnostyka Umys\u0142u","description":"Blog o zaburzeniach umys\u0142u","publisher":{"@id":"https:\/\/www.diagnostyka-umyslu.pl\/blog\/#organization"},"potentialAction":[{"@type":"SearchAction","target":{"@type":"EntryPoint","urlTemplate":"https:\/\/www.diagnostyka-umyslu.pl\/blog\/?s={search_term_string}"},"query-input":"required name=search_term_string"}],"inLanguage":"pl-PL"},{"@type":"ImageObject","@id":"https:\/\/www.diagnostyka-umyslu.pl\/blog\/adhd\/czy-dzieci-z-adhd-staja-sie-doroslymi-z-adhd\/#primaryimage","inLanguage":"pl-PL","url":"https:\/\/www.diagnostyka-umyslu.pl\/blog\/wp-content\/uploads\/2022\/07\/bg_top_default.jpg","contentUrl":"https:\/\/www.diagnostyka-umyslu.pl\/blog\/wp-content\/uploads\/2022\/07\/bg_top_default.jpg","width":840,"height":202},{"@type":"WebPage","@id":"https:\/\/www.diagnostyka-umyslu.pl\/blog\/adhd\/czy-dzieci-z-adhd-staja-sie-doroslymi-z-adhd\/#webpage","url":"https:\/\/www.diagnostyka-umyslu.pl\/blog\/adhd\/czy-dzieci-z-adhd-staja-sie-doroslymi-z-adhd\/","name":"Czy dzieci z ADHD staj\u0105 si\u0119 doros\u0142ymi z ADHD? - Diagnostyka Umys\u0142u","isPartOf":{"@id":"https:\/\/www.diagnostyka-umyslu.pl\/blog\/#website"},"primaryImageOfPage":{"@id":"https:\/\/www.diagnostyka-umyslu.pl\/blog\/adhd\/czy-dzieci-z-adhd-staja-sie-doroslymi-z-adhd\/#primaryimage"},"datePublished":"2022-07-18T06:00:52+00:00","dateModified":"2022-07-08T19:29:35+00:00","breadcrumb":{"@id":"https:\/\/www.diagnostyka-umyslu.pl\/blog\/adhd\/czy-dzieci-z-adhd-staja-sie-doroslymi-z-adhd\/#breadcrumb"},"inLanguage":"pl-PL","potentialAction":[{"@type":"ReadAction","target":["https:\/\/www.diagnostyka-umyslu.pl\/blog\/adhd\/czy-dzieci-z-adhd-staja-sie-doroslymi-z-adhd\/"]}]},{"@type":"BreadcrumbList","@id":"https:\/\/www.diagnostyka-umyslu.pl\/blog\/adhd\/czy-dzieci-z-adhd-staja-sie-doroslymi-z-adhd\/#breadcrumb","itemListElement":[{"@type":"ListItem","position":1,"name":"Strona g\u0142\u00f3wna","item":"https:\/\/www.diagnostyka-umyslu.pl\/blog\/"},{"@type":"ListItem","position":2,"name":"ADHD","item":"https:\/\/www.diagnostyka-umyslu.pl\/blog\/adhd\/"},{"@type":"ListItem","position":3,"name":"Czy dzieci z ADHD staj\u0105 si\u0119 doros\u0142ymi z ADHD?"}]},{"@type":"Article","@id":"https:\/\/www.diagnostyka-umyslu.pl\/blog\/adhd\/czy-dzieci-z-adhd-staja-sie-doroslymi-z-adhd\/#article","isPartOf":{"@id":"https:\/\/www.diagnostyka-umyslu.pl\/blog\/adhd\/czy-dzieci-z-adhd-staja-sie-doroslymi-z-adhd\/#webpage"},"author":{"@id":"https:\/\/www.diagnostyka-umyslu.pl\/blog\/#\/schema\/person\/8eb1bcaf59fea75c780c11946f4e3490"},"headline":"Czy dzieci z ADHD staj\u0105 si\u0119 doros\u0142ymi z ADHD?","datePublished":"2022-07-18T06:00:52+00:00","dateModified":"2022-07-08T19:29:35+00:00","mainEntityOfPage":{"@id":"https:\/\/www.diagnostyka-umyslu.pl\/blog\/adhd\/czy-dzieci-z-adhd-staja-sie-doroslymi-z-adhd\/#webpage"},"wordCount":1085,"publisher":{"@id":"https:\/\/www.diagnostyka-umyslu.pl\/blog\/#organization"},"image":{"@id":"https:\/\/www.diagnostyka-umyslu.pl\/blog\/adhd\/czy-dzieci-z-adhd-staja-sie-doroslymi-z-adhd\/#primaryimage"},"thumbnailUrl":"https:\/\/www.diagnostyka-umyslu.pl\/blog\/wp-content\/uploads\/2022\/07\/bg_top_default.jpg","keywords":["Czy ADHD pogarsza si\u0119 z wiekiem?","Doro\u015bli z ADHD","Nastolatki z ADHD"],"articleSection":["ADHD"],"inLanguage":"pl-PL"},{"@type":"Person","@id":"https:\/\/www.diagnostyka-umyslu.pl\/blog\/#\/schema\/person\/8eb1bcaf59fea75c780c11946f4e3490","name":"Diagnostyka Umys\u0142u","image":{"@type":"ImageObject","@id":"https:\/\/www.diagnostyka-umyslu.pl\/blog\/#personlogo","inLanguage":"pl-PL","url":"https:\/\/secure.gravatar.com\/avatar\/6743211f010801ea26aa9423a2daab37?s=96&d=mm&r=g","contentUrl":"https:\/\/secure.gravatar.com\/avatar\/6743211f010801ea26aa9423a2daab37?s=96&d=mm&r=g","caption":"Diagnostyka Umys\u0142u"},"sameAs":["https:\/\/www.diagnostyka-umyslu.pl\/blog"],"url":"https:\/\/www.diagnostyka-umyslu.pl\/blog\/author\/diagnostyka-umyslu\/"}]}},"amp_enabled":true,"_links":{"self":[{"href":"https:\/\/www.diagnostyka-umyslu.pl\/blog\/wp-json\/wp\/v2\/posts\/1687"}],"collection":[{"href":"https:\/\/www.diagnostyka-umyslu.pl\/blog\/wp-json\/wp\/v2\/posts"}],"about":[{"href":"https:\/\/www.diagnostyka-umyslu.pl\/blog\/wp-json\/wp\/v2\/types\/post"}],"author":[{"embeddable":true,"href":"https:\/\/www.diagnostyka-umyslu.pl\/blog\/wp-json\/wp\/v2\/users\/1"}],"replies":[{"embeddable":true,"href":"https:\/\/www.diagnostyka-umyslu.pl\/blog\/wp-json\/wp\/v2\/comments?post=1687"}],"version-history":[{"count":3,"href":"https:\/\/www.diagnostyka-umyslu.pl\/blog\/wp-json\/wp\/v2\/posts\/1687\/revisions"}],"predecessor-version":[{"id":2244,"href":"https:\/\/www.diagnostyka-umyslu.pl\/blog\/wp-json\/wp\/v2\/posts\/1687\/revisions\/2244"}],"wp:featuredmedia":[{"embeddable":true,"href":"https:\/\/www.diagnostyka-umyslu.pl\/blog\/wp-json\/wp\/v2\/media\/1825"}],"wp:attachment":[{"href":"https:\/\/www.diagnostyka-umyslu.pl\/blog\/wp-json\/wp\/v2\/media?parent=1687"}],"wp:term":[{"taxonomy":"category","embeddable":true,"href":"https:\/\/www.diagnostyka-umyslu.pl\/blog\/wp-json\/wp\/v2\/categories?post=1687"},{"taxonomy":"post_tag","embeddable":true,"href":"https:\/\/www.diagnostyka-umyslu.pl\/blog\/wp-json\/wp\/v2\/tags?post=1687"}],"curies":[{"name":"wp","href":"https:\/\/api.w.org\/{rel}","templated":true}]}}