{"id":1703,"date":"2022-07-23T08:00:50","date_gmt":"2022-07-23T06:00:50","guid":{"rendered":"https:\/\/www.diagnostyka-umyslu.pl\/blog\/?p=1703"},"modified":"2022-07-08T21:32:33","modified_gmt":"2022-07-08T19:32:33","slug":"czy-adhd-pogarsza-sie-z-wiekiem","status":"publish","type":"post","link":"https:\/\/www.diagnostyka-umyslu.pl\/blog\/adhd\/czy-adhd-pogarsza-sie-z-wiekiem\/","title":{"rendered":"Czy ADHD pogarsza si\u0119 z wiekiem?"},"content":{"rendered":"<p>Dla niekt\u00f3rych os\u00f3b z ADHD istnieje obawa, \u017ce objawy b\u0119d\u0105 si\u0119 pogarsza\u0107 z wiekiem. Jest to uzasadniona obawa, poniewa\u017c badania wykaza\u0142y, \u017ce <a href=\"https:\/\/www.diagnostyka-umyslu.pl\/test-na-adhd\">objawy ADHD<\/a> maj\u0105 tendencj\u0119 do utrzymania si\u0119 w doros\u0142o\u015bci w ponad 80% przypadk\u00f3w. Jednak warto r\u00f3wnie\u017c zauwa\u017cy\u0107, \u017ce wielu doros\u0142ych z ADHD znale\u017a\u0107 sposoby zarz\u0105dzania ich stan i \u017cy\u0107 udane \u017cycie.<\/p>\n<blockquote><p><strong>Czy ADHD pog\u0142\u0119bia si\u0119 z wiekiem?<\/strong><\/p>\n<p>Og\u00f3lnie nie uwa\u017ca si\u0119, \u017ce ADHD pogarsza si\u0119 z wiekiem. Czasami, zwi\u0119kszenie akademickich lub zawodowych wymaga\u0144, kt\u00f3re pochodz\u0105 z wiekiem mo\u017ce sprawi\u0107, \u017ce objawy ADHD bardziej widoczne u niekt\u00f3rych os\u00f3b. Istnieje wiele czynnik\u00f3w, kt\u00f3re mog\u0105 przyczyni\u0107 si\u0119 do tego, jak ADHD objawia si\u0119 u danej osoby, w tym genetyki, \u015brodowiska i wybor\u00f3w stylu \u017cycia.<\/p><\/blockquote>\n<p>Niekt\u00f3re wsp\u00f3lne objawy ADHD, kt\u00f3re mog\u0105 utrzymywa\u0107 si\u0119 w czasie to trudno\u015bci w zwracaniu uwagi, dezorganizacji i prokrastynacji. Objawy te mog\u0105 prowadzi\u0107 do problem\u00f3w w takich obszarach jak szko\u0142a, praca i relacje. Istniej\u0105 jednak strategie, kt\u00f3re mog\u0105 pom\u00f3c w zarz\u0105dzaniu tymi problemami. Doro\u015bli z ADHD mog\u0105 znale\u017a\u0107 pomoc od terapeut\u00f3w, trener\u00f3w i lek\u00f3w w razie potrzeby.<\/p>\n<p>Wa\u017cne jest, aby pami\u0119ta\u0107, \u017ce ADHD jest cz\u0119sto stanem na ca\u0142e \u017cycie. Jednak wa\u017cne jest r\u00f3wnie\u017c, aby zda\u0107 sobie spraw\u0119, \u017ce nie oznacza to, \u017ce \u017cycie jest automatycznie trudne dla doros\u0142ych z ADHD. Z odpowiednich narz\u0119dzi i wsparcia, to jest mo\u017cliwe, aby \u017cy\u0107 udane i satysfakcjonuj\u0105ce \u017cycie z ADHD.<\/p>\n<h4>Czy ADHD pogarsza si\u0119 z wiekiem, je\u015bli pozostawione bez leczenia?<\/h4>\n<p>Ludzie, kt\u00f3rzy maj\u0105 niezdiagnozowane i \/ lub nieleczone ADHD mo\u017ce znale\u017a\u0107, \u017ce ich objawy staj\u0105 si\u0119 bardziej widoczne, jak si\u0119 starze\u0107. Bez leczenia, objawy ADHD mo\u017ce prowadzi\u0107 do problem\u00f3w w takich dziedzinach jak praca, szko\u0142a i relacje, jak r\u00f3wnie\u017c obni\u017conej samooceny i funkcjonowania spo\u0142ecznego.<\/p>\n<blockquote><p>Doro\u015bli z nieleczonym ADHD mog\u0105 by\u0107 r\u00f3wnie\u017c bardziej nara\u017ceni na depresj\u0119, l\u0119k, nadu\u017cywanie substancji i zaburzenia osobowo\u015bci.<\/p><\/blockquote>\n<p>Wa\u017cne jest, aby uzyska\u0107 diagnoz\u0119 i leczenie ADHD, je\u015bli podejrzewasz, \u017ce mo\u017cesz mie\u0107 ten stan. Leczenie mo\u017ce pom\u00f3c zmniejszy\u0107 lub zarz\u0105dza\u0107 objawy ADHD, i mo\u017ce prowadzi\u0107 do lepszej jako\u015bci \u017cycia.<\/p>\n<p>Je\u015bli jeste\u015b zaniepokojony tym, jak ADHD mo\u017ce wp\u0142ywa\u0107 na swoje \u017cycie, porozmawiaj z lekarzem. Istnieje wiele zabieg\u00f3w dost\u0119pnych, kt\u00f3re mog\u0105 pom\u00f3c w zarz\u0105dzaniu stanem.<\/p>\n<h4>W jakim wieku ADHD osi\u0105ga szczyt?<\/h4>\n<p>Nie ma jednej odpowiedzi na to pytanie, poniewa\u017c wiek, w kt\u00f3rym objawy ADHD pogorszy\u0107 mo\u017ce r\u00f3\u017cni\u0107 si\u0119 od osoby do osoby. Jednak niekt\u00f3re badania sugeruj\u0105, \u017ce objawy ADHD mo\u017ce osi\u0105gn\u0105\u0107 szczyt w pewnym wieku.<\/p>\n<p>Jedno badanie przegl\u0105dowe opublikowane w czasopi\u015bmie Neuropediatrics wskaza\u0142o, \u017ce szczyt rozpowszechnienia ADHD mo\u017ce by\u0107 wy\u017cszy w pewnych grupach wiekowych, np. w\u015br\u00f3d 9-letnich ch\u0142opc\u00f3w. Natomiast rozpowszechnienie ADHD u doros\u0142ych oszacowano na 2,8%.<\/p>\n<h4>Co powoduje pogorszenie objaw\u00f3w ADHD?<\/h4>\n<p>Przyczyny objaw\u00f3w ADHD pojawiaj\u0105ce si\u0119 pogorszy\u0107 prawdopodobnie r\u00f3\u017cni\u0105 si\u0119 od osoby do osoby. Jednak istnieje kilka mo\u017cliwych wyja\u015bnie\u0144, dlaczego tak si\u0119 dzieje.<\/p>\n<blockquote><p>Z wiekiem ludzie mog\u0105 napotka\u0107 wi\u0119cej wyzwa\u0144 w swoim \u017cyciu. Mo\u017ce to obejmowa\u0107 takie rzeczy jak wej\u015bcie w nowe etapy rozwoju, takie jak dorastanie lub doros\u0142o\u015b\u0107, zwi\u0119kszony poziom stresu i konkurencyjne wymagania dotycz\u0105ce czasu, takie jak praca i obowi\u0105zki rodzinne. Te wyzwania mog\u0105 pogorszy\u0107 objawy ADHD u niekt\u00f3rych os\u00f3b.<\/p><\/blockquote>\n<p>Wa\u017cne jest, aby porozmawia\u0107 z lekarzem, je\u015bli do\u015bwiadczasz pogorszenia <strong>objaw\u00f3w ADHD<\/strong>. Mog\u0105 one pom\u00f3c okre\u015bli\u0107 przyczyn\u0119 i wymy\u015bli\u0107 plan leczenia, kt\u00f3ry dzia\u0142a najlepiej dla Ciebie.<\/p>\n<h4>Czy typ ADHD mo\u017ce zmieni\u0107 si\u0119 z wiekiem?<\/h4>\n<p>Istniej\u0105 trzy g\u0142\u00f3wne typy ADHD: nieuwa\u017cny, hiperaktywny-impulsywny, i po\u0142\u0105czone. Niekt\u00f3re badania sugeruj\u0105, \u017ce typ ADHD mo\u017ce zmieni\u0107 si\u0119 wraz z wiekiem.<\/p>\n<p>Wed\u0142ug Centers for Disease Control and Prevention (CDC), &#8220;Poniewa\u017c objawy mog\u0105 zmienia\u0107 si\u0119 w czasie, prezentacja mo\u017ce zmieni\u0107 si\u0119 w czasie, jak r\u00f3wnie\u017c. &#8221;<\/p>\n<p>Wa\u017cne jest, aby zauwa\u017cy\u0107, \u017ce nie ka\u017cdy z ADHD do\u015bwiadczy zmiany ich typu. Je\u015bli obawiasz si\u0119, \u017ce tw\u00f3j typ ADHD zmieni\u0142 si\u0119, wa\u017cne jest, aby porozmawia\u0107 z lekarzem.<\/p>\n<h4>Zarz\u0105dzanie ADHD wraz z wiekiem<\/h4>\n<p>ADHD mo\u017ce stanowi\u0107 wyj\u0105tkowe wyzwania, gdy ludzie si\u0119 starzej\u0105. Z tego powodu, wa\u017cne jest, aby rozwija\u0107 strategie radzenia sobie z zarz\u0105dzaniem objaw\u00f3w.<\/p>\n<p>Niekt\u00f3re sposoby zarz\u0105dzania ADHD w wieku obejmuj\u0105:<\/p>\n<ul>\n<li>Sporz\u0105dzanie listy rzeczy, kt\u00f3re musisz zrobi\u0107 i skre\u015blanie ich w miar\u0119 ich realizacji. To mo\u017ce pom\u00f3c Ci zachowa\u0107 organizacj\u0119 i unikn\u0105\u0107 uczucia przyt\u0142oczenia.<\/li>\n<li>Rozbijanie wi\u0119kszych zada\u0144 na mniejsze, bardziej wykonalne kroki. Mo\u017ce to pom\u00f3c zmniejszy\u0107 stres i poprawi\u0107 koncentracj\u0119.<\/li>\n<li>Wyznaczanie realistycznych cel\u00f3w. Wa\u017cne jest, aby pami\u0119ta\u0107, \u017ce nie wszystko mo\u017cna osi\u0105gn\u0105\u0107 w ci\u0105gu jednego dnia. Wyznacz sobie tempo i ustal cele, kt\u00f3re s\u0105 osi\u0105galne.<\/li>\n<li>Znajdowanie sposob\u00f3w na zarz\u0105dzanie stresem. Joga, medytacja, pisanie dziennika i \u0107wiczenia g\u0142\u0119bokiego oddychania mog\u0105 by\u0107 pomocne w radzeniu sobie ze stresem.<\/li>\n<li>Omawianie swojego stanu z bliskimi. Niech Twoi bliscy wiedz\u0105 o swoim ADHD i co mog\u0105 zrobi\u0107, aby pom\u00f3c Ci wspiera\u0107 mo\u017ce by\u0107 pomocne.<\/li>\n<li>Praca z terapeut\u0105. Terapeuta mo\u017ce pom\u00f3c rozwin\u0105\u0107 strategie radzenia sobie z problemami i zaj\u0105\u0107 si\u0119 wyzwaniami, kt\u00f3re mog\u0105 pojawi\u0107 si\u0119 w \u017cyciu.<\/li>\n<li>Uzyska\u0107 diagnoz\u0119 i leczenie. Najlepszym sposobem na zarz\u0105dzanie objawami ADHD jest uzyskanie w\u0142a\u015bciwej diagnozy i leczenia. Mo\u017ce to obejmowa\u0107 leki, terapi\u0119 lub zmiany stylu \u017cycia.<\/li>\n<li>Poprzez uzyskanie leczenia, mo\u017cna pom\u00f3c zmniejszy\u0107 lub zarz\u0105dza\u0107 objawy ADHD i poprawi\u0107 jako\u015b\u0107 \u017cycia.<\/li>\n<li>Stw\u00f3rz codzienn\u0105 rutyn\u0119. Posiadanie regularnej rutyny mo\u017ce pom\u00f3c w zarz\u0105dzaniu objawami ADHD. Mo\u017ce to obejmowa\u0107 takie rzeczy, jak ustalenie limit\u00f3w czasowych dla zada\u0144, podzia\u0142 du\u017cych projekt\u00f3w na mniejsze kroki, i planowanie regularnych przerw w ci\u0105gu dnia.<\/li>\n<li>Ustali\u0107 priorytety zada\u0144. Kiedy masz ADHD, mo\u017ce by\u0107 trudno skupi\u0107 si\u0119 na zadaniach, kt\u00f3re nie s\u0105 dla Ciebie wa\u017cne. Aby pom\u00f3c przezwyci\u0119\u017cy\u0107 ten problem, spr\u00f3buj ustali\u0107 priorytety zada\u0144 i skupi\u0107 si\u0119 najpierw na tych najwa\u017cniejszych.<\/li>\n<li>Korzystaj z narz\u0119dzi i udogodnie\u0144. Istniej\u0105 r\u00f3\u017cne narz\u0119dzia i zakwaterowania, kt\u00f3re mog\u0105 pom\u00f3c osobom z ADHD zarz\u0105dza\u0107 ich objawy. Nale\u017c\u0105 do nich takie rzeczy jak planer, timer, i listy zada\u0144. Zapytaj swojego lekarza lub terapeuty o zalecenia.<\/li>\n<li>Zorganizuj si\u0119. Jednym z najwi\u0119kszych wyzwa\u0144 dla os\u00f3b z ADHD jest pobyt zorganizowany. Aby pom\u00f3c przezwyci\u0119\u017cy\u0107 ten problem, spr\u00f3buj stworzy\u0107 system organizacji swoich rzeczy i trzyma\u0107 wszystkie swoje materia\u0142y w jednym miejscu.<\/li>\n<li>Pozosta\u0144 pozytywny. Wa\u017cne jest, aby pami\u0119ta\u0107, \u017ce ADHD jest stanem, kt\u00f3ry mo\u017cna zarz\u0105dza\u0107. Z w\u0142a\u015bciwego leczenia i strategii radzenia sobie, mo\u017cna \u017cy\u0107 w pe\u0142ni i produktywne \u017cycie.<\/li>\n<li>Pozosta\u0144 pozytywny i nie pozw\u00f3l, aby ADHD trzyma\u0107 ci\u0119 z ty\u0142u.<\/li>\n<\/ul>\n<h4>Wi\u0119cej informacji<\/h4>\n<ul>\n<li><em>verywellmind.com\/does-adhd-get-worse-with-age-5221299<\/em><\/li>\n<\/ul>\n","protected":false},"excerpt":{"rendered":"<p>Dla niekt\u00f3rych os\u00f3b z ADHD istnieje obawa, \u017ce objawy b\u0119d\u0105 si\u0119 pogarsza\u0107 z wiekiem. Jest to uzasadniona obawa, poniewa\u017c badania wykaza\u0142y, \u017ce objawy ADHD maj\u0105&#8230;<\/p>\n","protected":false},"author":1,"featured_media":1825,"comment_status":"closed","ping_status":"open","sticky":false,"template":"","format":"standard","meta":[],"categories":[37],"tags":[738,740,737,739,736],"yoast_head":"<!-- This site is optimized with the Yoast SEO plugin v18.1 - https:\/\/yoast.com\/wordpress\/plugins\/seo\/ -->\n<title>Czy ADHD pogarsza si\u0119 z wiekiem? - Diagnostyka Umys\u0142u<\/title>\n<meta name=\"robots\" content=\"index, follow, max-snippet:-1, max-image-preview:large, max-video-preview:-1\" \/>\n<link rel=\"canonical\" href=\"https:\/\/www.diagnostyka-umyslu.pl\/blog\/adhd\/czy-adhd-pogarsza-sie-z-wiekiem\/\" \/>\n<meta property=\"og:locale\" content=\"pl_PL\" \/>\n<meta property=\"og:type\" content=\"article\" \/>\n<meta property=\"og:title\" content=\"Czy ADHD pogarsza si\u0119 z wiekiem? - Diagnostyka Umys\u0142u\" \/>\n<meta property=\"og:description\" content=\"Dla niekt\u00f3rych os\u00f3b z ADHD istnieje obawa, \u017ce objawy b\u0119d\u0105 si\u0119 pogarsza\u0107 z wiekiem. Jest to uzasadniona obawa, poniewa\u017c badania wykaza\u0142y, \u017ce objawy ADHD maj\u0105...\" \/>\n<meta property=\"og:url\" content=\"https:\/\/www.diagnostyka-umyslu.pl\/blog\/adhd\/czy-adhd-pogarsza-sie-z-wiekiem\/\" \/>\n<meta property=\"og:site_name\" content=\"Diagnostyka Umys\u0142u\" \/>\n<meta property=\"article:published_time\" content=\"2022-07-23T06:00:50+00:00\" \/>\n<meta property=\"article:modified_time\" content=\"2022-07-08T19:32:33+00:00\" \/>\n<meta property=\"og:image\" content=\"https:\/\/www.diagnostyka-umyslu.pl\/blog\/wp-content\/uploads\/2022\/07\/bg_top_default.jpg\" \/>\n\t<meta property=\"og:image:width\" content=\"840\" \/>\n\t<meta property=\"og:image:height\" content=\"202\" \/>\n\t<meta property=\"og:image:type\" content=\"image\/jpeg\" \/>\n<meta name=\"twitter:card\" content=\"summary_large_image\" \/>\n<meta name=\"twitter:label1\" content=\"Napisane przez\" \/>\n\t<meta name=\"twitter:data1\" content=\"Diagnostyka Umys\u0142u\" \/>\n\t<meta name=\"twitter:label2\" content=\"Szacowany czas czytania\" \/>\n\t<meta name=\"twitter:data2\" content=\"6 minut\" \/>\n<script type=\"application\/ld+json\" class=\"yoast-schema-graph\">{\"@context\":\"https:\/\/schema.org\",\"@graph\":[{\"@type\":\"Organization\",\"@id\":\"https:\/\/www.diagnostyka-umyslu.pl\/blog\/#organization\",\"name\":\"Diagnostyka Umys\u0142u\",\"url\":\"https:\/\/www.diagnostyka-umyslu.pl\/blog\/\",\"sameAs\":[],\"logo\":{\"@type\":\"ImageObject\",\"@id\":\"https:\/\/www.diagnostyka-umyslu.pl\/blog\/#logo\",\"inLanguage\":\"pl-PL\",\"url\":\"https:\/\/www.diagnostyka-umyslu.pl\/blog\/wp-content\/uploads\/2021\/05\/logo.png\",\"contentUrl\":\"https:\/\/www.diagnostyka-umyslu.pl\/blog\/wp-content\/uploads\/2021\/05\/logo.png\",\"width\":236,\"height\":81,\"caption\":\"Diagnostyka Umys\u0142u\"},\"image\":{\"@id\":\"https:\/\/www.diagnostyka-umyslu.pl\/blog\/#logo\"}},{\"@type\":\"WebSite\",\"@id\":\"https:\/\/www.diagnostyka-umyslu.pl\/blog\/#website\",\"url\":\"https:\/\/www.diagnostyka-umyslu.pl\/blog\/\",\"name\":\"Diagnostyka Umys\u0142u\",\"description\":\"Blog o zaburzeniach umys\u0142u\",\"publisher\":{\"@id\":\"https:\/\/www.diagnostyka-umyslu.pl\/blog\/#organization\"},\"potentialAction\":[{\"@type\":\"SearchAction\",\"target\":{\"@type\":\"EntryPoint\",\"urlTemplate\":\"https:\/\/www.diagnostyka-umyslu.pl\/blog\/?s={search_term_string}\"},\"query-input\":\"required name=search_term_string\"}],\"inLanguage\":\"pl-PL\"},{\"@type\":\"ImageObject\",\"@id\":\"https:\/\/www.diagnostyka-umyslu.pl\/blog\/adhd\/czy-adhd-pogarsza-sie-z-wiekiem\/#primaryimage\",\"inLanguage\":\"pl-PL\",\"url\":\"https:\/\/www.diagnostyka-umyslu.pl\/blog\/wp-content\/uploads\/2022\/07\/bg_top_default.jpg\",\"contentUrl\":\"https:\/\/www.diagnostyka-umyslu.pl\/blog\/wp-content\/uploads\/2022\/07\/bg_top_default.jpg\",\"width\":840,\"height\":202},{\"@type\":\"WebPage\",\"@id\":\"https:\/\/www.diagnostyka-umyslu.pl\/blog\/adhd\/czy-adhd-pogarsza-sie-z-wiekiem\/#webpage\",\"url\":\"https:\/\/www.diagnostyka-umyslu.pl\/blog\/adhd\/czy-adhd-pogarsza-sie-z-wiekiem\/\",\"name\":\"Czy ADHD pogarsza si\u0119 z wiekiem? - Diagnostyka Umys\u0142u\",\"isPartOf\":{\"@id\":\"https:\/\/www.diagnostyka-umyslu.pl\/blog\/#website\"},\"primaryImageOfPage\":{\"@id\":\"https:\/\/www.diagnostyka-umyslu.pl\/blog\/adhd\/czy-adhd-pogarsza-sie-z-wiekiem\/#primaryimage\"},\"datePublished\":\"2022-07-23T06:00:50+00:00\",\"dateModified\":\"2022-07-08T19:32:33+00:00\",\"breadcrumb\":{\"@id\":\"https:\/\/www.diagnostyka-umyslu.pl\/blog\/adhd\/czy-adhd-pogarsza-sie-z-wiekiem\/#breadcrumb\"},\"inLanguage\":\"pl-PL\",\"potentialAction\":[{\"@type\":\"ReadAction\",\"target\":[\"https:\/\/www.diagnostyka-umyslu.pl\/blog\/adhd\/czy-adhd-pogarsza-sie-z-wiekiem\/\"]}]},{\"@type\":\"BreadcrumbList\",\"@id\":\"https:\/\/www.diagnostyka-umyslu.pl\/blog\/adhd\/czy-adhd-pogarsza-sie-z-wiekiem\/#breadcrumb\",\"itemListElement\":[{\"@type\":\"ListItem\",\"position\":1,\"name\":\"Strona g\u0142\u00f3wna\",\"item\":\"https:\/\/www.diagnostyka-umyslu.pl\/blog\/\"},{\"@type\":\"ListItem\",\"position\":2,\"name\":\"ADHD\",\"item\":\"https:\/\/www.diagnostyka-umyslu.pl\/blog\/adhd\/\"},{\"@type\":\"ListItem\",\"position\":3,\"name\":\"Czy ADHD pogarsza si\u0119 z wiekiem?\"}]},{\"@type\":\"Article\",\"@id\":\"https:\/\/www.diagnostyka-umyslu.pl\/blog\/adhd\/czy-adhd-pogarsza-sie-z-wiekiem\/#article\",\"isPartOf\":{\"@id\":\"https:\/\/www.diagnostyka-umyslu.pl\/blog\/adhd\/czy-adhd-pogarsza-sie-z-wiekiem\/#webpage\"},\"author\":{\"@id\":\"https:\/\/www.diagnostyka-umyslu.pl\/blog\/#\/schema\/person\/8eb1bcaf59fea75c780c11946f4e3490\"},\"headline\":\"Czy ADHD pogarsza si\u0119 z wiekiem?\",\"datePublished\":\"2022-07-23T06:00:50+00:00\",\"dateModified\":\"2022-07-08T19:32:33+00:00\",\"mainEntityOfPage\":{\"@id\":\"https:\/\/www.diagnostyka-umyslu.pl\/blog\/adhd\/czy-adhd-pogarsza-sie-z-wiekiem\/#webpage\"},\"wordCount\":1197,\"publisher\":{\"@id\":\"https:\/\/www.diagnostyka-umyslu.pl\/blog\/#organization\"},\"image\":{\"@id\":\"https:\/\/www.diagnostyka-umyslu.pl\/blog\/adhd\/czy-adhd-pogarsza-sie-z-wiekiem\/#primaryimage\"},\"thumbnailUrl\":\"https:\/\/www.diagnostyka-umyslu.pl\/blog\/wp-content\/uploads\/2022\/07\/bg_top_default.jpg\",\"keywords\":[\"Co powoduje pogorszenie objaw\u00f3w ADHD?\",\"Czy ADHD pog\u0142\u0119bia si\u0119 z wiekiem?\",\"Czy typ ADHD mo\u017ce zmieni\u0107 si\u0119 z wiekiem?\",\"W jakim wieku ADHD osi\u0105ga szczyt?\",\"Zarz\u0105dzanie ADHD wraz z wiekiem\"],\"articleSection\":[\"ADHD\"],\"inLanguage\":\"pl-PL\"},{\"@type\":\"Person\",\"@id\":\"https:\/\/www.diagnostyka-umyslu.pl\/blog\/#\/schema\/person\/8eb1bcaf59fea75c780c11946f4e3490\",\"name\":\"Diagnostyka Umys\u0142u\",\"image\":{\"@type\":\"ImageObject\",\"@id\":\"https:\/\/www.diagnostyka-umyslu.pl\/blog\/#personlogo\",\"inLanguage\":\"pl-PL\",\"url\":\"https:\/\/secure.gravatar.com\/avatar\/6743211f010801ea26aa9423a2daab37?s=96&d=mm&r=g\",\"contentUrl\":\"https:\/\/secure.gravatar.com\/avatar\/6743211f010801ea26aa9423a2daab37?s=96&d=mm&r=g\",\"caption\":\"Diagnostyka Umys\u0142u\"},\"sameAs\":[\"https:\/\/www.diagnostyka-umyslu.pl\/blog\"],\"url\":\"https:\/\/www.diagnostyka-umyslu.pl\/blog\/author\/diagnostyka-umyslu\/\"}]}<\/script>\n<!-- \/ Yoast SEO plugin. -->","yoast_head_json":{"title":"Czy ADHD pogarsza si\u0119 z wiekiem? - Diagnostyka Umys\u0142u","robots":{"index":"index","follow":"follow","max-snippet":"max-snippet:-1","max-image-preview":"max-image-preview:large","max-video-preview":"max-video-preview:-1"},"canonical":"https:\/\/www.diagnostyka-umyslu.pl\/blog\/adhd\/czy-adhd-pogarsza-sie-z-wiekiem\/","og_locale":"pl_PL","og_type":"article","og_title":"Czy ADHD pogarsza si\u0119 z wiekiem? - Diagnostyka Umys\u0142u","og_description":"Dla niekt\u00f3rych os\u00f3b z ADHD istnieje obawa, \u017ce objawy b\u0119d\u0105 si\u0119 pogarsza\u0107 z wiekiem. Jest to uzasadniona obawa, poniewa\u017c badania wykaza\u0142y, \u017ce objawy ADHD maj\u0105...","og_url":"https:\/\/www.diagnostyka-umyslu.pl\/blog\/adhd\/czy-adhd-pogarsza-sie-z-wiekiem\/","og_site_name":"Diagnostyka Umys\u0142u","article_published_time":"2022-07-23T06:00:50+00:00","article_modified_time":"2022-07-08T19:32:33+00:00","og_image":[{"width":840,"height":202,"url":"https:\/\/www.diagnostyka-umyslu.pl\/blog\/wp-content\/uploads\/2022\/07\/bg_top_default.jpg","type":"image\/jpeg"}],"twitter_card":"summary_large_image","twitter_misc":{"Napisane przez":"Diagnostyka Umys\u0142u","Szacowany czas czytania":"6 minut"},"schema":{"@context":"https:\/\/schema.org","@graph":[{"@type":"Organization","@id":"https:\/\/www.diagnostyka-umyslu.pl\/blog\/#organization","name":"Diagnostyka Umys\u0142u","url":"https:\/\/www.diagnostyka-umyslu.pl\/blog\/","sameAs":[],"logo":{"@type":"ImageObject","@id":"https:\/\/www.diagnostyka-umyslu.pl\/blog\/#logo","inLanguage":"pl-PL","url":"https:\/\/www.diagnostyka-umyslu.pl\/blog\/wp-content\/uploads\/2021\/05\/logo.png","contentUrl":"https:\/\/www.diagnostyka-umyslu.pl\/blog\/wp-content\/uploads\/2021\/05\/logo.png","width":236,"height":81,"caption":"Diagnostyka Umys\u0142u"},"image":{"@id":"https:\/\/www.diagnostyka-umyslu.pl\/blog\/#logo"}},{"@type":"WebSite","@id":"https:\/\/www.diagnostyka-umyslu.pl\/blog\/#website","url":"https:\/\/www.diagnostyka-umyslu.pl\/blog\/","name":"Diagnostyka Umys\u0142u","description":"Blog o zaburzeniach umys\u0142u","publisher":{"@id":"https:\/\/www.diagnostyka-umyslu.pl\/blog\/#organization"},"potentialAction":[{"@type":"SearchAction","target":{"@type":"EntryPoint","urlTemplate":"https:\/\/www.diagnostyka-umyslu.pl\/blog\/?s={search_term_string}"},"query-input":"required name=search_term_string"}],"inLanguage":"pl-PL"},{"@type":"ImageObject","@id":"https:\/\/www.diagnostyka-umyslu.pl\/blog\/adhd\/czy-adhd-pogarsza-sie-z-wiekiem\/#primaryimage","inLanguage":"pl-PL","url":"https:\/\/www.diagnostyka-umyslu.pl\/blog\/wp-content\/uploads\/2022\/07\/bg_top_default.jpg","contentUrl":"https:\/\/www.diagnostyka-umyslu.pl\/blog\/wp-content\/uploads\/2022\/07\/bg_top_default.jpg","width":840,"height":202},{"@type":"WebPage","@id":"https:\/\/www.diagnostyka-umyslu.pl\/blog\/adhd\/czy-adhd-pogarsza-sie-z-wiekiem\/#webpage","url":"https:\/\/www.diagnostyka-umyslu.pl\/blog\/adhd\/czy-adhd-pogarsza-sie-z-wiekiem\/","name":"Czy ADHD pogarsza si\u0119 z wiekiem? - Diagnostyka Umys\u0142u","isPartOf":{"@id":"https:\/\/www.diagnostyka-umyslu.pl\/blog\/#website"},"primaryImageOfPage":{"@id":"https:\/\/www.diagnostyka-umyslu.pl\/blog\/adhd\/czy-adhd-pogarsza-sie-z-wiekiem\/#primaryimage"},"datePublished":"2022-07-23T06:00:50+00:00","dateModified":"2022-07-08T19:32:33+00:00","breadcrumb":{"@id":"https:\/\/www.diagnostyka-umyslu.pl\/blog\/adhd\/czy-adhd-pogarsza-sie-z-wiekiem\/#breadcrumb"},"inLanguage":"pl-PL","potentialAction":[{"@type":"ReadAction","target":["https:\/\/www.diagnostyka-umyslu.pl\/blog\/adhd\/czy-adhd-pogarsza-sie-z-wiekiem\/"]}]},{"@type":"BreadcrumbList","@id":"https:\/\/www.diagnostyka-umyslu.pl\/blog\/adhd\/czy-adhd-pogarsza-sie-z-wiekiem\/#breadcrumb","itemListElement":[{"@type":"ListItem","position":1,"name":"Strona g\u0142\u00f3wna","item":"https:\/\/www.diagnostyka-umyslu.pl\/blog\/"},{"@type":"ListItem","position":2,"name":"ADHD","item":"https:\/\/www.diagnostyka-umyslu.pl\/blog\/adhd\/"},{"@type":"ListItem","position":3,"name":"Czy ADHD pogarsza si\u0119 z wiekiem?"}]},{"@type":"Article","@id":"https:\/\/www.diagnostyka-umyslu.pl\/blog\/adhd\/czy-adhd-pogarsza-sie-z-wiekiem\/#article","isPartOf":{"@id":"https:\/\/www.diagnostyka-umyslu.pl\/blog\/adhd\/czy-adhd-pogarsza-sie-z-wiekiem\/#webpage"},"author":{"@id":"https:\/\/www.diagnostyka-umyslu.pl\/blog\/#\/schema\/person\/8eb1bcaf59fea75c780c11946f4e3490"},"headline":"Czy ADHD pogarsza si\u0119 z wiekiem?","datePublished":"2022-07-23T06:00:50+00:00","dateModified":"2022-07-08T19:32:33+00:00","mainEntityOfPage":{"@id":"https:\/\/www.diagnostyka-umyslu.pl\/blog\/adhd\/czy-adhd-pogarsza-sie-z-wiekiem\/#webpage"},"wordCount":1197,"publisher":{"@id":"https:\/\/www.diagnostyka-umyslu.pl\/blog\/#organization"},"image":{"@id":"https:\/\/www.diagnostyka-umyslu.pl\/blog\/adhd\/czy-adhd-pogarsza-sie-z-wiekiem\/#primaryimage"},"thumbnailUrl":"https:\/\/www.diagnostyka-umyslu.pl\/blog\/wp-content\/uploads\/2022\/07\/bg_top_default.jpg","keywords":["Co powoduje pogorszenie objaw\u00f3w ADHD?","Czy ADHD pog\u0142\u0119bia si\u0119 z wiekiem?","Czy typ ADHD mo\u017ce zmieni\u0107 si\u0119 z wiekiem?","W jakim wieku ADHD osi\u0105ga szczyt?","Zarz\u0105dzanie ADHD wraz z wiekiem"],"articleSection":["ADHD"],"inLanguage":"pl-PL"},{"@type":"Person","@id":"https:\/\/www.diagnostyka-umyslu.pl\/blog\/#\/schema\/person\/8eb1bcaf59fea75c780c11946f4e3490","name":"Diagnostyka Umys\u0142u","image":{"@type":"ImageObject","@id":"https:\/\/www.diagnostyka-umyslu.pl\/blog\/#personlogo","inLanguage":"pl-PL","url":"https:\/\/secure.gravatar.com\/avatar\/6743211f010801ea26aa9423a2daab37?s=96&d=mm&r=g","contentUrl":"https:\/\/secure.gravatar.com\/avatar\/6743211f010801ea26aa9423a2daab37?s=96&d=mm&r=g","caption":"Diagnostyka Umys\u0142u"},"sameAs":["https:\/\/www.diagnostyka-umyslu.pl\/blog"],"url":"https:\/\/www.diagnostyka-umyslu.pl\/blog\/author\/diagnostyka-umyslu\/"}]}},"amp_enabled":true,"_links":{"self":[{"href":"https:\/\/www.diagnostyka-umyslu.pl\/blog\/wp-json\/wp\/v2\/posts\/1703"}],"collection":[{"href":"https:\/\/www.diagnostyka-umyslu.pl\/blog\/wp-json\/wp\/v2\/posts"}],"about":[{"href":"https:\/\/www.diagnostyka-umyslu.pl\/blog\/wp-json\/wp\/v2\/types\/post"}],"author":[{"embeddable":true,"href":"https:\/\/www.diagnostyka-umyslu.pl\/blog\/wp-json\/wp\/v2\/users\/1"}],"replies":[{"embeddable":true,"href":"https:\/\/www.diagnostyka-umyslu.pl\/blog\/wp-json\/wp\/v2\/comments?post=1703"}],"version-history":[{"count":2,"href":"https:\/\/www.diagnostyka-umyslu.pl\/blog\/wp-json\/wp\/v2\/posts\/1703\/revisions"}],"predecessor-version":[{"id":1954,"href":"https:\/\/www.diagnostyka-umyslu.pl\/blog\/wp-json\/wp\/v2\/posts\/1703\/revisions\/1954"}],"wp:featuredmedia":[{"embeddable":true,"href":"https:\/\/www.diagnostyka-umyslu.pl\/blog\/wp-json\/wp\/v2\/media\/1825"}],"wp:attachment":[{"href":"https:\/\/www.diagnostyka-umyslu.pl\/blog\/wp-json\/wp\/v2\/media?parent=1703"}],"wp:term":[{"taxonomy":"category","embeddable":true,"href":"https:\/\/www.diagnostyka-umyslu.pl\/blog\/wp-json\/wp\/v2\/categories?post=1703"},{"taxonomy":"post_tag","embeddable":true,"href":"https:\/\/www.diagnostyka-umyslu.pl\/blog\/wp-json\/wp\/v2\/tags?post=1703"}],"curies":[{"name":"wp","href":"https:\/\/api.w.org\/{rel}","templated":true}]}}