{"id":1724,"date":"2022-07-30T08:00:02","date_gmt":"2022-07-30T06:00:02","guid":{"rendered":"https:\/\/www.diagnostyka-umyslu.pl\/blog\/?p=1724"},"modified":"2023-02-23T11:26:31","modified_gmt":"2023-02-23T10:26:31","slug":"porownanie-zaburzen-osobowosci-typu-borderline-z-adhd","status":"publish","type":"post","link":"https:\/\/www.diagnostyka-umyslu.pl\/blog\/adhd\/porownanie-zaburzen-osobowosci-typu-borderline-z-adhd\/","title":{"rendered":"Por\u00f3wnanie zaburze\u0144 osobowo\u015bci typu borderline z ADHD"},"content":{"rendered":"<p>Zaburzenie osobowo\u015bci typu borderline, znane r\u00f3wnie\u017c jako BPD, oraz zesp\u00f3\u0142 nadpobudliwo\u015bci psychoruchowej z deficytem uwagi, znany r\u00f3wnie\u017c jako ADHD, to dwa zaburzenia, kt\u00f3re mog\u0105 prowadzi\u0107 do trudno\u015bci w codziennym funkcjonowaniu. Maj\u0105 one pokrywaj\u0105ce si\u0119 objawy, jednak s\u0105 bardzo r\u00f3\u017cne.<\/p>\n<blockquote><p>BPD charakteryzuje si\u0119 niestabilno\u015bci\u0105 nastroj\u00f3w i relacji, cz\u0119sto przejawia si\u0119 w zachowaniach autodestrukcyjnych i impulsywnych. ADHD objawia si\u0119 nadpobudliwo\u015bci\u0105, trudno\u015bciami w skupieniu uwagi i zachowaniami impulsywnymi.<\/p><\/blockquote>\n<p>Jak ju\u017c wida\u0107, schorzenia te maj\u0105 pewne wsp\u00f3lne cechy. Zbadajmy, co sprawia, \u017ce s\u0105 podobne i r\u00f3\u017cne oraz jakie s\u0105 mo\u017cliwo\u015bci leczenia i wsparcia.<\/p>\n<h4>Podobie\u0144stwa i r\u00f3\u017cnice mi\u0119dzy BPD a ADHD<\/h4>\n<p>Najwyra\u017aniejszym po\u0142\u0105czeniem mi\u0119dzy BPD i ADHD jest impulsywne zachowanie. Dla niewprawnego oka, nie jest rzadko\u015bci\u0105, \u017ce kto\u015b nie jest w stanie rozr\u00f3\u017cni\u0107 tych dw\u00f3ch stan\u00f3w.<\/p>\n<blockquote><p>To impulsywne zachowanie mo\u017ce sprawi\u0107, \u017ce dla os\u00f3b z jednym z tych stan\u00f3w wyzwaniem b\u0119dzie regulacja emocji i podtrzymanie relacji interpersonalnych.<\/p><\/blockquote>\n<p style=\"padding-left: 40px;\"><span style=\"text-decoration: underline;\">ADHD<\/span><\/p>\n<ul>\n<li style=\"list-style-type: none;\">\n<ul>\n<li>Oznaczony przez impulsywno\u015b\u0107 spowodowane przez problemy motoryczne<\/li>\n<li>Mo\u017ce by\u0107 spowodowane traum\u0105<\/li>\n<li>Objawy (np. trudno\u015bci z koncentracj\u0105, niepok\u00f3j, nadmierne m\u00f3wienie)<\/li>\n<li>Leczenie pomaga kontrolowa\u0107 my\u015bli i zachowanie<\/li>\n<\/ul>\n<\/li>\n<\/ul>\n<p style=\"padding-left: 40px;\"><span style=\"text-decoration: underline;\">BPD<\/span><\/p>\n<ul>\n<li style=\"list-style-type: none;\">\n<ul>\n<li>Impulsywno\u015b\u0107 jest powszechna i zazwyczaj jest wynikiem stresu.<\/li>\n<li>Mo\u017ce by\u0107 spowodowana traum\u0105<\/li>\n<li>Objawy (np. dysocjacja, samookaleczenia itp.) s\u0105 mechanizmami ochronnymi.<\/li>\n<li>Leczenie ma na celu zarz\u0105dzanie regulacj\u0105 emocjonaln\u0105<\/li>\n<\/ul>\n<\/li>\n<\/ul>\n<h4>Impulsywno\u015b\u0107<\/h4>\n<p>Impulsywno\u015b\u0107 w BPD jest cz\u0119sto wyzwalana przez stres. W tym stanie trudno jest ludziom zidentyfikowa\u0107 wskaz\u00f3wki dotycz\u0105ce kontekstu. Wskaz\u00f3wka kontekstowa to sytuacja, w kt\u00f3rej osoba korzysta z kontekstu, kt\u00f3ry jest wcze\u015bniej przechowywany w jej umy\u015ble, aby opracowa\u0107 odpowiedni\u0105 reakcj\u0119 na scenariusz, kt\u00f3rego aktualnie do\u015bwiadcza.<\/p>\n<blockquote><p>Prowadzi to do trudno\u015bci z emocjonalnie regulowane odpowiedzi, co prowadzi do impulsywnych zachowa\u0144, kt\u00f3re mog\u0105 wywo\u0142a\u0107 trudne relacje interpersonalne.<\/p><\/blockquote>\n<p>W ADHD, impulsywno\u015b\u0107 jest zwi\u0105zana z impulsywno\u015bci\u0105 ruchow\u0105, co oznacza, \u017ce jest to reakcja somatyczna. Prowadzi to do wyzwa\u0144 w zakresie regulacji bie\u017c\u0105cych reakcji, co skutkuje problemami z regulacj\u0105 emocjonaln\u0105. Kiedy te problemy z regulacj\u0105 emocji pojawiaj\u0105 si\u0119, impulsywno\u015b\u0107 wyst\u0119puje, cz\u0119sto prowadz\u0105c do problem\u00f3w w relacjach.<\/p>\n<h4>Trauma mo\u017ce le\u017ce\u0107 u podstaw obu schorze\u0144<\/h4>\n<p>Do\u015bwiadczenie traumatycznych wydarze\u0144 w dzieci\u0144stwie mo\u017ce prowadzi\u0107 do rozwoju samego BPD lub ADHD. Mo\u017cliwe jest r\u00f3wnie\u017c otrzymanie diagnozy wsp\u00f3\u0142wyst\u0119powania obu tych zaburze\u0144.3 Pomimo wsp\u00f3lnej impulsywno\u015bci, trudno\u015bci w regulacji emocji, zwi\u0105zku z traumatycznymi do\u015bwiadczeniami i wyzwaniami w relacjach interpersonalnych, ka\u017cde z tych zaburze\u0144 ma wyra\u017anie odmienne objawy.<\/p>\n<h4>Objawy zaburze\u0144 osobowo\u015bci typu borderline<\/h4>\n<p>BPD jest bardziej z\u0142o\u017cone ni\u017c impulsywno\u015b\u0107 i problemy w relacjach. Wahania nastroju i niestabilny obraz siebie odgrywaj\u0105 g\u0142\u00f3wn\u0105 rol\u0119 w BPD. Mo\u017ce to prowadzi\u0107 do tego, \u017ce osoby do\u015bwiadczaj\u0105ce BPD gwa\u0142townie zmieniaj\u0105 reakcje na sw\u00f3j wewn\u0119trzny i zewn\u0119trzny \u015bwiat.<\/p>\n<p>Inne kluczowe objawy to:<\/p>\n<ul>\n<li>Trudno\u015bci w relacjach z powodu stara\u0144 o unikni\u0119cie porzucenia<\/li>\n<li>Intensywne i niestabilne relacje interpersonalne<\/li>\n<li>Wzorzec idealizacji i dewaluacji bliskich os\u00f3b<\/li>\n<li>Zachowania autodestrukcyjne<\/li>\n<li>My\u015blenie samob\u00f3jcze<\/li>\n<li>Intensywny gniew, kt\u00f3ry trudno kontrolowa\u0107<\/li>\n<li>Dysocjacja<\/li>\n<\/ul>\n<p>Wa\u017cne jest, aby pami\u0119ta\u0107, \u017ce osoby, kt\u00f3re do\u015bwiadczaj\u0105 BPD nie zawsze b\u0119d\u0105 do\u015bwiadcza\u0107 ka\u017cdego pojedynczego objawu. R\u00f3wnie wa\u017cne jest, aby pami\u0119ta\u0107, \u017ce ka\u017cdy z tych objaw\u00f3w rozwija\u0142 si\u0119 przez ca\u0142e \u017cycie jako reakcja ochronna na traum\u0119.<\/p>\n<h4>Czynniki ryzyka zwi\u0105zane z zaburzeniem osobowo\u015bci typu borderline<\/h4>\n<p>Kluczowym czynnikiem ryzyka, kt\u00f3ry zosta\u0142 ustalony w badaniach nad BPD, s\u0105 niekorzystne do\u015bwiadczenia i traumy z dzieci\u0144stwa.<\/p>\n<blockquote><p>Cechy BPD mog\u0105 zacz\u0105\u0107 si\u0119 ujawnia\u0107 w okresie dojrzewania. Nale\u017cy jednak pami\u0119ta\u0107, \u017ce BPD nie jest spowodowane wy\u0142\u0105cznie traumatycznymi do\u015bwiadczeniami z dzieci\u0144stwa i nie u ka\u017cdego, kto do\u015bwiadczy\u0142 traumy w dzieci\u0144stwie rozwinie si\u0119 BPD.<\/p><\/blockquote>\n<p>Dodatkowym czynnikiem, kt\u00f3ry mo\u017ce prowadzi\u0107 do rozwoju tego zaburzenia jest biologiczny temperament danej osoby. Oznacza to, \u017ce stan ten nie jest oparty wy\u0142\u0105cznie na temperamencie czy do\u015bwiadczeniach z dzieci\u0144stwa. Jest to raczej z\u0142o\u017cona interakcja mi\u0119dzy nimi, kt\u00f3ra prowadzi do tej diagnozy.<\/p>\n<h4>Objawy zespo\u0142u nadpobudliwo\u015bci psychoruchowej z deficytem uwagi<\/h4>\n<p>Termin ADHD mo\u017ce by\u0107 rzucany swobodnie przez tych, kt\u00f3rzy mog\u0105 czu\u0107 si\u0119 rozproszony w czasach. Jednak ADHD to stan, kt\u00f3ry zak\u0142\u00f3ca codzienne funkcjonowanie w szkole, pracy, domu i zwi\u0105zkach. Istniej\u0105 dwa podtypy ADHD: nieuwa\u017cny i nadpobudliwy. Kto\u015b mo\u017ce mie\u0107 jeden lub oba podtypy.<\/p>\n<p>Objawy ADHD nieuwa\u017cnego obejmuj\u0105:<\/p>\n<ul>\n<li>Trudno\u015bci z utrzymaniem koncentracji na wykonywanych zadaniach<\/li>\n<li>Pope\u0142nianie b\u0142\u0119d\u00f3w, kt\u00f3re dla innych mog\u0105 wydawa\u0107 si\u0119 nieostro\u017cne<\/li>\n<li>Trudno\u015bci z wykonaniem zada\u0144 w domu, szkole i pracy<\/li>\n<li>Cz\u0119ste gubienie rzeczy<\/li>\n<li>Nadmierne zapominanie<\/li>\n<\/ul>\n<p><a href=\"https:\/\/www.diagnostyka-umyslu.pl\/test-na-adhd\">Symptomy nadpobudliwego ADHD<\/a> obejmuj\u0105:<\/p>\n<ul>\n<li>Problemy somatyczne zwi\u0105zane z poruszaniem si\u0119 i niepokojem<\/li>\n<li>Naciskanie i nadmierne m\u00f3wienie<\/li>\n<li>Trudno\u015bci z utrzymaniem pozycji siedz\u0105cej, gdy si\u0119 tego od nas oczekuje (na przyk\u0142ad b\u0142\u0105dzenie po klasie w szkole lub cz\u0119ste chodzenie po biurze bez konkretnego powodu w pracy)<\/li>\n<\/ul>\n<p>Niekt\u00f3rzy mog\u0105 zmaga\u0107 si\u0119 g\u0142\u00f3wnie z nieuwag\u0105, podczas gdy inni mog\u0105 mie\u0107 siln\u0105 mieszank\u0119 nadaktywno\u015bci i impulsywno\u015bci. Nierzadko u os\u00f3b wyst\u0119puj\u0105 wszystkie te objawy, co przyczynia si\u0119 do z\u0142o\u017cono\u015bci tego schorzenia.<\/p>\n<h4>Czynniki ryzyka ADHD<\/h4>\n<p>ADHD jest uwa\u017cany za zaburzenie neurorozwojowe. Oznacza to, \u017ce rozw\u00f3j tego stanu jest spowodowany nieprawid\u0142owym funkcjonowaniem m\u00f3zgu. Zgodnie z DSM-5 objawy musz\u0105 wyst\u0105pi\u0107 w dzieci\u0144stwie, szczeg\u00f3lnie przed 12 rokiem \u017cycia.<\/p>\n<p>Niekorzystne do\u015bwiadczenia z dzieci\u0144stwa mog\u0105 by\u0107 r\u00f3wnie\u017c czynnikiem ryzyka dla rozwoju ADHD.<\/p>\n<p><strong>Czy kto\u015b mo\u017ce mie\u0107 BPD i ADHD w tym samym czasie?<\/strong><\/p>\n<p>Mo\u017cliwe jest wsp\u00f3\u0142wyst\u0119powanie diagnozy BPD i ADHD. Zwi\u0105zek mi\u0119dzy tymi stanami staje si\u0119 coraz cz\u0119\u015bciej badanym zjawiskiem. Niekt\u00f3rzy eksperci uwa\u017caj\u0105, \u017ce te warunki mog\u0105 wyst\u0105pi\u0107 w tym samym czasie, poniewa\u017c ADHD nadaje do biologicznych podatno\u015bci, kt\u00f3re mog\u0105 prowadzi\u0107 do BPD.<\/p>\n<p>Inni eksperci uwa\u017caj\u0105, \u017ce te warunki s\u0105 powi\u0105zane ze wzgl\u0119du na wsp\u00f3lne czynniki ryzyka traumy i podatno\u015bci biologicznej.<\/p>\n<h4>Diagnoza BPD i ADHD<\/h4>\n<p>Zar\u00f3wno BPD jak i ADHD s\u0105 diagnozowane poprzez dok\u0142adn\u0105 ocen\u0119 przeprowadzon\u0105 przez wyszkolonego specjalist\u0119 zdrowia wykorzystuj\u0105cego informacje diagnostyczne DSM-5.<\/p>\n<p>W przypadku BPD mo\u017ce zosta\u0107 wydane skierowanie do lekarza og\u00f3lnego w celu przeprowadzenia bada\u0144 medycznych, aby wykluczy\u0107 wszelkie choroby, kt\u00f3re mog\u0142yby przyczyni\u0107 si\u0119 do wyst\u0105pienia objaw\u00f3w.<\/p>\n<h4>Leczenie BPD i ADHD<\/h4>\n<p>Kolejn\u0105 wsp\u00f3ln\u0105 cech\u0105 BPD i ADHD jest to, \u017ce leki i psychoterapia s\u0105 sugerowanymi metodami leczenia tych stan\u00f3w. Jednak konkretne zabiegi i leki dla ka\u017cdego stanu s\u0105 zupe\u0142nie inne.<\/p>\n<p>ADHD ma r\u00f3wnie\u017c pewne sposoby leczenia, kt\u00f3re obejmuj\u0105 terapi\u0119 rodzinn\u0105 i wsparcie w szkole dla tych, kt\u00f3rzy s\u0105 zdiagnozowani jako nastolatkowie.<\/p>\n<p>Leki na BPD s\u0105 przepisywane w celu opanowania objaw\u00f3w zaburzenia, takich jak wahania nastroju lub stany depresyjne, a nie w celu leczenia zaburzenia jako ca\u0142o\u015bci. Dialektyczna terapia behawioralna, znana r\u00f3wnie\u017c jako DBT, zosta\u0142a opracowana z my\u015bl\u0105 o leczeniu os\u00f3b do\u015bwiadczaj\u0105cych BPD. Wykorzystuje ona uwa\u017cno\u015b\u0107 (mindfulness) do rozwijania umiej\u0119tno\u015bci regulacji emocji.<\/p>\n<p>Leki na ADHD s\u0105 albo stymulantami albo niestymulantami. Stymulanty mog\u0105 pom\u00f3c w produkcji istotnych substancji chemicznych w m\u00f3zgu, kt\u00f3re wspieraj\u0105 my\u015blenie i uwag\u0119. Leki niestymuluj\u0105ce mog\u0105 dzia\u0142a\u0107 d\u0142u\u017cej i s\u0105 cz\u0119sto przepisywane, gdy lek stymuluj\u0105cy nie by\u0142 najlepszy ze wzgl\u0119du na skutki uboczne i\/lub skuteczno\u015b\u0107.<\/p>\n<p>Sugerowana terapia dla ADHD jest terapia poznawczo-behawioralna (CBT), kt\u00f3ra skupia si\u0119 na zrozumieniu swoich my\u015bli, aby zacz\u0105\u0107 kontrolowa\u0107 swoje dzia\u0142ania. Terapia rodzinna i szkolenia umiej\u0119tno\u015bci rodzic\u00f3w s\u0105 dwie opcje leczenia skierowane do opiekun\u00f3w dzieci z ADHD. To mo\u017ce pom\u00f3c wzmocni\u0107 wsparcie w domu dla dziecka do\u015bwiadczaj\u0105cego ADHD.<\/p>\n<p>Dodatkowo, niekt\u00f3re dzieci mog\u0105 by\u0107 oferowane akademickich zakwaterowanie, takie jak dodatkowy czas podczas podejmowania egzamin\u00f3w i specjalistycznych plan\u00f3w w klasie. Grupy wsparcia dla ADHD s\u0105 kolejnym zalecanym linii wsparcia.<\/p>\n<h4>Podsumowanie<\/h4>\n<p>BPD i ADHD to schorzenia, kt\u00f3re mog\u0105 stanowi\u0107 du\u017ce wyzwanie. Niezale\u017cnie od tego, czy dana osoba ma indywidualn\u0105 diagnoz\u0119 jednego z tych schorze\u0144, czy do\u015bwiadcza obu, wa\u017cne jest, aby pami\u0119ta\u0107, \u017ce wsparcie jest dost\u0119pne. Je\u015bli czujesz, \u017ce mo\u017cesz do\u015bwiadcza\u0107 jednego lub obu tych stan\u00f3w, znajd\u017a specjalist\u0119 od zdrowia i grup\u0119 wsparcia, aby uzyska\u0107 pomoc i ulg\u0119.<\/p>\n<h4>Wi\u0119cej informacji<\/h4>\n<ul>\n<li><em>verywellmind.com\/understanding-borderline-personality-disorder-and-adhd-5223788<\/em><\/li>\n<\/ul>\n","protected":false},"excerpt":{"rendered":"<p>Zaburzenie osobowo\u015bci typu borderline, znane r\u00f3wnie\u017c jako BPD, oraz zesp\u00f3\u0142 nadpobudliwo\u015bci psychoruchowej z deficytem uwagi, znany r\u00f3wnie\u017c jako ADHD, to dwa zaburzenia, kt\u00f3re mog\u0105 prowadzi\u0107&#8230;<\/p>\n","protected":false},"author":1,"featured_media":1825,"comment_status":"closed","ping_status":"open","sticky":false,"template":"","format":"standard","meta":[],"categories":[37],"tags":[],"yoast_head":"<!-- This site is optimized with the Yoast SEO plugin v18.1 - https:\/\/yoast.com\/wordpress\/plugins\/seo\/ -->\n<title>Por\u00f3wnanie zaburze\u0144 osobowo\u015bci typu borderline z ADHD - Diagnostyka Umys\u0142u<\/title>\n<meta name=\"robots\" content=\"index, follow, max-snippet:-1, max-image-preview:large, max-video-preview:-1\" \/>\n<link rel=\"canonical\" href=\"https:\/\/www.diagnostyka-umyslu.pl\/blog\/adhd\/porownanie-zaburzen-osobowosci-typu-borderline-z-adhd\/\" \/>\n<meta property=\"og:locale\" content=\"pl_PL\" \/>\n<meta property=\"og:type\" content=\"article\" \/>\n<meta property=\"og:title\" content=\"Por\u00f3wnanie zaburze\u0144 osobowo\u015bci typu borderline z ADHD - Diagnostyka Umys\u0142u\" \/>\n<meta property=\"og:description\" content=\"Zaburzenie osobowo\u015bci typu borderline, znane r\u00f3wnie\u017c jako BPD, oraz zesp\u00f3\u0142 nadpobudliwo\u015bci psychoruchowej z deficytem uwagi, znany r\u00f3wnie\u017c jako ADHD, to dwa zaburzenia, kt\u00f3re mog\u0105 prowadzi\u0107...\" \/>\n<meta property=\"og:url\" content=\"https:\/\/www.diagnostyka-umyslu.pl\/blog\/adhd\/porownanie-zaburzen-osobowosci-typu-borderline-z-adhd\/\" \/>\n<meta property=\"og:site_name\" content=\"Diagnostyka Umys\u0142u\" \/>\n<meta property=\"article:published_time\" content=\"2022-07-30T06:00:02+00:00\" \/>\n<meta property=\"article:modified_time\" content=\"2023-02-23T10:26:31+00:00\" \/>\n<meta property=\"og:image\" content=\"https:\/\/www.diagnostyka-umyslu.pl\/blog\/wp-content\/uploads\/2022\/07\/bg_top_default.jpg\" \/>\n\t<meta property=\"og:image:width\" content=\"840\" \/>\n\t<meta property=\"og:image:height\" content=\"202\" \/>\n\t<meta property=\"og:image:type\" content=\"image\/jpeg\" \/>\n<meta name=\"twitter:card\" content=\"summary_large_image\" \/>\n<meta name=\"twitter:label1\" content=\"Napisane przez\" \/>\n\t<meta name=\"twitter:data1\" content=\"Diagnostyka Umys\u0142u\" \/>\n\t<meta name=\"twitter:label2\" content=\"Szacowany czas czytania\" \/>\n\t<meta name=\"twitter:data2\" content=\"8 minut\" \/>\n<script type=\"application\/ld+json\" class=\"yoast-schema-graph\">{\"@context\":\"https:\/\/schema.org\",\"@graph\":[{\"@type\":\"Organization\",\"@id\":\"https:\/\/www.diagnostyka-umyslu.pl\/blog\/#organization\",\"name\":\"Diagnostyka Umys\u0142u\",\"url\":\"https:\/\/www.diagnostyka-umyslu.pl\/blog\/\",\"sameAs\":[],\"logo\":{\"@type\":\"ImageObject\",\"@id\":\"https:\/\/www.diagnostyka-umyslu.pl\/blog\/#logo\",\"inLanguage\":\"pl-PL\",\"url\":\"https:\/\/www.diagnostyka-umyslu.pl\/blog\/wp-content\/uploads\/2021\/05\/logo.png\",\"contentUrl\":\"https:\/\/www.diagnostyka-umyslu.pl\/blog\/wp-content\/uploads\/2021\/05\/logo.png\",\"width\":236,\"height\":81,\"caption\":\"Diagnostyka Umys\u0142u\"},\"image\":{\"@id\":\"https:\/\/www.diagnostyka-umyslu.pl\/blog\/#logo\"}},{\"@type\":\"WebSite\",\"@id\":\"https:\/\/www.diagnostyka-umyslu.pl\/blog\/#website\",\"url\":\"https:\/\/www.diagnostyka-umyslu.pl\/blog\/\",\"name\":\"Diagnostyka Umys\u0142u\",\"description\":\"Blog o zaburzeniach umys\u0142u\",\"publisher\":{\"@id\":\"https:\/\/www.diagnostyka-umyslu.pl\/blog\/#organization\"},\"potentialAction\":[{\"@type\":\"SearchAction\",\"target\":{\"@type\":\"EntryPoint\",\"urlTemplate\":\"https:\/\/www.diagnostyka-umyslu.pl\/blog\/?s={search_term_string}\"},\"query-input\":\"required name=search_term_string\"}],\"inLanguage\":\"pl-PL\"},{\"@type\":\"ImageObject\",\"@id\":\"https:\/\/www.diagnostyka-umyslu.pl\/blog\/adhd\/porownanie-zaburzen-osobowosci-typu-borderline-z-adhd\/#primaryimage\",\"inLanguage\":\"pl-PL\",\"url\":\"https:\/\/www.diagnostyka-umyslu.pl\/blog\/wp-content\/uploads\/2022\/07\/bg_top_default.jpg\",\"contentUrl\":\"https:\/\/www.diagnostyka-umyslu.pl\/blog\/wp-content\/uploads\/2022\/07\/bg_top_default.jpg\",\"width\":840,\"height\":202},{\"@type\":\"WebPage\",\"@id\":\"https:\/\/www.diagnostyka-umyslu.pl\/blog\/adhd\/porownanie-zaburzen-osobowosci-typu-borderline-z-adhd\/#webpage\",\"url\":\"https:\/\/www.diagnostyka-umyslu.pl\/blog\/adhd\/porownanie-zaburzen-osobowosci-typu-borderline-z-adhd\/\",\"name\":\"Por\u00f3wnanie zaburze\u0144 osobowo\u015bci typu borderline z ADHD - Diagnostyka Umys\u0142u\",\"isPartOf\":{\"@id\":\"https:\/\/www.diagnostyka-umyslu.pl\/blog\/#website\"},\"primaryImageOfPage\":{\"@id\":\"https:\/\/www.diagnostyka-umyslu.pl\/blog\/adhd\/porownanie-zaburzen-osobowosci-typu-borderline-z-adhd\/#primaryimage\"},\"datePublished\":\"2022-07-30T06:00:02+00:00\",\"dateModified\":\"2023-02-23T10:26:31+00:00\",\"breadcrumb\":{\"@id\":\"https:\/\/www.diagnostyka-umyslu.pl\/blog\/adhd\/porownanie-zaburzen-osobowosci-typu-borderline-z-adhd\/#breadcrumb\"},\"inLanguage\":\"pl-PL\",\"potentialAction\":[{\"@type\":\"ReadAction\",\"target\":[\"https:\/\/www.diagnostyka-umyslu.pl\/blog\/adhd\/porownanie-zaburzen-osobowosci-typu-borderline-z-adhd\/\"]}]},{\"@type\":\"BreadcrumbList\",\"@id\":\"https:\/\/www.diagnostyka-umyslu.pl\/blog\/adhd\/porownanie-zaburzen-osobowosci-typu-borderline-z-adhd\/#breadcrumb\",\"itemListElement\":[{\"@type\":\"ListItem\",\"position\":1,\"name\":\"Strona g\u0142\u00f3wna\",\"item\":\"https:\/\/www.diagnostyka-umyslu.pl\/blog\/\"},{\"@type\":\"ListItem\",\"position\":2,\"name\":\"ADHD\",\"item\":\"https:\/\/www.diagnostyka-umyslu.pl\/blog\/adhd\/\"},{\"@type\":\"ListItem\",\"position\":3,\"name\":\"Por\u00f3wnanie zaburze\u0144 osobowo\u015bci typu borderline z ADHD\"}]},{\"@type\":\"Article\",\"@id\":\"https:\/\/www.diagnostyka-umyslu.pl\/blog\/adhd\/porownanie-zaburzen-osobowosci-typu-borderline-z-adhd\/#article\",\"isPartOf\":{\"@id\":\"https:\/\/www.diagnostyka-umyslu.pl\/blog\/adhd\/porownanie-zaburzen-osobowosci-typu-borderline-z-adhd\/#webpage\"},\"author\":{\"@id\":\"https:\/\/www.diagnostyka-umyslu.pl\/blog\/#\/schema\/person\/8eb1bcaf59fea75c780c11946f4e3490\"},\"headline\":\"Por\u00f3wnanie zaburze\u0144 osobowo\u015bci typu borderline z ADHD\",\"datePublished\":\"2022-07-30T06:00:02+00:00\",\"dateModified\":\"2023-02-23T10:26:31+00:00\",\"mainEntityOfPage\":{\"@id\":\"https:\/\/www.diagnostyka-umyslu.pl\/blog\/adhd\/porownanie-zaburzen-osobowosci-typu-borderline-z-adhd\/#webpage\"},\"wordCount\":1443,\"publisher\":{\"@id\":\"https:\/\/www.diagnostyka-umyslu.pl\/blog\/#organization\"},\"image\":{\"@id\":\"https:\/\/www.diagnostyka-umyslu.pl\/blog\/adhd\/porownanie-zaburzen-osobowosci-typu-borderline-z-adhd\/#primaryimage\"},\"thumbnailUrl\":\"https:\/\/www.diagnostyka-umyslu.pl\/blog\/wp-content\/uploads\/2022\/07\/bg_top_default.jpg\",\"articleSection\":[\"ADHD\"],\"inLanguage\":\"pl-PL\"},{\"@type\":\"Person\",\"@id\":\"https:\/\/www.diagnostyka-umyslu.pl\/blog\/#\/schema\/person\/8eb1bcaf59fea75c780c11946f4e3490\",\"name\":\"Diagnostyka Umys\u0142u\",\"image\":{\"@type\":\"ImageObject\",\"@id\":\"https:\/\/www.diagnostyka-umyslu.pl\/blog\/#personlogo\",\"inLanguage\":\"pl-PL\",\"url\":\"https:\/\/secure.gravatar.com\/avatar\/6743211f010801ea26aa9423a2daab37?s=96&d=mm&r=g\",\"contentUrl\":\"https:\/\/secure.gravatar.com\/avatar\/6743211f010801ea26aa9423a2daab37?s=96&d=mm&r=g\",\"caption\":\"Diagnostyka Umys\u0142u\"},\"sameAs\":[\"https:\/\/www.diagnostyka-umyslu.pl\/blog\"],\"url\":\"https:\/\/www.diagnostyka-umyslu.pl\/blog\/author\/diagnostyka-umyslu\/\"}]}<\/script>\n<!-- \/ Yoast SEO plugin. -->","yoast_head_json":{"title":"Por\u00f3wnanie zaburze\u0144 osobowo\u015bci typu borderline z ADHD - Diagnostyka Umys\u0142u","robots":{"index":"index","follow":"follow","max-snippet":"max-snippet:-1","max-image-preview":"max-image-preview:large","max-video-preview":"max-video-preview:-1"},"canonical":"https:\/\/www.diagnostyka-umyslu.pl\/blog\/adhd\/porownanie-zaburzen-osobowosci-typu-borderline-z-adhd\/","og_locale":"pl_PL","og_type":"article","og_title":"Por\u00f3wnanie zaburze\u0144 osobowo\u015bci typu borderline z ADHD - Diagnostyka Umys\u0142u","og_description":"Zaburzenie osobowo\u015bci typu borderline, znane r\u00f3wnie\u017c jako BPD, oraz zesp\u00f3\u0142 nadpobudliwo\u015bci psychoruchowej z deficytem uwagi, znany r\u00f3wnie\u017c jako ADHD, to dwa zaburzenia, kt\u00f3re mog\u0105 prowadzi\u0107...","og_url":"https:\/\/www.diagnostyka-umyslu.pl\/blog\/adhd\/porownanie-zaburzen-osobowosci-typu-borderline-z-adhd\/","og_site_name":"Diagnostyka Umys\u0142u","article_published_time":"2022-07-30T06:00:02+00:00","article_modified_time":"2023-02-23T10:26:31+00:00","og_image":[{"width":840,"height":202,"url":"https:\/\/www.diagnostyka-umyslu.pl\/blog\/wp-content\/uploads\/2022\/07\/bg_top_default.jpg","type":"image\/jpeg"}],"twitter_card":"summary_large_image","twitter_misc":{"Napisane przez":"Diagnostyka Umys\u0142u","Szacowany czas czytania":"8 minut"},"schema":{"@context":"https:\/\/schema.org","@graph":[{"@type":"Organization","@id":"https:\/\/www.diagnostyka-umyslu.pl\/blog\/#organization","name":"Diagnostyka Umys\u0142u","url":"https:\/\/www.diagnostyka-umyslu.pl\/blog\/","sameAs":[],"logo":{"@type":"ImageObject","@id":"https:\/\/www.diagnostyka-umyslu.pl\/blog\/#logo","inLanguage":"pl-PL","url":"https:\/\/www.diagnostyka-umyslu.pl\/blog\/wp-content\/uploads\/2021\/05\/logo.png","contentUrl":"https:\/\/www.diagnostyka-umyslu.pl\/blog\/wp-content\/uploads\/2021\/05\/logo.png","width":236,"height":81,"caption":"Diagnostyka Umys\u0142u"},"image":{"@id":"https:\/\/www.diagnostyka-umyslu.pl\/blog\/#logo"}},{"@type":"WebSite","@id":"https:\/\/www.diagnostyka-umyslu.pl\/blog\/#website","url":"https:\/\/www.diagnostyka-umyslu.pl\/blog\/","name":"Diagnostyka Umys\u0142u","description":"Blog o zaburzeniach umys\u0142u","publisher":{"@id":"https:\/\/www.diagnostyka-umyslu.pl\/blog\/#organization"},"potentialAction":[{"@type":"SearchAction","target":{"@type":"EntryPoint","urlTemplate":"https:\/\/www.diagnostyka-umyslu.pl\/blog\/?s={search_term_string}"},"query-input":"required name=search_term_string"}],"inLanguage":"pl-PL"},{"@type":"ImageObject","@id":"https:\/\/www.diagnostyka-umyslu.pl\/blog\/adhd\/porownanie-zaburzen-osobowosci-typu-borderline-z-adhd\/#primaryimage","inLanguage":"pl-PL","url":"https:\/\/www.diagnostyka-umyslu.pl\/blog\/wp-content\/uploads\/2022\/07\/bg_top_default.jpg","contentUrl":"https:\/\/www.diagnostyka-umyslu.pl\/blog\/wp-content\/uploads\/2022\/07\/bg_top_default.jpg","width":840,"height":202},{"@type":"WebPage","@id":"https:\/\/www.diagnostyka-umyslu.pl\/blog\/adhd\/porownanie-zaburzen-osobowosci-typu-borderline-z-adhd\/#webpage","url":"https:\/\/www.diagnostyka-umyslu.pl\/blog\/adhd\/porownanie-zaburzen-osobowosci-typu-borderline-z-adhd\/","name":"Por\u00f3wnanie zaburze\u0144 osobowo\u015bci typu borderline z ADHD - Diagnostyka Umys\u0142u","isPartOf":{"@id":"https:\/\/www.diagnostyka-umyslu.pl\/blog\/#website"},"primaryImageOfPage":{"@id":"https:\/\/www.diagnostyka-umyslu.pl\/blog\/adhd\/porownanie-zaburzen-osobowosci-typu-borderline-z-adhd\/#primaryimage"},"datePublished":"2022-07-30T06:00:02+00:00","dateModified":"2023-02-23T10:26:31+00:00","breadcrumb":{"@id":"https:\/\/www.diagnostyka-umyslu.pl\/blog\/adhd\/porownanie-zaburzen-osobowosci-typu-borderline-z-adhd\/#breadcrumb"},"inLanguage":"pl-PL","potentialAction":[{"@type":"ReadAction","target":["https:\/\/www.diagnostyka-umyslu.pl\/blog\/adhd\/porownanie-zaburzen-osobowosci-typu-borderline-z-adhd\/"]}]},{"@type":"BreadcrumbList","@id":"https:\/\/www.diagnostyka-umyslu.pl\/blog\/adhd\/porownanie-zaburzen-osobowosci-typu-borderline-z-adhd\/#breadcrumb","itemListElement":[{"@type":"ListItem","position":1,"name":"Strona g\u0142\u00f3wna","item":"https:\/\/www.diagnostyka-umyslu.pl\/blog\/"},{"@type":"ListItem","position":2,"name":"ADHD","item":"https:\/\/www.diagnostyka-umyslu.pl\/blog\/adhd\/"},{"@type":"ListItem","position":3,"name":"Por\u00f3wnanie zaburze\u0144 osobowo\u015bci typu borderline z ADHD"}]},{"@type":"Article","@id":"https:\/\/www.diagnostyka-umyslu.pl\/blog\/adhd\/porownanie-zaburzen-osobowosci-typu-borderline-z-adhd\/#article","isPartOf":{"@id":"https:\/\/www.diagnostyka-umyslu.pl\/blog\/adhd\/porownanie-zaburzen-osobowosci-typu-borderline-z-adhd\/#webpage"},"author":{"@id":"https:\/\/www.diagnostyka-umyslu.pl\/blog\/#\/schema\/person\/8eb1bcaf59fea75c780c11946f4e3490"},"headline":"Por\u00f3wnanie zaburze\u0144 osobowo\u015bci typu borderline z ADHD","datePublished":"2022-07-30T06:00:02+00:00","dateModified":"2023-02-23T10:26:31+00:00","mainEntityOfPage":{"@id":"https:\/\/www.diagnostyka-umyslu.pl\/blog\/adhd\/porownanie-zaburzen-osobowosci-typu-borderline-z-adhd\/#webpage"},"wordCount":1443,"publisher":{"@id":"https:\/\/www.diagnostyka-umyslu.pl\/blog\/#organization"},"image":{"@id":"https:\/\/www.diagnostyka-umyslu.pl\/blog\/adhd\/porownanie-zaburzen-osobowosci-typu-borderline-z-adhd\/#primaryimage"},"thumbnailUrl":"https:\/\/www.diagnostyka-umyslu.pl\/blog\/wp-content\/uploads\/2022\/07\/bg_top_default.jpg","articleSection":["ADHD"],"inLanguage":"pl-PL"},{"@type":"Person","@id":"https:\/\/www.diagnostyka-umyslu.pl\/blog\/#\/schema\/person\/8eb1bcaf59fea75c780c11946f4e3490","name":"Diagnostyka Umys\u0142u","image":{"@type":"ImageObject","@id":"https:\/\/www.diagnostyka-umyslu.pl\/blog\/#personlogo","inLanguage":"pl-PL","url":"https:\/\/secure.gravatar.com\/avatar\/6743211f010801ea26aa9423a2daab37?s=96&d=mm&r=g","contentUrl":"https:\/\/secure.gravatar.com\/avatar\/6743211f010801ea26aa9423a2daab37?s=96&d=mm&r=g","caption":"Diagnostyka Umys\u0142u"},"sameAs":["https:\/\/www.diagnostyka-umyslu.pl\/blog"],"url":"https:\/\/www.diagnostyka-umyslu.pl\/blog\/author\/diagnostyka-umyslu\/"}]}},"amp_enabled":true,"_links":{"self":[{"href":"https:\/\/www.diagnostyka-umyslu.pl\/blog\/wp-json\/wp\/v2\/posts\/1724"}],"collection":[{"href":"https:\/\/www.diagnostyka-umyslu.pl\/blog\/wp-json\/wp\/v2\/posts"}],"about":[{"href":"https:\/\/www.diagnostyka-umyslu.pl\/blog\/wp-json\/wp\/v2\/types\/post"}],"author":[{"embeddable":true,"href":"https:\/\/www.diagnostyka-umyslu.pl\/blog\/wp-json\/wp\/v2\/users\/1"}],"replies":[{"embeddable":true,"href":"https:\/\/www.diagnostyka-umyslu.pl\/blog\/wp-json\/wp\/v2\/comments?post=1724"}],"version-history":[{"count":4,"href":"https:\/\/www.diagnostyka-umyslu.pl\/blog\/wp-json\/wp\/v2\/posts\/1724\/revisions"}],"predecessor-version":[{"id":2251,"href":"https:\/\/www.diagnostyka-umyslu.pl\/blog\/wp-json\/wp\/v2\/posts\/1724\/revisions\/2251"}],"wp:featuredmedia":[{"embeddable":true,"href":"https:\/\/www.diagnostyka-umyslu.pl\/blog\/wp-json\/wp\/v2\/media\/1825"}],"wp:attachment":[{"href":"https:\/\/www.diagnostyka-umyslu.pl\/blog\/wp-json\/wp\/v2\/media?parent=1724"}],"wp:term":[{"taxonomy":"category","embeddable":true,"href":"https:\/\/www.diagnostyka-umyslu.pl\/blog\/wp-json\/wp\/v2\/categories?post=1724"},{"taxonomy":"post_tag","embeddable":true,"href":"https:\/\/www.diagnostyka-umyslu.pl\/blog\/wp-json\/wp\/v2\/tags?post=1724"}],"curies":[{"name":"wp","href":"https:\/\/api.w.org\/{rel}","templated":true}]}}