{"id":1797,"date":"2022-07-09T08:00:09","date_gmt":"2022-07-09T06:00:09","guid":{"rendered":"https:\/\/www.diagnostyka-umyslu.pl\/blog\/?p=1797"},"modified":"2022-07-08T20:33:25","modified_gmt":"2022-07-08T18:33:25","slug":"czym-jest-lagodny-autyzm","status":"publish","type":"post","link":"https:\/\/www.diagnostyka-umyslu.pl\/blog\/spektrum-autyzmu\/czym-jest-lagodny-autyzm\/","title":{"rendered":"Czym jest \u0142agodny autyzm?"},"content":{"rendered":"<blockquote><p>Uwaga j\u0119zykowa: Chocia\u017c istniej\u0105 indywidualne preferencje, badania spo\u0142eczno\u015bci autyst\u00f3w konsekwentnie pokazuj\u0105, \u017ce osoby z autyzmem preferuj\u0105 j\u0119zyk oparty na to\u017csamo\u015bci, a nie na osobie (tj. &#8220;osoba z autyzmem&#8221;, a nie &#8220;osoba z autyzmem&#8221;). Ten artyku\u0142 odzwierciedla te preferencje j\u0119zykowe spo\u0142eczno\u015bci.<\/p><\/blockquote>\n<h4>Czym jest \u0142agodny autyzm?<\/h4>\n<p>Autyzm jest r\u00f3\u017cnic\u0105 neurorozwojow\u0105, kt\u00f3ra mo\u017ce objawia\u0107 si\u0119 trudno\u015bciami w komunikacji, kontaktach spo\u0142ecznych i zachowaniu w spos\u00f3b, kt\u00f3ry spe\u0142nia oczekiwania neurotypowe.<\/p>\n<p>Diagnostic and Statistical Manual of Mental Disorders, 5th Edition (DSM-5), konceptualizuje autyzm jako spektrum, w kt\u00f3rym osoby z niskimi potrzebami wsparcia s\u0105 uwa\u017cane za &#8220;\u0142agodnie&#8221; autystyczne, a te z wysokimi potrzebami wsparcia za &#8220;ci\u0119\u017ckie&#8221;.<\/p>\n<p><a href=\"https:\/\/www.diagnostyka-umyslu.pl\/spektrum-autyzmu-test\">\u0141agodny autyzm<\/a> jest r\u00f3wnie\u017c czasami okre\u015blany jako autyzm wysokofunkcjonuj\u0105cy.<\/p>\n<h4>Charakterystyka \u0142agodnego autyzmu<\/h4>\n<p>DSM-5 wyszczeg\u00f3lnia pi\u0119\u0107 kryteri\u00f3w diagnostycznych dla Spektrum Zaburze\u0144 Autystycznych. Poniewa\u017c DSM-5 konceptualizuje diagnozy jako zaburzenia i niepe\u0142nosprawno\u015bci, kt\u00f3re powoduj\u0105 problemy funkcjonalne, objawy te s\u0105 uj\u0119te w ramy deficyt\u00f3w:<\/p>\n<ul>\n<li>Deficyty spo\u0142eczne: Osoby autystyczne mog\u0105 podchodzi\u0107 do rozm\u00f3w i interakcji spo\u0142ecznych w &#8220;nienormalny&#8221; spos\u00f3b i mie\u0107 trudno\u015bci z wyra\u017caniem i interpretowaniem wskaz\u00f3wek niewerbalnych. Mo\u017ce to powodowa\u0107 trudno\u015bci w &#8220;rozwijaniu, utrzymywaniu i rozumieniu relacji&#8221;.<\/li>\n<li>Powtarzaj\u0105ce si\u0119 lub utrwalone zachowania, zainteresowania lub czynno\u015bci: Osoby autystyczne cz\u0119sto powtarzaj\u0105 ruchy lub s\u0142owa jako spos\u00f3b samoregulacji, zachowanie cz\u0119sto okre\u015blane jako &#8220;stimming&#8221;. Mog\u0105 r\u00f3wnie\u017c przestrzega\u0107 specyficznych rutyn i mie\u0107 specyficzne i intensywne zainteresowania. Wreszcie, osoby autystyczne cz\u0119sto maj\u0105 nietypowe reakcje na do\u015bwiadczenia zmys\u0142owe, w tym s\u0105 bardzo wra\u017cliwe na dotyk, zapach, \u015bwiat\u0142o lub d\u017awi\u0119k, lub wydaj\u0105 si\u0119 nie zauwa\u017ca\u0107 tych wra\u017ce\u0144.<\/li>\n<li>Wczesny pocz\u0105tek: Neurodywergencja zaczyna si\u0119 przed urodzeniem. Chocia\u017c objawy mog\u0105 ujawni\u0107 si\u0119 dopiero w p\u00f3\u017aniejszym okresie \u017cycia (zw\u0142aszcza u os\u00f3b o niskich potrzebach wsparcia), osoby autystyczne s\u0105 nimi przez ca\u0142e \u017cycie.<\/li>\n<li>Symptomy powoduj\u0105 deficyty funkcjonalne: Kliniczna diagnoza autyzmu wymaga, aby osoba do\u015bwiadczy\u0142a trudno\u015bci w szkole, w pracy, w sytuacjach spo\u0142ecznych lub w innych ustawieniach. Dlatego wiele os\u00f3b z autyzmem, kt\u00f3re maj\u0105 niskie potrzeby wsparcia, mo\u017ce zosta\u0107 zdiagnozowanych dopiero w p\u00f3\u017aniejszym okresie \u017cycia.<\/li>\n<li>Symptomy nie s\u0105 spowodowane inn\u0105 diagnoz\u0105: Niekt\u00f3re warunki genetyczne lub trauma mog\u0105 powodowa\u0107 zachowania, kt\u00f3re mog\u0105 wygl\u0105da\u0107 jak autyzm.<\/li>\n<\/ul>\n<p>Zanim autyzm zosta\u0142 uznany za spektrum, DSM-IV-TR odr\u00f3\u017cnia\u0142 autyzm od zespo\u0142u Aspergera, kt\u00f3ry by\u0142 uwa\u017cany za &#8220;\u0142agodny&#8221; autyzm. Jednak psychologowie zmagali si\u0119 z rozr\u00f3\u017cnianiem autyzmu i Zespo\u0142u Aspergera.<\/p>\n<p>Osoba by\u0142a uwa\u017cana za autystyczn\u0105, je\u015bli nie naby\u0142a j\u0119zyka werbalnego przed uko\u0144czeniem trzech lat, ale inne objawy by\u0142y takie same. Ponadto, badania wykaza\u0142y, \u017ce diagnoza autyzmu lub zespo\u0142u Aspergera zale\u017ca\u0142a od tego, kt\u00f3ry lekarz dokonywa\u0142 oceny, a nie od konkretnych objaw\u00f3w.<\/p>\n<p>Mi\u0119dzynarodowa Klasyfikacja Chor\u00f3b, 10 Rewizja (ICD-10) nadal uznaje Zesp\u00f3\u0142 Aspergera jako diagnoz\u0119.<\/p>\n<p>Chocia\u017c niekt\u00f3rzy nadal u\u017cywaj\u0105 terminu Zesp\u00f3\u0142 Aspergera, termin ten jest uwa\u017cany przez wielu za przestarza\u0142y i problematyczny, poniewa\u017c Hans Asperger by\u0142 eugenist\u0105 i cz\u0142onkiem partii nazistowskiej w Niemczech podczas II wojny \u015bwiatowej. Jego badania nad autyzmem mia\u0142y na celu okre\u015blenie, kt\u00f3re dzieci by\u0142y &#8220;wysoko funkcjonuj\u0105ce&#8221; na tyle, aby by\u0142y &#8220;u\u017cyteczne &#8220;.<\/p>\n<h4>Co sprawia, \u017ce autyzm jest &#8220;\u0142agodny&#8221;?<\/h4>\n<p>Zgodnie z DSM-5, diagnoza zaburze\u0144 ze spektrum autyzmu mo\u017ce by\u0107 okre\u015blona jako Poziom 1, Poziom 2 lub Poziom 3 w oparciu o &#8220;ci\u0119\u017cko\u015b\u0107&#8221;.<\/p>\n<p><strong>Autyzm Poziomu 1<\/strong><\/p>\n<blockquote><p>Poziom 1 jest zwykle klasyfikowany jako &#8220;\u0142agodny&#8221; autyzm, poniewa\u017c osoby autystyczne na poziomie 1 maj\u0105 najni\u017csze potrzeby wsparcia.<\/p><\/blockquote>\n<p>Aby osoba z autyzmem zosta\u0142a uznana za poziom 1, musi mie\u0107 niskie potrzeby wsparcia zar\u00f3wno w zakresie komunikacji, jak i zachowania. Je\u015bli chodzi o komunikacj\u0119, osoby z autyzmem na poziomie 1 mog\u0105 mie\u0107 problemy z inicjowaniem rozm\u00f3w lub nawi\u0105zywaniem relacji z innymi lud\u017ami i mog\u0105 nie by\u0107 tak zainteresowane tymi relacjami jak ich neurotypowi r\u00f3wie\u015bnicy.<\/p>\n<p>Pod wzgl\u0119dem behawioralnym osoby z autyzmem na poziomie 1 mog\u0105 przestrzega\u0107 bardzo specyficznych rutyn, kt\u00f3re mog\u0105 przeszkadza\u0107 w funkcjonowaniu, zmaga\u0107 si\u0119 z przej\u015bciami oraz mie\u0107 trudno\u015bci z organizacj\u0105 i planowaniem. DSM-5 nie precyzuje, w jaki spos\u00f3b problemy sensoryczne wp\u0142ywaj\u0105 na osoby z autyzmem na Poziomie 1.<\/p>\n<p>Nale\u017cy pami\u0119ta\u0107, \u017ce potrzeby os\u00f3b z autyzmem w zakresie wsparcia mog\u0105 si\u0119 zmienia\u0107, tak samo jak potrzeby os\u00f3b nieautystycznych. W okresach du\u017cego stresu osoba z autyzmem mo\u017ce potrzebowa\u0107 wi\u0119cej wsparcia ni\u017c w okresach niskiego stresu.<\/p>\n<p>O wypaleniu zawodowym m\u00f3wimy wtedy, gdy potrzeby osoby autystycznej w zakresie wsparcia wzrastaj\u0105 z powodu wyczerpania i d\u0142ugotrwa\u0142ego stresu. Osoby z autyzmem, kt\u00f3re mia\u0142y niskie potrzeby wsparcia i zosta\u0142y okre\u015blone jako &#8220;\u0142agodne&#8221;, mog\u0105 wykazywa\u0107 bardziej &#8220;ostre&#8221; objawy podczas wypalenia z powodu wy\u017cszych potrzeb.<\/p>\n<h4>Diagnozowanie \u0142agodnego autyzmu<\/h4>\n<p>Wiele test\u00f3w psychologicznych stworzonych w celu identyfikacji autyzmu jest specjalnie zaprojektowanych dla dzieci i nastolatk\u00f3w. Jednak\u017ce, poniewa\u017c &#8220;\u0142agodny&#8221; autyzm charakteryzuje si\u0119 mniejszymi trudno\u015bciami funkcjonalnymi i mniejszymi potrzebami wsparcia, wiele os\u00f3b z autyzmem, kt\u00f3rych objawy s\u0105 uwa\u017cane za &#8220;\u0142agodne&#8221;, nie jest identyfikowanych jako autystyczne a\u017c do doros\u0142o\u015bci.<\/p>\n<p>Oceny psychologiczne stosowane do identyfikacji autyzmu obejmuj\u0105:<\/p>\n<ul>\n<li>Wywiad diagnostyczny. Ka\u017cda ocena psychologiczna b\u0119dzie zawiera\u0107 wywiad diagnostyczny, podczas kt\u00f3rego oceniaj\u0105cy zbiera informacje o historii osobistej i rodzinnej, jak r\u00f3wnie\u017c o objawach. Poniewa\u017c autyzm jest diagnoz\u0105 neurorozwojow\u0105, wywiad ten b\u0119dzie prawdopodobnie zawiera\u0142 informacje na temat wczesnego rozwoju.<\/li>\n<li>Skala Oceny Spektrum Autyzmu (ASRS). ASRS jest miar\u0105 obserwacyjn\u0105 z formularzami dla rodzic\u00f3w i nauczycieli, kt\u00f3ra mo\u017ce by\u0107 u\u017cyta do identyfikacji symptom\u00f3w autyzmu u dzieci w wieku od dw\u00f3ch do osiemnastu lat. Wyniki dziecka s\u0105 por\u00f3wnywane z innymi dzie\u0107mi autystycznymi, jak r\u00f3wnie\u017c z kryteriami diagnostycznymi DSM-5 dla autyzmu.<\/li>\n<li>Autism Diagnostic Interview-Revised (ADI-R). ADI-R jest ustrukturyzowanym wywiadem, kt\u00f3ry ocenia objawy autyzmu od czwartego roku \u017cycia do doros\u0142o\u015bci.<\/li>\n<li>Autism Diagnostic Observation Schedule-2 (ADOS-2). ADOS-2 ocenia umiej\u0119tno\u015bci spo\u0142eczne i komunikacyjne. Niekt\u00f3re modu\u0142y s\u0105 stosowane tylko w identyfikacji dzieci autystycznych, ale posiada modu\u0142, kt\u00f3ry mo\u017ce ocenia\u0107 doros\u0142ych.<\/li>\n<li>Wywiad diagnostyczny dotycz\u0105cy zaburze\u0144 spo\u0142ecznych i komunikacyjnych (DISCO). DISCO to ustrukturyzowany wywiad zawieraj\u0105cy pytania dotycz\u0105ce zachowania i funkcjonowania, kt\u00f3ry mo\u017ce by\u0107 stosowany u dzieci i doros\u0142ych.<\/li>\n<\/ul>\n<h4>Przyczyny \u0142agodnego autyzmu<\/h4>\n<p>Chocia\u017c nie rozumiemy w pe\u0142ni dlaczego niekt\u00f3rzy ludzie s\u0105 autystyczni a inni nie, badania pokazuj\u0105, \u017ce r\u00f3\u017cne geny mog\u0105 wp\u0142ywa\u0107 na to czy kto\u015b jest autystyczny czy nie.<\/p>\n<p>Ludzie autystyczni rodz\u0105 si\u0119 autystyczni i pozostaj\u0105 autystyczni przez ca\u0142e \u017cycie.<\/p>\n<h4>Leczenie i wsparcie dla \u0142agodnego autyzmu<\/h4>\n<p>Osoby z autyzmem mog\u0105 korzysta\u0107 z terapii rozmownej, terapii zaj\u0119ciowej i terapii fizycznej.<\/p>\n<blockquote><p>Chocia\u017c Stosowana Analiza Zachowania (ABA) jest czasami uwa\u017cana za &#8220;z\u0142oty standard&#8221; leczenia autyzmu, spo\u0142eczno\u015b\u0107 autystyczna wyrazi\u0142a obawy, \u017ce terapia ta mo\u017ce by\u0107 nadu\u017cywana i traumatyczna.<\/p><\/blockquote>\n<p>Osoby autystyczne o niskich potrzebach wsparcia mog\u0105 by\u0107 w stanie \u017cy\u0107 samodzielnie i pracowa\u0107, ale mog\u0105 ucz\u0119szcza\u0107 na indywidualn\u0105 terapi\u0119, aby radzi\u0107 sobie ze stresem i wszelkimi wsp\u00f3\u0142istniej\u0105cymi diagnozami.<\/p>\n<h4>Radzenie sobie z \u0142agodnym autyzmem<\/h4>\n<p>Wiele os\u00f3b z autyzmem korzysta ze wsparcia swoich r\u00f3wie\u015bnik\u00f3w. Istniej\u0105 organizacje, kt\u00f3re broni\u0105 praw os\u00f3b z autyzmem i dostarczaj\u0105 dok\u0142adnych informacji na temat diagnozy, mo\u017cliwo\u015bci leczenia i wsparcia spo\u0142ecznego.<\/p>\n<h4>Wi\u0119cej informacji<\/h4>\n<ul>\n<li><em>verywellmind.com\/mild-autism-definition-traits-treatment-5226088<\/em><\/li>\n<\/ul>\n","protected":false},"excerpt":{"rendered":"<p>Uwaga j\u0119zykowa: Chocia\u017c istniej\u0105 indywidualne preferencje, badania spo\u0142eczno\u015bci autyst\u00f3w konsekwentnie pokazuj\u0105, \u017ce osoby z autyzmem preferuj\u0105 j\u0119zyk oparty na to\u017csamo\u015bci, a nie na osobie (tj&#8230;.<\/p>\n","protected":false},"author":1,"featured_media":1799,"comment_status":"closed","ping_status":"open","sticky":false,"template":"","format":"standard","meta":[],"categories":[44],"tags":[],"yoast_head":"<!-- This site is optimized with the Yoast SEO plugin v18.1 - https:\/\/yoast.com\/wordpress\/plugins\/seo\/ -->\n<title>Czym jest \u0142agodny autyzm? - Diagnostyka Umys\u0142u<\/title>\n<meta name=\"robots\" content=\"index, follow, max-snippet:-1, max-image-preview:large, max-video-preview:-1\" \/>\n<link rel=\"canonical\" href=\"https:\/\/www.diagnostyka-umyslu.pl\/blog\/spektrum-autyzmu\/czym-jest-lagodny-autyzm\/\" \/>\n<meta property=\"og:locale\" content=\"pl_PL\" \/>\n<meta property=\"og:type\" content=\"article\" \/>\n<meta property=\"og:title\" content=\"Czym jest \u0142agodny autyzm? - Diagnostyka Umys\u0142u\" \/>\n<meta property=\"og:description\" content=\"Uwaga j\u0119zykowa: Chocia\u017c istniej\u0105 indywidualne preferencje, badania spo\u0142eczno\u015bci autyst\u00f3w konsekwentnie pokazuj\u0105, \u017ce osoby z autyzmem preferuj\u0105 j\u0119zyk oparty na to\u017csamo\u015bci, a nie na osobie (tj....\" \/>\n<meta property=\"og:url\" content=\"https:\/\/www.diagnostyka-umyslu.pl\/blog\/spektrum-autyzmu\/czym-jest-lagodny-autyzm\/\" \/>\n<meta property=\"og:site_name\" content=\"Diagnostyka Umys\u0142u\" \/>\n<meta property=\"article:published_time\" content=\"2022-07-09T06:00:09+00:00\" \/>\n<meta property=\"article:modified_time\" content=\"2022-07-08T18:33:25+00:00\" \/>\n<meta property=\"og:image\" content=\"https:\/\/www.diagnostyka-umyslu.pl\/blog\/wp-content\/uploads\/2022\/07\/1010.png\" \/>\n\t<meta property=\"og:image:width\" content=\"869\" \/>\n\t<meta property=\"og:image:height\" content=\"382\" \/>\n\t<meta property=\"og:image:type\" content=\"image\/png\" \/>\n<meta name=\"twitter:card\" content=\"summary_large_image\" \/>\n<meta name=\"twitter:label1\" content=\"Napisane przez\" \/>\n\t<meta name=\"twitter:data1\" content=\"Diagnostyka Umys\u0142u\" \/>\n\t<meta name=\"twitter:label2\" content=\"Szacowany czas czytania\" \/>\n\t<meta name=\"twitter:data2\" content=\"6 minut\" \/>\n<script type=\"application\/ld+json\" class=\"yoast-schema-graph\">{\"@context\":\"https:\/\/schema.org\",\"@graph\":[{\"@type\":\"Organization\",\"@id\":\"https:\/\/www.diagnostyka-umyslu.pl\/blog\/#organization\",\"name\":\"Diagnostyka Umys\u0142u\",\"url\":\"https:\/\/www.diagnostyka-umyslu.pl\/blog\/\",\"sameAs\":[],\"logo\":{\"@type\":\"ImageObject\",\"@id\":\"https:\/\/www.diagnostyka-umyslu.pl\/blog\/#logo\",\"inLanguage\":\"pl-PL\",\"url\":\"https:\/\/www.diagnostyka-umyslu.pl\/blog\/wp-content\/uploads\/2021\/05\/logo.png\",\"contentUrl\":\"https:\/\/www.diagnostyka-umyslu.pl\/blog\/wp-content\/uploads\/2021\/05\/logo.png\",\"width\":236,\"height\":81,\"caption\":\"Diagnostyka Umys\u0142u\"},\"image\":{\"@id\":\"https:\/\/www.diagnostyka-umyslu.pl\/blog\/#logo\"}},{\"@type\":\"WebSite\",\"@id\":\"https:\/\/www.diagnostyka-umyslu.pl\/blog\/#website\",\"url\":\"https:\/\/www.diagnostyka-umyslu.pl\/blog\/\",\"name\":\"Diagnostyka Umys\u0142u\",\"description\":\"Blog o zaburzeniach umys\u0142u\",\"publisher\":{\"@id\":\"https:\/\/www.diagnostyka-umyslu.pl\/blog\/#organization\"},\"potentialAction\":[{\"@type\":\"SearchAction\",\"target\":{\"@type\":\"EntryPoint\",\"urlTemplate\":\"https:\/\/www.diagnostyka-umyslu.pl\/blog\/?s={search_term_string}\"},\"query-input\":\"required name=search_term_string\"}],\"inLanguage\":\"pl-PL\"},{\"@type\":\"ImageObject\",\"@id\":\"https:\/\/www.diagnostyka-umyslu.pl\/blog\/spektrum-autyzmu\/czym-jest-lagodny-autyzm\/#primaryimage\",\"inLanguage\":\"pl-PL\",\"url\":\"https:\/\/www.diagnostyka-umyslu.pl\/blog\/wp-content\/uploads\/2022\/07\/1010.png\",\"contentUrl\":\"https:\/\/www.diagnostyka-umyslu.pl\/blog\/wp-content\/uploads\/2022\/07\/1010.png\",\"width\":869,\"height\":382},{\"@type\":\"WebPage\",\"@id\":\"https:\/\/www.diagnostyka-umyslu.pl\/blog\/spektrum-autyzmu\/czym-jest-lagodny-autyzm\/#webpage\",\"url\":\"https:\/\/www.diagnostyka-umyslu.pl\/blog\/spektrum-autyzmu\/czym-jest-lagodny-autyzm\/\",\"name\":\"Czym jest \u0142agodny autyzm? - Diagnostyka Umys\u0142u\",\"isPartOf\":{\"@id\":\"https:\/\/www.diagnostyka-umyslu.pl\/blog\/#website\"},\"primaryImageOfPage\":{\"@id\":\"https:\/\/www.diagnostyka-umyslu.pl\/blog\/spektrum-autyzmu\/czym-jest-lagodny-autyzm\/#primaryimage\"},\"datePublished\":\"2022-07-09T06:00:09+00:00\",\"dateModified\":\"2022-07-08T18:33:25+00:00\",\"breadcrumb\":{\"@id\":\"https:\/\/www.diagnostyka-umyslu.pl\/blog\/spektrum-autyzmu\/czym-jest-lagodny-autyzm\/#breadcrumb\"},\"inLanguage\":\"pl-PL\",\"potentialAction\":[{\"@type\":\"ReadAction\",\"target\":[\"https:\/\/www.diagnostyka-umyslu.pl\/blog\/spektrum-autyzmu\/czym-jest-lagodny-autyzm\/\"]}]},{\"@type\":\"BreadcrumbList\",\"@id\":\"https:\/\/www.diagnostyka-umyslu.pl\/blog\/spektrum-autyzmu\/czym-jest-lagodny-autyzm\/#breadcrumb\",\"itemListElement\":[{\"@type\":\"ListItem\",\"position\":1,\"name\":\"Strona g\u0142\u00f3wna\",\"item\":\"https:\/\/www.diagnostyka-umyslu.pl\/blog\/\"},{\"@type\":\"ListItem\",\"position\":2,\"name\":\"Spektrum Autyzmu\",\"item\":\"https:\/\/www.diagnostyka-umyslu.pl\/blog\/spektrum-autyzmu\/\"},{\"@type\":\"ListItem\",\"position\":3,\"name\":\"Czym jest \u0142agodny autyzm?\"}]},{\"@type\":\"Article\",\"@id\":\"https:\/\/www.diagnostyka-umyslu.pl\/blog\/spektrum-autyzmu\/czym-jest-lagodny-autyzm\/#article\",\"isPartOf\":{\"@id\":\"https:\/\/www.diagnostyka-umyslu.pl\/blog\/spektrum-autyzmu\/czym-jest-lagodny-autyzm\/#webpage\"},\"author\":{\"@id\":\"https:\/\/www.diagnostyka-umyslu.pl\/blog\/#\/schema\/person\/8eb1bcaf59fea75c780c11946f4e3490\"},\"headline\":\"Czym jest \u0142agodny autyzm?\",\"datePublished\":\"2022-07-09T06:00:09+00:00\",\"dateModified\":\"2022-07-08T18:33:25+00:00\",\"mainEntityOfPage\":{\"@id\":\"https:\/\/www.diagnostyka-umyslu.pl\/blog\/spektrum-autyzmu\/czym-jest-lagodny-autyzm\/#webpage\"},\"wordCount\":1252,\"publisher\":{\"@id\":\"https:\/\/www.diagnostyka-umyslu.pl\/blog\/#organization\"},\"image\":{\"@id\":\"https:\/\/www.diagnostyka-umyslu.pl\/blog\/spektrum-autyzmu\/czym-jest-lagodny-autyzm\/#primaryimage\"},\"thumbnailUrl\":\"https:\/\/www.diagnostyka-umyslu.pl\/blog\/wp-content\/uploads\/2022\/07\/1010.png\",\"articleSection\":[\"Spektrum Autyzmu\"],\"inLanguage\":\"pl-PL\"},{\"@type\":\"Person\",\"@id\":\"https:\/\/www.diagnostyka-umyslu.pl\/blog\/#\/schema\/person\/8eb1bcaf59fea75c780c11946f4e3490\",\"name\":\"Diagnostyka Umys\u0142u\",\"image\":{\"@type\":\"ImageObject\",\"@id\":\"https:\/\/www.diagnostyka-umyslu.pl\/blog\/#personlogo\",\"inLanguage\":\"pl-PL\",\"url\":\"https:\/\/secure.gravatar.com\/avatar\/6743211f010801ea26aa9423a2daab37?s=96&d=mm&r=g\",\"contentUrl\":\"https:\/\/secure.gravatar.com\/avatar\/6743211f010801ea26aa9423a2daab37?s=96&d=mm&r=g\",\"caption\":\"Diagnostyka Umys\u0142u\"},\"sameAs\":[\"https:\/\/www.diagnostyka-umyslu.pl\/blog\"],\"url\":\"https:\/\/www.diagnostyka-umyslu.pl\/blog\/author\/diagnostyka-umyslu\/\"}]}<\/script>\n<!-- \/ Yoast SEO plugin. -->","yoast_head_json":{"title":"Czym jest \u0142agodny autyzm? - Diagnostyka Umys\u0142u","robots":{"index":"index","follow":"follow","max-snippet":"max-snippet:-1","max-image-preview":"max-image-preview:large","max-video-preview":"max-video-preview:-1"},"canonical":"https:\/\/www.diagnostyka-umyslu.pl\/blog\/spektrum-autyzmu\/czym-jest-lagodny-autyzm\/","og_locale":"pl_PL","og_type":"article","og_title":"Czym jest \u0142agodny autyzm? - Diagnostyka Umys\u0142u","og_description":"Uwaga j\u0119zykowa: Chocia\u017c istniej\u0105 indywidualne preferencje, badania spo\u0142eczno\u015bci autyst\u00f3w konsekwentnie pokazuj\u0105, \u017ce osoby z autyzmem preferuj\u0105 j\u0119zyk oparty na to\u017csamo\u015bci, a nie na osobie (tj....","og_url":"https:\/\/www.diagnostyka-umyslu.pl\/blog\/spektrum-autyzmu\/czym-jest-lagodny-autyzm\/","og_site_name":"Diagnostyka Umys\u0142u","article_published_time":"2022-07-09T06:00:09+00:00","article_modified_time":"2022-07-08T18:33:25+00:00","og_image":[{"width":869,"height":382,"url":"https:\/\/www.diagnostyka-umyslu.pl\/blog\/wp-content\/uploads\/2022\/07\/1010.png","type":"image\/png"}],"twitter_card":"summary_large_image","twitter_misc":{"Napisane przez":"Diagnostyka Umys\u0142u","Szacowany czas czytania":"6 minut"},"schema":{"@context":"https:\/\/schema.org","@graph":[{"@type":"Organization","@id":"https:\/\/www.diagnostyka-umyslu.pl\/blog\/#organization","name":"Diagnostyka Umys\u0142u","url":"https:\/\/www.diagnostyka-umyslu.pl\/blog\/","sameAs":[],"logo":{"@type":"ImageObject","@id":"https:\/\/www.diagnostyka-umyslu.pl\/blog\/#logo","inLanguage":"pl-PL","url":"https:\/\/www.diagnostyka-umyslu.pl\/blog\/wp-content\/uploads\/2021\/05\/logo.png","contentUrl":"https:\/\/www.diagnostyka-umyslu.pl\/blog\/wp-content\/uploads\/2021\/05\/logo.png","width":236,"height":81,"caption":"Diagnostyka Umys\u0142u"},"image":{"@id":"https:\/\/www.diagnostyka-umyslu.pl\/blog\/#logo"}},{"@type":"WebSite","@id":"https:\/\/www.diagnostyka-umyslu.pl\/blog\/#website","url":"https:\/\/www.diagnostyka-umyslu.pl\/blog\/","name":"Diagnostyka Umys\u0142u","description":"Blog o zaburzeniach umys\u0142u","publisher":{"@id":"https:\/\/www.diagnostyka-umyslu.pl\/blog\/#organization"},"potentialAction":[{"@type":"SearchAction","target":{"@type":"EntryPoint","urlTemplate":"https:\/\/www.diagnostyka-umyslu.pl\/blog\/?s={search_term_string}"},"query-input":"required name=search_term_string"}],"inLanguage":"pl-PL"},{"@type":"ImageObject","@id":"https:\/\/www.diagnostyka-umyslu.pl\/blog\/spektrum-autyzmu\/czym-jest-lagodny-autyzm\/#primaryimage","inLanguage":"pl-PL","url":"https:\/\/www.diagnostyka-umyslu.pl\/blog\/wp-content\/uploads\/2022\/07\/1010.png","contentUrl":"https:\/\/www.diagnostyka-umyslu.pl\/blog\/wp-content\/uploads\/2022\/07\/1010.png","width":869,"height":382},{"@type":"WebPage","@id":"https:\/\/www.diagnostyka-umyslu.pl\/blog\/spektrum-autyzmu\/czym-jest-lagodny-autyzm\/#webpage","url":"https:\/\/www.diagnostyka-umyslu.pl\/blog\/spektrum-autyzmu\/czym-jest-lagodny-autyzm\/","name":"Czym jest \u0142agodny autyzm? - Diagnostyka Umys\u0142u","isPartOf":{"@id":"https:\/\/www.diagnostyka-umyslu.pl\/blog\/#website"},"primaryImageOfPage":{"@id":"https:\/\/www.diagnostyka-umyslu.pl\/blog\/spektrum-autyzmu\/czym-jest-lagodny-autyzm\/#primaryimage"},"datePublished":"2022-07-09T06:00:09+00:00","dateModified":"2022-07-08T18:33:25+00:00","breadcrumb":{"@id":"https:\/\/www.diagnostyka-umyslu.pl\/blog\/spektrum-autyzmu\/czym-jest-lagodny-autyzm\/#breadcrumb"},"inLanguage":"pl-PL","potentialAction":[{"@type":"ReadAction","target":["https:\/\/www.diagnostyka-umyslu.pl\/blog\/spektrum-autyzmu\/czym-jest-lagodny-autyzm\/"]}]},{"@type":"BreadcrumbList","@id":"https:\/\/www.diagnostyka-umyslu.pl\/blog\/spektrum-autyzmu\/czym-jest-lagodny-autyzm\/#breadcrumb","itemListElement":[{"@type":"ListItem","position":1,"name":"Strona g\u0142\u00f3wna","item":"https:\/\/www.diagnostyka-umyslu.pl\/blog\/"},{"@type":"ListItem","position":2,"name":"Spektrum Autyzmu","item":"https:\/\/www.diagnostyka-umyslu.pl\/blog\/spektrum-autyzmu\/"},{"@type":"ListItem","position":3,"name":"Czym jest \u0142agodny autyzm?"}]},{"@type":"Article","@id":"https:\/\/www.diagnostyka-umyslu.pl\/blog\/spektrum-autyzmu\/czym-jest-lagodny-autyzm\/#article","isPartOf":{"@id":"https:\/\/www.diagnostyka-umyslu.pl\/blog\/spektrum-autyzmu\/czym-jest-lagodny-autyzm\/#webpage"},"author":{"@id":"https:\/\/www.diagnostyka-umyslu.pl\/blog\/#\/schema\/person\/8eb1bcaf59fea75c780c11946f4e3490"},"headline":"Czym jest \u0142agodny autyzm?","datePublished":"2022-07-09T06:00:09+00:00","dateModified":"2022-07-08T18:33:25+00:00","mainEntityOfPage":{"@id":"https:\/\/www.diagnostyka-umyslu.pl\/blog\/spektrum-autyzmu\/czym-jest-lagodny-autyzm\/#webpage"},"wordCount":1252,"publisher":{"@id":"https:\/\/www.diagnostyka-umyslu.pl\/blog\/#organization"},"image":{"@id":"https:\/\/www.diagnostyka-umyslu.pl\/blog\/spektrum-autyzmu\/czym-jest-lagodny-autyzm\/#primaryimage"},"thumbnailUrl":"https:\/\/www.diagnostyka-umyslu.pl\/blog\/wp-content\/uploads\/2022\/07\/1010.png","articleSection":["Spektrum Autyzmu"],"inLanguage":"pl-PL"},{"@type":"Person","@id":"https:\/\/www.diagnostyka-umyslu.pl\/blog\/#\/schema\/person\/8eb1bcaf59fea75c780c11946f4e3490","name":"Diagnostyka Umys\u0142u","image":{"@type":"ImageObject","@id":"https:\/\/www.diagnostyka-umyslu.pl\/blog\/#personlogo","inLanguage":"pl-PL","url":"https:\/\/secure.gravatar.com\/avatar\/6743211f010801ea26aa9423a2daab37?s=96&d=mm&r=g","contentUrl":"https:\/\/secure.gravatar.com\/avatar\/6743211f010801ea26aa9423a2daab37?s=96&d=mm&r=g","caption":"Diagnostyka Umys\u0142u"},"sameAs":["https:\/\/www.diagnostyka-umyslu.pl\/blog"],"url":"https:\/\/www.diagnostyka-umyslu.pl\/blog\/author\/diagnostyka-umyslu\/"}]}},"amp_enabled":true,"_links":{"self":[{"href":"https:\/\/www.diagnostyka-umyslu.pl\/blog\/wp-json\/wp\/v2\/posts\/1797"}],"collection":[{"href":"https:\/\/www.diagnostyka-umyslu.pl\/blog\/wp-json\/wp\/v2\/posts"}],"about":[{"href":"https:\/\/www.diagnostyka-umyslu.pl\/blog\/wp-json\/wp\/v2\/types\/post"}],"author":[{"embeddable":true,"href":"https:\/\/www.diagnostyka-umyslu.pl\/blog\/wp-json\/wp\/v2\/users\/1"}],"replies":[{"embeddable":true,"href":"https:\/\/www.diagnostyka-umyslu.pl\/blog\/wp-json\/wp\/v2\/comments?post=1797"}],"version-history":[{"count":2,"href":"https:\/\/www.diagnostyka-umyslu.pl\/blog\/wp-json\/wp\/v2\/posts\/1797\/revisions"}],"predecessor-version":[{"id":1893,"href":"https:\/\/www.diagnostyka-umyslu.pl\/blog\/wp-json\/wp\/v2\/posts\/1797\/revisions\/1893"}],"wp:featuredmedia":[{"embeddable":true,"href":"https:\/\/www.diagnostyka-umyslu.pl\/blog\/wp-json\/wp\/v2\/media\/1799"}],"wp:attachment":[{"href":"https:\/\/www.diagnostyka-umyslu.pl\/blog\/wp-json\/wp\/v2\/media?parent=1797"}],"wp:term":[{"taxonomy":"category","embeddable":true,"href":"https:\/\/www.diagnostyka-umyslu.pl\/blog\/wp-json\/wp\/v2\/categories?post=1797"},{"taxonomy":"post_tag","embeddable":true,"href":"https:\/\/www.diagnostyka-umyslu.pl\/blog\/wp-json\/wp\/v2\/tags?post=1797"}],"curies":[{"name":"wp","href":"https:\/\/api.w.org\/{rel}","templated":true}]}}