{"id":1813,"date":"2022-07-13T08:00:04","date_gmt":"2022-07-13T06:00:04","guid":{"rendered":"https:\/\/www.diagnostyka-umyslu.pl\/blog\/?p=1813"},"modified":"2022-07-08T20:55:12","modified_gmt":"2022-07-08T18:55:12","slug":"co-to-jest-zespol-aspergera","status":"publish","type":"post","link":"https:\/\/www.diagnostyka-umyslu.pl\/blog\/spektrum-autyzmu\/co-to-jest-zespol-aspergera\/","title":{"rendered":"Co to jest zesp\u00f3\u0142 Aspergera?"},"content":{"rendered":"<p>Od 1994 do 2013 roku zesp\u00f3\u0142 Aspergera, potocznie zwany zespo\u0142em Aspergera, istnia\u0142 jako odr\u0119bna kategoria w Diagnostycznym i Statystycznym Podr\u0119czniku Zaburze\u0144 Psychicznych (DSM) i by\u0142 uznawany za jedno z pi\u0119ciu perwersyjnych zaburze\u0144 rozwojowych. W 2013 roku, ze wzgl\u0119du na niesp\u00f3jno\u015bci w kryteriach diagnostycznych, Aspergera z\u0142o\u017cono w jedn\u0105 og\u00f3ln\u0105 kategori\u0119 <a href=\"https:\/\/www.diagnostyka-umyslu.pl\/spektrum-autyzmu-test\">Autism Spectrum Disorder<\/a> (ASD).<\/p>\n<p>Poniewa\u017c ameryka\u0144scy lekarze nie mog\u0105 ju\u017c oficjalnie zdiagnozowa\u0107 kogo\u015b z Aspergerem, ka\u017cdy, kto otrzyma\u0142 t\u0119 diagnoz\u0119 przed tym rokiem, jest obecnie uwa\u017cany za osob\u0119 ze spektrum zaburze\u0144 autystycznych.<\/p>\n<blockquote><p>Chocia\u017c \u017cadna z dw\u00f3ch os\u00f3b nie jest identyczna, g\u0142\u00f3wnym problemem os\u00f3b ze spektrum &#8211; w tym os\u00f3b ze zdiagnozowanym zespo\u0142em Aspergera &#8211; s\u0105 trudno\u015bci w interakcjach spo\u0142ecznych. Mo\u017ce to objawia\u0107 si\u0119 niezdolno\u015bci\u0105 do jasnego komunikowania si\u0119, odczytywania emocji innych os\u00f3b i\/lub jasnego wyra\u017cania siebie.<\/p><\/blockquote>\n<p>Roseann Capanna-Hodge, LPC, psycholog i ekspert w dziedzinie dzieci\u0119cego zdrowia psychicznego powiedzia\u0142a Verywell: &#8220;Zesp\u00f3\u0142 Aspergera jest okre\u015blany jako &#8216;wysoko funkcjonuj\u0105cy&#8217; autyzm, poniewa\u017c osoby [zazwyczaj] maj\u0105 mniej powa\u017cne objawy i nie maj\u0105 op\u00f3\u017anie\u0144 w mowie.<\/p>\n<p>Og\u00f3lnie rzecz bior\u0105c, osoby z Aspergerem maj\u0105 co najmniej \u015bredni\u0105 inteligencj\u0119, a wiele z nich jest znacznie powy\u017cej \u015bredniej w okre\u015blonych obszarach. Wykazuj\u0105 one jednak te same podstawowe problemy, co osoby z autyzmem&#8221;.<\/p>\n<p>Autyzm wynika ze z\u0142o\u017conej kombinacji czynnik\u00f3w genetycznych i \u015brodowiskowych. Wed\u0142ug Centers for Disease Control and Prevention (CDC), oko\u0142o 1 na 54 dzieci ma zdiagnozowany autyzm. Aspergera, szacuje si\u0119, \u017ce dotyka 37,2 miliona ludzi na ca\u0142ym \u015bwiecie.<\/p>\n<h4>Historia zespo\u0142u Aspergera<\/h4>\n<p>Nazwa zespo\u0142u Aspergera pochodzi od nazwiska wiede\u0144skiego pediatry, Hansa Aspergera. W po\u0142owie lat 40-tych zauwa\u017cy\u0142 on powtarzaj\u0105cy si\u0119 motyw walki spo\u0142ecznej u niekt\u00f3rych swoich pacjent\u00f3w.<\/p>\n<p>Pacjenci ci cz\u0119sto mieli trudno\u015bci z nawi\u0105zywaniem nowych znajomo\u015bci, z rozumieniem typowych sygna\u0142\u00f3w spo\u0142ecznych i emocji, a tak\u017ce cz\u0119sto mieli fiksacje na punkcie pewnych temat\u00f3w, kt\u00f3re prowadzi\u0142y do jednostronnych rozm\u00f3w.<\/p>\n<p>Przez wiele lat zesp\u00f3\u0142 Aspergera by\u0142 uwa\u017cany za odr\u0119bne zaburzenie. Capanna-Hodge m\u00f3wi: &#8220;W 2013 roku zosta\u0142 z\u0142o\u017cony do szerszej kategorii zaburze\u0144 ze spektrum autyzmu (ASD), kiedy zaktualizowano Podr\u0119cznik Diagnostyczny i Statystyczny (DSM-5) i nie jest ju\u017c uwa\u017cany za oddzielne zaburzenie.&#8221;<\/p>\n<h4>Objawy zespo\u0142u Aspergera<\/h4>\n<p>Osoby z zespo\u0142em Aspergera wykazuj\u0105 szeroki zakres funkcjonowania w domenach poznawczych, spo\u0142ecznych i komunikacyjnych. Objawy te r\u00f3\u017cni\u0105 si\u0119 r\u00f3wnie\u017c w zale\u017cno\u015bci od wieku i p\u0142ci.<\/p>\n<p><strong>Objawy u ma\u0142ych dzieci<\/strong><\/p>\n<p>Chocia\u017c jest to mniej powszechne, g\u0142\u00f3wnie dlatego, \u017ce jest trudne do wykrycia, niekt\u00f3re dzieci mog\u0105 by\u0107 zdiagnozowane z zespo\u0142em Aspergera nawet przed uko\u0144czeniem trzeciego roku \u017cycia. Niekt\u00f3re z powszechnych objaw\u00f3w obejmuj\u0105:<\/p>\n<ul>\n<li>Utrata wcze\u015bniej nabytej mowy<\/li>\n<li>Op\u00f3\u017anienia w m\u00f3wieniu, gaworzeniu lub funkcjonowaniu spo\u0142ecznym<\/li>\n<li>Op\u00f3\u017anione przetwarzanie lub uczenie si\u0119<\/li>\n<li>Ograniczony kontakt wzrokowy<\/li>\n<li>Brak reakcji na wo\u0142anie ich imienia<\/li>\n<li>Ma\u0142a ch\u0119\u0107 lub brak ch\u0119ci do interakcji<\/li>\n<li>Niski poziom aktywno\u015bci<\/li>\n<li>Brak u\u015bmiechu i zaanga\u017cowania<\/li>\n<li>Brak wyrazu twarzy<\/li>\n<li>Skrajna dra\u017cliwo\u015b\u0107<\/li>\n<li>Fiksacja na pewnych obiektach<\/li>\n<\/ul>\n<p><strong>Symptomy w ka\u017cdym wieku<\/strong><\/p>\n<p>Opr\u00f3cz wy\u017cej wymienionych objaw\u00f3w, Cappana-Hodge m\u00f3wi, \u017ce starsze dzieci i doro\u015bli mog\u0105 r\u00f3wnie\u017c do\u015bwiadczy\u0107 nast\u0119puj\u0105cych oznak:<\/p>\n<ul>\n<li>Op\u00f3\u017aniony rozw\u00f3j j\u0119zykowy<\/li>\n<li>Brak umiej\u0119tno\u015bci wzajemnej komunikacji<\/li>\n<li>Trudno\u015bci w przetwarzaniu sensorycznym, w tym zbyt s\u0142abe lub nadmierne reakcje na bod\u017ace sensoryczne (d\u017awi\u0119ki, zapachy, smaki, tekstury, \u015bwiat\u0142o i\/lub kolory)<\/li>\n<li>Unikanie kontaktu wzrokowego<\/li>\n<li>Trudno\u015bci z mow\u0105 cia\u0142a, mimik\u0105 twarzy i gestami<\/li>\n<li>Unikaj\u0105ce zachowania i og\u00f3lny brak zaanga\u017cowania w sprawy innych os\u00f3b<\/li>\n<li>Trudno\u015bci w zrozumieniu uczu\u0107 innych ludzi<\/li>\n<li>Problemy z zarz\u0105dzaniem czasem<\/li>\n<li>Uporczywe powtarzanie s\u0142\u00f3w lub fraz (echolalia)<\/li>\n<li>Op\u00f3r i reakcja na drobne zmiany w rutynie lub otoczeniu<\/li>\n<li>Ograniczone zainteresowania<\/li>\n<li>Utrwalone zainteresowania<\/li>\n<li>Powtarzaj\u0105ce si\u0119 zachowania, takie jak klapanie, ko\u0142ysanie i kr\u0119cenie si\u0119<\/li>\n<\/ul>\n<h4>Diagnoza Aspergera<\/h4>\n<p>Diagnoza osoby ze spektrum zaburze\u0144 autystycznych odbywa si\u0119 poprzez identyfikacj\u0119 zaobserwowanych (i zg\u0142oszonych) starannie zdefiniowanych objaw\u00f3w klinicznych.<\/p>\n<p><strong>Harmonogram Obserwacji Diagnostyki Autyzmu (ADOS-2)<\/strong><\/p>\n<p>&#8220;Proces w du\u017cej mierze sk\u0142ada si\u0119 z wywiad\u00f3w klinicznych i obserwacji oraz skal oceny zachowania. Czasami przeprowadzane s\u0105 oceny jeden do jednego, kt\u00f3re patrz\u0105 na spo\u0142eczne, poznawcze, behawioralne i emocjonalne funkcjonowanie, a tak\u017ce uczenie si\u0119&#8221;, zauwa\u017ca Cappana-Hodge. &#8220;Chocia\u017c technicznie nie ma [uniwersalnego] \u015brodka oceny, The Autism Diagnostic Observation Schedule (ADOS-2) jest cz\u0119sto uwa\u017cany za z\u0142oty standard&#8221;.<\/p>\n<blockquote><p>Wed\u0142ug Cappana-Hodge, ADOS-2 jest lu\u017ano ustrukturyzowanym, standaryzowanym instrumentem oceny, kt\u00f3ry pomaga kierowa\u0107 oceniaj\u0105cego na konkretne tematy komunikacji, interakcji spo\u0142ecznych oraz ograniczonych i powtarzalnych zachowa\u0144, kt\u00f3re s\u0105 zwi\u0105zane z diagnoz\u0105 ASD.<\/p><\/blockquote>\n<p><strong>Niepe\u0142na diagnoza kobiet z zespo\u0142em Aspergera<\/strong><\/p>\n<p>Pierwotnie Hans Asperger poczyni\u0142 te obserwacje poznawcze na temat ch\u0142opc\u00f3w, wi\u0119c uwa\u017cano, \u017ce dotyczy to g\u0142\u00f3wnie ch\u0142opc\u00f3w.<\/p>\n<blockquote><p>Dzi\u015b wiemy, \u017ce zesp\u00f3\u0142 Aspergera wyst\u0119puje zar\u00f3wno u ch\u0142opc\u00f3w jak i u dziewcz\u0105t, i \u017ce nie jest to zaburzenie &#8220;uniwersalne&#8221; dla ka\u017cdego.<\/p><\/blockquote>\n<p>Wed\u0142ug Asperger\/Autism Network (AANE), z powodu tego pierwotnego i utrwalonego przekonania, dziewcz\u0119ta i kobiety s\u0105 rzadziej diagnozowane. Kiedy diagnozuje si\u0119 u nich zesp\u00f3\u0142 Aspergera, cz\u0119sto dzieje si\u0119 to znacznie p\u00f3\u017aniej w ich \u017cyciu w por\u00f3wnaniu z ch\u0142opcami &#8211; co jest prawd\u0105 nawet dzisiaj.<\/p>\n<p>Dzieje si\u0119 tak g\u0142\u00f3wnie dlatego, \u017ce albo b\u0142\u0119dnie zdiagnozowano u nich inne zaburzenia, albo Asperger jest ca\u0142kowicie pomijany przez specjalist\u00f3w, poniewa\u017c nie objawia si\u0119 w typowy spos\u00f3b.<\/p>\n<p>AANE zauwa\u017ca r\u00f3wnie\u017c, \u017ce dziewcz\u0119ta z Aspergerem mog\u0105 preferowa\u0107 sytuacje samotne od spo\u0142ecznych, wykazywa\u0107 niech\u0119\u0107 do tego, co jest uwa\u017cane za typowo kobiece i ci\u0119\u017cko pracowa\u0107, aby zakamuflowa\u0107 l\u0119k spo\u0142eczny poprzez na\u015bladowanie innych lub eskapizm fantazji. Podobnie jak ch\u0142opcy i m\u0119\u017cczy\u017ani, mo\u017ce mie\u0107 r\u00f3wnie\u017c intensywn\u0105 fiksacj\u0119 na pewnych tematach, w tym literaturze, zwierz\u0119tach i sztuce.<\/p>\n<p>Istniej\u0105 r\u00f3wnie\u017c r\u00f3\u017cnice rasowe i etniczne zwi\u0105zane z diagnoz\u0105. W szczeg\u00f3lno\u015bci, dzieci rasy czarnej s\u0105 mniej podatne na diagnoz\u0119, a je\u015bli s\u0105, jest bardziej prawdopodobne, \u017ce zostan\u0105 zidentyfikowane w p\u00f3\u017aniejszym okresie \u017cycia.<\/p>\n<h4>Leczenie Aspergera<\/h4>\n<p>Technicznie nie ma lek\u00f3w, kt\u00f3re leczy\u0142yby zesp\u00f3\u0142 Aspergera. Jednak\u017ce, wiele os\u00f3b z zespo\u0142em Aspergera otrzymuje leki, kt\u00f3re pr\u00f3buj\u0105 zaradzi\u0107 niekt\u00f3rym z najcz\u0119stszych objaw\u00f3w, kt\u00f3re obejmuj\u0105 trudno\u015bci z koncentracj\u0105, niepok\u00f3j, nastr\u00f3j i zachowania obsesyjno-kompulsywne.<\/p>\n<p>Podczas gdy leki mog\u0105 pom\u00f3c, niezwykle pomocne dla os\u00f3b ze zdiagnozowanym zespo\u0142em Aspergera jest zaanga\u017cowanie si\u0119 w r\u00f3\u017cne terapie.<\/p>\n<blockquote>\n<p style=\"text-align: right;\"><em>Terapia behawioralna, coaching rodzicielski, trening umiej\u0119tno\u015bci spo\u0142ecznych, terapia zaj\u0119ciowa, fizyczna i logopedyczna, a tak\u017ce oparte na dowodach naukowych terapie integracyjne, takie jak od\u017cywianie i neurofeedback, okaza\u0142y si\u0119 skutecznymi metodami leczenia os\u00f3b ze spektrum autyzmu.<\/em><br \/>\n&#8211; ROSEANN CAPANNA-HODGE, LPC<\/p>\n<\/blockquote>\n<p>Capanna-Hodge dodaje, \u017ce najwa\u017cniejsz\u0105 rzecz\u0105, jak\u0105 mo\u017ce zrobi\u0107 rodzic, je\u015bli uwa\u017ca, \u017ce jego dziecko jest ze spektrum autyzmu, jest zapewnienie mu wczesnej interwencji.<\/p>\n<p>Dodatkowo, &#8220;Formalne i sta\u0142e wsparcie spo\u0142eczne jest kluczowe zar\u00f3wno dla natychmiastowego rozwoju spo\u0142ecznego dzieci, jak i ich d\u0142ugoterminowej integracji ze \u015bwiatem&#8221;, m\u00f3wi. &#8220;Osoby z autyzmem maj\u0105 lepsz\u0105 jako\u015b\u0107 \u017cycia, gdy s\u0105 w stanie w\u0142\u0105czy\u0107 rzeczy, kt\u00f3rymi s\u0105 bardzo zainteresowane do swojej pracy i \u017cycia, poniewa\u017c pomaga im to zintegrowa\u0107 si\u0119 ze \u015bwiatem w znacznie bardziej pozytywny i naturalny spos\u00f3b&#8221;.<\/p>\n<h4>Wi\u0119cej informacji<\/h4>\n<ul>\n<li><em>verywellmind.com\/what-is-asperger-s-syndrome-5075606<\/em><\/li>\n<\/ul>\n","protected":false},"excerpt":{"rendered":"<p>Od 1994 do 2013 roku zesp\u00f3\u0142 Aspergera, potocznie zwany zespo\u0142em Aspergera, istnia\u0142 jako odr\u0119bna kategoria w Diagnostycznym i Statystycznym Podr\u0119czniku Zaburze\u0144 Psychicznych (DSM) i by\u0142&#8230;<\/p>\n","protected":false},"author":1,"featured_media":1815,"comment_status":"closed","ping_status":"open","sticky":false,"template":"","format":"standard","meta":[],"categories":[44],"tags":[770,769,772,767,768,771],"yoast_head":"<!-- This site is optimized with the Yoast SEO plugin v18.1 - https:\/\/yoast.com\/wordpress\/plugins\/seo\/ -->\n<title>Co to jest zesp\u00f3\u0142 Aspergera? - Diagnostyka Umys\u0142u<\/title>\n<meta name=\"robots\" content=\"index, follow, max-snippet:-1, max-image-preview:large, max-video-preview:-1\" \/>\n<link rel=\"canonical\" href=\"https:\/\/www.diagnostyka-umyslu.pl\/blog\/spektrum-autyzmu\/co-to-jest-zespol-aspergera\/\" \/>\n<meta property=\"og:locale\" content=\"pl_PL\" \/>\n<meta property=\"og:type\" content=\"article\" \/>\n<meta property=\"og:title\" content=\"Co to jest zesp\u00f3\u0142 Aspergera? - Diagnostyka Umys\u0142u\" \/>\n<meta property=\"og:description\" content=\"Od 1994 do 2013 roku zesp\u00f3\u0142 Aspergera, potocznie zwany zespo\u0142em Aspergera, istnia\u0142 jako odr\u0119bna kategoria w Diagnostycznym i Statystycznym Podr\u0119czniku Zaburze\u0144 Psychicznych (DSM) i by\u0142...\" \/>\n<meta property=\"og:url\" content=\"https:\/\/www.diagnostyka-umyslu.pl\/blog\/spektrum-autyzmu\/co-to-jest-zespol-aspergera\/\" \/>\n<meta property=\"og:site_name\" content=\"Diagnostyka Umys\u0142u\" \/>\n<meta property=\"article:published_time\" content=\"2022-07-13T06:00:04+00:00\" \/>\n<meta property=\"article:modified_time\" content=\"2022-07-08T18:55:12+00:00\" \/>\n<meta property=\"og:image\" content=\"https:\/\/www.diagnostyka-umyslu.pl\/blog\/wp-content\/uploads\/2022\/07\/1414.png\" \/>\n\t<meta property=\"og:image:width\" content=\"868\" \/>\n\t<meta property=\"og:image:height\" content=\"314\" \/>\n\t<meta property=\"og:image:type\" content=\"image\/png\" \/>\n<meta name=\"twitter:card\" content=\"summary_large_image\" \/>\n<meta name=\"twitter:label1\" content=\"Napisane przez\" \/>\n\t<meta name=\"twitter:data1\" content=\"Diagnostyka Umys\u0142u\" \/>\n\t<meta name=\"twitter:label2\" content=\"Szacowany czas czytania\" \/>\n\t<meta name=\"twitter:data2\" content=\"6 minut\" \/>\n<script type=\"application\/ld+json\" class=\"yoast-schema-graph\">{\"@context\":\"https:\/\/schema.org\",\"@graph\":[{\"@type\":\"Organization\",\"@id\":\"https:\/\/www.diagnostyka-umyslu.pl\/blog\/#organization\",\"name\":\"Diagnostyka Umys\u0142u\",\"url\":\"https:\/\/www.diagnostyka-umyslu.pl\/blog\/\",\"sameAs\":[],\"logo\":{\"@type\":\"ImageObject\",\"@id\":\"https:\/\/www.diagnostyka-umyslu.pl\/blog\/#logo\",\"inLanguage\":\"pl-PL\",\"url\":\"https:\/\/www.diagnostyka-umyslu.pl\/blog\/wp-content\/uploads\/2021\/05\/logo.png\",\"contentUrl\":\"https:\/\/www.diagnostyka-umyslu.pl\/blog\/wp-content\/uploads\/2021\/05\/logo.png\",\"width\":236,\"height\":81,\"caption\":\"Diagnostyka Umys\u0142u\"},\"image\":{\"@id\":\"https:\/\/www.diagnostyka-umyslu.pl\/blog\/#logo\"}},{\"@type\":\"WebSite\",\"@id\":\"https:\/\/www.diagnostyka-umyslu.pl\/blog\/#website\",\"url\":\"https:\/\/www.diagnostyka-umyslu.pl\/blog\/\",\"name\":\"Diagnostyka Umys\u0142u\",\"description\":\"Blog o zaburzeniach umys\u0142u\",\"publisher\":{\"@id\":\"https:\/\/www.diagnostyka-umyslu.pl\/blog\/#organization\"},\"potentialAction\":[{\"@type\":\"SearchAction\",\"target\":{\"@type\":\"EntryPoint\",\"urlTemplate\":\"https:\/\/www.diagnostyka-umyslu.pl\/blog\/?s={search_term_string}\"},\"query-input\":\"required name=search_term_string\"}],\"inLanguage\":\"pl-PL\"},{\"@type\":\"ImageObject\",\"@id\":\"https:\/\/www.diagnostyka-umyslu.pl\/blog\/spektrum-autyzmu\/co-to-jest-zespol-aspergera\/#primaryimage\",\"inLanguage\":\"pl-PL\",\"url\":\"https:\/\/www.diagnostyka-umyslu.pl\/blog\/wp-content\/uploads\/2022\/07\/1414.png\",\"contentUrl\":\"https:\/\/www.diagnostyka-umyslu.pl\/blog\/wp-content\/uploads\/2022\/07\/1414.png\",\"width\":868,\"height\":314},{\"@type\":\"WebPage\",\"@id\":\"https:\/\/www.diagnostyka-umyslu.pl\/blog\/spektrum-autyzmu\/co-to-jest-zespol-aspergera\/#webpage\",\"url\":\"https:\/\/www.diagnostyka-umyslu.pl\/blog\/spektrum-autyzmu\/co-to-jest-zespol-aspergera\/\",\"name\":\"Co to jest zesp\u00f3\u0142 Aspergera? - Diagnostyka Umys\u0142u\",\"isPartOf\":{\"@id\":\"https:\/\/www.diagnostyka-umyslu.pl\/blog\/#website\"},\"primaryImageOfPage\":{\"@id\":\"https:\/\/www.diagnostyka-umyslu.pl\/blog\/spektrum-autyzmu\/co-to-jest-zespol-aspergera\/#primaryimage\"},\"datePublished\":\"2022-07-13T06:00:04+00:00\",\"dateModified\":\"2022-07-08T18:55:12+00:00\",\"breadcrumb\":{\"@id\":\"https:\/\/www.diagnostyka-umyslu.pl\/blog\/spektrum-autyzmu\/co-to-jest-zespol-aspergera\/#breadcrumb\"},\"inLanguage\":\"pl-PL\",\"potentialAction\":[{\"@type\":\"ReadAction\",\"target\":[\"https:\/\/www.diagnostyka-umyslu.pl\/blog\/spektrum-autyzmu\/co-to-jest-zespol-aspergera\/\"]}]},{\"@type\":\"BreadcrumbList\",\"@id\":\"https:\/\/www.diagnostyka-umyslu.pl\/blog\/spektrum-autyzmu\/co-to-jest-zespol-aspergera\/#breadcrumb\",\"itemListElement\":[{\"@type\":\"ListItem\",\"position\":1,\"name\":\"Strona g\u0142\u00f3wna\",\"item\":\"https:\/\/www.diagnostyka-umyslu.pl\/blog\/\"},{\"@type\":\"ListItem\",\"position\":2,\"name\":\"Spektrum Autyzmu\",\"item\":\"https:\/\/www.diagnostyka-umyslu.pl\/blog\/spektrum-autyzmu\/\"},{\"@type\":\"ListItem\",\"position\":3,\"name\":\"Co to jest zesp\u00f3\u0142 Aspergera?\"}]},{\"@type\":\"Article\",\"@id\":\"https:\/\/www.diagnostyka-umyslu.pl\/blog\/spektrum-autyzmu\/co-to-jest-zespol-aspergera\/#article\",\"isPartOf\":{\"@id\":\"https:\/\/www.diagnostyka-umyslu.pl\/blog\/spektrum-autyzmu\/co-to-jest-zespol-aspergera\/#webpage\"},\"author\":{\"@id\":\"https:\/\/www.diagnostyka-umyslu.pl\/blog\/#\/schema\/person\/8eb1bcaf59fea75c780c11946f4e3490\"},\"headline\":\"Co to jest zesp\u00f3\u0142 Aspergera?\",\"datePublished\":\"2022-07-13T06:00:04+00:00\",\"dateModified\":\"2022-07-08T18:55:12+00:00\",\"mainEntityOfPage\":{\"@id\":\"https:\/\/www.diagnostyka-umyslu.pl\/blog\/spektrum-autyzmu\/co-to-jest-zespol-aspergera\/#webpage\"},\"wordCount\":1277,\"publisher\":{\"@id\":\"https:\/\/www.diagnostyka-umyslu.pl\/blog\/#organization\"},\"image\":{\"@id\":\"https:\/\/www.diagnostyka-umyslu.pl\/blog\/spektrum-autyzmu\/co-to-jest-zespol-aspergera\/#primaryimage\"},\"thumbnailUrl\":\"https:\/\/www.diagnostyka-umyslu.pl\/blog\/wp-content\/uploads\/2022\/07\/1414.png\",\"keywords\":[\"Diagnoza Aspergera\",\"Harmonogram Obserwacji Diagnostyki Autyzmu\",\"Historia zespo\u0142u Aspergera\",\"Leczenie Aspergera\",\"Niepe\u0142na diagnoza kobiet z zespo\u0142em Aspergera\",\"Objawy zespo\u0142u Aspergera\"],\"articleSection\":[\"Spektrum Autyzmu\"],\"inLanguage\":\"pl-PL\"},{\"@type\":\"Person\",\"@id\":\"https:\/\/www.diagnostyka-umyslu.pl\/blog\/#\/schema\/person\/8eb1bcaf59fea75c780c11946f4e3490\",\"name\":\"Diagnostyka Umys\u0142u\",\"image\":{\"@type\":\"ImageObject\",\"@id\":\"https:\/\/www.diagnostyka-umyslu.pl\/blog\/#personlogo\",\"inLanguage\":\"pl-PL\",\"url\":\"https:\/\/secure.gravatar.com\/avatar\/6743211f010801ea26aa9423a2daab37?s=96&d=mm&r=g\",\"contentUrl\":\"https:\/\/secure.gravatar.com\/avatar\/6743211f010801ea26aa9423a2daab37?s=96&d=mm&r=g\",\"caption\":\"Diagnostyka Umys\u0142u\"},\"sameAs\":[\"https:\/\/www.diagnostyka-umyslu.pl\/blog\"],\"url\":\"https:\/\/www.diagnostyka-umyslu.pl\/blog\/author\/diagnostyka-umyslu\/\"}]}<\/script>\n<!-- \/ Yoast SEO plugin. -->","yoast_head_json":{"title":"Co to jest zesp\u00f3\u0142 Aspergera? - Diagnostyka Umys\u0142u","robots":{"index":"index","follow":"follow","max-snippet":"max-snippet:-1","max-image-preview":"max-image-preview:large","max-video-preview":"max-video-preview:-1"},"canonical":"https:\/\/www.diagnostyka-umyslu.pl\/blog\/spektrum-autyzmu\/co-to-jest-zespol-aspergera\/","og_locale":"pl_PL","og_type":"article","og_title":"Co to jest zesp\u00f3\u0142 Aspergera? - Diagnostyka Umys\u0142u","og_description":"Od 1994 do 2013 roku zesp\u00f3\u0142 Aspergera, potocznie zwany zespo\u0142em Aspergera, istnia\u0142 jako odr\u0119bna kategoria w Diagnostycznym i Statystycznym Podr\u0119czniku Zaburze\u0144 Psychicznych (DSM) i by\u0142...","og_url":"https:\/\/www.diagnostyka-umyslu.pl\/blog\/spektrum-autyzmu\/co-to-jest-zespol-aspergera\/","og_site_name":"Diagnostyka Umys\u0142u","article_published_time":"2022-07-13T06:00:04+00:00","article_modified_time":"2022-07-08T18:55:12+00:00","og_image":[{"width":868,"height":314,"url":"https:\/\/www.diagnostyka-umyslu.pl\/blog\/wp-content\/uploads\/2022\/07\/1414.png","type":"image\/png"}],"twitter_card":"summary_large_image","twitter_misc":{"Napisane przez":"Diagnostyka Umys\u0142u","Szacowany czas czytania":"6 minut"},"schema":{"@context":"https:\/\/schema.org","@graph":[{"@type":"Organization","@id":"https:\/\/www.diagnostyka-umyslu.pl\/blog\/#organization","name":"Diagnostyka Umys\u0142u","url":"https:\/\/www.diagnostyka-umyslu.pl\/blog\/","sameAs":[],"logo":{"@type":"ImageObject","@id":"https:\/\/www.diagnostyka-umyslu.pl\/blog\/#logo","inLanguage":"pl-PL","url":"https:\/\/www.diagnostyka-umyslu.pl\/blog\/wp-content\/uploads\/2021\/05\/logo.png","contentUrl":"https:\/\/www.diagnostyka-umyslu.pl\/blog\/wp-content\/uploads\/2021\/05\/logo.png","width":236,"height":81,"caption":"Diagnostyka Umys\u0142u"},"image":{"@id":"https:\/\/www.diagnostyka-umyslu.pl\/blog\/#logo"}},{"@type":"WebSite","@id":"https:\/\/www.diagnostyka-umyslu.pl\/blog\/#website","url":"https:\/\/www.diagnostyka-umyslu.pl\/blog\/","name":"Diagnostyka Umys\u0142u","description":"Blog o zaburzeniach umys\u0142u","publisher":{"@id":"https:\/\/www.diagnostyka-umyslu.pl\/blog\/#organization"},"potentialAction":[{"@type":"SearchAction","target":{"@type":"EntryPoint","urlTemplate":"https:\/\/www.diagnostyka-umyslu.pl\/blog\/?s={search_term_string}"},"query-input":"required name=search_term_string"}],"inLanguage":"pl-PL"},{"@type":"ImageObject","@id":"https:\/\/www.diagnostyka-umyslu.pl\/blog\/spektrum-autyzmu\/co-to-jest-zespol-aspergera\/#primaryimage","inLanguage":"pl-PL","url":"https:\/\/www.diagnostyka-umyslu.pl\/blog\/wp-content\/uploads\/2022\/07\/1414.png","contentUrl":"https:\/\/www.diagnostyka-umyslu.pl\/blog\/wp-content\/uploads\/2022\/07\/1414.png","width":868,"height":314},{"@type":"WebPage","@id":"https:\/\/www.diagnostyka-umyslu.pl\/blog\/spektrum-autyzmu\/co-to-jest-zespol-aspergera\/#webpage","url":"https:\/\/www.diagnostyka-umyslu.pl\/blog\/spektrum-autyzmu\/co-to-jest-zespol-aspergera\/","name":"Co to jest zesp\u00f3\u0142 Aspergera? - Diagnostyka Umys\u0142u","isPartOf":{"@id":"https:\/\/www.diagnostyka-umyslu.pl\/blog\/#website"},"primaryImageOfPage":{"@id":"https:\/\/www.diagnostyka-umyslu.pl\/blog\/spektrum-autyzmu\/co-to-jest-zespol-aspergera\/#primaryimage"},"datePublished":"2022-07-13T06:00:04+00:00","dateModified":"2022-07-08T18:55:12+00:00","breadcrumb":{"@id":"https:\/\/www.diagnostyka-umyslu.pl\/blog\/spektrum-autyzmu\/co-to-jest-zespol-aspergera\/#breadcrumb"},"inLanguage":"pl-PL","potentialAction":[{"@type":"ReadAction","target":["https:\/\/www.diagnostyka-umyslu.pl\/blog\/spektrum-autyzmu\/co-to-jest-zespol-aspergera\/"]}]},{"@type":"BreadcrumbList","@id":"https:\/\/www.diagnostyka-umyslu.pl\/blog\/spektrum-autyzmu\/co-to-jest-zespol-aspergera\/#breadcrumb","itemListElement":[{"@type":"ListItem","position":1,"name":"Strona g\u0142\u00f3wna","item":"https:\/\/www.diagnostyka-umyslu.pl\/blog\/"},{"@type":"ListItem","position":2,"name":"Spektrum Autyzmu","item":"https:\/\/www.diagnostyka-umyslu.pl\/blog\/spektrum-autyzmu\/"},{"@type":"ListItem","position":3,"name":"Co to jest zesp\u00f3\u0142 Aspergera?"}]},{"@type":"Article","@id":"https:\/\/www.diagnostyka-umyslu.pl\/blog\/spektrum-autyzmu\/co-to-jest-zespol-aspergera\/#article","isPartOf":{"@id":"https:\/\/www.diagnostyka-umyslu.pl\/blog\/spektrum-autyzmu\/co-to-jest-zespol-aspergera\/#webpage"},"author":{"@id":"https:\/\/www.diagnostyka-umyslu.pl\/blog\/#\/schema\/person\/8eb1bcaf59fea75c780c11946f4e3490"},"headline":"Co to jest zesp\u00f3\u0142 Aspergera?","datePublished":"2022-07-13T06:00:04+00:00","dateModified":"2022-07-08T18:55:12+00:00","mainEntityOfPage":{"@id":"https:\/\/www.diagnostyka-umyslu.pl\/blog\/spektrum-autyzmu\/co-to-jest-zespol-aspergera\/#webpage"},"wordCount":1277,"publisher":{"@id":"https:\/\/www.diagnostyka-umyslu.pl\/blog\/#organization"},"image":{"@id":"https:\/\/www.diagnostyka-umyslu.pl\/blog\/spektrum-autyzmu\/co-to-jest-zespol-aspergera\/#primaryimage"},"thumbnailUrl":"https:\/\/www.diagnostyka-umyslu.pl\/blog\/wp-content\/uploads\/2022\/07\/1414.png","keywords":["Diagnoza Aspergera","Harmonogram Obserwacji Diagnostyki Autyzmu","Historia zespo\u0142u Aspergera","Leczenie Aspergera","Niepe\u0142na diagnoza kobiet z zespo\u0142em Aspergera","Objawy zespo\u0142u Aspergera"],"articleSection":["Spektrum Autyzmu"],"inLanguage":"pl-PL"},{"@type":"Person","@id":"https:\/\/www.diagnostyka-umyslu.pl\/blog\/#\/schema\/person\/8eb1bcaf59fea75c780c11946f4e3490","name":"Diagnostyka Umys\u0142u","image":{"@type":"ImageObject","@id":"https:\/\/www.diagnostyka-umyslu.pl\/blog\/#personlogo","inLanguage":"pl-PL","url":"https:\/\/secure.gravatar.com\/avatar\/6743211f010801ea26aa9423a2daab37?s=96&d=mm&r=g","contentUrl":"https:\/\/secure.gravatar.com\/avatar\/6743211f010801ea26aa9423a2daab37?s=96&d=mm&r=g","caption":"Diagnostyka Umys\u0142u"},"sameAs":["https:\/\/www.diagnostyka-umyslu.pl\/blog"],"url":"https:\/\/www.diagnostyka-umyslu.pl\/blog\/author\/diagnostyka-umyslu\/"}]}},"amp_enabled":true,"_links":{"self":[{"href":"https:\/\/www.diagnostyka-umyslu.pl\/blog\/wp-json\/wp\/v2\/posts\/1813"}],"collection":[{"href":"https:\/\/www.diagnostyka-umyslu.pl\/blog\/wp-json\/wp\/v2\/posts"}],"about":[{"href":"https:\/\/www.diagnostyka-umyslu.pl\/blog\/wp-json\/wp\/v2\/types\/post"}],"author":[{"embeddable":true,"href":"https:\/\/www.diagnostyka-umyslu.pl\/blog\/wp-json\/wp\/v2\/users\/1"}],"replies":[{"embeddable":true,"href":"https:\/\/www.diagnostyka-umyslu.pl\/blog\/wp-json\/wp\/v2\/comments?post=1813"}],"version-history":[{"count":3,"href":"https:\/\/www.diagnostyka-umyslu.pl\/blog\/wp-json\/wp\/v2\/posts\/1813\/revisions"}],"predecessor-version":[{"id":1902,"href":"https:\/\/www.diagnostyka-umyslu.pl\/blog\/wp-json\/wp\/v2\/posts\/1813\/revisions\/1902"}],"wp:featuredmedia":[{"embeddable":true,"href":"https:\/\/www.diagnostyka-umyslu.pl\/blog\/wp-json\/wp\/v2\/media\/1815"}],"wp:attachment":[{"href":"https:\/\/www.diagnostyka-umyslu.pl\/blog\/wp-json\/wp\/v2\/media?parent=1813"}],"wp:term":[{"taxonomy":"category","embeddable":true,"href":"https:\/\/www.diagnostyka-umyslu.pl\/blog\/wp-json\/wp\/v2\/categories?post=1813"},{"taxonomy":"post_tag","embeddable":true,"href":"https:\/\/www.diagnostyka-umyslu.pl\/blog\/wp-json\/wp\/v2\/tags?post=1813"}],"curies":[{"name":"wp","href":"https:\/\/api.w.org\/{rel}","templated":true}]}}