{"id":1821,"date":"2022-07-15T08:00:08","date_gmt":"2022-07-15T06:00:08","guid":{"rendered":"https:\/\/www.diagnostyka-umyslu.pl\/blog\/?p=1821"},"modified":"2022-07-08T21:09:51","modified_gmt":"2022-07-08T19:09:51","slug":"co-warto-wiedziec-o-autyzmie-u-dzieci","status":"publish","type":"post","link":"https:\/\/www.diagnostyka-umyslu.pl\/blog\/spektrum-autyzmu\/co-warto-wiedziec-o-autyzmie-u-dzieci\/","title":{"rendered":"Co warto wiedzie\u0107 o autyzmie u dzieci"},"content":{"rendered":"<p>Spektrum zaburze\u0144 autystycznych (ASD) to szereg schorze\u0144, kt\u00f3re wp\u0142ywaj\u0105 na rozw\u00f3j dzieci. Dzieci z ASD cz\u0119sto maj\u0105 problemy z komunikacj\u0105 i mog\u0105 nie posiada\u0107 konwencjonalnych umiej\u0119tno\u015bci spo\u0142ecznych. Objawy autyzmu u dzieci s\u0105 bardzo r\u00f3\u017cne, ale zazwyczaj wp\u0142ywaj\u0105 na zachowanie dziecka, komunikacj\u0119 i umiej\u0119tno\u015bci spo\u0142eczne.<\/p>\n<blockquote><p>Podczas gdy niekt\u00f3re dzieci autystyczne mog\u0105 wykazywa\u0107 jedynie \u0142agodne objawy, inne mog\u0105 do\u015bwiadcza\u0107 powa\u017cnych symptom\u00f3w, kt\u00f3re wp\u0142ywaj\u0105 na ich codzienne funkcjonowanie.<\/p><\/blockquote>\n<p>Podczas gdy wi\u0119cej bada\u0144 musi zosta\u0107 przeprowadzonych na temat tego, co powoduje autyzm i jego najbardziej skutecznych metod leczenia, diagnozowanie i leczenie autyzmu tak wcze\u015bnie, jak to mo\u017cliwe, jest w najlepszym interesie dziecka. Dzieci autystyczne s\u0105 bardziej nara\u017cone na rozw\u00f3j takich chor\u00f3b jak depresja, zesp\u00f3\u0142 nadpobudliwo\u015bci psychoruchowej z deficytem uwagi (ADHD), epilepsja i l\u0119ki. Oko\u0142o 1 na 160 dzieci na \u015bwiecie ma ASD.<\/p>\n<p>W tym artykule przeanalizowano, co nale\u017cy wiedzie\u0107, je\u015bli dziecko jest autystyczne i jakie mo\u017cliwo\u015bci leczenia s\u0105 dost\u0119pne.<\/p>\n<h4>Symptomy autyzmu u dzieci<\/h4>\n<p>Dzieci autystyczne do\u015bwiadczaj\u0105 szerokiej gamy objaw\u00f3w. <a href=\"https:\/\/www.diagnostyka-umyslu.pl\/spektrum-autyzmu-test\">Symptomy autyzmu<\/a> b\u0119d\u0105 wygl\u0105da\u0107 inaczej u r\u00f3\u017cnych dzieci. Objawy tego stanu mog\u0105 czasami wygl\u0105da\u0107 inaczej u dziewczynek ni\u017c u ch\u0142opc\u00f3w.<\/p>\n<p>Dziewczynki z autyzmem wydaj\u0105 si\u0119 by\u0107 cichsze i lepiej &#8220;maskuj\u0105&#8221; swoje objawy, co sprawia, \u017ce diagnozowanie autyzmu u dziewczynek jest nieco bardziej skomplikowane ni\u017c u ch\u0142opc\u00f3w.<\/p>\n<p>Objawy autyzmu b\u0119d\u0105 r\u00f3wnie\u017c wygl\u0105da\u0107 nieco inaczej u m\u0142odszych dzieci ni\u017c u starszych. Niekt\u00f3re z najcz\u0119stszych objaw\u00f3w tego zaburzenia to:<\/p>\n<ul>\n<li>Problemy z nawi\u0105zaniem lub utrzymaniem kontaktu wzrokowego z innymi lud\u017ami<\/li>\n<li>Trudno\u015bci w porozumiewaniu si\u0119 z innymi lud\u017ami<\/li>\n<li>Trudno\u015bci w uczeniu si\u0119 nowych rzeczy<\/li>\n<li>Problemy z radzeniem sobie z nowymi zmianami<\/li>\n<li>Silne reagowanie na g\u0142o\u015bne d\u017awi\u0119ki i jasne \u015bwiat\u0142a<\/li>\n<li>Powtarzaj\u0105ce si\u0119 zachowania, takie jak wielokrotne klaskanie w d\u0142onie lub ko\u0142ysanie cia\u0142em w prz\u00f3d i w ty\u0142<\/li>\n<\/ul>\n<h4>Oznaki autyzmu u m\u0142odszych dzieci<\/h4>\n<p>Autyzm mo\u017ce by\u0107 wykryty u dzieci ju\u017c w wieku dw\u00f3ch lat. Niekt\u00f3re badania pokazuj\u0105, \u017ce mo\u017cna nawet zacz\u0105\u0107 zauwa\u017ca\u0107 objawy ju\u017c w wieku 18 miesi\u0119cy. Niekt\u00f3re wczesne oznaki autyzmu, na kt\u00f3re mo\u017cesz zwr\u00f3ci\u0107 uwag\u0119 u swoich niemowl\u0105t i ma\u0142ych dzieci to:<\/p>\n<ul>\n<li>Nie reagowanie na swoje imi\u0119, gdy si\u0119 je wo\u0142a<\/li>\n<li>Niemo\u017cno\u015b\u0107 zwr\u00f3cenia na siebie uwagi, kiedy tego chc\u0105<\/li>\n<li>Niemo\u017cno\u015b\u0107 pod\u0105\u017cania za obiektami wizualnymi<\/li>\n<li>Rezygnacja z pr\u00f3b przytulenia si\u0119 lub nawi\u0105zania kontaktu fizycznego<\/li>\n<li>Niezdolno\u015b\u0107 do na\u015bladowania wyrazu twarzy lub ruch\u00f3w ludzi wok\u00f3\u0142 nich<\/li>\n<li>Niezdolno\u015b\u0107 do komunikowania si\u0119 nawet za pomoc\u0105 mowy dziecka<\/li>\n<\/ul>\n<h4>Oznaki autyzmu u starszych dzieci<\/h4>\n<p>Gdy dzieci staj\u0105 si\u0119 starsze, mo\u017ce sta\u0107 si\u0119 nieco \u0142atwiejsze do odebrania na oznaki autyzmu. Niekt\u00f3re oznaki autyzmu, kt\u00f3re mo\u017cesz zauwa\u017cy\u0107 u swoich starszych dzieci to:<\/p>\n<ul>\n<li>Nie reaguje lub jest wrogo nastawione, gdy pr\u00f3bujesz je dotkn\u0105\u0107<\/li>\n<li>Ma trudno\u015bci z rozumieniem sygna\u0142\u00f3w emocjonalnych<\/li>\n<li>Ma trudno\u015bci z komunikowaniem swoich potrzeb<\/li>\n<li>Unika nawi\u0105zywania kontaktu wzrokowego z innymi lud\u017ami<\/li>\n<li>Ma trudno\u015bci z nawi\u0105zywaniem przyja\u017ani<\/li>\n<li>Woli pozosta\u0107 w izolacji ni\u017c wchodzi\u0107 w interakcje z innymi lud\u017ami<\/li>\n<li>Trzymanie si\u0119 \u015bcis\u0142ej rutyny i denerwowanie si\u0119, gdy ta rutyna jest zak\u0142\u00f3cona<\/li>\n<\/ul>\n<h4>Jak diagnozuje si\u0119 autyzm u dzieci?<\/h4>\n<p>Nie ma okre\u015blonego testu medycznego u\u017cywanego do diagnozowania ASD u dzieci. Jednak konkretne narz\u0119dzia diagnostyczne mog\u0105 by\u0107 stosowane do wykrywania autyzmu u dzieci ju\u017c od drugiego roku \u017cycia.<\/p>\n<blockquote><p>Wczesna diagnoza ASD mo\u017ce u\u0142atwi\u0107 wcze\u015bniejsze leczenie, co pomaga dzieciom z tym zaburzeniem lepiej sobie radzi\u0107.<\/p><\/blockquote>\n<p>Niekt\u00f3re oznaki, na kt\u00f3re lekarz zwraca uwag\u0119 u dzieci, pr\u00f3buj\u0105c ustali\u0107, czy maj\u0105 one ASD, to:<\/p>\n<ul>\n<li>Niemo\u017cno\u015b\u0107 nawi\u0105zania kontaktu wzrokowego<\/li>\n<li>Nie m\u00f3wienie do 16 miesi\u0105ca \u017cycia<\/li>\n<li>M\u00f3wienie bardzo ma\u0142o lub m\u00f3wienie nietypowym g\u0142osem<\/li>\n<li>Je\u015bli nie s\u0105 w stanie komunikowa\u0107 si\u0119 za pomoc\u0105 swoich r\u0105k do czasu uko\u0144czenia pierwszego roku \u017cycia<\/li>\n<li>Je\u015bli wydaje si\u0119, \u017ce trac\u0105 umiej\u0119tno\u015bci spo\u0142eczne lub j\u0119zykowe<\/li>\n<li>Wykazuj\u0105 powtarzaj\u0105ce si\u0119 zachowania, takie jak powtarzanie ka\u017cdego s\u0142owa, kt\u00f3re s\u0142ysz\u0105 lub powtarzanie okre\u015blonego gestu wielokrotnie<\/li>\n<\/ul>\n<h4>Co powoduje autyzm u dzieci?<\/h4>\n<p>Trudno jest wskaza\u0107 co powoduje autyzm u dzieci lub doros\u0142ych. Istnieje jednak wiele czynnik\u00f3w ryzyka, kt\u00f3re uwa\u017cane s\u0105 za przyczyniaj\u0105ce si\u0119 do rozwoju tego stanu.<\/p>\n<blockquote><p>Czynniki \u015brodowiskowe i genetyczne zosta\u0142y uznane za najbardziej prawdopodobnych winowajc\u00f3w. Istniej\u0105 istotne dowody \u0142\u0105cz\u0105ce autyzm z czynnikami genetycznymi, ale nie zidentyfikowano \u017cadnego konkretnego genu, kt\u00f3ry powodowa\u0142by to zaburzenie. Szanse s\u0105 takie, \u017ce wiele r\u00f3\u017cnych gen\u00f3w mo\u017ce powodowa\u0107 ten stan.<\/p><\/blockquote>\n<p>Badania pokazuj\u0105, \u017ce m\u00f3zgi dzieci autystycznych wygl\u0105daj\u0105 nieco inaczej ni\u017c m\u00f3zgi dzieci, kt\u00f3re nie maj\u0105 tego zaburzenia. We wczesnych latach, m\u00f3zgi dzieci autystycznych wydaj\u0105 si\u0119 rosn\u0105\u0107 szybciej ni\u017c m\u00f3zgi innych dzieci. Nie jest jasne, co powoduje ten przyspieszony wzrost, ale wp\u0142ywa on na spos\u00f3b zachowania m\u00f3zgu.<\/p>\n<p>Historycznie szczepionki by\u0142y nies\u0142usznie \u0142\u0105czone z rozwojem autyzmu u dzieci. Jednak od dziesi\u0119cioleci prowadzone s\u0105 badania, kt\u00f3re obalaj\u0105 to przekonanie. Nie ma szczepionek, kt\u00f3re mo\u017cna by powi\u0105za\u0107 z autyzmem u dzieci lub narazi\u0107 je na ryzyko rozwoju tego schorzenia.<\/p>\n<h4>Jak leczy si\u0119 autyzm u dzieci<\/h4>\n<p>Obecnie nie ma lekarstwa na autyzm. Jednak przy odpowiednim leczeniu, jego objawy mog\u0105 by\u0107 odpowiednio zarz\u0105dzane. Leczenie ASD u dzieci zale\u017cy od nasilenia objaw\u00f3w. Leczenie ASD u dzieci zosta\u0142o om\u00f3wione poni\u017cej.<\/p>\n<p><strong>Leki<\/strong><\/p>\n<p>Nie ma lek\u00f3w specjalnie zatwierdzonych przez FDA do leczenia autyzmu. Jednak niekt\u00f3re leki mog\u0105 by\u0107 przepisane do leczenia specyficznych objaw\u00f3w lub warunk\u00f3w, kt\u00f3re mog\u0142y powsta\u0107 w wyniku autyzmu.<\/p>\n<p><strong>Terapia<\/strong><\/p>\n<p>R\u00f3\u017cne formy terapii s\u0105 stosowane w leczeniu autyzmu u dzieci. Forma terapii u\u017cywana jest zale\u017cna od unikalnych potrzeb dziecka. Nast\u0119puj\u0105ce terapie s\u0105 najcz\u0119\u015bciej stosowane w leczeniu autyzmu:<\/p>\n<ul>\n<li>Terapia zaj\u0119ciowa: Terapia zaj\u0119ciowa ma na celu wyposa\u017cenie dzieci autystycznych w umiej\u0119tno\u015bci pozwalaj\u0105ce im funkcjonowa\u0107 w codziennym \u017cyciu.<\/li>\n<li>Stosowana Analiza Zachowania (ABA): Badania pokazuj\u0105, \u017ce ABA jest jedn\u0105 z najskuteczniejszych form terapii dla dzieci autystycznych, niezale\u017cnie od tego, czy wykazuj\u0105 one \u0142agodne czy ci\u0119\u017ckie objawy. Wyposa\u017ca dzieci w umiej\u0119tno\u015bci komunikacyjne i spo\u0142eczne, kt\u00f3re pomagaj\u0105 im w kontaktach z innymi lud\u017ami.<\/li>\n<\/ul>\n<h4>Wskaz\u00f3wki dla rodzic\u00f3w dzieci autystycznych<\/h4>\n<p>Wychowanie dziecka autystycznego mo\u017ce by\u0107 czasem wyzwaniem. Chocia\u017c z ASD mo\u017cna sobie poradzi\u0107 dzi\u0119ki odpowiedniemu leczeniu, nie ma na nie lekarstwa. Oznacza to, \u017ce jest to stan trwaj\u0105cy ca\u0142e \u017cycie i osoby z tym zaburzeniem musz\u0105 sobie z nim radzi\u0107.<\/p>\n<p>Oto kilka wskaz\u00f3wek, kt\u00f3re mog\u0105 pom\u00f3c dziecku w radzeniu sobie z tym stanem:<\/p>\n<ul>\n<li>B\u0105d\u017a na szczycie planu leczenia swojego autystycznego dziecka. Zazwyczaj obejmuje on po\u0142\u0105czenie lek\u00f3w i terapii. Z odpowiednim planem leczenia, Twoje autystyczne dziecko mo\u017ce \u017cy\u0107 zdrowo.<\/li>\n<li>Do\u0142\u0105cz do lokalnych grup wsparcia. Mo\u017cesz do\u0142\u0105czy\u0107 do Autism Society, Asperger\/Autism Network (AANE) i Autism Speaks. Rozmowa i wys\u0142uchanie innych rodzic\u00f3w dzieci autystycznych mo\u017ce by\u0107 pomocne.<\/li>\n<li>Nie zapomnij r\u00f3wnie\u017c zadba\u0107 o siebie. Bardzo \u0142atwo jest si\u0119 wypali\u0107, pr\u00f3buj\u0105c zaspokoi\u0107 wszystkie potrzeby dziecka autystycznego. Jednak je\u015bli nie jeste\u015b w najlepszej formie, nie mo\u017cesz zapewni\u0107 swojemu dziecku odpowiedniej opieki.<\/li>\n<li>Zwr\u00f3\u0107 uwag\u0119 na wczesne oznaki tego stanu u swoich dzieci. Posiadanie jednego dziecka autystycznego oznacza, \u017ce kolejne dzieci maj\u0105 wi\u0119ksze ryzyko urodzenia si\u0119 z tym schorzeniem. Centers for Disease Control and Prevention (CDC) ma program o nazwie Learn the Signs, Act Early, kt\u00f3ry zawiera materia\u0142y i informacje, kt\u00f3re mog\u0105 pom\u00f3c rodzicom dostrzec wczesne oznaki autyzmu i innych zaburze\u0144 rozwojowych.<\/li>\n<\/ul>\n<h4>Wi\u0119cej informacji<\/h4>\n<ul>\n<li><em>verywellmind.com\/things-to-know-about-autism-in-children-5210415<\/em><\/li>\n<\/ul>\n","protected":false},"excerpt":{"rendered":"<p>Spektrum zaburze\u0144 autystycznych (ASD) to szereg schorze\u0144, kt\u00f3re wp\u0142ywaj\u0105 na rozw\u00f3j dzieci. Dzieci z ASD cz\u0119sto maj\u0105 problemy z komunikacj\u0105 i mog\u0105 nie posiada\u0107 konwencjonalnych&#8230;<\/p>\n","protected":false},"author":1,"featured_media":1823,"comment_status":"closed","ping_status":"open","sticky":false,"template":"","format":"standard","meta":[],"categories":[44],"tags":[777,776,778,774,775,773,779],"yoast_head":"<!-- This site is optimized with the Yoast SEO plugin v18.1 - https:\/\/yoast.com\/wordpress\/plugins\/seo\/ -->\n<title>Co warto wiedzie\u0107 o autyzmie u dzieci - Diagnostyka Umys\u0142u<\/title>\n<meta name=\"robots\" content=\"index, follow, max-snippet:-1, max-image-preview:large, max-video-preview:-1\" \/>\n<link rel=\"canonical\" href=\"https:\/\/www.diagnostyka-umyslu.pl\/blog\/spektrum-autyzmu\/co-warto-wiedziec-o-autyzmie-u-dzieci\/\" \/>\n<meta property=\"og:locale\" content=\"pl_PL\" \/>\n<meta property=\"og:type\" content=\"article\" \/>\n<meta property=\"og:title\" content=\"Co warto wiedzie\u0107 o autyzmie u dzieci - Diagnostyka Umys\u0142u\" \/>\n<meta property=\"og:description\" content=\"Spektrum zaburze\u0144 autystycznych (ASD) to szereg schorze\u0144, kt\u00f3re wp\u0142ywaj\u0105 na rozw\u00f3j dzieci. Dzieci z ASD cz\u0119sto maj\u0105 problemy z komunikacj\u0105 i mog\u0105 nie posiada\u0107 konwencjonalnych...\" \/>\n<meta property=\"og:url\" content=\"https:\/\/www.diagnostyka-umyslu.pl\/blog\/spektrum-autyzmu\/co-warto-wiedziec-o-autyzmie-u-dzieci\/\" \/>\n<meta property=\"og:site_name\" content=\"Diagnostyka Umys\u0142u\" \/>\n<meta property=\"article:published_time\" content=\"2022-07-15T06:00:08+00:00\" \/>\n<meta property=\"article:modified_time\" content=\"2022-07-08T19:09:51+00:00\" \/>\n<meta property=\"og:image\" content=\"https:\/\/www.diagnostyka-umyslu.pl\/blog\/wp-content\/uploads\/2022\/07\/1616.png\" \/>\n\t<meta property=\"og:image:width\" content=\"870\" \/>\n\t<meta property=\"og:image:height\" content=\"387\" \/>\n\t<meta property=\"og:image:type\" content=\"image\/png\" \/>\n<meta name=\"twitter:card\" content=\"summary_large_image\" \/>\n<meta name=\"twitter:label1\" content=\"Napisane przez\" \/>\n\t<meta name=\"twitter:data1\" content=\"Diagnostyka Umys\u0142u\" \/>\n\t<meta name=\"twitter:label2\" content=\"Szacowany czas czytania\" \/>\n\t<meta name=\"twitter:data2\" content=\"7 minut\" \/>\n<script type=\"application\/ld+json\" class=\"yoast-schema-graph\">{\"@context\":\"https:\/\/schema.org\",\"@graph\":[{\"@type\":\"Organization\",\"@id\":\"https:\/\/www.diagnostyka-umyslu.pl\/blog\/#organization\",\"name\":\"Diagnostyka Umys\u0142u\",\"url\":\"https:\/\/www.diagnostyka-umyslu.pl\/blog\/\",\"sameAs\":[],\"logo\":{\"@type\":\"ImageObject\",\"@id\":\"https:\/\/www.diagnostyka-umyslu.pl\/blog\/#logo\",\"inLanguage\":\"pl-PL\",\"url\":\"https:\/\/www.diagnostyka-umyslu.pl\/blog\/wp-content\/uploads\/2021\/05\/logo.png\",\"contentUrl\":\"https:\/\/www.diagnostyka-umyslu.pl\/blog\/wp-content\/uploads\/2021\/05\/logo.png\",\"width\":236,\"height\":81,\"caption\":\"Diagnostyka Umys\u0142u\"},\"image\":{\"@id\":\"https:\/\/www.diagnostyka-umyslu.pl\/blog\/#logo\"}},{\"@type\":\"WebSite\",\"@id\":\"https:\/\/www.diagnostyka-umyslu.pl\/blog\/#website\",\"url\":\"https:\/\/www.diagnostyka-umyslu.pl\/blog\/\",\"name\":\"Diagnostyka Umys\u0142u\",\"description\":\"Blog o zaburzeniach umys\u0142u\",\"publisher\":{\"@id\":\"https:\/\/www.diagnostyka-umyslu.pl\/blog\/#organization\"},\"potentialAction\":[{\"@type\":\"SearchAction\",\"target\":{\"@type\":\"EntryPoint\",\"urlTemplate\":\"https:\/\/www.diagnostyka-umyslu.pl\/blog\/?s={search_term_string}\"},\"query-input\":\"required name=search_term_string\"}],\"inLanguage\":\"pl-PL\"},{\"@type\":\"ImageObject\",\"@id\":\"https:\/\/www.diagnostyka-umyslu.pl\/blog\/spektrum-autyzmu\/co-warto-wiedziec-o-autyzmie-u-dzieci\/#primaryimage\",\"inLanguage\":\"pl-PL\",\"url\":\"https:\/\/www.diagnostyka-umyslu.pl\/blog\/wp-content\/uploads\/2022\/07\/1616.png\",\"contentUrl\":\"https:\/\/www.diagnostyka-umyslu.pl\/blog\/wp-content\/uploads\/2022\/07\/1616.png\",\"width\":870,\"height\":387},{\"@type\":\"WebPage\",\"@id\":\"https:\/\/www.diagnostyka-umyslu.pl\/blog\/spektrum-autyzmu\/co-warto-wiedziec-o-autyzmie-u-dzieci\/#webpage\",\"url\":\"https:\/\/www.diagnostyka-umyslu.pl\/blog\/spektrum-autyzmu\/co-warto-wiedziec-o-autyzmie-u-dzieci\/\",\"name\":\"Co warto wiedzie\u0107 o autyzmie u dzieci - Diagnostyka Umys\u0142u\",\"isPartOf\":{\"@id\":\"https:\/\/www.diagnostyka-umyslu.pl\/blog\/#website\"},\"primaryImageOfPage\":{\"@id\":\"https:\/\/www.diagnostyka-umyslu.pl\/blog\/spektrum-autyzmu\/co-warto-wiedziec-o-autyzmie-u-dzieci\/#primaryimage\"},\"datePublished\":\"2022-07-15T06:00:08+00:00\",\"dateModified\":\"2022-07-08T19:09:51+00:00\",\"breadcrumb\":{\"@id\":\"https:\/\/www.diagnostyka-umyslu.pl\/blog\/spektrum-autyzmu\/co-warto-wiedziec-o-autyzmie-u-dzieci\/#breadcrumb\"},\"inLanguage\":\"pl-PL\",\"potentialAction\":[{\"@type\":\"ReadAction\",\"target\":[\"https:\/\/www.diagnostyka-umyslu.pl\/blog\/spektrum-autyzmu\/co-warto-wiedziec-o-autyzmie-u-dzieci\/\"]}]},{\"@type\":\"BreadcrumbList\",\"@id\":\"https:\/\/www.diagnostyka-umyslu.pl\/blog\/spektrum-autyzmu\/co-warto-wiedziec-o-autyzmie-u-dzieci\/#breadcrumb\",\"itemListElement\":[{\"@type\":\"ListItem\",\"position\":1,\"name\":\"Strona g\u0142\u00f3wna\",\"item\":\"https:\/\/www.diagnostyka-umyslu.pl\/blog\/\"},{\"@type\":\"ListItem\",\"position\":2,\"name\":\"Spektrum Autyzmu\",\"item\":\"https:\/\/www.diagnostyka-umyslu.pl\/blog\/spektrum-autyzmu\/\"},{\"@type\":\"ListItem\",\"position\":3,\"name\":\"Co warto wiedzie\u0107 o autyzmie u dzieci\"}]},{\"@type\":\"Article\",\"@id\":\"https:\/\/www.diagnostyka-umyslu.pl\/blog\/spektrum-autyzmu\/co-warto-wiedziec-o-autyzmie-u-dzieci\/#article\",\"isPartOf\":{\"@id\":\"https:\/\/www.diagnostyka-umyslu.pl\/blog\/spektrum-autyzmu\/co-warto-wiedziec-o-autyzmie-u-dzieci\/#webpage\"},\"author\":{\"@id\":\"https:\/\/www.diagnostyka-umyslu.pl\/blog\/#\/schema\/person\/8eb1bcaf59fea75c780c11946f4e3490\"},\"headline\":\"Co warto wiedzie\u0107 o autyzmie u dzieci\",\"datePublished\":\"2022-07-15T06:00:08+00:00\",\"dateModified\":\"2022-07-08T19:09:51+00:00\",\"mainEntityOfPage\":{\"@id\":\"https:\/\/www.diagnostyka-umyslu.pl\/blog\/spektrum-autyzmu\/co-warto-wiedziec-o-autyzmie-u-dzieci\/#webpage\"},\"wordCount\":1328,\"publisher\":{\"@id\":\"https:\/\/www.diagnostyka-umyslu.pl\/blog\/#organization\"},\"image\":{\"@id\":\"https:\/\/www.diagnostyka-umyslu.pl\/blog\/spektrum-autyzmu\/co-warto-wiedziec-o-autyzmie-u-dzieci\/#primaryimage\"},\"thumbnailUrl\":\"https:\/\/www.diagnostyka-umyslu.pl\/blog\/wp-content\/uploads\/2022\/07\/1616.png\",\"keywords\":[\"Co powoduje autyzm u dzieci?\",\"Jak diagnozuje si\u0119 autyzm u dzieci?\",\"Jak leczy si\u0119 autyzm u dzieci\",\"Oznaki autyzmu u m\u0142odszych dzieci\",\"Oznaki autyzmu u starszych dzieci\",\"Symptomy autyzmu u dzieci\",\"Wskaz\u00f3wki dla rodzic\u00f3w dzieci autystycznych\"],\"articleSection\":[\"Spektrum Autyzmu\"],\"inLanguage\":\"pl-PL\"},{\"@type\":\"Person\",\"@id\":\"https:\/\/www.diagnostyka-umyslu.pl\/blog\/#\/schema\/person\/8eb1bcaf59fea75c780c11946f4e3490\",\"name\":\"Diagnostyka Umys\u0142u\",\"image\":{\"@type\":\"ImageObject\",\"@id\":\"https:\/\/www.diagnostyka-umyslu.pl\/blog\/#personlogo\",\"inLanguage\":\"pl-PL\",\"url\":\"https:\/\/secure.gravatar.com\/avatar\/6743211f010801ea26aa9423a2daab37?s=96&d=mm&r=g\",\"contentUrl\":\"https:\/\/secure.gravatar.com\/avatar\/6743211f010801ea26aa9423a2daab37?s=96&d=mm&r=g\",\"caption\":\"Diagnostyka Umys\u0142u\"},\"sameAs\":[\"https:\/\/www.diagnostyka-umyslu.pl\/blog\"],\"url\":\"https:\/\/www.diagnostyka-umyslu.pl\/blog\/author\/diagnostyka-umyslu\/\"}]}<\/script>\n<!-- \/ Yoast SEO plugin. -->","yoast_head_json":{"title":"Co warto wiedzie\u0107 o autyzmie u dzieci - Diagnostyka Umys\u0142u","robots":{"index":"index","follow":"follow","max-snippet":"max-snippet:-1","max-image-preview":"max-image-preview:large","max-video-preview":"max-video-preview:-1"},"canonical":"https:\/\/www.diagnostyka-umyslu.pl\/blog\/spektrum-autyzmu\/co-warto-wiedziec-o-autyzmie-u-dzieci\/","og_locale":"pl_PL","og_type":"article","og_title":"Co warto wiedzie\u0107 o autyzmie u dzieci - Diagnostyka Umys\u0142u","og_description":"Spektrum zaburze\u0144 autystycznych (ASD) to szereg schorze\u0144, kt\u00f3re wp\u0142ywaj\u0105 na rozw\u00f3j dzieci. Dzieci z ASD cz\u0119sto maj\u0105 problemy z komunikacj\u0105 i mog\u0105 nie posiada\u0107 konwencjonalnych...","og_url":"https:\/\/www.diagnostyka-umyslu.pl\/blog\/spektrum-autyzmu\/co-warto-wiedziec-o-autyzmie-u-dzieci\/","og_site_name":"Diagnostyka Umys\u0142u","article_published_time":"2022-07-15T06:00:08+00:00","article_modified_time":"2022-07-08T19:09:51+00:00","og_image":[{"width":870,"height":387,"url":"https:\/\/www.diagnostyka-umyslu.pl\/blog\/wp-content\/uploads\/2022\/07\/1616.png","type":"image\/png"}],"twitter_card":"summary_large_image","twitter_misc":{"Napisane przez":"Diagnostyka Umys\u0142u","Szacowany czas czytania":"7 minut"},"schema":{"@context":"https:\/\/schema.org","@graph":[{"@type":"Organization","@id":"https:\/\/www.diagnostyka-umyslu.pl\/blog\/#organization","name":"Diagnostyka Umys\u0142u","url":"https:\/\/www.diagnostyka-umyslu.pl\/blog\/","sameAs":[],"logo":{"@type":"ImageObject","@id":"https:\/\/www.diagnostyka-umyslu.pl\/blog\/#logo","inLanguage":"pl-PL","url":"https:\/\/www.diagnostyka-umyslu.pl\/blog\/wp-content\/uploads\/2021\/05\/logo.png","contentUrl":"https:\/\/www.diagnostyka-umyslu.pl\/blog\/wp-content\/uploads\/2021\/05\/logo.png","width":236,"height":81,"caption":"Diagnostyka Umys\u0142u"},"image":{"@id":"https:\/\/www.diagnostyka-umyslu.pl\/blog\/#logo"}},{"@type":"WebSite","@id":"https:\/\/www.diagnostyka-umyslu.pl\/blog\/#website","url":"https:\/\/www.diagnostyka-umyslu.pl\/blog\/","name":"Diagnostyka Umys\u0142u","description":"Blog o zaburzeniach umys\u0142u","publisher":{"@id":"https:\/\/www.diagnostyka-umyslu.pl\/blog\/#organization"},"potentialAction":[{"@type":"SearchAction","target":{"@type":"EntryPoint","urlTemplate":"https:\/\/www.diagnostyka-umyslu.pl\/blog\/?s={search_term_string}"},"query-input":"required name=search_term_string"}],"inLanguage":"pl-PL"},{"@type":"ImageObject","@id":"https:\/\/www.diagnostyka-umyslu.pl\/blog\/spektrum-autyzmu\/co-warto-wiedziec-o-autyzmie-u-dzieci\/#primaryimage","inLanguage":"pl-PL","url":"https:\/\/www.diagnostyka-umyslu.pl\/blog\/wp-content\/uploads\/2022\/07\/1616.png","contentUrl":"https:\/\/www.diagnostyka-umyslu.pl\/blog\/wp-content\/uploads\/2022\/07\/1616.png","width":870,"height":387},{"@type":"WebPage","@id":"https:\/\/www.diagnostyka-umyslu.pl\/blog\/spektrum-autyzmu\/co-warto-wiedziec-o-autyzmie-u-dzieci\/#webpage","url":"https:\/\/www.diagnostyka-umyslu.pl\/blog\/spektrum-autyzmu\/co-warto-wiedziec-o-autyzmie-u-dzieci\/","name":"Co warto wiedzie\u0107 o autyzmie u dzieci - Diagnostyka Umys\u0142u","isPartOf":{"@id":"https:\/\/www.diagnostyka-umyslu.pl\/blog\/#website"},"primaryImageOfPage":{"@id":"https:\/\/www.diagnostyka-umyslu.pl\/blog\/spektrum-autyzmu\/co-warto-wiedziec-o-autyzmie-u-dzieci\/#primaryimage"},"datePublished":"2022-07-15T06:00:08+00:00","dateModified":"2022-07-08T19:09:51+00:00","breadcrumb":{"@id":"https:\/\/www.diagnostyka-umyslu.pl\/blog\/spektrum-autyzmu\/co-warto-wiedziec-o-autyzmie-u-dzieci\/#breadcrumb"},"inLanguage":"pl-PL","potentialAction":[{"@type":"ReadAction","target":["https:\/\/www.diagnostyka-umyslu.pl\/blog\/spektrum-autyzmu\/co-warto-wiedziec-o-autyzmie-u-dzieci\/"]}]},{"@type":"BreadcrumbList","@id":"https:\/\/www.diagnostyka-umyslu.pl\/blog\/spektrum-autyzmu\/co-warto-wiedziec-o-autyzmie-u-dzieci\/#breadcrumb","itemListElement":[{"@type":"ListItem","position":1,"name":"Strona g\u0142\u00f3wna","item":"https:\/\/www.diagnostyka-umyslu.pl\/blog\/"},{"@type":"ListItem","position":2,"name":"Spektrum Autyzmu","item":"https:\/\/www.diagnostyka-umyslu.pl\/blog\/spektrum-autyzmu\/"},{"@type":"ListItem","position":3,"name":"Co warto wiedzie\u0107 o autyzmie u dzieci"}]},{"@type":"Article","@id":"https:\/\/www.diagnostyka-umyslu.pl\/blog\/spektrum-autyzmu\/co-warto-wiedziec-o-autyzmie-u-dzieci\/#article","isPartOf":{"@id":"https:\/\/www.diagnostyka-umyslu.pl\/blog\/spektrum-autyzmu\/co-warto-wiedziec-o-autyzmie-u-dzieci\/#webpage"},"author":{"@id":"https:\/\/www.diagnostyka-umyslu.pl\/blog\/#\/schema\/person\/8eb1bcaf59fea75c780c11946f4e3490"},"headline":"Co warto wiedzie\u0107 o autyzmie u dzieci","datePublished":"2022-07-15T06:00:08+00:00","dateModified":"2022-07-08T19:09:51+00:00","mainEntityOfPage":{"@id":"https:\/\/www.diagnostyka-umyslu.pl\/blog\/spektrum-autyzmu\/co-warto-wiedziec-o-autyzmie-u-dzieci\/#webpage"},"wordCount":1328,"publisher":{"@id":"https:\/\/www.diagnostyka-umyslu.pl\/blog\/#organization"},"image":{"@id":"https:\/\/www.diagnostyka-umyslu.pl\/blog\/spektrum-autyzmu\/co-warto-wiedziec-o-autyzmie-u-dzieci\/#primaryimage"},"thumbnailUrl":"https:\/\/www.diagnostyka-umyslu.pl\/blog\/wp-content\/uploads\/2022\/07\/1616.png","keywords":["Co powoduje autyzm u dzieci?","Jak diagnozuje si\u0119 autyzm u dzieci?","Jak leczy si\u0119 autyzm u dzieci","Oznaki autyzmu u m\u0142odszych dzieci","Oznaki autyzmu u starszych dzieci","Symptomy autyzmu u dzieci","Wskaz\u00f3wki dla rodzic\u00f3w dzieci autystycznych"],"articleSection":["Spektrum Autyzmu"],"inLanguage":"pl-PL"},{"@type":"Person","@id":"https:\/\/www.diagnostyka-umyslu.pl\/blog\/#\/schema\/person\/8eb1bcaf59fea75c780c11946f4e3490","name":"Diagnostyka Umys\u0142u","image":{"@type":"ImageObject","@id":"https:\/\/www.diagnostyka-umyslu.pl\/blog\/#personlogo","inLanguage":"pl-PL","url":"https:\/\/secure.gravatar.com\/avatar\/6743211f010801ea26aa9423a2daab37?s=96&d=mm&r=g","contentUrl":"https:\/\/secure.gravatar.com\/avatar\/6743211f010801ea26aa9423a2daab37?s=96&d=mm&r=g","caption":"Diagnostyka Umys\u0142u"},"sameAs":["https:\/\/www.diagnostyka-umyslu.pl\/blog"],"url":"https:\/\/www.diagnostyka-umyslu.pl\/blog\/author\/diagnostyka-umyslu\/"}]}},"amp_enabled":true,"_links":{"self":[{"href":"https:\/\/www.diagnostyka-umyslu.pl\/blog\/wp-json\/wp\/v2\/posts\/1821"}],"collection":[{"href":"https:\/\/www.diagnostyka-umyslu.pl\/blog\/wp-json\/wp\/v2\/posts"}],"about":[{"href":"https:\/\/www.diagnostyka-umyslu.pl\/blog\/wp-json\/wp\/v2\/types\/post"}],"author":[{"embeddable":true,"href":"https:\/\/www.diagnostyka-umyslu.pl\/blog\/wp-json\/wp\/v2\/users\/1"}],"replies":[{"embeddable":true,"href":"https:\/\/www.diagnostyka-umyslu.pl\/blog\/wp-json\/wp\/v2\/comments?post=1821"}],"version-history":[{"count":3,"href":"https:\/\/www.diagnostyka-umyslu.pl\/blog\/wp-json\/wp\/v2\/posts\/1821\/revisions"}],"predecessor-version":[{"id":2135,"href":"https:\/\/www.diagnostyka-umyslu.pl\/blog\/wp-json\/wp\/v2\/posts\/1821\/revisions\/2135"}],"wp:featuredmedia":[{"embeddable":true,"href":"https:\/\/www.diagnostyka-umyslu.pl\/blog\/wp-json\/wp\/v2\/media\/1823"}],"wp:attachment":[{"href":"https:\/\/www.diagnostyka-umyslu.pl\/blog\/wp-json\/wp\/v2\/media?parent=1821"}],"wp:term":[{"taxonomy":"category","embeddable":true,"href":"https:\/\/www.diagnostyka-umyslu.pl\/blog\/wp-json\/wp\/v2\/categories?post=1821"},{"taxonomy":"post_tag","embeddable":true,"href":"https:\/\/www.diagnostyka-umyslu.pl\/blog\/wp-json\/wp\/v2\/tags?post=1821"}],"curies":[{"name":"wp","href":"https:\/\/api.w.org\/{rel}","templated":true}]}}