{"id":581,"date":"2021-05-04T08:00:38","date_gmt":"2021-05-04T06:00:38","guid":{"rendered":"https:\/\/www.diagnostyka-umyslu.pl\/blog\/?p=581"},"modified":"2022-07-08T11:40:34","modified_gmt":"2022-07-08T09:40:34","slug":"dysgrafia","status":"publish","type":"post","link":"https:\/\/www.diagnostyka-umyslu.pl\/blog\/dysleksja\/dysgrafia\/","title":{"rendered":"Dysgrafia"},"content":{"rendered":"<p>Dysgrafia \u2013 trudno\u015bci w opanowaniu poprawnej formy graficznej pisma. Wyra\u017ca si\u0119 w formie zniekszta\u0142ce\u0144 strony graficznej pisma, takich jak niedok\u0142adno\u015bci w odtwarzaniu liter, z\u0142e proporcje liter w wyrazie, brak po\u0142\u0105cze\u0144 liter, brak nale\u017cytego odst\u0119pu pomi\u0119dzy literami i wyrazami, brak r\u00f3wnomiernego i jednolitego po\u0142o\u017cenia pisma, niepoprawne zag\u0119szczenie liter. Te zniekszta\u0142cenia pisma wynikaj\u0105 z zaburze\u0144 funkcji percepcyjno-motorycznych (motoryki r\u0105k, funkcji wzrokowych i koordynacji wzrokowo-ruchowej).<\/p>\n<hr \/>\n<p>\u0179r\u00f3d\u0142a:<\/p>\n<ol>\n<li><em>\u201eUcze\u0144 z dysleksj\u0105 w szkole\u201d M. Bogdanowicz, A. Adryjanek, Operon, Gdynia 2009<\/em><\/li>\n<\/ol>\n","protected":false},"excerpt":{"rendered":"<p>Dysgrafia \u2013 trudno\u015bci w opanowaniu poprawnej formy graficznej pisma. Wyra\u017ca si\u0119 w formie zniekszta\u0142ce\u0144 strony graficznej pisma, takich jak niedok\u0142adno\u015bci w odtwarzaniu liter, z\u0142e proporcje&#8230;<\/p>\n","protected":false},"author":1,"featured_media":1825,"comment_status":"closed","ping_status":"open","sticky":false,"template":"","format":"standard","meta":[],"categories":[41],"tags":[42],"yoast_head":"<!-- This site is optimized with the Yoast SEO plugin v18.1 - https:\/\/yoast.com\/wordpress\/plugins\/seo\/ -->\n<title>Dysgrafia - S\u0142ownik poj\u0119\u0107 - Diagnostyka Umys\u0142u<\/title>\n<meta name=\"description\" content=\"Dysgrafia \u2013 trudno\u015bci w opanowaniu poprawnej formy graficznej pisma. Wyra\u017ca si\u0119 w formie zniekszta\u0142ce\u0144 strony graficznej pisma, takich jak niedok\u0142adno\u015bci w odtwarzaniu liter, z\u0142e proporcje liter w wyrazie, brak po\u0142\u0105cze\u0144 liter, brak nale\u017cytego odst\u0119pu pomi\u0119dzy literami i wyrazami, brak r\u00f3wnomiernego i jednolitego po\u0142o\u017cenia pisma, niepoprawne zag\u0119szczenie liter.\" \/>\n<meta name=\"robots\" content=\"index, follow, max-snippet:-1, max-image-preview:large, max-video-preview:-1\" \/>\n<link rel=\"canonical\" href=\"https:\/\/www.diagnostyka-umyslu.pl\/blog\/dysleksja\/dysgrafia\/\" \/>\n<meta property=\"og:locale\" content=\"pl_PL\" \/>\n<meta property=\"og:type\" content=\"article\" \/>\n<meta property=\"og:title\" content=\"Dysgrafia - S\u0142ownik poj\u0119\u0107 - Diagnostyka Umys\u0142u\" \/>\n<meta property=\"og:description\" content=\"Dysgrafia \u2013 trudno\u015bci w opanowaniu poprawnej formy graficznej pisma. Wyra\u017ca si\u0119 w formie zniekszta\u0142ce\u0144 strony graficznej pisma, takich jak niedok\u0142adno\u015bci w odtwarzaniu liter, z\u0142e proporcje liter w wyrazie, brak po\u0142\u0105cze\u0144 liter, brak nale\u017cytego odst\u0119pu pomi\u0119dzy literami i wyrazami, brak r\u00f3wnomiernego i jednolitego po\u0142o\u017cenia pisma, niepoprawne zag\u0119szczenie liter.\" \/>\n<meta property=\"og:url\" content=\"https:\/\/www.diagnostyka-umyslu.pl\/blog\/dysleksja\/dysgrafia\/\" \/>\n<meta property=\"og:site_name\" content=\"Diagnostyka Umys\u0142u\" \/>\n<meta property=\"article:published_time\" content=\"2021-05-04T06:00:38+00:00\" \/>\n<meta property=\"article:modified_time\" content=\"2022-07-08T09:40:34+00:00\" \/>\n<meta property=\"og:image\" content=\"https:\/\/www.diagnostyka-umyslu.pl\/blog\/wp-content\/uploads\/2022\/07\/bg_top_default.jpg\" \/>\n\t<meta property=\"og:image:width\" content=\"840\" \/>\n\t<meta property=\"og:image:height\" content=\"202\" \/>\n\t<meta property=\"og:image:type\" content=\"image\/jpeg\" \/>\n<meta name=\"twitter:card\" content=\"summary_large_image\" \/>\n<meta name=\"twitter:label1\" content=\"Napisane przez\" \/>\n\t<meta name=\"twitter:data1\" content=\"Diagnostyka Umys\u0142u\" \/>\n\t<meta name=\"twitter:label2\" content=\"Szacowany czas czytania\" \/>\n\t<meta name=\"twitter:data2\" content=\"1 minuta\" \/>\n<script type=\"application\/ld+json\" class=\"yoast-schema-graph\">{\"@context\":\"https:\/\/schema.org\",\"@graph\":[{\"@type\":\"Organization\",\"@id\":\"https:\/\/www.diagnostyka-umyslu.pl\/blog\/#organization\",\"name\":\"Diagnostyka Umys\u0142u\",\"url\":\"https:\/\/www.diagnostyka-umyslu.pl\/blog\/\",\"sameAs\":[],\"logo\":{\"@type\":\"ImageObject\",\"@id\":\"https:\/\/www.diagnostyka-umyslu.pl\/blog\/#logo\",\"inLanguage\":\"pl-PL\",\"url\":\"https:\/\/www.diagnostyka-umyslu.pl\/blog\/wp-content\/uploads\/2021\/05\/logo.png\",\"contentUrl\":\"https:\/\/www.diagnostyka-umyslu.pl\/blog\/wp-content\/uploads\/2021\/05\/logo.png\",\"width\":236,\"height\":81,\"caption\":\"Diagnostyka Umys\u0142u\"},\"image\":{\"@id\":\"https:\/\/www.diagnostyka-umyslu.pl\/blog\/#logo\"}},{\"@type\":\"WebSite\",\"@id\":\"https:\/\/www.diagnostyka-umyslu.pl\/blog\/#website\",\"url\":\"https:\/\/www.diagnostyka-umyslu.pl\/blog\/\",\"name\":\"Diagnostyka Umys\u0142u\",\"description\":\"Blog o zaburzeniach umys\u0142u\",\"publisher\":{\"@id\":\"https:\/\/www.diagnostyka-umyslu.pl\/blog\/#organization\"},\"potentialAction\":[{\"@type\":\"SearchAction\",\"target\":{\"@type\":\"EntryPoint\",\"urlTemplate\":\"https:\/\/www.diagnostyka-umyslu.pl\/blog\/?s={search_term_string}\"},\"query-input\":\"required name=search_term_string\"}],\"inLanguage\":\"pl-PL\"},{\"@type\":\"ImageObject\",\"@id\":\"https:\/\/www.diagnostyka-umyslu.pl\/blog\/dysleksja\/dysgrafia\/#primaryimage\",\"inLanguage\":\"pl-PL\",\"url\":\"https:\/\/www.diagnostyka-umyslu.pl\/blog\/wp-content\/uploads\/2022\/07\/bg_top_default.jpg\",\"contentUrl\":\"https:\/\/www.diagnostyka-umyslu.pl\/blog\/wp-content\/uploads\/2022\/07\/bg_top_default.jpg\",\"width\":840,\"height\":202},{\"@type\":\"WebPage\",\"@id\":\"https:\/\/www.diagnostyka-umyslu.pl\/blog\/dysleksja\/dysgrafia\/#webpage\",\"url\":\"https:\/\/www.diagnostyka-umyslu.pl\/blog\/dysleksja\/dysgrafia\/\",\"name\":\"Dysgrafia - S\u0142ownik poj\u0119\u0107 - Diagnostyka Umys\u0142u\",\"isPartOf\":{\"@id\":\"https:\/\/www.diagnostyka-umyslu.pl\/blog\/#website\"},\"primaryImageOfPage\":{\"@id\":\"https:\/\/www.diagnostyka-umyslu.pl\/blog\/dysleksja\/dysgrafia\/#primaryimage\"},\"datePublished\":\"2021-05-04T06:00:38+00:00\",\"dateModified\":\"2022-07-08T09:40:34+00:00\",\"description\":\"Dysgrafia \u2013 trudno\u015bci w opanowaniu poprawnej formy graficznej pisma. Wyra\u017ca si\u0119 w formie zniekszta\u0142ce\u0144 strony graficznej pisma, takich jak niedok\u0142adno\u015bci w odtwarzaniu liter, z\u0142e proporcje liter w wyrazie, brak po\u0142\u0105cze\u0144 liter, brak nale\u017cytego odst\u0119pu pomi\u0119dzy literami i wyrazami, brak r\u00f3wnomiernego i jednolitego po\u0142o\u017cenia pisma, niepoprawne zag\u0119szczenie liter.\",\"breadcrumb\":{\"@id\":\"https:\/\/www.diagnostyka-umyslu.pl\/blog\/dysleksja\/dysgrafia\/#breadcrumb\"},\"inLanguage\":\"pl-PL\",\"potentialAction\":[{\"@type\":\"ReadAction\",\"target\":[\"https:\/\/www.diagnostyka-umyslu.pl\/blog\/dysleksja\/dysgrafia\/\"]}]},{\"@type\":\"BreadcrumbList\",\"@id\":\"https:\/\/www.diagnostyka-umyslu.pl\/blog\/dysleksja\/dysgrafia\/#breadcrumb\",\"itemListElement\":[{\"@type\":\"ListItem\",\"position\":1,\"name\":\"Strona g\u0142\u00f3wna\",\"item\":\"https:\/\/www.diagnostyka-umyslu.pl\/blog\/\"},{\"@type\":\"ListItem\",\"position\":2,\"name\":\"Dysleksja\",\"item\":\"https:\/\/www.diagnostyka-umyslu.pl\/blog\/dysleksja\/\"},{\"@type\":\"ListItem\",\"position\":3,\"name\":\"Dysgrafia\"}]},{\"@type\":\"Article\",\"@id\":\"https:\/\/www.diagnostyka-umyslu.pl\/blog\/dysleksja\/dysgrafia\/#article\",\"isPartOf\":{\"@id\":\"https:\/\/www.diagnostyka-umyslu.pl\/blog\/dysleksja\/dysgrafia\/#webpage\"},\"author\":{\"@id\":\"https:\/\/www.diagnostyka-umyslu.pl\/blog\/#\/schema\/person\/8eb1bcaf59fea75c780c11946f4e3490\"},\"headline\":\"Dysgrafia\",\"datePublished\":\"2021-05-04T06:00:38+00:00\",\"dateModified\":\"2022-07-08T09:40:34+00:00\",\"mainEntityOfPage\":{\"@id\":\"https:\/\/www.diagnostyka-umyslu.pl\/blog\/dysleksja\/dysgrafia\/#webpage\"},\"wordCount\":92,\"publisher\":{\"@id\":\"https:\/\/www.diagnostyka-umyslu.pl\/blog\/#organization\"},\"image\":{\"@id\":\"https:\/\/www.diagnostyka-umyslu.pl\/blog\/dysleksja\/dysgrafia\/#primaryimage\"},\"thumbnailUrl\":\"https:\/\/www.diagnostyka-umyslu.pl\/blog\/wp-content\/uploads\/2022\/07\/bg_top_default.jpg\",\"keywords\":[\"S\u0142ownik poj\u0119\u0107 i termin\u00f3w\"],\"articleSection\":[\"Dysleksja\"],\"inLanguage\":\"pl-PL\"},{\"@type\":\"Person\",\"@id\":\"https:\/\/www.diagnostyka-umyslu.pl\/blog\/#\/schema\/person\/8eb1bcaf59fea75c780c11946f4e3490\",\"name\":\"Diagnostyka Umys\u0142u\",\"image\":{\"@type\":\"ImageObject\",\"@id\":\"https:\/\/www.diagnostyka-umyslu.pl\/blog\/#personlogo\",\"inLanguage\":\"pl-PL\",\"url\":\"https:\/\/secure.gravatar.com\/avatar\/6743211f010801ea26aa9423a2daab37?s=96&d=mm&r=g\",\"contentUrl\":\"https:\/\/secure.gravatar.com\/avatar\/6743211f010801ea26aa9423a2daab37?s=96&d=mm&r=g\",\"caption\":\"Diagnostyka Umys\u0142u\"},\"sameAs\":[\"https:\/\/www.diagnostyka-umyslu.pl\/blog\"],\"url\":\"https:\/\/www.diagnostyka-umyslu.pl\/blog\/author\/diagnostyka-umyslu\/\"}]}<\/script>\n<!-- \/ Yoast SEO plugin. -->","yoast_head_json":{"title":"Dysgrafia - S\u0142ownik poj\u0119\u0107 - Diagnostyka Umys\u0142u","description":"Dysgrafia \u2013 trudno\u015bci w opanowaniu poprawnej formy graficznej pisma. Wyra\u017ca si\u0119 w formie zniekszta\u0142ce\u0144 strony graficznej pisma, takich jak niedok\u0142adno\u015bci w odtwarzaniu liter, z\u0142e proporcje liter w wyrazie, brak po\u0142\u0105cze\u0144 liter, brak nale\u017cytego odst\u0119pu pomi\u0119dzy literami i wyrazami, brak r\u00f3wnomiernego i jednolitego po\u0142o\u017cenia pisma, niepoprawne zag\u0119szczenie liter.","robots":{"index":"index","follow":"follow","max-snippet":"max-snippet:-1","max-image-preview":"max-image-preview:large","max-video-preview":"max-video-preview:-1"},"canonical":"https:\/\/www.diagnostyka-umyslu.pl\/blog\/dysleksja\/dysgrafia\/","og_locale":"pl_PL","og_type":"article","og_title":"Dysgrafia - S\u0142ownik poj\u0119\u0107 - Diagnostyka Umys\u0142u","og_description":"Dysgrafia \u2013 trudno\u015bci w opanowaniu poprawnej formy graficznej pisma. Wyra\u017ca si\u0119 w formie zniekszta\u0142ce\u0144 strony graficznej pisma, takich jak niedok\u0142adno\u015bci w odtwarzaniu liter, z\u0142e proporcje liter w wyrazie, brak po\u0142\u0105cze\u0144 liter, brak nale\u017cytego odst\u0119pu pomi\u0119dzy literami i wyrazami, brak r\u00f3wnomiernego i jednolitego po\u0142o\u017cenia pisma, niepoprawne zag\u0119szczenie liter.","og_url":"https:\/\/www.diagnostyka-umyslu.pl\/blog\/dysleksja\/dysgrafia\/","og_site_name":"Diagnostyka Umys\u0142u","article_published_time":"2021-05-04T06:00:38+00:00","article_modified_time":"2022-07-08T09:40:34+00:00","og_image":[{"width":840,"height":202,"url":"https:\/\/www.diagnostyka-umyslu.pl\/blog\/wp-content\/uploads\/2022\/07\/bg_top_default.jpg","type":"image\/jpeg"}],"twitter_card":"summary_large_image","twitter_misc":{"Napisane przez":"Diagnostyka Umys\u0142u","Szacowany czas czytania":"1 minuta"},"schema":{"@context":"https:\/\/schema.org","@graph":[{"@type":"Organization","@id":"https:\/\/www.diagnostyka-umyslu.pl\/blog\/#organization","name":"Diagnostyka Umys\u0142u","url":"https:\/\/www.diagnostyka-umyslu.pl\/blog\/","sameAs":[],"logo":{"@type":"ImageObject","@id":"https:\/\/www.diagnostyka-umyslu.pl\/blog\/#logo","inLanguage":"pl-PL","url":"https:\/\/www.diagnostyka-umyslu.pl\/blog\/wp-content\/uploads\/2021\/05\/logo.png","contentUrl":"https:\/\/www.diagnostyka-umyslu.pl\/blog\/wp-content\/uploads\/2021\/05\/logo.png","width":236,"height":81,"caption":"Diagnostyka Umys\u0142u"},"image":{"@id":"https:\/\/www.diagnostyka-umyslu.pl\/blog\/#logo"}},{"@type":"WebSite","@id":"https:\/\/www.diagnostyka-umyslu.pl\/blog\/#website","url":"https:\/\/www.diagnostyka-umyslu.pl\/blog\/","name":"Diagnostyka Umys\u0142u","description":"Blog o zaburzeniach umys\u0142u","publisher":{"@id":"https:\/\/www.diagnostyka-umyslu.pl\/blog\/#organization"},"potentialAction":[{"@type":"SearchAction","target":{"@type":"EntryPoint","urlTemplate":"https:\/\/www.diagnostyka-umyslu.pl\/blog\/?s={search_term_string}"},"query-input":"required name=search_term_string"}],"inLanguage":"pl-PL"},{"@type":"ImageObject","@id":"https:\/\/www.diagnostyka-umyslu.pl\/blog\/dysleksja\/dysgrafia\/#primaryimage","inLanguage":"pl-PL","url":"https:\/\/www.diagnostyka-umyslu.pl\/blog\/wp-content\/uploads\/2022\/07\/bg_top_default.jpg","contentUrl":"https:\/\/www.diagnostyka-umyslu.pl\/blog\/wp-content\/uploads\/2022\/07\/bg_top_default.jpg","width":840,"height":202},{"@type":"WebPage","@id":"https:\/\/www.diagnostyka-umyslu.pl\/blog\/dysleksja\/dysgrafia\/#webpage","url":"https:\/\/www.diagnostyka-umyslu.pl\/blog\/dysleksja\/dysgrafia\/","name":"Dysgrafia - S\u0142ownik poj\u0119\u0107 - Diagnostyka Umys\u0142u","isPartOf":{"@id":"https:\/\/www.diagnostyka-umyslu.pl\/blog\/#website"},"primaryImageOfPage":{"@id":"https:\/\/www.diagnostyka-umyslu.pl\/blog\/dysleksja\/dysgrafia\/#primaryimage"},"datePublished":"2021-05-04T06:00:38+00:00","dateModified":"2022-07-08T09:40:34+00:00","description":"Dysgrafia \u2013 trudno\u015bci w opanowaniu poprawnej formy graficznej pisma. Wyra\u017ca si\u0119 w formie zniekszta\u0142ce\u0144 strony graficznej pisma, takich jak niedok\u0142adno\u015bci w odtwarzaniu liter, z\u0142e proporcje liter w wyrazie, brak po\u0142\u0105cze\u0144 liter, brak nale\u017cytego odst\u0119pu pomi\u0119dzy literami i wyrazami, brak r\u00f3wnomiernego i jednolitego po\u0142o\u017cenia pisma, niepoprawne zag\u0119szczenie liter.","breadcrumb":{"@id":"https:\/\/www.diagnostyka-umyslu.pl\/blog\/dysleksja\/dysgrafia\/#breadcrumb"},"inLanguage":"pl-PL","potentialAction":[{"@type":"ReadAction","target":["https:\/\/www.diagnostyka-umyslu.pl\/blog\/dysleksja\/dysgrafia\/"]}]},{"@type":"BreadcrumbList","@id":"https:\/\/www.diagnostyka-umyslu.pl\/blog\/dysleksja\/dysgrafia\/#breadcrumb","itemListElement":[{"@type":"ListItem","position":1,"name":"Strona g\u0142\u00f3wna","item":"https:\/\/www.diagnostyka-umyslu.pl\/blog\/"},{"@type":"ListItem","position":2,"name":"Dysleksja","item":"https:\/\/www.diagnostyka-umyslu.pl\/blog\/dysleksja\/"},{"@type":"ListItem","position":3,"name":"Dysgrafia"}]},{"@type":"Article","@id":"https:\/\/www.diagnostyka-umyslu.pl\/blog\/dysleksja\/dysgrafia\/#article","isPartOf":{"@id":"https:\/\/www.diagnostyka-umyslu.pl\/blog\/dysleksja\/dysgrafia\/#webpage"},"author":{"@id":"https:\/\/www.diagnostyka-umyslu.pl\/blog\/#\/schema\/person\/8eb1bcaf59fea75c780c11946f4e3490"},"headline":"Dysgrafia","datePublished":"2021-05-04T06:00:38+00:00","dateModified":"2022-07-08T09:40:34+00:00","mainEntityOfPage":{"@id":"https:\/\/www.diagnostyka-umyslu.pl\/blog\/dysleksja\/dysgrafia\/#webpage"},"wordCount":92,"publisher":{"@id":"https:\/\/www.diagnostyka-umyslu.pl\/blog\/#organization"},"image":{"@id":"https:\/\/www.diagnostyka-umyslu.pl\/blog\/dysleksja\/dysgrafia\/#primaryimage"},"thumbnailUrl":"https:\/\/www.diagnostyka-umyslu.pl\/blog\/wp-content\/uploads\/2022\/07\/bg_top_default.jpg","keywords":["S\u0142ownik poj\u0119\u0107 i termin\u00f3w"],"articleSection":["Dysleksja"],"inLanguage":"pl-PL"},{"@type":"Person","@id":"https:\/\/www.diagnostyka-umyslu.pl\/blog\/#\/schema\/person\/8eb1bcaf59fea75c780c11946f4e3490","name":"Diagnostyka Umys\u0142u","image":{"@type":"ImageObject","@id":"https:\/\/www.diagnostyka-umyslu.pl\/blog\/#personlogo","inLanguage":"pl-PL","url":"https:\/\/secure.gravatar.com\/avatar\/6743211f010801ea26aa9423a2daab37?s=96&d=mm&r=g","contentUrl":"https:\/\/secure.gravatar.com\/avatar\/6743211f010801ea26aa9423a2daab37?s=96&d=mm&r=g","caption":"Diagnostyka Umys\u0142u"},"sameAs":["https:\/\/www.diagnostyka-umyslu.pl\/blog"],"url":"https:\/\/www.diagnostyka-umyslu.pl\/blog\/author\/diagnostyka-umyslu\/"}]}},"amp_enabled":true,"_links":{"self":[{"href":"https:\/\/www.diagnostyka-umyslu.pl\/blog\/wp-json\/wp\/v2\/posts\/581"}],"collection":[{"href":"https:\/\/www.diagnostyka-umyslu.pl\/blog\/wp-json\/wp\/v2\/posts"}],"about":[{"href":"https:\/\/www.diagnostyka-umyslu.pl\/blog\/wp-json\/wp\/v2\/types\/post"}],"author":[{"embeddable":true,"href":"https:\/\/www.diagnostyka-umyslu.pl\/blog\/wp-json\/wp\/v2\/users\/1"}],"replies":[{"embeddable":true,"href":"https:\/\/www.diagnostyka-umyslu.pl\/blog\/wp-json\/wp\/v2\/comments?post=581"}],"version-history":[{"count":1,"href":"https:\/\/www.diagnostyka-umyslu.pl\/blog\/wp-json\/wp\/v2\/posts\/581\/revisions"}],"predecessor-version":[{"id":582,"href":"https:\/\/www.diagnostyka-umyslu.pl\/blog\/wp-json\/wp\/v2\/posts\/581\/revisions\/582"}],"wp:featuredmedia":[{"embeddable":true,"href":"https:\/\/www.diagnostyka-umyslu.pl\/blog\/wp-json\/wp\/v2\/media\/1825"}],"wp:attachment":[{"href":"https:\/\/www.diagnostyka-umyslu.pl\/blog\/wp-json\/wp\/v2\/media?parent=581"}],"wp:term":[{"taxonomy":"category","embeddable":true,"href":"https:\/\/www.diagnostyka-umyslu.pl\/blog\/wp-json\/wp\/v2\/categories?post=581"},{"taxonomy":"post_tag","embeddable":true,"href":"https:\/\/www.diagnostyka-umyslu.pl\/blog\/wp-json\/wp\/v2\/tags?post=581"}],"curies":[{"name":"wp","href":"https:\/\/api.w.org\/{rel}","templated":true}]}}