{"id":755,"date":"2021-05-07T17:25:37","date_gmt":"2021-05-07T15:25:37","guid":{"rendered":"https:\/\/www.diagnostyka-umyslu.pl\/blog\/?p=755"},"modified":"2021-05-20T15:38:09","modified_gmt":"2021-05-20T13:38:09","slug":"fakty-i-popularne-mity","status":"publish","type":"post","link":"https:\/\/www.diagnostyka-umyslu.pl\/blog\/dysleksja\/fakty-i-popularne-mity\/","title":{"rendered":"Dysleksja &#8211; Najwa\u017cniejsze fakty i popularne mity"},"content":{"rendered":"<h4>Zaburzenia narz\u0105d\u00f3w zmys\u0142\u00f3w s\u0105 przyczyn\u0105 dysleksji.<\/h4>\n<p>Dysleksja nie wynika z nieprawid\u0142owej pracy narz\u0105d\u00f3w zmys\u0142\u00f3w. Jednak dzieckiem z grupy ryzyka dysleksji mo\u017ce by\u0107 dziecko pochodz\u0105ce z ci\u0105\u017cy i porodu o nieprawid\u0142owym przebiegu, u kt\u00f3rego w rodzinie wyst\u0119powa\u0142y te zaburzenia, a tak\u017ce dziecko, kt\u00f3re wykazuje symptomy nieharmonijnego rozwoju psychomotorycznego.<\/p>\n<h4>Dzieci, kt\u00f3re odwrotnie pisz\u0105 litery maj\u0105 dysleksj\u0119.<\/h4>\n<p>Nie, ma\u0142e dzieci cz\u0119sto tak robi\u0105.<\/p>\n<h4>Dysleksja wynika z zaniedbania dydaktycznego, np. nieczytania dziecku ksi\u0105\u017cek.<\/h4>\n<p>Mo\u017cliwe, \u017ce predyspozycje s\u0105 dziedziczne, jednak mo\u017cna nad nimi pracowa\u0107 i rozwija\u0107 umiej\u0119tno\u015b\u0107 czytania, ortografii, \u0107wiczy\u0107 pami\u0119\u0107 itd. Wa\u017cne jest zadbanie o rozw\u00f3j dziecka, a czytanie mu ksi\u0105\u017cek na pewno mo\u017ce z\u0142agodzi\u0107 objawy dysleksji.<\/p>\n<h4>Z dysleksji mo\u017cna si\u0119 wyleczy\u0107.<\/h4>\n<p>Nie mo\u017cna. Dyslektyk ma inn\u0105 budow\u0119 m\u00f3zgu i przez to inaczej patrzy na \u015bwiat. Nie znaczy to, \u017ce taka osoba b\u0119dzie zagubiona w otaczaj\u0105cej j\u0105 rzeczywisto\u015bci. Odpowiednio wspierany dyslektyk mo\u017ce osi\u0105gn\u0105\u0107 rzeczy wielkie.<\/p>\n<h4>Wystarczy wiele razy co\u015b napisa\u0107, aby to zapami\u0119ta\u0107.<\/h4>\n<p>Czasem to pomaga, ale wci\u0105\u017c nale\u017cy pami\u0119ta\u0107, \u017ce dyslektyk inaczej zapami\u0119tuje i ma inn\u0105 percepcj\u0119 ni\u017c przeci\u0119tny cz\u0142owiek.<\/p>\n<h4>Dysleksja u ka\u017cdego wygl\u0105da tak samo.<\/h4>\n<p>Nie, ka\u017cdy ucze\u0144 z dysleksj\u0105 jest inny.<\/p>\n<h4>Dyslektyk to cz\u0142owiek nieinteligentny.<\/h4>\n<p>Nie, dysleksj\u0119 diagnozuje si\u0119 u dzieci o przynajmniej przeci\u0119tnym poziomie inteligencji. Cz\u0119sto zdarzaj\u0105 si\u0119 ponadprzeci\u0119tnie inteligentni ludzie z dysleksj\u0105, o kt\u00f3rych wspominali\u015bmy wy\u017cej.<\/p>\n<h4>Dysleksja to wym\u00f3wka.<\/h4>\n<p>Nie, to zaburzenie neurologiczne wymagaj\u0105ce odpowiedniego podej\u015bcia. Owszem, nie ka\u017cde dziecko z trudno\u015bciami w uczeniu si\u0119 jest dyslektykiem, dlatego tak wa\u017cna jest specjalistyczna diagnoza.<\/p>\n<h4>Czy istnieje test na dysleksj\u0119?<\/h4>\n<p>Tak. Obecnie na rynku dost\u0119pnych jest kilka <strong>test\u00f3w na dysleksj\u0119<\/strong> m.in.: DEST-2, DST-J, DST-S lub DAST. Mo\u017cesz skorzysta\u0107 z naszego <a href=\"https:\/\/www.diagnostyka-umyslu.pl\/test-na-dysleksje\">testu na dysleksj\u0119<\/a>. Cho\u0107 nie ma walor\u00f3w naukowych, w dalszym ci\u0105gu spe\u0142nia sw\u00f3j cel \u2013 wst\u0119pn\u0105 ocen\u0119 psychologiczn\u0105 (<em>stopie\u0144 prawdopodobie\u0144stwa<\/em>).<\/p>\n<hr \/>\n<p>\u0179r\u00f3d\u0142o:<\/p>\n<ol>\n<li><em>http:\/\/poradnia-przemysl.com.pl\/index.php\/specyficzne-trudnosci-w-nauce\/<\/em><\/li>\n<\/ol>\n","protected":false},"excerpt":{"rendered":"<p>Zaburzenia narz\u0105d\u00f3w zmys\u0142\u00f3w s\u0105 przyczyn\u0105 dysleksji. Dysleksja nie wynika z nieprawid\u0142owej pracy narz\u0105d\u00f3w zmys\u0142\u00f3w. Jednak dzieckiem z grupy ryzyka dysleksji mo\u017ce by\u0107 dziecko pochodz\u0105ce z&#8230;<\/p>\n","protected":false},"author":1,"featured_media":772,"comment_status":"closed","ping_status":"open","sticky":false,"template":"","format":"standard","meta":[],"categories":[41],"tags":[],"yoast_head":"<!-- This site is optimized with the Yoast SEO plugin v18.1 - https:\/\/yoast.com\/wordpress\/plugins\/seo\/ -->\n<title>Dysleksja - Najwa\u017cniejsze fakty i popularne mity - Diagnostyka Umys\u0142u<\/title>\n<meta name=\"description\" content=\"Dysleksja \u2013 najwa\u017cniejsze fakty i popularne mity. Dysleksja to nie upo\u015bledzenie umys\u0142owe. Poznaj najpopularniejsze mity o dysleksji!\" \/>\n<meta name=\"robots\" content=\"index, follow, max-snippet:-1, max-image-preview:large, max-video-preview:-1\" \/>\n<link rel=\"canonical\" href=\"https:\/\/www.diagnostyka-umyslu.pl\/blog\/dysleksja\/fakty-i-popularne-mity\/\" \/>\n<meta property=\"og:locale\" content=\"pl_PL\" \/>\n<meta property=\"og:type\" content=\"article\" \/>\n<meta property=\"og:title\" content=\"Dysleksja - Najwa\u017cniejsze fakty i popularne mity - Diagnostyka Umys\u0142u\" \/>\n<meta property=\"og:description\" content=\"Dysleksja \u2013 najwa\u017cniejsze fakty i popularne mity. Dysleksja to nie upo\u015bledzenie umys\u0142owe. Poznaj najpopularniejsze mity o dysleksji!\" \/>\n<meta property=\"og:url\" content=\"https:\/\/www.diagnostyka-umyslu.pl\/blog\/dysleksja\/fakty-i-popularne-mity\/\" \/>\n<meta property=\"og:site_name\" content=\"Diagnostyka Umys\u0142u\" \/>\n<meta property=\"article:published_time\" content=\"2021-05-07T15:25:37+00:00\" \/>\n<meta property=\"article:modified_time\" content=\"2021-05-20T13:38:09+00:00\" \/>\n<meta property=\"og:image\" content=\"https:\/\/www.diagnostyka-umyslu.pl\/blog\/wp-content\/uploads\/2021\/05\/4-1.png\" \/>\n\t<meta property=\"og:image:width\" content=\"839\" \/>\n\t<meta property=\"og:image:height\" content=\"400\" \/>\n\t<meta property=\"og:image:type\" content=\"image\/png\" \/>\n<meta name=\"twitter:card\" content=\"summary_large_image\" \/>\n<meta name=\"twitter:label1\" content=\"Napisane przez\" \/>\n\t<meta name=\"twitter:data1\" content=\"Diagnostyka Umys\u0142u\" \/>\n\t<meta name=\"twitter:label2\" content=\"Szacowany czas czytania\" \/>\n\t<meta name=\"twitter:data2\" content=\"2 minuty\" \/>\n<script type=\"application\/ld+json\" class=\"yoast-schema-graph\">{\"@context\":\"https:\/\/schema.org\",\"@graph\":[{\"@type\":\"Organization\",\"@id\":\"https:\/\/www.diagnostyka-umyslu.pl\/blog\/#organization\",\"name\":\"Diagnostyka Umys\u0142u\",\"url\":\"https:\/\/www.diagnostyka-umyslu.pl\/blog\/\",\"sameAs\":[],\"logo\":{\"@type\":\"ImageObject\",\"@id\":\"https:\/\/www.diagnostyka-umyslu.pl\/blog\/#logo\",\"inLanguage\":\"pl-PL\",\"url\":\"https:\/\/www.diagnostyka-umyslu.pl\/blog\/wp-content\/uploads\/2021\/05\/logo.png\",\"contentUrl\":\"https:\/\/www.diagnostyka-umyslu.pl\/blog\/wp-content\/uploads\/2021\/05\/logo.png\",\"width\":236,\"height\":81,\"caption\":\"Diagnostyka Umys\u0142u\"},\"image\":{\"@id\":\"https:\/\/www.diagnostyka-umyslu.pl\/blog\/#logo\"}},{\"@type\":\"WebSite\",\"@id\":\"https:\/\/www.diagnostyka-umyslu.pl\/blog\/#website\",\"url\":\"https:\/\/www.diagnostyka-umyslu.pl\/blog\/\",\"name\":\"Diagnostyka Umys\u0142u\",\"description\":\"Blog o zaburzeniach umys\u0142u\",\"publisher\":{\"@id\":\"https:\/\/www.diagnostyka-umyslu.pl\/blog\/#organization\"},\"potentialAction\":[{\"@type\":\"SearchAction\",\"target\":{\"@type\":\"EntryPoint\",\"urlTemplate\":\"https:\/\/www.diagnostyka-umyslu.pl\/blog\/?s={search_term_string}\"},\"query-input\":\"required name=search_term_string\"}],\"inLanguage\":\"pl-PL\"},{\"@type\":\"ImageObject\",\"@id\":\"https:\/\/www.diagnostyka-umyslu.pl\/blog\/dysleksja\/fakty-i-popularne-mity\/#primaryimage\",\"inLanguage\":\"pl-PL\",\"url\":\"https:\/\/www.diagnostyka-umyslu.pl\/blog\/wp-content\/uploads\/2021\/05\/4-1.png\",\"contentUrl\":\"https:\/\/www.diagnostyka-umyslu.pl\/blog\/wp-content\/uploads\/2021\/05\/4-1.png\",\"width\":839,\"height\":400,\"caption\":\"Najwa\u017cniejsze fakty i popularne mity\"},{\"@type\":\"WebPage\",\"@id\":\"https:\/\/www.diagnostyka-umyslu.pl\/blog\/dysleksja\/fakty-i-popularne-mity\/#webpage\",\"url\":\"https:\/\/www.diagnostyka-umyslu.pl\/blog\/dysleksja\/fakty-i-popularne-mity\/\",\"name\":\"Dysleksja - Najwa\u017cniejsze fakty i popularne mity - Diagnostyka Umys\u0142u\",\"isPartOf\":{\"@id\":\"https:\/\/www.diagnostyka-umyslu.pl\/blog\/#website\"},\"primaryImageOfPage\":{\"@id\":\"https:\/\/www.diagnostyka-umyslu.pl\/blog\/dysleksja\/fakty-i-popularne-mity\/#primaryimage\"},\"datePublished\":\"2021-05-07T15:25:37+00:00\",\"dateModified\":\"2021-05-20T13:38:09+00:00\",\"description\":\"Dysleksja \u2013 najwa\u017cniejsze fakty i popularne mity. Dysleksja to nie upo\u015bledzenie umys\u0142owe. Poznaj najpopularniejsze mity o dysleksji!\",\"breadcrumb\":{\"@id\":\"https:\/\/www.diagnostyka-umyslu.pl\/blog\/dysleksja\/fakty-i-popularne-mity\/#breadcrumb\"},\"inLanguage\":\"pl-PL\",\"potentialAction\":[{\"@type\":\"ReadAction\",\"target\":[\"https:\/\/www.diagnostyka-umyslu.pl\/blog\/dysleksja\/fakty-i-popularne-mity\/\"]}]},{\"@type\":\"BreadcrumbList\",\"@id\":\"https:\/\/www.diagnostyka-umyslu.pl\/blog\/dysleksja\/fakty-i-popularne-mity\/#breadcrumb\",\"itemListElement\":[{\"@type\":\"ListItem\",\"position\":1,\"name\":\"Strona g\u0142\u00f3wna\",\"item\":\"https:\/\/www.diagnostyka-umyslu.pl\/blog\/\"},{\"@type\":\"ListItem\",\"position\":2,\"name\":\"Dysleksja\",\"item\":\"https:\/\/www.diagnostyka-umyslu.pl\/blog\/dysleksja\/\"},{\"@type\":\"ListItem\",\"position\":3,\"name\":\"Fakty i Mity\"}]},{\"@type\":\"Article\",\"@id\":\"https:\/\/www.diagnostyka-umyslu.pl\/blog\/dysleksja\/fakty-i-popularne-mity\/#article\",\"isPartOf\":{\"@id\":\"https:\/\/www.diagnostyka-umyslu.pl\/blog\/dysleksja\/fakty-i-popularne-mity\/#webpage\"},\"author\":{\"@id\":\"https:\/\/www.diagnostyka-umyslu.pl\/blog\/#\/schema\/person\/8eb1bcaf59fea75c780c11946f4e3490\"},\"headline\":\"Dysleksja &#8211; Najwa\u017cniejsze fakty i popularne mity\",\"datePublished\":\"2021-05-07T15:25:37+00:00\",\"dateModified\":\"2021-05-20T13:38:09+00:00\",\"mainEntityOfPage\":{\"@id\":\"https:\/\/www.diagnostyka-umyslu.pl\/blog\/dysleksja\/fakty-i-popularne-mity\/#webpage\"},\"wordCount\":364,\"publisher\":{\"@id\":\"https:\/\/www.diagnostyka-umyslu.pl\/blog\/#organization\"},\"image\":{\"@id\":\"https:\/\/www.diagnostyka-umyslu.pl\/blog\/dysleksja\/fakty-i-popularne-mity\/#primaryimage\"},\"thumbnailUrl\":\"https:\/\/www.diagnostyka-umyslu.pl\/blog\/wp-content\/uploads\/2021\/05\/4-1.png\",\"articleSection\":[\"Dysleksja\"],\"inLanguage\":\"pl-PL\"},{\"@type\":\"Person\",\"@id\":\"https:\/\/www.diagnostyka-umyslu.pl\/blog\/#\/schema\/person\/8eb1bcaf59fea75c780c11946f4e3490\",\"name\":\"Diagnostyka Umys\u0142u\",\"image\":{\"@type\":\"ImageObject\",\"@id\":\"https:\/\/www.diagnostyka-umyslu.pl\/blog\/#personlogo\",\"inLanguage\":\"pl-PL\",\"url\":\"https:\/\/secure.gravatar.com\/avatar\/6743211f010801ea26aa9423a2daab37?s=96&d=mm&r=g\",\"contentUrl\":\"https:\/\/secure.gravatar.com\/avatar\/6743211f010801ea26aa9423a2daab37?s=96&d=mm&r=g\",\"caption\":\"Diagnostyka Umys\u0142u\"},\"sameAs\":[\"https:\/\/www.diagnostyka-umyslu.pl\/blog\"],\"url\":\"https:\/\/www.diagnostyka-umyslu.pl\/blog\/author\/diagnostyka-umyslu\/\"}]}<\/script>\n<!-- \/ Yoast SEO plugin. -->","yoast_head_json":{"title":"Dysleksja - Najwa\u017cniejsze fakty i popularne mity - Diagnostyka Umys\u0142u","description":"Dysleksja \u2013 najwa\u017cniejsze fakty i popularne mity. Dysleksja to nie upo\u015bledzenie umys\u0142owe. Poznaj najpopularniejsze mity o dysleksji!","robots":{"index":"index","follow":"follow","max-snippet":"max-snippet:-1","max-image-preview":"max-image-preview:large","max-video-preview":"max-video-preview:-1"},"canonical":"https:\/\/www.diagnostyka-umyslu.pl\/blog\/dysleksja\/fakty-i-popularne-mity\/","og_locale":"pl_PL","og_type":"article","og_title":"Dysleksja - Najwa\u017cniejsze fakty i popularne mity - Diagnostyka Umys\u0142u","og_description":"Dysleksja \u2013 najwa\u017cniejsze fakty i popularne mity. Dysleksja to nie upo\u015bledzenie umys\u0142owe. Poznaj najpopularniejsze mity o dysleksji!","og_url":"https:\/\/www.diagnostyka-umyslu.pl\/blog\/dysleksja\/fakty-i-popularne-mity\/","og_site_name":"Diagnostyka Umys\u0142u","article_published_time":"2021-05-07T15:25:37+00:00","article_modified_time":"2021-05-20T13:38:09+00:00","og_image":[{"width":839,"height":400,"url":"https:\/\/www.diagnostyka-umyslu.pl\/blog\/wp-content\/uploads\/2021\/05\/4-1.png","type":"image\/png"}],"twitter_card":"summary_large_image","twitter_misc":{"Napisane przez":"Diagnostyka Umys\u0142u","Szacowany czas czytania":"2 minuty"},"schema":{"@context":"https:\/\/schema.org","@graph":[{"@type":"Organization","@id":"https:\/\/www.diagnostyka-umyslu.pl\/blog\/#organization","name":"Diagnostyka Umys\u0142u","url":"https:\/\/www.diagnostyka-umyslu.pl\/blog\/","sameAs":[],"logo":{"@type":"ImageObject","@id":"https:\/\/www.diagnostyka-umyslu.pl\/blog\/#logo","inLanguage":"pl-PL","url":"https:\/\/www.diagnostyka-umyslu.pl\/blog\/wp-content\/uploads\/2021\/05\/logo.png","contentUrl":"https:\/\/www.diagnostyka-umyslu.pl\/blog\/wp-content\/uploads\/2021\/05\/logo.png","width":236,"height":81,"caption":"Diagnostyka Umys\u0142u"},"image":{"@id":"https:\/\/www.diagnostyka-umyslu.pl\/blog\/#logo"}},{"@type":"WebSite","@id":"https:\/\/www.diagnostyka-umyslu.pl\/blog\/#website","url":"https:\/\/www.diagnostyka-umyslu.pl\/blog\/","name":"Diagnostyka Umys\u0142u","description":"Blog o zaburzeniach umys\u0142u","publisher":{"@id":"https:\/\/www.diagnostyka-umyslu.pl\/blog\/#organization"},"potentialAction":[{"@type":"SearchAction","target":{"@type":"EntryPoint","urlTemplate":"https:\/\/www.diagnostyka-umyslu.pl\/blog\/?s={search_term_string}"},"query-input":"required name=search_term_string"}],"inLanguage":"pl-PL"},{"@type":"ImageObject","@id":"https:\/\/www.diagnostyka-umyslu.pl\/blog\/dysleksja\/fakty-i-popularne-mity\/#primaryimage","inLanguage":"pl-PL","url":"https:\/\/www.diagnostyka-umyslu.pl\/blog\/wp-content\/uploads\/2021\/05\/4-1.png","contentUrl":"https:\/\/www.diagnostyka-umyslu.pl\/blog\/wp-content\/uploads\/2021\/05\/4-1.png","width":839,"height":400,"caption":"Najwa\u017cniejsze fakty i popularne mity"},{"@type":"WebPage","@id":"https:\/\/www.diagnostyka-umyslu.pl\/blog\/dysleksja\/fakty-i-popularne-mity\/#webpage","url":"https:\/\/www.diagnostyka-umyslu.pl\/blog\/dysleksja\/fakty-i-popularne-mity\/","name":"Dysleksja - Najwa\u017cniejsze fakty i popularne mity - Diagnostyka Umys\u0142u","isPartOf":{"@id":"https:\/\/www.diagnostyka-umyslu.pl\/blog\/#website"},"primaryImageOfPage":{"@id":"https:\/\/www.diagnostyka-umyslu.pl\/blog\/dysleksja\/fakty-i-popularne-mity\/#primaryimage"},"datePublished":"2021-05-07T15:25:37+00:00","dateModified":"2021-05-20T13:38:09+00:00","description":"Dysleksja \u2013 najwa\u017cniejsze fakty i popularne mity. Dysleksja to nie upo\u015bledzenie umys\u0142owe. Poznaj najpopularniejsze mity o dysleksji!","breadcrumb":{"@id":"https:\/\/www.diagnostyka-umyslu.pl\/blog\/dysleksja\/fakty-i-popularne-mity\/#breadcrumb"},"inLanguage":"pl-PL","potentialAction":[{"@type":"ReadAction","target":["https:\/\/www.diagnostyka-umyslu.pl\/blog\/dysleksja\/fakty-i-popularne-mity\/"]}]},{"@type":"BreadcrumbList","@id":"https:\/\/www.diagnostyka-umyslu.pl\/blog\/dysleksja\/fakty-i-popularne-mity\/#breadcrumb","itemListElement":[{"@type":"ListItem","position":1,"name":"Strona g\u0142\u00f3wna","item":"https:\/\/www.diagnostyka-umyslu.pl\/blog\/"},{"@type":"ListItem","position":2,"name":"Dysleksja","item":"https:\/\/www.diagnostyka-umyslu.pl\/blog\/dysleksja\/"},{"@type":"ListItem","position":3,"name":"Fakty i Mity"}]},{"@type":"Article","@id":"https:\/\/www.diagnostyka-umyslu.pl\/blog\/dysleksja\/fakty-i-popularne-mity\/#article","isPartOf":{"@id":"https:\/\/www.diagnostyka-umyslu.pl\/blog\/dysleksja\/fakty-i-popularne-mity\/#webpage"},"author":{"@id":"https:\/\/www.diagnostyka-umyslu.pl\/blog\/#\/schema\/person\/8eb1bcaf59fea75c780c11946f4e3490"},"headline":"Dysleksja &#8211; Najwa\u017cniejsze fakty i popularne mity","datePublished":"2021-05-07T15:25:37+00:00","dateModified":"2021-05-20T13:38:09+00:00","mainEntityOfPage":{"@id":"https:\/\/www.diagnostyka-umyslu.pl\/blog\/dysleksja\/fakty-i-popularne-mity\/#webpage"},"wordCount":364,"publisher":{"@id":"https:\/\/www.diagnostyka-umyslu.pl\/blog\/#organization"},"image":{"@id":"https:\/\/www.diagnostyka-umyslu.pl\/blog\/dysleksja\/fakty-i-popularne-mity\/#primaryimage"},"thumbnailUrl":"https:\/\/www.diagnostyka-umyslu.pl\/blog\/wp-content\/uploads\/2021\/05\/4-1.png","articleSection":["Dysleksja"],"inLanguage":"pl-PL"},{"@type":"Person","@id":"https:\/\/www.diagnostyka-umyslu.pl\/blog\/#\/schema\/person\/8eb1bcaf59fea75c780c11946f4e3490","name":"Diagnostyka Umys\u0142u","image":{"@type":"ImageObject","@id":"https:\/\/www.diagnostyka-umyslu.pl\/blog\/#personlogo","inLanguage":"pl-PL","url":"https:\/\/secure.gravatar.com\/avatar\/6743211f010801ea26aa9423a2daab37?s=96&d=mm&r=g","contentUrl":"https:\/\/secure.gravatar.com\/avatar\/6743211f010801ea26aa9423a2daab37?s=96&d=mm&r=g","caption":"Diagnostyka Umys\u0142u"},"sameAs":["https:\/\/www.diagnostyka-umyslu.pl\/blog"],"url":"https:\/\/www.diagnostyka-umyslu.pl\/blog\/author\/diagnostyka-umyslu\/"}]}},"amp_enabled":true,"_links":{"self":[{"href":"https:\/\/www.diagnostyka-umyslu.pl\/blog\/wp-json\/wp\/v2\/posts\/755"}],"collection":[{"href":"https:\/\/www.diagnostyka-umyslu.pl\/blog\/wp-json\/wp\/v2\/posts"}],"about":[{"href":"https:\/\/www.diagnostyka-umyslu.pl\/blog\/wp-json\/wp\/v2\/types\/post"}],"author":[{"embeddable":true,"href":"https:\/\/www.diagnostyka-umyslu.pl\/blog\/wp-json\/wp\/v2\/users\/1"}],"replies":[{"embeddable":true,"href":"https:\/\/www.diagnostyka-umyslu.pl\/blog\/wp-json\/wp\/v2\/comments?post=755"}],"version-history":[{"count":4,"href":"https:\/\/www.diagnostyka-umyslu.pl\/blog\/wp-json\/wp\/v2\/posts\/755\/revisions"}],"predecessor-version":[{"id":925,"href":"https:\/\/www.diagnostyka-umyslu.pl\/blog\/wp-json\/wp\/v2\/posts\/755\/revisions\/925"}],"wp:featuredmedia":[{"embeddable":true,"href":"https:\/\/www.diagnostyka-umyslu.pl\/blog\/wp-json\/wp\/v2\/media\/772"}],"wp:attachment":[{"href":"https:\/\/www.diagnostyka-umyslu.pl\/blog\/wp-json\/wp\/v2\/media?parent=755"}],"wp:term":[{"taxonomy":"category","embeddable":true,"href":"https:\/\/www.diagnostyka-umyslu.pl\/blog\/wp-json\/wp\/v2\/categories?post=755"},{"taxonomy":"post_tag","embeddable":true,"href":"https:\/\/www.diagnostyka-umyslu.pl\/blog\/wp-json\/wp\/v2\/tags?post=755"}],"curies":[{"name":"wp","href":"https:\/\/api.w.org\/{rel}","templated":true}]}}