{"id":781,"date":"2021-05-08T09:59:25","date_gmt":"2021-05-08T07:59:25","guid":{"rendered":"https:\/\/www.diagnostyka-umyslu.pl\/blog\/?p=781"},"modified":"2021-05-08T09:59:25","modified_gmt":"2021-05-08T07:59:25","slug":"dysleksja-nie-jest-uleczalna","status":"publish","type":"post","link":"https:\/\/www.diagnostyka-umyslu.pl\/blog\/dysleksja\/dysleksja-nie-jest-uleczalna\/","title":{"rendered":"Dysleksja nie jest uleczalna"},"content":{"rendered":"<p>Z odpowiedni\u0105 pomoc\u0105 dziecko z dysleksj\u0105 mo\u017cna nauczy\u0107 czyta\u0107, pisa\u0107 oraz literowa\u0107 s\u0142owa, natomiast nie da si\u0119 z niej wyleczy\u0107. Jest to zaburzenie neurologiczne, kt\u00f3re powoduje trudno\u015bci r\u00f3wnie\u017c w takich \u017cyciowych sytuacjach jak, np. zapami\u0119tywanie numer\u00f3w telefon\u00f3w czy rozumienie instrukcji i polece\u0144 s\u0142ownych.<\/p>\n<h4>Dysleksja jest dziedziczna<\/h4>\n<p>Spr\u00f3buj przypomnie\u0107 sobie, kto z Twojej rodziny zmaga\u0142 si\u0119 z zaburzeniem czytania \u2013 szczera rozmowa z krewnym, kt\u00f3ry prze\u017cy\u0142 podobne trudno\u015bci, mo\u017ce doda\u0107 dziecku wiary w siebie oraz wiary w to, \u017ce dzi\u0119ki pracy i \u0107wiczeniom mo\u017cna si\u0119 wszystkiego nauczy\u0107.<\/p>\n<h4>Czy z dysleksji mo\u017cna si\u0119 wyleczy\u0107?<\/h4>\n<p>Je\u017celi zaburzenia nie s\u0105 wielkie, to zabawy i \u0107wiczenia pomog\u0105 usun\u0105\u0107 problem. Ale problem zaniedbany b\u0119dzie r\u00f3s\u0142 wraz z dzieckiem. Zaleca si\u0119 wiec przeprowadzi\u0107 wst\u0119pne badania pod k\u0105tem ryzyka dysleksji ju\u017c w wieku przedszkolnym. Je\u015bli dziecko uzyskuje wyniki wskazuj\u0105ce na ryzyko dysleksji, powinno by\u0107 od zaraz obj\u0119te opiek\u0105, zaj\u0119ciami, zabawami wspomagaj\u0105cymi rozw\u00f3j gorzej rozwijaj\u0105cych si\u0119 funkcji.<\/p>\n<p>Terapia pedagogiczna, aby by\u0142a skuteczna, musi trwa\u0107 3\u20134 lata i powinna si\u0119 zacz\u0105\u0107 ju\u017c w zer\u00f3wce lub w pierwszej klasie. Czasem rodzicom wydaje si\u0119, \u017ce je\u015bli po roku \u0107wicze\u0144 nie ma wyra\u017anej poprawy, to nie warto ich kontynuowa\u0107. Oczywi\u015bcie, rezultaty zale\u017c\u0105 od stopnia zaburze\u0144, od tego, w ilu sferach wyst\u0119puj\u0105 deficyty oraz od inteligencji dziecka. Bo intelekt pozwala kompensowa\u0107 trudno\u015bci, cho\u0107 tak\u017ce maskowa\u0107 je \u2013 dzieci potrafi\u0105 w mig uczy\u0107 si\u0119 na pami\u0119\u0107 czytanek. A zatem: profilaktyka w wieku przedszkolnym, \u015bwiadome \u0107wiczenia z 6-latkami i do czwartej klasy codzienne zaj\u0119cia \u2013 zabawa w tr\u00f3jk\u0105cie rodzic-dziecko-nauczyciel lub nauczyciel-terapeuta. Terapia u specjalisty raz w tygodniu nie b\u0119dzie skuteczna.<\/p>\n<hr \/>\n<p>\u0179r\u00f3d\u0142a:<\/p>\n<ol>\n<li><em>https:\/\/braingym.pl\/9-rzeczy-ktore-rodzice-powinni-wiedziec-o-dysleksji\/<\/em><\/li>\n<\/ol>\n","protected":false},"excerpt":{"rendered":"<p>Z odpowiedni\u0105 pomoc\u0105 dziecko z dysleksj\u0105 mo\u017cna nauczy\u0107 czyta\u0107, pisa\u0107 oraz literowa\u0107 s\u0142owa, natomiast nie da si\u0119 z niej wyleczy\u0107. Jest to zaburzenie neurologiczne, kt\u00f3re&#8230;<\/p>\n","protected":false},"author":1,"featured_media":799,"comment_status":"closed","ping_status":"open","sticky":false,"template":"","format":"standard","meta":[],"categories":[41],"tags":[],"yoast_head":"<!-- This site is optimized with the Yoast SEO plugin v18.1 - https:\/\/yoast.com\/wordpress\/plugins\/seo\/ -->\n<title>Dysleksja nie jest uleczalna - Diagnostyka Umys\u0142u - Sprawd\u017a czy cierpisz<\/title>\n<meta name=\"description\" content=\"Dysleksja jest to zaburzenie neurologiczne, kt\u00f3re nie da si\u0119 wyleczy\u0107. Dysleksja to nie tylko zaburzenie objawiaj\u0105ce si\u0119 trudno\u015bciami w nauce czytania i pisania.\" \/>\n<meta name=\"robots\" content=\"index, follow, max-snippet:-1, max-image-preview:large, max-video-preview:-1\" \/>\n<link rel=\"canonical\" href=\"https:\/\/www.diagnostyka-umyslu.pl\/blog\/dysleksja\/dysleksja-nie-jest-uleczalna\/\" \/>\n<meta property=\"og:locale\" content=\"pl_PL\" \/>\n<meta property=\"og:type\" content=\"article\" \/>\n<meta property=\"og:title\" content=\"Dysleksja nie jest uleczalna - Diagnostyka Umys\u0142u - Sprawd\u017a czy cierpisz\" \/>\n<meta property=\"og:description\" content=\"Dysleksja jest to zaburzenie neurologiczne, kt\u00f3re nie da si\u0119 wyleczy\u0107. Dysleksja to nie tylko zaburzenie objawiaj\u0105ce si\u0119 trudno\u015bciami w nauce czytania i pisania.\" \/>\n<meta property=\"og:url\" content=\"https:\/\/www.diagnostyka-umyslu.pl\/blog\/dysleksja\/dysleksja-nie-jest-uleczalna\/\" \/>\n<meta property=\"og:site_name\" content=\"Diagnostyka Umys\u0142u\" \/>\n<meta property=\"article:published_time\" content=\"2021-05-08T07:59:25+00:00\" \/>\n<meta property=\"og:image\" content=\"https:\/\/www.diagnostyka-umyslu.pl\/blog\/wp-content\/uploads\/2021\/05\/1-2.jpg\" \/>\n\t<meta property=\"og:image:width\" content=\"839\" \/>\n\t<meta property=\"og:image:height\" content=\"400\" \/>\n\t<meta property=\"og:image:type\" content=\"image\/jpeg\" \/>\n<meta name=\"twitter:card\" content=\"summary_large_image\" \/>\n<meta name=\"twitter:label1\" content=\"Napisane przez\" \/>\n\t<meta name=\"twitter:data1\" content=\"Diagnostyka Umys\u0142u\" \/>\n\t<meta name=\"twitter:label2\" content=\"Szacowany czas czytania\" \/>\n\t<meta name=\"twitter:data2\" content=\"2 minuty\" \/>\n<script type=\"application\/ld+json\" class=\"yoast-schema-graph\">{\"@context\":\"https:\/\/schema.org\",\"@graph\":[{\"@type\":\"Organization\",\"@id\":\"https:\/\/www.diagnostyka-umyslu.pl\/blog\/#organization\",\"name\":\"Diagnostyka Umys\u0142u\",\"url\":\"https:\/\/www.diagnostyka-umyslu.pl\/blog\/\",\"sameAs\":[],\"logo\":{\"@type\":\"ImageObject\",\"@id\":\"https:\/\/www.diagnostyka-umyslu.pl\/blog\/#logo\",\"inLanguage\":\"pl-PL\",\"url\":\"https:\/\/www.diagnostyka-umyslu.pl\/blog\/wp-content\/uploads\/2021\/05\/logo.png\",\"contentUrl\":\"https:\/\/www.diagnostyka-umyslu.pl\/blog\/wp-content\/uploads\/2021\/05\/logo.png\",\"width\":236,\"height\":81,\"caption\":\"Diagnostyka Umys\u0142u\"},\"image\":{\"@id\":\"https:\/\/www.diagnostyka-umyslu.pl\/blog\/#logo\"}},{\"@type\":\"WebSite\",\"@id\":\"https:\/\/www.diagnostyka-umyslu.pl\/blog\/#website\",\"url\":\"https:\/\/www.diagnostyka-umyslu.pl\/blog\/\",\"name\":\"Diagnostyka Umys\u0142u\",\"description\":\"Blog o zaburzeniach umys\u0142u\",\"publisher\":{\"@id\":\"https:\/\/www.diagnostyka-umyslu.pl\/blog\/#organization\"},\"potentialAction\":[{\"@type\":\"SearchAction\",\"target\":{\"@type\":\"EntryPoint\",\"urlTemplate\":\"https:\/\/www.diagnostyka-umyslu.pl\/blog\/?s={search_term_string}\"},\"query-input\":\"required name=search_term_string\"}],\"inLanguage\":\"pl-PL\"},{\"@type\":\"ImageObject\",\"@id\":\"https:\/\/www.diagnostyka-umyslu.pl\/blog\/dysleksja\/dysleksja-nie-jest-uleczalna\/#primaryimage\",\"inLanguage\":\"pl-PL\",\"url\":\"https:\/\/www.diagnostyka-umyslu.pl\/blog\/wp-content\/uploads\/2021\/05\/1-2.jpg\",\"contentUrl\":\"https:\/\/www.diagnostyka-umyslu.pl\/blog\/wp-content\/uploads\/2021\/05\/1-2.jpg\",\"width\":839,\"height\":400,\"caption\":\"Dysleksja nie jest uleczalna\"},{\"@type\":\"WebPage\",\"@id\":\"https:\/\/www.diagnostyka-umyslu.pl\/blog\/dysleksja\/dysleksja-nie-jest-uleczalna\/#webpage\",\"url\":\"https:\/\/www.diagnostyka-umyslu.pl\/blog\/dysleksja\/dysleksja-nie-jest-uleczalna\/\",\"name\":\"Dysleksja nie jest uleczalna - Diagnostyka Umys\u0142u - Sprawd\u017a czy cierpisz\",\"isPartOf\":{\"@id\":\"https:\/\/www.diagnostyka-umyslu.pl\/blog\/#website\"},\"primaryImageOfPage\":{\"@id\":\"https:\/\/www.diagnostyka-umyslu.pl\/blog\/dysleksja\/dysleksja-nie-jest-uleczalna\/#primaryimage\"},\"datePublished\":\"2021-05-08T07:59:25+00:00\",\"dateModified\":\"2021-05-08T07:59:25+00:00\",\"description\":\"Dysleksja jest to zaburzenie neurologiczne, kt\u00f3re nie da si\u0119 wyleczy\u0107. Dysleksja to nie tylko zaburzenie objawiaj\u0105ce si\u0119 trudno\u015bciami w nauce czytania i pisania.\",\"breadcrumb\":{\"@id\":\"https:\/\/www.diagnostyka-umyslu.pl\/blog\/dysleksja\/dysleksja-nie-jest-uleczalna\/#breadcrumb\"},\"inLanguage\":\"pl-PL\",\"potentialAction\":[{\"@type\":\"ReadAction\",\"target\":[\"https:\/\/www.diagnostyka-umyslu.pl\/blog\/dysleksja\/dysleksja-nie-jest-uleczalna\/\"]}]},{\"@type\":\"BreadcrumbList\",\"@id\":\"https:\/\/www.diagnostyka-umyslu.pl\/blog\/dysleksja\/dysleksja-nie-jest-uleczalna\/#breadcrumb\",\"itemListElement\":[{\"@type\":\"ListItem\",\"position\":1,\"name\":\"Strona g\u0142\u00f3wna\",\"item\":\"https:\/\/www.diagnostyka-umyslu.pl\/blog\/\"},{\"@type\":\"ListItem\",\"position\":2,\"name\":\"Dysleksja\",\"item\":\"https:\/\/www.diagnostyka-umyslu.pl\/blog\/dysleksja\/\"},{\"@type\":\"ListItem\",\"position\":3,\"name\":\"Choroba nieuleczalna\"}]},{\"@type\":\"Article\",\"@id\":\"https:\/\/www.diagnostyka-umyslu.pl\/blog\/dysleksja\/dysleksja-nie-jest-uleczalna\/#article\",\"isPartOf\":{\"@id\":\"https:\/\/www.diagnostyka-umyslu.pl\/blog\/dysleksja\/dysleksja-nie-jest-uleczalna\/#webpage\"},\"author\":{\"@id\":\"https:\/\/www.diagnostyka-umyslu.pl\/blog\/#\/schema\/person\/8eb1bcaf59fea75c780c11946f4e3490\"},\"headline\":\"Dysleksja nie jest uleczalna\",\"datePublished\":\"2021-05-08T07:59:25+00:00\",\"dateModified\":\"2021-05-08T07:59:25+00:00\",\"mainEntityOfPage\":{\"@id\":\"https:\/\/www.diagnostyka-umyslu.pl\/blog\/dysleksja\/dysleksja-nie-jest-uleczalna\/#webpage\"},\"wordCount\":302,\"publisher\":{\"@id\":\"https:\/\/www.diagnostyka-umyslu.pl\/blog\/#organization\"},\"image\":{\"@id\":\"https:\/\/www.diagnostyka-umyslu.pl\/blog\/dysleksja\/dysleksja-nie-jest-uleczalna\/#primaryimage\"},\"thumbnailUrl\":\"https:\/\/www.diagnostyka-umyslu.pl\/blog\/wp-content\/uploads\/2021\/05\/1-2.jpg\",\"articleSection\":[\"Dysleksja\"],\"inLanguage\":\"pl-PL\"},{\"@type\":\"Person\",\"@id\":\"https:\/\/www.diagnostyka-umyslu.pl\/blog\/#\/schema\/person\/8eb1bcaf59fea75c780c11946f4e3490\",\"name\":\"Diagnostyka Umys\u0142u\",\"image\":{\"@type\":\"ImageObject\",\"@id\":\"https:\/\/www.diagnostyka-umyslu.pl\/blog\/#personlogo\",\"inLanguage\":\"pl-PL\",\"url\":\"https:\/\/secure.gravatar.com\/avatar\/6743211f010801ea26aa9423a2daab37?s=96&d=mm&r=g\",\"contentUrl\":\"https:\/\/secure.gravatar.com\/avatar\/6743211f010801ea26aa9423a2daab37?s=96&d=mm&r=g\",\"caption\":\"Diagnostyka Umys\u0142u\"},\"sameAs\":[\"https:\/\/www.diagnostyka-umyslu.pl\/blog\"],\"url\":\"https:\/\/www.diagnostyka-umyslu.pl\/blog\/author\/diagnostyka-umyslu\/\"}]}<\/script>\n<!-- \/ Yoast SEO plugin. -->","yoast_head_json":{"title":"Dysleksja nie jest uleczalna - Diagnostyka Umys\u0142u - Sprawd\u017a czy cierpisz","description":"Dysleksja jest to zaburzenie neurologiczne, kt\u00f3re nie da si\u0119 wyleczy\u0107. Dysleksja to nie tylko zaburzenie objawiaj\u0105ce si\u0119 trudno\u015bciami w nauce czytania i pisania.","robots":{"index":"index","follow":"follow","max-snippet":"max-snippet:-1","max-image-preview":"max-image-preview:large","max-video-preview":"max-video-preview:-1"},"canonical":"https:\/\/www.diagnostyka-umyslu.pl\/blog\/dysleksja\/dysleksja-nie-jest-uleczalna\/","og_locale":"pl_PL","og_type":"article","og_title":"Dysleksja nie jest uleczalna - Diagnostyka Umys\u0142u - Sprawd\u017a czy cierpisz","og_description":"Dysleksja jest to zaburzenie neurologiczne, kt\u00f3re nie da si\u0119 wyleczy\u0107. Dysleksja to nie tylko zaburzenie objawiaj\u0105ce si\u0119 trudno\u015bciami w nauce czytania i pisania.","og_url":"https:\/\/www.diagnostyka-umyslu.pl\/blog\/dysleksja\/dysleksja-nie-jest-uleczalna\/","og_site_name":"Diagnostyka Umys\u0142u","article_published_time":"2021-05-08T07:59:25+00:00","og_image":[{"width":839,"height":400,"url":"https:\/\/www.diagnostyka-umyslu.pl\/blog\/wp-content\/uploads\/2021\/05\/1-2.jpg","type":"image\/jpeg"}],"twitter_card":"summary_large_image","twitter_misc":{"Napisane przez":"Diagnostyka Umys\u0142u","Szacowany czas czytania":"2 minuty"},"schema":{"@context":"https:\/\/schema.org","@graph":[{"@type":"Organization","@id":"https:\/\/www.diagnostyka-umyslu.pl\/blog\/#organization","name":"Diagnostyka Umys\u0142u","url":"https:\/\/www.diagnostyka-umyslu.pl\/blog\/","sameAs":[],"logo":{"@type":"ImageObject","@id":"https:\/\/www.diagnostyka-umyslu.pl\/blog\/#logo","inLanguage":"pl-PL","url":"https:\/\/www.diagnostyka-umyslu.pl\/blog\/wp-content\/uploads\/2021\/05\/logo.png","contentUrl":"https:\/\/www.diagnostyka-umyslu.pl\/blog\/wp-content\/uploads\/2021\/05\/logo.png","width":236,"height":81,"caption":"Diagnostyka Umys\u0142u"},"image":{"@id":"https:\/\/www.diagnostyka-umyslu.pl\/blog\/#logo"}},{"@type":"WebSite","@id":"https:\/\/www.diagnostyka-umyslu.pl\/blog\/#website","url":"https:\/\/www.diagnostyka-umyslu.pl\/blog\/","name":"Diagnostyka Umys\u0142u","description":"Blog o zaburzeniach umys\u0142u","publisher":{"@id":"https:\/\/www.diagnostyka-umyslu.pl\/blog\/#organization"},"potentialAction":[{"@type":"SearchAction","target":{"@type":"EntryPoint","urlTemplate":"https:\/\/www.diagnostyka-umyslu.pl\/blog\/?s={search_term_string}"},"query-input":"required name=search_term_string"}],"inLanguage":"pl-PL"},{"@type":"ImageObject","@id":"https:\/\/www.diagnostyka-umyslu.pl\/blog\/dysleksja\/dysleksja-nie-jest-uleczalna\/#primaryimage","inLanguage":"pl-PL","url":"https:\/\/www.diagnostyka-umyslu.pl\/blog\/wp-content\/uploads\/2021\/05\/1-2.jpg","contentUrl":"https:\/\/www.diagnostyka-umyslu.pl\/blog\/wp-content\/uploads\/2021\/05\/1-2.jpg","width":839,"height":400,"caption":"Dysleksja nie jest uleczalna"},{"@type":"WebPage","@id":"https:\/\/www.diagnostyka-umyslu.pl\/blog\/dysleksja\/dysleksja-nie-jest-uleczalna\/#webpage","url":"https:\/\/www.diagnostyka-umyslu.pl\/blog\/dysleksja\/dysleksja-nie-jest-uleczalna\/","name":"Dysleksja nie jest uleczalna - Diagnostyka Umys\u0142u - Sprawd\u017a czy cierpisz","isPartOf":{"@id":"https:\/\/www.diagnostyka-umyslu.pl\/blog\/#website"},"primaryImageOfPage":{"@id":"https:\/\/www.diagnostyka-umyslu.pl\/blog\/dysleksja\/dysleksja-nie-jest-uleczalna\/#primaryimage"},"datePublished":"2021-05-08T07:59:25+00:00","dateModified":"2021-05-08T07:59:25+00:00","description":"Dysleksja jest to zaburzenie neurologiczne, kt\u00f3re nie da si\u0119 wyleczy\u0107. Dysleksja to nie tylko zaburzenie objawiaj\u0105ce si\u0119 trudno\u015bciami w nauce czytania i pisania.","breadcrumb":{"@id":"https:\/\/www.diagnostyka-umyslu.pl\/blog\/dysleksja\/dysleksja-nie-jest-uleczalna\/#breadcrumb"},"inLanguage":"pl-PL","potentialAction":[{"@type":"ReadAction","target":["https:\/\/www.diagnostyka-umyslu.pl\/blog\/dysleksja\/dysleksja-nie-jest-uleczalna\/"]}]},{"@type":"BreadcrumbList","@id":"https:\/\/www.diagnostyka-umyslu.pl\/blog\/dysleksja\/dysleksja-nie-jest-uleczalna\/#breadcrumb","itemListElement":[{"@type":"ListItem","position":1,"name":"Strona g\u0142\u00f3wna","item":"https:\/\/www.diagnostyka-umyslu.pl\/blog\/"},{"@type":"ListItem","position":2,"name":"Dysleksja","item":"https:\/\/www.diagnostyka-umyslu.pl\/blog\/dysleksja\/"},{"@type":"ListItem","position":3,"name":"Choroba nieuleczalna"}]},{"@type":"Article","@id":"https:\/\/www.diagnostyka-umyslu.pl\/blog\/dysleksja\/dysleksja-nie-jest-uleczalna\/#article","isPartOf":{"@id":"https:\/\/www.diagnostyka-umyslu.pl\/blog\/dysleksja\/dysleksja-nie-jest-uleczalna\/#webpage"},"author":{"@id":"https:\/\/www.diagnostyka-umyslu.pl\/blog\/#\/schema\/person\/8eb1bcaf59fea75c780c11946f4e3490"},"headline":"Dysleksja nie jest uleczalna","datePublished":"2021-05-08T07:59:25+00:00","dateModified":"2021-05-08T07:59:25+00:00","mainEntityOfPage":{"@id":"https:\/\/www.diagnostyka-umyslu.pl\/blog\/dysleksja\/dysleksja-nie-jest-uleczalna\/#webpage"},"wordCount":302,"publisher":{"@id":"https:\/\/www.diagnostyka-umyslu.pl\/blog\/#organization"},"image":{"@id":"https:\/\/www.diagnostyka-umyslu.pl\/blog\/dysleksja\/dysleksja-nie-jest-uleczalna\/#primaryimage"},"thumbnailUrl":"https:\/\/www.diagnostyka-umyslu.pl\/blog\/wp-content\/uploads\/2021\/05\/1-2.jpg","articleSection":["Dysleksja"],"inLanguage":"pl-PL"},{"@type":"Person","@id":"https:\/\/www.diagnostyka-umyslu.pl\/blog\/#\/schema\/person\/8eb1bcaf59fea75c780c11946f4e3490","name":"Diagnostyka Umys\u0142u","image":{"@type":"ImageObject","@id":"https:\/\/www.diagnostyka-umyslu.pl\/blog\/#personlogo","inLanguage":"pl-PL","url":"https:\/\/secure.gravatar.com\/avatar\/6743211f010801ea26aa9423a2daab37?s=96&d=mm&r=g","contentUrl":"https:\/\/secure.gravatar.com\/avatar\/6743211f010801ea26aa9423a2daab37?s=96&d=mm&r=g","caption":"Diagnostyka Umys\u0142u"},"sameAs":["https:\/\/www.diagnostyka-umyslu.pl\/blog"],"url":"https:\/\/www.diagnostyka-umyslu.pl\/blog\/author\/diagnostyka-umyslu\/"}]}},"amp_enabled":true,"_links":{"self":[{"href":"https:\/\/www.diagnostyka-umyslu.pl\/blog\/wp-json\/wp\/v2\/posts\/781"}],"collection":[{"href":"https:\/\/www.diagnostyka-umyslu.pl\/blog\/wp-json\/wp\/v2\/posts"}],"about":[{"href":"https:\/\/www.diagnostyka-umyslu.pl\/blog\/wp-json\/wp\/v2\/types\/post"}],"author":[{"embeddable":true,"href":"https:\/\/www.diagnostyka-umyslu.pl\/blog\/wp-json\/wp\/v2\/users\/1"}],"replies":[{"embeddable":true,"href":"https:\/\/www.diagnostyka-umyslu.pl\/blog\/wp-json\/wp\/v2\/comments?post=781"}],"version-history":[{"count":4,"href":"https:\/\/www.diagnostyka-umyslu.pl\/blog\/wp-json\/wp\/v2\/posts\/781\/revisions"}],"predecessor-version":[{"id":801,"href":"https:\/\/www.diagnostyka-umyslu.pl\/blog\/wp-json\/wp\/v2\/posts\/781\/revisions\/801"}],"wp:featuredmedia":[{"embeddable":true,"href":"https:\/\/www.diagnostyka-umyslu.pl\/blog\/wp-json\/wp\/v2\/media\/799"}],"wp:attachment":[{"href":"https:\/\/www.diagnostyka-umyslu.pl\/blog\/wp-json\/wp\/v2\/media?parent=781"}],"wp:term":[{"taxonomy":"category","embeddable":true,"href":"https:\/\/www.diagnostyka-umyslu.pl\/blog\/wp-json\/wp\/v2\/categories?post=781"},{"taxonomy":"post_tag","embeddable":true,"href":"https:\/\/www.diagnostyka-umyslu.pl\/blog\/wp-json\/wp\/v2\/tags?post=781"}],"curies":[{"name":"wp","href":"https:\/\/api.w.org\/{rel}","templated":true}]}}