{"id":788,"date":"2021-05-08T10:00:59","date_gmt":"2021-05-08T08:00:59","guid":{"rendered":"https:\/\/www.diagnostyka-umyslu.pl\/blog\/?p=788"},"modified":"2021-05-08T10:00:59","modified_gmt":"2021-05-08T08:00:59","slug":"prawa-uczniow-z-dysleksja","status":"publish","type":"post","link":"https:\/\/www.diagnostyka-umyslu.pl\/blog\/dysleksja\/prawa-uczniow-z-dysleksja\/","title":{"rendered":"Prawa uczni\u00f3w z dysleksj\u0105"},"content":{"rendered":"<h4>ROZPORZ\u0104DZENIE MINISTRA EDUKACJI NARODOWEJ<\/h4>\n<p><em> z dnia 9 sierpnia 2017 r. w sprawie zasad organizacji i udzielania pomocy psychologiczno-pedagogicznej w publicznych przedszkolach, szko\u0142ach i plac\u00f3wkach.<\/em><\/p>\n<p>Najwa\u017cniejsze punkty:<\/p>\n<p>\u00a7 2. 1. Pomoc psychologiczno-pedagogiczna udzielana uczniowi w przedszkolu, szkole i plac\u00f3wce polega na rozpoznawaniu i zaspokajaniu indywidualnych potrzeb rozwojowych i edukacyjnych ucznia oraz rozpoznawaniu indywidualnych mo\u017cliwo\u015bci psychofizycznych ucznia i czynnik\u00f3w \u015brodowiskowych wp\u0142ywaj\u0105cych na jego funkcjonowanie w przedszkolu, szkole i plac\u00f3wce, w celu wspierania potencja\u0142u rozwojowego ucznia i stwarzania warunk\u00f3w do jego aktywnego i pe\u0142nego uczestnictwa w \u017cyciu przedszkola, szko\u0142y i plac\u00f3wki oraz w \u015brodowisku spo\u0142ecznym.<\/p>\n<p>\u00a7 2. 2. Potrzeba obj\u0119cia ucznia pomoc\u0105 psychologiczno-pedagogiczn\u0105 w przedszkolu, szkole i plac\u00f3wce wynika w szczeg\u00f3lno\u015bci: 6) ze specyficznych trudno\u015bci w uczeniu si\u0119;<\/p>\n<p>\u00a7 2. 3. Pomoc psychologiczno-pedagogiczna udzielana w przedszkolu, szkole i plac\u00f3wce rodzicom uczni\u00f3w i nauczycielom polega na wspieraniu rodzic\u00f3w i nauczycieli w rozwi\u0105zywaniu problem\u00f3w wychowawczych i dydaktycznych oraz rozwijaniu ich umiej\u0119tno\u015bci wychowawczych w celu zwi\u0119kszania efektywno\u015bci pomocy udzielanej uczniom.<\/p>\n<h4>ROZPORZ\u0104DZENIE MINISTRA EDUKACJI NARODOWEJ<\/h4>\n<p><em>z dnia 22 lutego 2019 r. w sprawie oceniania, klasyfikowania i promowania uczni\u00f3w i s\u0142uchaczy w szko\u0142ach publicznych.<\/em><\/p>\n<p>Najwa\u017cniejsze punkty:<\/p>\n<p>Rozdz.2. \u00a7 2. Wymagania edukacyjne, o kt\u00f3rych mowa w art. 44b ust. 8 pkt 1 ustawy z dnia 7 wrze\u015bnia 1991 r. o systemie o\u015bwiaty, zwanej dalej \u201eustaw\u0105 o systemie o\u015bwiaty\u201d, dostosowuje si\u0119 do indywidualnych potrzeb rozwojowych i edukacyjnych oraz mo\u017cliwo\u015bci psychofizycznych ucznia:<\/p>\n<p>3) posiadaj\u0105cego opini\u0119 poradni psychologiczno-pedagogicznej, w tym poradni specjalistycznej, o specyficznych trudno\u015bciach w uczeniu si\u0119 lub inn\u0105 opini\u0119 poradni psychologiczno-pedagogicznej, w tym poradni specjalistycznej, wskazuj\u0105c\u0105 na potrzeb\u0119 takiego dostosowania \u2013 na podstawie tej opinii;<\/p>\n<p>4) nieposiadaj\u0105cego orzeczenia lub opinii wymienionych w pkt 1\u20133, kt\u00f3ry jest obj\u0119ty pomoc\u0105 psychologiczno- -pedagogiczn\u0105 w szkole \u2013 na podstawie rozpoznania indywidualnych potrzeb rozwojowych i edukacyjnych oraz indywidualnych mo\u017cliwo\u015bci psychofizycznych ucznia dokonanego przez nauczycieli i specjalist\u00f3w, o kt\u00f3rym mowa w przepisach wydanych na podstawie art. 47 ust. 1 pkt 5 ustawy \u2013 Prawo o\u015bwiatowe;<\/p>\n<p>\u00a7 3. 1. Opinia poradni psychologiczno-pedagogicznej, w tym poradni specjalistycznej, o specyficznych trudno\u015bciach w uczeniu si\u0119 mo\u017ce by\u0107 wydana uczniowi nie wcze\u015bniej ni\u017c po uko\u0144czeniu klasy III szko\u0142y podstawowej i nie p\u00f3\u017aniej ni\u017c do uko\u0144czenia szko\u0142y podstawowej. 2. Na wniosek nauczyciela lub specjalisty wykonuj\u0105cego w szkole zadania z zakresu pomocy psychologiczno- -pedagogicznej prowadz\u0105cych zaj\u0119cia z uczniem w szkole i po uzyskaniu zgody rodzic\u00f3w albo pe\u0142noletniego ucznia lub na wniosek rodzic\u00f3w albo pe\u0142noletniego ucznia, opinia, o kt\u00f3rej mowa w ust. 1, mo\u017ce by\u0107 wydana tak\u017ce uczniowi szko\u0142y ponadpodstawowej.<\/p>\n<p>\u00a7 6. 1. Dyrektor szko\u0142y zwalnia ucznia z wad\u0105 s\u0142uchu, z g\u0142\u0119bok\u0105 dysleksj\u0105 rozwojow\u0105, z afazj\u0105, z niepe\u0142nosprawno\u015bciami sprz\u0119\u017conymi lub z autyzmem, w tym z zespo\u0142em Aspergera, z nauki drugiego j\u0119zyka obcego nowo\u017cytnego do ko\u0144ca danego etapu edukacyjnego na wniosek rodzic\u00f3w albo pe\u0142noletniego ucznia oraz na podstawie opinii poradni psychologiczno-pedagogicznej, w tym poradni specjalistycznej, z kt\u00f3rej wynika potrzeba zwolnienia z nauki tego j\u0119zyka obcego nowo\u017cytnego.<\/p>\n<hr \/>\n<p>\u0179r\u00f3d\u0142a:<\/p>\n<ol>\n<li><em>http:\/\/www.ptd.edu.pl\/dysleksjaprawa.html<\/em><\/li>\n<\/ol>\n","protected":false},"excerpt":{"rendered":"<p>ROZPORZ\u0104DZENIE MINISTRA EDUKACJI NARODOWEJ z dnia 9 sierpnia 2017 r. w sprawie zasad organizacji i udzielania pomocy psychologiczno-pedagogicznej w publicznych przedszkolach, szko\u0142ach i plac\u00f3wkach. Najwa\u017cniejsze&#8230;<\/p>\n","protected":false},"author":1,"featured_media":805,"comment_status":"closed","ping_status":"open","sticky":false,"template":"","format":"standard","meta":[],"categories":[41],"tags":[],"yoast_head":"<!-- This site is optimized with the Yoast SEO plugin v18.1 - https:\/\/yoast.com\/wordpress\/plugins\/seo\/ -->\n<title>Prawa uczni\u00f3w z dysleksj\u0105 - Diagnostyka Umys\u0142u - Prawa i obowi\u0105zki<\/title>\n<meta name=\"description\" content=\"Prawa i obowi\u0105zki uczni\u00f3w z dysleksj\u0105. Przepisy reguluj\u0105ce prawa uczni\u00f3w z dysleksj\u0105 rozwojow\u0105. Sprawd\u017a jakie prawa ma Twoje dziecko.\" \/>\n<meta name=\"robots\" content=\"index, follow, max-snippet:-1, max-image-preview:large, max-video-preview:-1\" \/>\n<link rel=\"canonical\" href=\"https:\/\/www.diagnostyka-umyslu.pl\/blog\/dysleksja\/prawa-uczniow-z-dysleksja\/\" \/>\n<meta property=\"og:locale\" content=\"pl_PL\" \/>\n<meta property=\"og:type\" content=\"article\" \/>\n<meta property=\"og:title\" content=\"Prawa uczni\u00f3w z dysleksj\u0105 - Diagnostyka Umys\u0142u - Prawa i obowi\u0105zki\" \/>\n<meta property=\"og:description\" content=\"Prawa i obowi\u0105zki uczni\u00f3w z dysleksj\u0105. Przepisy reguluj\u0105ce prawa uczni\u00f3w z dysleksj\u0105 rozwojow\u0105. Sprawd\u017a jakie prawa ma Twoje dziecko.\" \/>\n<meta property=\"og:url\" content=\"https:\/\/www.diagnostyka-umyslu.pl\/blog\/dysleksja\/prawa-uczniow-z-dysleksja\/\" \/>\n<meta property=\"og:site_name\" content=\"Diagnostyka Umys\u0142u\" \/>\n<meta property=\"article:published_time\" content=\"2021-05-08T08:00:59+00:00\" \/>\n<meta property=\"og:image\" content=\"https:\/\/www.diagnostyka-umyslu.pl\/blog\/wp-content\/uploads\/2021\/05\/3-1.jpg\" \/>\n\t<meta property=\"og:image:width\" content=\"839\" \/>\n\t<meta property=\"og:image:height\" content=\"400\" \/>\n\t<meta property=\"og:image:type\" content=\"image\/jpeg\" \/>\n<meta name=\"twitter:card\" content=\"summary_large_image\" \/>\n<meta name=\"twitter:label1\" content=\"Napisane przez\" \/>\n\t<meta name=\"twitter:data1\" content=\"Diagnostyka Umys\u0142u\" \/>\n\t<meta name=\"twitter:label2\" content=\"Szacowany czas czytania\" \/>\n\t<meta name=\"twitter:data2\" content=\"3 minuty\" \/>\n<script type=\"application\/ld+json\" class=\"yoast-schema-graph\">{\"@context\":\"https:\/\/schema.org\",\"@graph\":[{\"@type\":\"Organization\",\"@id\":\"https:\/\/www.diagnostyka-umyslu.pl\/blog\/#organization\",\"name\":\"Diagnostyka Umys\u0142u\",\"url\":\"https:\/\/www.diagnostyka-umyslu.pl\/blog\/\",\"sameAs\":[],\"logo\":{\"@type\":\"ImageObject\",\"@id\":\"https:\/\/www.diagnostyka-umyslu.pl\/blog\/#logo\",\"inLanguage\":\"pl-PL\",\"url\":\"https:\/\/www.diagnostyka-umyslu.pl\/blog\/wp-content\/uploads\/2021\/05\/logo.png\",\"contentUrl\":\"https:\/\/www.diagnostyka-umyslu.pl\/blog\/wp-content\/uploads\/2021\/05\/logo.png\",\"width\":236,\"height\":81,\"caption\":\"Diagnostyka Umys\u0142u\"},\"image\":{\"@id\":\"https:\/\/www.diagnostyka-umyslu.pl\/blog\/#logo\"}},{\"@type\":\"WebSite\",\"@id\":\"https:\/\/www.diagnostyka-umyslu.pl\/blog\/#website\",\"url\":\"https:\/\/www.diagnostyka-umyslu.pl\/blog\/\",\"name\":\"Diagnostyka Umys\u0142u\",\"description\":\"Blog o zaburzeniach umys\u0142u\",\"publisher\":{\"@id\":\"https:\/\/www.diagnostyka-umyslu.pl\/blog\/#organization\"},\"potentialAction\":[{\"@type\":\"SearchAction\",\"target\":{\"@type\":\"EntryPoint\",\"urlTemplate\":\"https:\/\/www.diagnostyka-umyslu.pl\/blog\/?s={search_term_string}\"},\"query-input\":\"required name=search_term_string\"}],\"inLanguage\":\"pl-PL\"},{\"@type\":\"ImageObject\",\"@id\":\"https:\/\/www.diagnostyka-umyslu.pl\/blog\/dysleksja\/prawa-uczniow-z-dysleksja\/#primaryimage\",\"inLanguage\":\"pl-PL\",\"url\":\"https:\/\/www.diagnostyka-umyslu.pl\/blog\/wp-content\/uploads\/2021\/05\/3-1.jpg\",\"contentUrl\":\"https:\/\/www.diagnostyka-umyslu.pl\/blog\/wp-content\/uploads\/2021\/05\/3-1.jpg\",\"width\":839,\"height\":400,\"caption\":\"Prawa uczni\u00f3w z dysleksj\u0105\"},{\"@type\":\"WebPage\",\"@id\":\"https:\/\/www.diagnostyka-umyslu.pl\/blog\/dysleksja\/prawa-uczniow-z-dysleksja\/#webpage\",\"url\":\"https:\/\/www.diagnostyka-umyslu.pl\/blog\/dysleksja\/prawa-uczniow-z-dysleksja\/\",\"name\":\"Prawa uczni\u00f3w z dysleksj\u0105 - Diagnostyka Umys\u0142u - Prawa i obowi\u0105zki\",\"isPartOf\":{\"@id\":\"https:\/\/www.diagnostyka-umyslu.pl\/blog\/#website\"},\"primaryImageOfPage\":{\"@id\":\"https:\/\/www.diagnostyka-umyslu.pl\/blog\/dysleksja\/prawa-uczniow-z-dysleksja\/#primaryimage\"},\"datePublished\":\"2021-05-08T08:00:59+00:00\",\"dateModified\":\"2021-05-08T08:00:59+00:00\",\"description\":\"Prawa i obowi\u0105zki uczni\u00f3w z dysleksj\u0105. Przepisy reguluj\u0105ce prawa uczni\u00f3w z dysleksj\u0105 rozwojow\u0105. Sprawd\u017a jakie prawa ma Twoje dziecko.\",\"breadcrumb\":{\"@id\":\"https:\/\/www.diagnostyka-umyslu.pl\/blog\/dysleksja\/prawa-uczniow-z-dysleksja\/#breadcrumb\"},\"inLanguage\":\"pl-PL\",\"potentialAction\":[{\"@type\":\"ReadAction\",\"target\":[\"https:\/\/www.diagnostyka-umyslu.pl\/blog\/dysleksja\/prawa-uczniow-z-dysleksja\/\"]}]},{\"@type\":\"BreadcrumbList\",\"@id\":\"https:\/\/www.diagnostyka-umyslu.pl\/blog\/dysleksja\/prawa-uczniow-z-dysleksja\/#breadcrumb\",\"itemListElement\":[{\"@type\":\"ListItem\",\"position\":1,\"name\":\"Strona g\u0142\u00f3wna\",\"item\":\"https:\/\/www.diagnostyka-umyslu.pl\/blog\/\"},{\"@type\":\"ListItem\",\"position\":2,\"name\":\"Dysleksja\",\"item\":\"https:\/\/www.diagnostyka-umyslu.pl\/blog\/dysleksja\/\"},{\"@type\":\"ListItem\",\"position\":3,\"name\":\"Prawa uczni\u00f3w\"}]},{\"@type\":\"Article\",\"@id\":\"https:\/\/www.diagnostyka-umyslu.pl\/blog\/dysleksja\/prawa-uczniow-z-dysleksja\/#article\",\"isPartOf\":{\"@id\":\"https:\/\/www.diagnostyka-umyslu.pl\/blog\/dysleksja\/prawa-uczniow-z-dysleksja\/#webpage\"},\"author\":{\"@id\":\"https:\/\/www.diagnostyka-umyslu.pl\/blog\/#\/schema\/person\/8eb1bcaf59fea75c780c11946f4e3490\"},\"headline\":\"Prawa uczni\u00f3w z dysleksj\u0105\",\"datePublished\":\"2021-05-08T08:00:59+00:00\",\"dateModified\":\"2021-05-08T08:00:59+00:00\",\"mainEntityOfPage\":{\"@id\":\"https:\/\/www.diagnostyka-umyslu.pl\/blog\/dysleksja\/prawa-uczniow-z-dysleksja\/#webpage\"},\"wordCount\":526,\"publisher\":{\"@id\":\"https:\/\/www.diagnostyka-umyslu.pl\/blog\/#organization\"},\"image\":{\"@id\":\"https:\/\/www.diagnostyka-umyslu.pl\/blog\/dysleksja\/prawa-uczniow-z-dysleksja\/#primaryimage\"},\"thumbnailUrl\":\"https:\/\/www.diagnostyka-umyslu.pl\/blog\/wp-content\/uploads\/2021\/05\/3-1.jpg\",\"articleSection\":[\"Dysleksja\"],\"inLanguage\":\"pl-PL\"},{\"@type\":\"Person\",\"@id\":\"https:\/\/www.diagnostyka-umyslu.pl\/blog\/#\/schema\/person\/8eb1bcaf59fea75c780c11946f4e3490\",\"name\":\"Diagnostyka Umys\u0142u\",\"image\":{\"@type\":\"ImageObject\",\"@id\":\"https:\/\/www.diagnostyka-umyslu.pl\/blog\/#personlogo\",\"inLanguage\":\"pl-PL\",\"url\":\"https:\/\/secure.gravatar.com\/avatar\/6743211f010801ea26aa9423a2daab37?s=96&d=mm&r=g\",\"contentUrl\":\"https:\/\/secure.gravatar.com\/avatar\/6743211f010801ea26aa9423a2daab37?s=96&d=mm&r=g\",\"caption\":\"Diagnostyka Umys\u0142u\"},\"sameAs\":[\"https:\/\/www.diagnostyka-umyslu.pl\/blog\"],\"url\":\"https:\/\/www.diagnostyka-umyslu.pl\/blog\/author\/diagnostyka-umyslu\/\"}]}<\/script>\n<!-- \/ Yoast SEO plugin. -->","yoast_head_json":{"title":"Prawa uczni\u00f3w z dysleksj\u0105 - Diagnostyka Umys\u0142u - Prawa i obowi\u0105zki","description":"Prawa i obowi\u0105zki uczni\u00f3w z dysleksj\u0105. Przepisy reguluj\u0105ce prawa uczni\u00f3w z dysleksj\u0105 rozwojow\u0105. Sprawd\u017a jakie prawa ma Twoje dziecko.","robots":{"index":"index","follow":"follow","max-snippet":"max-snippet:-1","max-image-preview":"max-image-preview:large","max-video-preview":"max-video-preview:-1"},"canonical":"https:\/\/www.diagnostyka-umyslu.pl\/blog\/dysleksja\/prawa-uczniow-z-dysleksja\/","og_locale":"pl_PL","og_type":"article","og_title":"Prawa uczni\u00f3w z dysleksj\u0105 - Diagnostyka Umys\u0142u - Prawa i obowi\u0105zki","og_description":"Prawa i obowi\u0105zki uczni\u00f3w z dysleksj\u0105. Przepisy reguluj\u0105ce prawa uczni\u00f3w z dysleksj\u0105 rozwojow\u0105. Sprawd\u017a jakie prawa ma Twoje dziecko.","og_url":"https:\/\/www.diagnostyka-umyslu.pl\/blog\/dysleksja\/prawa-uczniow-z-dysleksja\/","og_site_name":"Diagnostyka Umys\u0142u","article_published_time":"2021-05-08T08:00:59+00:00","og_image":[{"width":839,"height":400,"url":"https:\/\/www.diagnostyka-umyslu.pl\/blog\/wp-content\/uploads\/2021\/05\/3-1.jpg","type":"image\/jpeg"}],"twitter_card":"summary_large_image","twitter_misc":{"Napisane przez":"Diagnostyka Umys\u0142u","Szacowany czas czytania":"3 minuty"},"schema":{"@context":"https:\/\/schema.org","@graph":[{"@type":"Organization","@id":"https:\/\/www.diagnostyka-umyslu.pl\/blog\/#organization","name":"Diagnostyka Umys\u0142u","url":"https:\/\/www.diagnostyka-umyslu.pl\/blog\/","sameAs":[],"logo":{"@type":"ImageObject","@id":"https:\/\/www.diagnostyka-umyslu.pl\/blog\/#logo","inLanguage":"pl-PL","url":"https:\/\/www.diagnostyka-umyslu.pl\/blog\/wp-content\/uploads\/2021\/05\/logo.png","contentUrl":"https:\/\/www.diagnostyka-umyslu.pl\/blog\/wp-content\/uploads\/2021\/05\/logo.png","width":236,"height":81,"caption":"Diagnostyka Umys\u0142u"},"image":{"@id":"https:\/\/www.diagnostyka-umyslu.pl\/blog\/#logo"}},{"@type":"WebSite","@id":"https:\/\/www.diagnostyka-umyslu.pl\/blog\/#website","url":"https:\/\/www.diagnostyka-umyslu.pl\/blog\/","name":"Diagnostyka Umys\u0142u","description":"Blog o zaburzeniach umys\u0142u","publisher":{"@id":"https:\/\/www.diagnostyka-umyslu.pl\/blog\/#organization"},"potentialAction":[{"@type":"SearchAction","target":{"@type":"EntryPoint","urlTemplate":"https:\/\/www.diagnostyka-umyslu.pl\/blog\/?s={search_term_string}"},"query-input":"required name=search_term_string"}],"inLanguage":"pl-PL"},{"@type":"ImageObject","@id":"https:\/\/www.diagnostyka-umyslu.pl\/blog\/dysleksja\/prawa-uczniow-z-dysleksja\/#primaryimage","inLanguage":"pl-PL","url":"https:\/\/www.diagnostyka-umyslu.pl\/blog\/wp-content\/uploads\/2021\/05\/3-1.jpg","contentUrl":"https:\/\/www.diagnostyka-umyslu.pl\/blog\/wp-content\/uploads\/2021\/05\/3-1.jpg","width":839,"height":400,"caption":"Prawa uczni\u00f3w z dysleksj\u0105"},{"@type":"WebPage","@id":"https:\/\/www.diagnostyka-umyslu.pl\/blog\/dysleksja\/prawa-uczniow-z-dysleksja\/#webpage","url":"https:\/\/www.diagnostyka-umyslu.pl\/blog\/dysleksja\/prawa-uczniow-z-dysleksja\/","name":"Prawa uczni\u00f3w z dysleksj\u0105 - Diagnostyka Umys\u0142u - Prawa i obowi\u0105zki","isPartOf":{"@id":"https:\/\/www.diagnostyka-umyslu.pl\/blog\/#website"},"primaryImageOfPage":{"@id":"https:\/\/www.diagnostyka-umyslu.pl\/blog\/dysleksja\/prawa-uczniow-z-dysleksja\/#primaryimage"},"datePublished":"2021-05-08T08:00:59+00:00","dateModified":"2021-05-08T08:00:59+00:00","description":"Prawa i obowi\u0105zki uczni\u00f3w z dysleksj\u0105. Przepisy reguluj\u0105ce prawa uczni\u00f3w z dysleksj\u0105 rozwojow\u0105. Sprawd\u017a jakie prawa ma Twoje dziecko.","breadcrumb":{"@id":"https:\/\/www.diagnostyka-umyslu.pl\/blog\/dysleksja\/prawa-uczniow-z-dysleksja\/#breadcrumb"},"inLanguage":"pl-PL","potentialAction":[{"@type":"ReadAction","target":["https:\/\/www.diagnostyka-umyslu.pl\/blog\/dysleksja\/prawa-uczniow-z-dysleksja\/"]}]},{"@type":"BreadcrumbList","@id":"https:\/\/www.diagnostyka-umyslu.pl\/blog\/dysleksja\/prawa-uczniow-z-dysleksja\/#breadcrumb","itemListElement":[{"@type":"ListItem","position":1,"name":"Strona g\u0142\u00f3wna","item":"https:\/\/www.diagnostyka-umyslu.pl\/blog\/"},{"@type":"ListItem","position":2,"name":"Dysleksja","item":"https:\/\/www.diagnostyka-umyslu.pl\/blog\/dysleksja\/"},{"@type":"ListItem","position":3,"name":"Prawa uczni\u00f3w"}]},{"@type":"Article","@id":"https:\/\/www.diagnostyka-umyslu.pl\/blog\/dysleksja\/prawa-uczniow-z-dysleksja\/#article","isPartOf":{"@id":"https:\/\/www.diagnostyka-umyslu.pl\/blog\/dysleksja\/prawa-uczniow-z-dysleksja\/#webpage"},"author":{"@id":"https:\/\/www.diagnostyka-umyslu.pl\/blog\/#\/schema\/person\/8eb1bcaf59fea75c780c11946f4e3490"},"headline":"Prawa uczni\u00f3w z dysleksj\u0105","datePublished":"2021-05-08T08:00:59+00:00","dateModified":"2021-05-08T08:00:59+00:00","mainEntityOfPage":{"@id":"https:\/\/www.diagnostyka-umyslu.pl\/blog\/dysleksja\/prawa-uczniow-z-dysleksja\/#webpage"},"wordCount":526,"publisher":{"@id":"https:\/\/www.diagnostyka-umyslu.pl\/blog\/#organization"},"image":{"@id":"https:\/\/www.diagnostyka-umyslu.pl\/blog\/dysleksja\/prawa-uczniow-z-dysleksja\/#primaryimage"},"thumbnailUrl":"https:\/\/www.diagnostyka-umyslu.pl\/blog\/wp-content\/uploads\/2021\/05\/3-1.jpg","articleSection":["Dysleksja"],"inLanguage":"pl-PL"},{"@type":"Person","@id":"https:\/\/www.diagnostyka-umyslu.pl\/blog\/#\/schema\/person\/8eb1bcaf59fea75c780c11946f4e3490","name":"Diagnostyka Umys\u0142u","image":{"@type":"ImageObject","@id":"https:\/\/www.diagnostyka-umyslu.pl\/blog\/#personlogo","inLanguage":"pl-PL","url":"https:\/\/secure.gravatar.com\/avatar\/6743211f010801ea26aa9423a2daab37?s=96&d=mm&r=g","contentUrl":"https:\/\/secure.gravatar.com\/avatar\/6743211f010801ea26aa9423a2daab37?s=96&d=mm&r=g","caption":"Diagnostyka Umys\u0142u"},"sameAs":["https:\/\/www.diagnostyka-umyslu.pl\/blog"],"url":"https:\/\/www.diagnostyka-umyslu.pl\/blog\/author\/diagnostyka-umyslu\/"}]}},"amp_enabled":true,"_links":{"self":[{"href":"https:\/\/www.diagnostyka-umyslu.pl\/blog\/wp-json\/wp\/v2\/posts\/788"}],"collection":[{"href":"https:\/\/www.diagnostyka-umyslu.pl\/blog\/wp-json\/wp\/v2\/posts"}],"about":[{"href":"https:\/\/www.diagnostyka-umyslu.pl\/blog\/wp-json\/wp\/v2\/types\/post"}],"author":[{"embeddable":true,"href":"https:\/\/www.diagnostyka-umyslu.pl\/blog\/wp-json\/wp\/v2\/users\/1"}],"replies":[{"embeddable":true,"href":"https:\/\/www.diagnostyka-umyslu.pl\/blog\/wp-json\/wp\/v2\/comments?post=788"}],"version-history":[{"count":2,"href":"https:\/\/www.diagnostyka-umyslu.pl\/blog\/wp-json\/wp\/v2\/posts\/788\/revisions"}],"predecessor-version":[{"id":807,"href":"https:\/\/www.diagnostyka-umyslu.pl\/blog\/wp-json\/wp\/v2\/posts\/788\/revisions\/807"}],"wp:featuredmedia":[{"embeddable":true,"href":"https:\/\/www.diagnostyka-umyslu.pl\/blog\/wp-json\/wp\/v2\/media\/805"}],"wp:attachment":[{"href":"https:\/\/www.diagnostyka-umyslu.pl\/blog\/wp-json\/wp\/v2\/media?parent=788"}],"wp:term":[{"taxonomy":"category","embeddable":true,"href":"https:\/\/www.diagnostyka-umyslu.pl\/blog\/wp-json\/wp\/v2\/categories?post=788"},{"taxonomy":"post_tag","embeddable":true,"href":"https:\/\/www.diagnostyka-umyslu.pl\/blog\/wp-json\/wp\/v2\/tags?post=788"}],"curies":[{"name":"wp","href":"https:\/\/api.w.org\/{rel}","templated":true}]}}