{"id":820,"date":"2021-05-09T08:00:08","date_gmt":"2021-05-09T06:00:08","guid":{"rendered":"https:\/\/www.diagnostyka-umyslu.pl\/blog\/?p=820"},"modified":"2021-05-08T14:46:11","modified_gmt":"2021-05-08T12:46:11","slug":"dysleksja-wzrokowa","status":"publish","type":"post","link":"https:\/\/www.diagnostyka-umyslu.pl\/blog\/dysleksja\/dysleksja-wzrokowa\/","title":{"rendered":"Dysleksja wzrokowa &#8211; Opto-dysleksja"},"content":{"rendered":"<p><strong>Opto-dysleksja<\/strong> to tzw. dysleksja wzrokowa, kt\u00f3rej przyczyna le\u017cy w problemie z narz\u0105dem wzroku. Oznacza zesp\u00f3\u0142 specyficznych trudno\u015bci w nauce czytania i pisania, objawiaj\u0105cych si\u0119 jak dysleksja, a wynikaj\u0105cych z zaburze\u0144 widzenia, takich jak: nieprawid\u0142owa akomodacja oka i zaburzenia w widzeniu obuocznym \u2013 przestrzennym (zaburzona konwergencja, zez ukryty, zaburzenia fuzji i stereopsji, zaburzenia lokalizacji wzrokowej) oraz nieprawid\u0142owo korygowane wady wzroku.<\/p>\n<h4>Przyczyn zaburze\u0144 percepcji wzrokowej mo\u017ce by\u0107 kilka:<\/h4>\n<ul>\n<li>wady narz\u0105du wzroku ( kr\u00f3tkowzroczno\u015b\u0107, dalekowzroczno\u015b\u0107, astygmatyzm),<\/li>\n<li>zaburzenia w pracy narz\u0105du wzroku ( zaburzenia procesu widzenia),<\/li>\n<li>nieprawid\u0142owe funkcjonowanie cz\u0119\u015bci m\u00f3zgu odpowiedzialnej za analiz\u0119 i syntez\u0119 wzrokow\u0105.<\/li>\n<\/ul>\n<p>Nieprawid\u0142owa percepcja wzrokowa bywa jedn\u0105 z podstawowych przyczyn dysleksji rozwojowej.<\/p>\n<h4>Jakie s\u0105 symptomy optodysleksji u dzieci:<\/h4>\n<ul>\n<li>nadmierna m\u0119czliwo\u015b\u0107 podczas pracy z bliska,<\/li>\n<li>narastaj\u0105ce pod koniec lekcji k\u0142opoty z przepisywaniem z tablicy,<\/li>\n<li>gubienie si\u0119 w tek\u015bcie, zjadanie wyraz\u00f3w podczas czytania,<\/li>\n<li>b\u00f3le g\u0142owy po powrocie ze szko\u0142y, podobne dolegliwo\u015bci towarzysz\u0105 podczas czytania , odrabiania lekcji,<\/li>\n<li>dziecko czyta z przekrzywion\u0105 g\u0142ow\u0105, zaczepia o meble podczas chodzenia po mieszkaniu,<\/li>\n<li>problemy z ocen\u0105 odleg\u0142o\u015bci na przyk\u0142ad podczas \u0142apania pi\u0142ki.<\/li>\n<\/ul>\n<p>Je\u015bli te symptomy ujawniaj\u0105 si\u0119 u Twojego dziecka wskazana jest wizyta u okulisty \u2013 optometrysty.<\/p>\n<hr \/>\n<p>\u0179r\u00f3d\u0142a:<\/p>\n<ol>\n<li><em>\u201cDYSLEKSJA ROZWOJOWA \u2013 fakt i tajemnica w diagnostyce psychologiczno-pedagogicznej\u201d <\/em><em>pod redakcj\u0105 naukow\u0105 s. Marii Bogumi\u0142y Pecyna\u201d, Opole, 2011;<\/em><\/li>\n<li><em>\u201cWspomaganie rozwoju dziecka z ryzyka dysleksji\u201d pod redakcj\u0105 Anety Rudzi\u0144skiej-Rogo\u017cy,<\/em><\/li>\n<li><em>\u201cDysleksja\u201d, DR Marta Korendo. W: Akademia Pedagogiczna, Krak\u00f3w.<\/em><\/li>\n<li><em>\u201eDysleksja rozwojowa \u2013 symptomy, patomechanizmy, <\/em><em>terapia pedagogiczna\u201d, BOGDANOWICZ Marta, 1997. W: Terapia, Numer Specjalny, Warsaw Voice S.A., Warszawa.<\/em><\/li>\n<\/ol>\n","protected":false},"excerpt":{"rendered":"<p>Opto-dysleksja to tzw. dysleksja wzrokowa, kt\u00f3rej przyczyna le\u017cy w problemie z narz\u0105dem wzroku. Oznacza zesp\u00f3\u0142 specyficznych trudno\u015bci w nauce czytania i pisania, objawiaj\u0105cych si\u0119 jak&#8230;<\/p>\n","protected":false},"author":1,"featured_media":848,"comment_status":"closed","ping_status":"open","sticky":false,"template":"","format":"standard","meta":[],"categories":[41],"tags":[],"yoast_head":"<!-- This site is optimized with the Yoast SEO plugin v18.1 - https:\/\/yoast.com\/wordpress\/plugins\/seo\/ -->\n<title>Dysleksja wzrokowa - Opto-dysleksja - Diagnostyka Umys\u0142u<\/title>\n<meta name=\"description\" content=\"Dysleksja wzrokowa to zaburzenie zdolno\u015bci percepcji wzrokowej, zapami\u0119tywania wra\u017ce\u0144 wizualnych lub problemy zwi\u0105zane z koordynacj\u0105 wzrokowo-ruchow\u0105.\" \/>\n<meta name=\"robots\" content=\"index, follow, max-snippet:-1, max-image-preview:large, max-video-preview:-1\" \/>\n<link rel=\"canonical\" href=\"https:\/\/www.diagnostyka-umyslu.pl\/blog\/dysleksja\/dysleksja-wzrokowa\/\" \/>\n<meta property=\"og:locale\" content=\"pl_PL\" \/>\n<meta property=\"og:type\" content=\"article\" \/>\n<meta property=\"og:title\" content=\"Dysleksja wzrokowa - Opto-dysleksja - Diagnostyka Umys\u0142u\" \/>\n<meta property=\"og:description\" content=\"Dysleksja wzrokowa to zaburzenie zdolno\u015bci percepcji wzrokowej, zapami\u0119tywania wra\u017ce\u0144 wizualnych lub problemy zwi\u0105zane z koordynacj\u0105 wzrokowo-ruchow\u0105.\" \/>\n<meta property=\"og:url\" content=\"https:\/\/www.diagnostyka-umyslu.pl\/blog\/dysleksja\/dysleksja-wzrokowa\/\" \/>\n<meta property=\"og:site_name\" content=\"Diagnostyka Umys\u0142u\" \/>\n<meta property=\"article:published_time\" content=\"2021-05-09T06:00:08+00:00\" \/>\n<meta property=\"article:modified_time\" content=\"2021-05-08T12:46:11+00:00\" \/>\n<meta property=\"og:image\" content=\"https:\/\/www.diagnostyka-umyslu.pl\/blog\/wp-content\/uploads\/2021\/05\/2-3.jpg\" \/>\n\t<meta property=\"og:image:width\" content=\"839\" \/>\n\t<meta property=\"og:image:height\" content=\"400\" \/>\n\t<meta property=\"og:image:type\" content=\"image\/jpeg\" \/>\n<meta name=\"twitter:card\" content=\"summary_large_image\" \/>\n<meta name=\"twitter:label1\" content=\"Napisane przez\" \/>\n\t<meta name=\"twitter:data1\" content=\"Diagnostyka Umys\u0142u\" \/>\n\t<meta name=\"twitter:label2\" content=\"Szacowany czas czytania\" \/>\n\t<meta name=\"twitter:data2\" content=\"2 minuty\" \/>\n<script type=\"application\/ld+json\" class=\"yoast-schema-graph\">{\"@context\":\"https:\/\/schema.org\",\"@graph\":[{\"@type\":\"Organization\",\"@id\":\"https:\/\/www.diagnostyka-umyslu.pl\/blog\/#organization\",\"name\":\"Diagnostyka Umys\u0142u\",\"url\":\"https:\/\/www.diagnostyka-umyslu.pl\/blog\/\",\"sameAs\":[],\"logo\":{\"@type\":\"ImageObject\",\"@id\":\"https:\/\/www.diagnostyka-umyslu.pl\/blog\/#logo\",\"inLanguage\":\"pl-PL\",\"url\":\"https:\/\/www.diagnostyka-umyslu.pl\/blog\/wp-content\/uploads\/2021\/05\/logo.png\",\"contentUrl\":\"https:\/\/www.diagnostyka-umyslu.pl\/blog\/wp-content\/uploads\/2021\/05\/logo.png\",\"width\":236,\"height\":81,\"caption\":\"Diagnostyka Umys\u0142u\"},\"image\":{\"@id\":\"https:\/\/www.diagnostyka-umyslu.pl\/blog\/#logo\"}},{\"@type\":\"WebSite\",\"@id\":\"https:\/\/www.diagnostyka-umyslu.pl\/blog\/#website\",\"url\":\"https:\/\/www.diagnostyka-umyslu.pl\/blog\/\",\"name\":\"Diagnostyka Umys\u0142u\",\"description\":\"Blog o zaburzeniach umys\u0142u\",\"publisher\":{\"@id\":\"https:\/\/www.diagnostyka-umyslu.pl\/blog\/#organization\"},\"potentialAction\":[{\"@type\":\"SearchAction\",\"target\":{\"@type\":\"EntryPoint\",\"urlTemplate\":\"https:\/\/www.diagnostyka-umyslu.pl\/blog\/?s={search_term_string}\"},\"query-input\":\"required name=search_term_string\"}],\"inLanguage\":\"pl-PL\"},{\"@type\":\"ImageObject\",\"@id\":\"https:\/\/www.diagnostyka-umyslu.pl\/blog\/dysleksja\/dysleksja-wzrokowa\/#primaryimage\",\"inLanguage\":\"pl-PL\",\"url\":\"https:\/\/www.diagnostyka-umyslu.pl\/blog\/wp-content\/uploads\/2021\/05\/2-3.jpg\",\"contentUrl\":\"https:\/\/www.diagnostyka-umyslu.pl\/blog\/wp-content\/uploads\/2021\/05\/2-3.jpg\",\"width\":839,\"height\":400},{\"@type\":\"WebPage\",\"@id\":\"https:\/\/www.diagnostyka-umyslu.pl\/blog\/dysleksja\/dysleksja-wzrokowa\/#webpage\",\"url\":\"https:\/\/www.diagnostyka-umyslu.pl\/blog\/dysleksja\/dysleksja-wzrokowa\/\",\"name\":\"Dysleksja wzrokowa - Opto-dysleksja - Diagnostyka Umys\u0142u\",\"isPartOf\":{\"@id\":\"https:\/\/www.diagnostyka-umyslu.pl\/blog\/#website\"},\"primaryImageOfPage\":{\"@id\":\"https:\/\/www.diagnostyka-umyslu.pl\/blog\/dysleksja\/dysleksja-wzrokowa\/#primaryimage\"},\"datePublished\":\"2021-05-09T06:00:08+00:00\",\"dateModified\":\"2021-05-08T12:46:11+00:00\",\"description\":\"Dysleksja wzrokowa to zaburzenie zdolno\u015bci percepcji wzrokowej, zapami\u0119tywania wra\u017ce\u0144 wizualnych lub problemy zwi\u0105zane z koordynacj\u0105 wzrokowo-ruchow\u0105.\",\"breadcrumb\":{\"@id\":\"https:\/\/www.diagnostyka-umyslu.pl\/blog\/dysleksja\/dysleksja-wzrokowa\/#breadcrumb\"},\"inLanguage\":\"pl-PL\",\"potentialAction\":[{\"@type\":\"ReadAction\",\"target\":[\"https:\/\/www.diagnostyka-umyslu.pl\/blog\/dysleksja\/dysleksja-wzrokowa\/\"]}]},{\"@type\":\"BreadcrumbList\",\"@id\":\"https:\/\/www.diagnostyka-umyslu.pl\/blog\/dysleksja\/dysleksja-wzrokowa\/#breadcrumb\",\"itemListElement\":[{\"@type\":\"ListItem\",\"position\":1,\"name\":\"Strona g\u0142\u00f3wna\",\"item\":\"https:\/\/www.diagnostyka-umyslu.pl\/blog\/\"},{\"@type\":\"ListItem\",\"position\":2,\"name\":\"Dysleksja\",\"item\":\"https:\/\/www.diagnostyka-umyslu.pl\/blog\/dysleksja\/\"},{\"@type\":\"ListItem\",\"position\":3,\"name\":\"Dysleksja wzrokowa\"}]},{\"@type\":\"Article\",\"@id\":\"https:\/\/www.diagnostyka-umyslu.pl\/blog\/dysleksja\/dysleksja-wzrokowa\/#article\",\"isPartOf\":{\"@id\":\"https:\/\/www.diagnostyka-umyslu.pl\/blog\/dysleksja\/dysleksja-wzrokowa\/#webpage\"},\"author\":{\"@id\":\"https:\/\/www.diagnostyka-umyslu.pl\/blog\/#\/schema\/person\/8eb1bcaf59fea75c780c11946f4e3490\"},\"headline\":\"Dysleksja wzrokowa &#8211; Opto-dysleksja\",\"datePublished\":\"2021-05-09T06:00:08+00:00\",\"dateModified\":\"2021-05-08T12:46:11+00:00\",\"mainEntityOfPage\":{\"@id\":\"https:\/\/www.diagnostyka-umyslu.pl\/blog\/dysleksja\/dysleksja-wzrokowa\/#webpage\"},\"wordCount\":269,\"publisher\":{\"@id\":\"https:\/\/www.diagnostyka-umyslu.pl\/blog\/#organization\"},\"image\":{\"@id\":\"https:\/\/www.diagnostyka-umyslu.pl\/blog\/dysleksja\/dysleksja-wzrokowa\/#primaryimage\"},\"thumbnailUrl\":\"https:\/\/www.diagnostyka-umyslu.pl\/blog\/wp-content\/uploads\/2021\/05\/2-3.jpg\",\"articleSection\":[\"Dysleksja\"],\"inLanguage\":\"pl-PL\"},{\"@type\":\"Person\",\"@id\":\"https:\/\/www.diagnostyka-umyslu.pl\/blog\/#\/schema\/person\/8eb1bcaf59fea75c780c11946f4e3490\",\"name\":\"Diagnostyka Umys\u0142u\",\"image\":{\"@type\":\"ImageObject\",\"@id\":\"https:\/\/www.diagnostyka-umyslu.pl\/blog\/#personlogo\",\"inLanguage\":\"pl-PL\",\"url\":\"https:\/\/secure.gravatar.com\/avatar\/6743211f010801ea26aa9423a2daab37?s=96&d=mm&r=g\",\"contentUrl\":\"https:\/\/secure.gravatar.com\/avatar\/6743211f010801ea26aa9423a2daab37?s=96&d=mm&r=g\",\"caption\":\"Diagnostyka Umys\u0142u\"},\"sameAs\":[\"https:\/\/www.diagnostyka-umyslu.pl\/blog\"],\"url\":\"https:\/\/www.diagnostyka-umyslu.pl\/blog\/author\/diagnostyka-umyslu\/\"}]}<\/script>\n<!-- \/ Yoast SEO plugin. -->","yoast_head_json":{"title":"Dysleksja wzrokowa - Opto-dysleksja - Diagnostyka Umys\u0142u","description":"Dysleksja wzrokowa to zaburzenie zdolno\u015bci percepcji wzrokowej, zapami\u0119tywania wra\u017ce\u0144 wizualnych lub problemy zwi\u0105zane z koordynacj\u0105 wzrokowo-ruchow\u0105.","robots":{"index":"index","follow":"follow","max-snippet":"max-snippet:-1","max-image-preview":"max-image-preview:large","max-video-preview":"max-video-preview:-1"},"canonical":"https:\/\/www.diagnostyka-umyslu.pl\/blog\/dysleksja\/dysleksja-wzrokowa\/","og_locale":"pl_PL","og_type":"article","og_title":"Dysleksja wzrokowa - Opto-dysleksja - Diagnostyka Umys\u0142u","og_description":"Dysleksja wzrokowa to zaburzenie zdolno\u015bci percepcji wzrokowej, zapami\u0119tywania wra\u017ce\u0144 wizualnych lub problemy zwi\u0105zane z koordynacj\u0105 wzrokowo-ruchow\u0105.","og_url":"https:\/\/www.diagnostyka-umyslu.pl\/blog\/dysleksja\/dysleksja-wzrokowa\/","og_site_name":"Diagnostyka Umys\u0142u","article_published_time":"2021-05-09T06:00:08+00:00","article_modified_time":"2021-05-08T12:46:11+00:00","og_image":[{"width":839,"height":400,"url":"https:\/\/www.diagnostyka-umyslu.pl\/blog\/wp-content\/uploads\/2021\/05\/2-3.jpg","type":"image\/jpeg"}],"twitter_card":"summary_large_image","twitter_misc":{"Napisane przez":"Diagnostyka Umys\u0142u","Szacowany czas czytania":"2 minuty"},"schema":{"@context":"https:\/\/schema.org","@graph":[{"@type":"Organization","@id":"https:\/\/www.diagnostyka-umyslu.pl\/blog\/#organization","name":"Diagnostyka Umys\u0142u","url":"https:\/\/www.diagnostyka-umyslu.pl\/blog\/","sameAs":[],"logo":{"@type":"ImageObject","@id":"https:\/\/www.diagnostyka-umyslu.pl\/blog\/#logo","inLanguage":"pl-PL","url":"https:\/\/www.diagnostyka-umyslu.pl\/blog\/wp-content\/uploads\/2021\/05\/logo.png","contentUrl":"https:\/\/www.diagnostyka-umyslu.pl\/blog\/wp-content\/uploads\/2021\/05\/logo.png","width":236,"height":81,"caption":"Diagnostyka Umys\u0142u"},"image":{"@id":"https:\/\/www.diagnostyka-umyslu.pl\/blog\/#logo"}},{"@type":"WebSite","@id":"https:\/\/www.diagnostyka-umyslu.pl\/blog\/#website","url":"https:\/\/www.diagnostyka-umyslu.pl\/blog\/","name":"Diagnostyka Umys\u0142u","description":"Blog o zaburzeniach umys\u0142u","publisher":{"@id":"https:\/\/www.diagnostyka-umyslu.pl\/blog\/#organization"},"potentialAction":[{"@type":"SearchAction","target":{"@type":"EntryPoint","urlTemplate":"https:\/\/www.diagnostyka-umyslu.pl\/blog\/?s={search_term_string}"},"query-input":"required name=search_term_string"}],"inLanguage":"pl-PL"},{"@type":"ImageObject","@id":"https:\/\/www.diagnostyka-umyslu.pl\/blog\/dysleksja\/dysleksja-wzrokowa\/#primaryimage","inLanguage":"pl-PL","url":"https:\/\/www.diagnostyka-umyslu.pl\/blog\/wp-content\/uploads\/2021\/05\/2-3.jpg","contentUrl":"https:\/\/www.diagnostyka-umyslu.pl\/blog\/wp-content\/uploads\/2021\/05\/2-3.jpg","width":839,"height":400},{"@type":"WebPage","@id":"https:\/\/www.diagnostyka-umyslu.pl\/blog\/dysleksja\/dysleksja-wzrokowa\/#webpage","url":"https:\/\/www.diagnostyka-umyslu.pl\/blog\/dysleksja\/dysleksja-wzrokowa\/","name":"Dysleksja wzrokowa - Opto-dysleksja - Diagnostyka Umys\u0142u","isPartOf":{"@id":"https:\/\/www.diagnostyka-umyslu.pl\/blog\/#website"},"primaryImageOfPage":{"@id":"https:\/\/www.diagnostyka-umyslu.pl\/blog\/dysleksja\/dysleksja-wzrokowa\/#primaryimage"},"datePublished":"2021-05-09T06:00:08+00:00","dateModified":"2021-05-08T12:46:11+00:00","description":"Dysleksja wzrokowa to zaburzenie zdolno\u015bci percepcji wzrokowej, zapami\u0119tywania wra\u017ce\u0144 wizualnych lub problemy zwi\u0105zane z koordynacj\u0105 wzrokowo-ruchow\u0105.","breadcrumb":{"@id":"https:\/\/www.diagnostyka-umyslu.pl\/blog\/dysleksja\/dysleksja-wzrokowa\/#breadcrumb"},"inLanguage":"pl-PL","potentialAction":[{"@type":"ReadAction","target":["https:\/\/www.diagnostyka-umyslu.pl\/blog\/dysleksja\/dysleksja-wzrokowa\/"]}]},{"@type":"BreadcrumbList","@id":"https:\/\/www.diagnostyka-umyslu.pl\/blog\/dysleksja\/dysleksja-wzrokowa\/#breadcrumb","itemListElement":[{"@type":"ListItem","position":1,"name":"Strona g\u0142\u00f3wna","item":"https:\/\/www.diagnostyka-umyslu.pl\/blog\/"},{"@type":"ListItem","position":2,"name":"Dysleksja","item":"https:\/\/www.diagnostyka-umyslu.pl\/blog\/dysleksja\/"},{"@type":"ListItem","position":3,"name":"Dysleksja wzrokowa"}]},{"@type":"Article","@id":"https:\/\/www.diagnostyka-umyslu.pl\/blog\/dysleksja\/dysleksja-wzrokowa\/#article","isPartOf":{"@id":"https:\/\/www.diagnostyka-umyslu.pl\/blog\/dysleksja\/dysleksja-wzrokowa\/#webpage"},"author":{"@id":"https:\/\/www.diagnostyka-umyslu.pl\/blog\/#\/schema\/person\/8eb1bcaf59fea75c780c11946f4e3490"},"headline":"Dysleksja wzrokowa &#8211; Opto-dysleksja","datePublished":"2021-05-09T06:00:08+00:00","dateModified":"2021-05-08T12:46:11+00:00","mainEntityOfPage":{"@id":"https:\/\/www.diagnostyka-umyslu.pl\/blog\/dysleksja\/dysleksja-wzrokowa\/#webpage"},"wordCount":269,"publisher":{"@id":"https:\/\/www.diagnostyka-umyslu.pl\/blog\/#organization"},"image":{"@id":"https:\/\/www.diagnostyka-umyslu.pl\/blog\/dysleksja\/dysleksja-wzrokowa\/#primaryimage"},"thumbnailUrl":"https:\/\/www.diagnostyka-umyslu.pl\/blog\/wp-content\/uploads\/2021\/05\/2-3.jpg","articleSection":["Dysleksja"],"inLanguage":"pl-PL"},{"@type":"Person","@id":"https:\/\/www.diagnostyka-umyslu.pl\/blog\/#\/schema\/person\/8eb1bcaf59fea75c780c11946f4e3490","name":"Diagnostyka Umys\u0142u","image":{"@type":"ImageObject","@id":"https:\/\/www.diagnostyka-umyslu.pl\/blog\/#personlogo","inLanguage":"pl-PL","url":"https:\/\/secure.gravatar.com\/avatar\/6743211f010801ea26aa9423a2daab37?s=96&d=mm&r=g","contentUrl":"https:\/\/secure.gravatar.com\/avatar\/6743211f010801ea26aa9423a2daab37?s=96&d=mm&r=g","caption":"Diagnostyka Umys\u0142u"},"sameAs":["https:\/\/www.diagnostyka-umyslu.pl\/blog"],"url":"https:\/\/www.diagnostyka-umyslu.pl\/blog\/author\/diagnostyka-umyslu\/"}]}},"amp_enabled":true,"_links":{"self":[{"href":"https:\/\/www.diagnostyka-umyslu.pl\/blog\/wp-json\/wp\/v2\/posts\/820"}],"collection":[{"href":"https:\/\/www.diagnostyka-umyslu.pl\/blog\/wp-json\/wp\/v2\/posts"}],"about":[{"href":"https:\/\/www.diagnostyka-umyslu.pl\/blog\/wp-json\/wp\/v2\/types\/post"}],"author":[{"embeddable":true,"href":"https:\/\/www.diagnostyka-umyslu.pl\/blog\/wp-json\/wp\/v2\/users\/1"}],"replies":[{"embeddable":true,"href":"https:\/\/www.diagnostyka-umyslu.pl\/blog\/wp-json\/wp\/v2\/comments?post=820"}],"version-history":[{"count":3,"href":"https:\/\/www.diagnostyka-umyslu.pl\/blog\/wp-json\/wp\/v2\/posts\/820\/revisions"}],"predecessor-version":[{"id":850,"href":"https:\/\/www.diagnostyka-umyslu.pl\/blog\/wp-json\/wp\/v2\/posts\/820\/revisions\/850"}],"wp:featuredmedia":[{"embeddable":true,"href":"https:\/\/www.diagnostyka-umyslu.pl\/blog\/wp-json\/wp\/v2\/media\/848"}],"wp:attachment":[{"href":"https:\/\/www.diagnostyka-umyslu.pl\/blog\/wp-json\/wp\/v2\/media?parent=820"}],"wp:term":[{"taxonomy":"category","embeddable":true,"href":"https:\/\/www.diagnostyka-umyslu.pl\/blog\/wp-json\/wp\/v2\/categories?post=820"},{"taxonomy":"post_tag","embeddable":true,"href":"https:\/\/www.diagnostyka-umyslu.pl\/blog\/wp-json\/wp\/v2\/tags?post=820"}],"curies":[{"name":"wp","href":"https:\/\/api.w.org\/{rel}","templated":true}]}}