{"id":829,"date":"2021-05-14T08:00:16","date_gmt":"2021-05-14T06:00:16","guid":{"rendered":"https:\/\/www.diagnostyka-umyslu.pl\/blog\/?p=829"},"modified":"2021-05-20T15:21:17","modified_gmt":"2021-05-20T13:21:17","slug":"dysleksja-typu-mieszanego","status":"publish","type":"post","link":"https:\/\/www.diagnostyka-umyslu.pl\/blog\/dysleksja\/dysleksja-typu-mieszanego\/","title":{"rendered":"Dysleksja typu mieszanego"},"content":{"rendered":"<p><strong>Dysleksja mieszana<\/strong> to typ dysleksji w kt\u00f3rej wyst\u0119puj\u0105 zaburzenia zar\u00f3wno percepcji s\u0142uchowej, wzrokowej, pami\u0119ci wzrokowo-s\u0142uchowej oraz wyobra\u017ani przestrzennej.<\/p>\n<h4>R\u00f3\u017cne oblicza dysleksji \u2013 od czego to zale\u017cy?<\/h4>\n<p>Dysleksja rozwojowa jest zaburzeniem o podstawie neurobiologicznej, a zatem jest zwi\u0105zana z innym ni\u017c zwykle funkcjonowaniem m\u00f3zgu. Je\u015bli nieprawid\u0142owo\u015bci s\u0105 w p\u0142atach potylicznych, dziecko mo\u017ce mie\u0107 problem z r\u00f3\u017cnicowaniem kszta\u0142tu liter, problemy z pisaniem. Je\u015bli zmiany s\u0105 w p\u0142acie skroniowym, to dziecko mo\u017ce nie r\u00f3\u017cnicowa\u0107 liter, kt\u00f3re r\u00f3\u017cni\u0105 si\u0119 jedn\u0105 cech\u0105, np. d\u017awi\u0119czno\u015bci\u0105 i bezd\u017awi\u0119czno\u015bci\u0105, jak p-b, k-g. Zmiany w p\u0142acie czo\u0142owym (gdzie dokonuje si\u0119 analiza semantyczna, czyli znaczeniowa) sprawiaj\u0105, \u017ce dziecko mo\u017ce mie\u0107 problemy z pami\u0119ci\u0105 i koncentracj\u0105 uwagi.<\/p>\n<p>W mi\u0119dzyczasie skorzystaj z naszego <a href=\"https:\/\/www.diagnostyka-umyslu.pl\/test-na-dysleksje\">testu na dysleksj\u0119<\/a>, aby wykona\u0107 ocen\u0119, czy Twoje dziecko mo\u017ce wykazywa\u0107 zaburzenia ze spektrum dysleksji.<\/p>\n<h4>Objawy, kt\u00f3re mog\u0105 sugerowa\u0107 dysleksj\u0119 rozwojow\u0105, to m.in.:<\/h4>\n<ul>\n<li>nier\u00f3\u017cnicowanie pewnych d\u017awi\u0119k\u00f3w \u2013 tych, kt\u00f3re r\u00f3\u017cni\u0105 si\u0119 jedn\u0105 cech\u0105, np. d\u017awi\u0119czno\u015bci\u0105 i bezd\u017awi\u0119czno\u015bci\u0105, jak p-b, k-g,<\/li>\n<li>niech\u0119\u0107 do nauki czytania \u2013 wynika to z problemu z opanowaniem liter i powtarzaniem s\u0142\u00f3w, kt\u00f3re s\u0105 zapisane,<\/li>\n<li>problemy z koordynacj\u0105 ruchow\u0105 \u2013 dzieci z dysleksj\u0105 rozwojow\u0105 unikaj\u0105 gry w pi\u0142k\u0119, poniewa\u017c maj\u0105 problemy z jej \u0142apaniem,<\/li>\n<li>problemy z orientacj\u0105 kierunkow\u0105 i czasoprzestrzenn\u0105 \u2013 dzieci z dysleksj\u0105 maj\u0105 trudno\u015bci z r\u00f3\u017cnicowaniem prawej i lewej strony oraz z okre\u015bleniem czasu wydarzenia, st\u0105d ich wypowiedzi s\u0105 chaotyczne i niechronologiczne,<\/li>\n<li>nieustalona dominacja jednej strony cia\u0142a (dziecko jest obur\u0119czne albo prawor\u0119czne, ale przez dziurk\u0119 patrzy lewym okiem, nastawia lewe ucho),<\/li>\n<li>zaburzenia uwagi i pami\u0119ci \u2013 dziecko z dysleksj\u0105 ma problemy z zapami\u0119taniem dni tygodnia, nauczeniem si\u0119 wierszyka,<\/li>\n<li>zaburzenia motoryki \u2013 problemy z utrzymaniem r\u00f3wnowagi, nauk\u0105 jazdy na rowerze, gr\u0105 w pi\u0142k\u0119 lub w klasy. Dzieci z dysleksj\u0105 maj\u0105 problem z zapinaniem guzik\u00f3w, zawi\u0105zywaniem<\/li>\n<li>sznurowade\u0142, jedzeniem za pomoc\u0105 sztu\u0107c\u00f3w,<\/li>\n<li>nadruchliwo\u015b\u0107, impulsywno\u015b\u0107, niezr\u00f3wnowa\u017cenie emocjonalne,<\/li>\n<li>trudno\u015bci w pisaniu liter \u2013 zapisywanie ich w lustrzanym odbiciu, a tak\u017ce przestawianie g\u0142osek, przekr\u0119canie s\u0142\u00f3w.<\/li>\n<\/ul>\n<hr \/>\n<p>\u0179r\u00f3d\u0142a:<\/p>\n<ol>\n<li><em>https:\/\/www.pedagogszkolny.pl\/viewpage.php?page_id=14<\/em><\/li>\n<\/ol>\n","protected":false},"excerpt":{"rendered":"<p>Dysleksja mieszana to typ dysleksji w kt\u00f3rej wyst\u0119puj\u0105 zaburzenia zar\u00f3wno percepcji s\u0142uchowej, wzrokowej, pami\u0119ci wzrokowo-s\u0142uchowej oraz wyobra\u017ani przestrzennej. R\u00f3\u017cne oblicza dysleksji \u2013 od czego to&#8230;<\/p>\n","protected":false},"author":1,"featured_media":863,"comment_status":"closed","ping_status":"open","sticky":false,"template":"","format":"standard","meta":[],"categories":[41],"tags":[],"yoast_head":"<!-- This site is optimized with the Yoast SEO plugin v18.1 - https:\/\/yoast.com\/wordpress\/plugins\/seo\/ -->\n<title>Dysleksja typu mieszanego - Diagnostyka Umys\u0142u - Typ dysleksji<\/title>\n<meta name=\"description\" content=\"Dysleksja mieszana to typ dysleksji w kt\u00f3rej wyst\u0119puj\u0105 zaburzenia zar\u00f3wno percepcji s\u0142uchowej, wzrokowej, pami\u0119ci wzrokowo-s\u0142uchowej.\" \/>\n<meta name=\"robots\" content=\"index, follow, max-snippet:-1, max-image-preview:large, max-video-preview:-1\" \/>\n<link rel=\"canonical\" href=\"https:\/\/www.diagnostyka-umyslu.pl\/blog\/dysleksja\/dysleksja-typu-mieszanego\/\" \/>\n<meta property=\"og:locale\" content=\"pl_PL\" \/>\n<meta property=\"og:type\" content=\"article\" \/>\n<meta property=\"og:title\" content=\"Dysleksja typu mieszanego - Diagnostyka Umys\u0142u - Typ dysleksji\" \/>\n<meta property=\"og:description\" content=\"Dysleksja mieszana to typ dysleksji w kt\u00f3rej wyst\u0119puj\u0105 zaburzenia zar\u00f3wno percepcji s\u0142uchowej, wzrokowej, pami\u0119ci wzrokowo-s\u0142uchowej.\" \/>\n<meta property=\"og:url\" content=\"https:\/\/www.diagnostyka-umyslu.pl\/blog\/dysleksja\/dysleksja-typu-mieszanego\/\" \/>\n<meta property=\"og:site_name\" content=\"Diagnostyka Umys\u0142u\" \/>\n<meta property=\"article:published_time\" content=\"2021-05-14T06:00:16+00:00\" \/>\n<meta property=\"article:modified_time\" content=\"2021-05-20T13:21:17+00:00\" \/>\n<meta property=\"og:image\" content=\"https:\/\/www.diagnostyka-umyslu.pl\/blog\/wp-content\/uploads\/2021\/05\/6-1.jpg\" \/>\n\t<meta property=\"og:image:width\" content=\"839\" \/>\n\t<meta property=\"og:image:height\" content=\"400\" \/>\n\t<meta property=\"og:image:type\" content=\"image\/jpeg\" \/>\n<meta name=\"twitter:card\" content=\"summary_large_image\" \/>\n<meta name=\"twitter:label1\" content=\"Napisane przez\" \/>\n\t<meta name=\"twitter:data1\" content=\"Diagnostyka Umys\u0142u\" \/>\n\t<meta name=\"twitter:label2\" content=\"Szacowany czas czytania\" \/>\n\t<meta name=\"twitter:data2\" content=\"2 minuty\" \/>\n<script type=\"application\/ld+json\" class=\"yoast-schema-graph\">{\"@context\":\"https:\/\/schema.org\",\"@graph\":[{\"@type\":\"Organization\",\"@id\":\"https:\/\/www.diagnostyka-umyslu.pl\/blog\/#organization\",\"name\":\"Diagnostyka Umys\u0142u\",\"url\":\"https:\/\/www.diagnostyka-umyslu.pl\/blog\/\",\"sameAs\":[],\"logo\":{\"@type\":\"ImageObject\",\"@id\":\"https:\/\/www.diagnostyka-umyslu.pl\/blog\/#logo\",\"inLanguage\":\"pl-PL\",\"url\":\"https:\/\/www.diagnostyka-umyslu.pl\/blog\/wp-content\/uploads\/2021\/05\/logo.png\",\"contentUrl\":\"https:\/\/www.diagnostyka-umyslu.pl\/blog\/wp-content\/uploads\/2021\/05\/logo.png\",\"width\":236,\"height\":81,\"caption\":\"Diagnostyka Umys\u0142u\"},\"image\":{\"@id\":\"https:\/\/www.diagnostyka-umyslu.pl\/blog\/#logo\"}},{\"@type\":\"WebSite\",\"@id\":\"https:\/\/www.diagnostyka-umyslu.pl\/blog\/#website\",\"url\":\"https:\/\/www.diagnostyka-umyslu.pl\/blog\/\",\"name\":\"Diagnostyka Umys\u0142u\",\"description\":\"Blog o zaburzeniach umys\u0142u\",\"publisher\":{\"@id\":\"https:\/\/www.diagnostyka-umyslu.pl\/blog\/#organization\"},\"potentialAction\":[{\"@type\":\"SearchAction\",\"target\":{\"@type\":\"EntryPoint\",\"urlTemplate\":\"https:\/\/www.diagnostyka-umyslu.pl\/blog\/?s={search_term_string}\"},\"query-input\":\"required name=search_term_string\"}],\"inLanguage\":\"pl-PL\"},{\"@type\":\"ImageObject\",\"@id\":\"https:\/\/www.diagnostyka-umyslu.pl\/blog\/dysleksja\/dysleksja-typu-mieszanego\/#primaryimage\",\"inLanguage\":\"pl-PL\",\"url\":\"https:\/\/www.diagnostyka-umyslu.pl\/blog\/wp-content\/uploads\/2021\/05\/6-1.jpg\",\"contentUrl\":\"https:\/\/www.diagnostyka-umyslu.pl\/blog\/wp-content\/uploads\/2021\/05\/6-1.jpg\",\"width\":839,\"height\":400,\"caption\":\"Dysleksja typu mieszanego\"},{\"@type\":\"WebPage\",\"@id\":\"https:\/\/www.diagnostyka-umyslu.pl\/blog\/dysleksja\/dysleksja-typu-mieszanego\/#webpage\",\"url\":\"https:\/\/www.diagnostyka-umyslu.pl\/blog\/dysleksja\/dysleksja-typu-mieszanego\/\",\"name\":\"Dysleksja typu mieszanego - Diagnostyka Umys\u0142u - Typ dysleksji\",\"isPartOf\":{\"@id\":\"https:\/\/www.diagnostyka-umyslu.pl\/blog\/#website\"},\"primaryImageOfPage\":{\"@id\":\"https:\/\/www.diagnostyka-umyslu.pl\/blog\/dysleksja\/dysleksja-typu-mieszanego\/#primaryimage\"},\"datePublished\":\"2021-05-14T06:00:16+00:00\",\"dateModified\":\"2021-05-20T13:21:17+00:00\",\"description\":\"Dysleksja mieszana to typ dysleksji w kt\u00f3rej wyst\u0119puj\u0105 zaburzenia zar\u00f3wno percepcji s\u0142uchowej, wzrokowej, pami\u0119ci wzrokowo-s\u0142uchowej.\",\"breadcrumb\":{\"@id\":\"https:\/\/www.diagnostyka-umyslu.pl\/blog\/dysleksja\/dysleksja-typu-mieszanego\/#breadcrumb\"},\"inLanguage\":\"pl-PL\",\"potentialAction\":[{\"@type\":\"ReadAction\",\"target\":[\"https:\/\/www.diagnostyka-umyslu.pl\/blog\/dysleksja\/dysleksja-typu-mieszanego\/\"]}]},{\"@type\":\"BreadcrumbList\",\"@id\":\"https:\/\/www.diagnostyka-umyslu.pl\/blog\/dysleksja\/dysleksja-typu-mieszanego\/#breadcrumb\",\"itemListElement\":[{\"@type\":\"ListItem\",\"position\":1,\"name\":\"Strona g\u0142\u00f3wna\",\"item\":\"https:\/\/www.diagnostyka-umyslu.pl\/blog\/\"},{\"@type\":\"ListItem\",\"position\":2,\"name\":\"Dysleksja\",\"item\":\"https:\/\/www.diagnostyka-umyslu.pl\/blog\/dysleksja\/\"},{\"@type\":\"ListItem\",\"position\":3,\"name\":\"Typ Mieszany\"}]},{\"@type\":\"Article\",\"@id\":\"https:\/\/www.diagnostyka-umyslu.pl\/blog\/dysleksja\/dysleksja-typu-mieszanego\/#article\",\"isPartOf\":{\"@id\":\"https:\/\/www.diagnostyka-umyslu.pl\/blog\/dysleksja\/dysleksja-typu-mieszanego\/#webpage\"},\"author\":{\"@id\":\"https:\/\/www.diagnostyka-umyslu.pl\/blog\/#\/schema\/person\/8eb1bcaf59fea75c780c11946f4e3490\"},\"headline\":\"Dysleksja typu mieszanego\",\"datePublished\":\"2021-05-14T06:00:16+00:00\",\"dateModified\":\"2021-05-20T13:21:17+00:00\",\"mainEntityOfPage\":{\"@id\":\"https:\/\/www.diagnostyka-umyslu.pl\/blog\/dysleksja\/dysleksja-typu-mieszanego\/#webpage\"},\"wordCount\":386,\"publisher\":{\"@id\":\"https:\/\/www.diagnostyka-umyslu.pl\/blog\/#organization\"},\"image\":{\"@id\":\"https:\/\/www.diagnostyka-umyslu.pl\/blog\/dysleksja\/dysleksja-typu-mieszanego\/#primaryimage\"},\"thumbnailUrl\":\"https:\/\/www.diagnostyka-umyslu.pl\/blog\/wp-content\/uploads\/2021\/05\/6-1.jpg\",\"articleSection\":[\"Dysleksja\"],\"inLanguage\":\"pl-PL\"},{\"@type\":\"Person\",\"@id\":\"https:\/\/www.diagnostyka-umyslu.pl\/blog\/#\/schema\/person\/8eb1bcaf59fea75c780c11946f4e3490\",\"name\":\"Diagnostyka Umys\u0142u\",\"image\":{\"@type\":\"ImageObject\",\"@id\":\"https:\/\/www.diagnostyka-umyslu.pl\/blog\/#personlogo\",\"inLanguage\":\"pl-PL\",\"url\":\"https:\/\/secure.gravatar.com\/avatar\/6743211f010801ea26aa9423a2daab37?s=96&d=mm&r=g\",\"contentUrl\":\"https:\/\/secure.gravatar.com\/avatar\/6743211f010801ea26aa9423a2daab37?s=96&d=mm&r=g\",\"caption\":\"Diagnostyka Umys\u0142u\"},\"sameAs\":[\"https:\/\/www.diagnostyka-umyslu.pl\/blog\"],\"url\":\"https:\/\/www.diagnostyka-umyslu.pl\/blog\/author\/diagnostyka-umyslu\/\"}]}<\/script>\n<!-- \/ Yoast SEO plugin. -->","yoast_head_json":{"title":"Dysleksja typu mieszanego - Diagnostyka Umys\u0142u - Typ dysleksji","description":"Dysleksja mieszana to typ dysleksji w kt\u00f3rej wyst\u0119puj\u0105 zaburzenia zar\u00f3wno percepcji s\u0142uchowej, wzrokowej, pami\u0119ci wzrokowo-s\u0142uchowej.","robots":{"index":"index","follow":"follow","max-snippet":"max-snippet:-1","max-image-preview":"max-image-preview:large","max-video-preview":"max-video-preview:-1"},"canonical":"https:\/\/www.diagnostyka-umyslu.pl\/blog\/dysleksja\/dysleksja-typu-mieszanego\/","og_locale":"pl_PL","og_type":"article","og_title":"Dysleksja typu mieszanego - Diagnostyka Umys\u0142u - Typ dysleksji","og_description":"Dysleksja mieszana to typ dysleksji w kt\u00f3rej wyst\u0119puj\u0105 zaburzenia zar\u00f3wno percepcji s\u0142uchowej, wzrokowej, pami\u0119ci wzrokowo-s\u0142uchowej.","og_url":"https:\/\/www.diagnostyka-umyslu.pl\/blog\/dysleksja\/dysleksja-typu-mieszanego\/","og_site_name":"Diagnostyka Umys\u0142u","article_published_time":"2021-05-14T06:00:16+00:00","article_modified_time":"2021-05-20T13:21:17+00:00","og_image":[{"width":839,"height":400,"url":"https:\/\/www.diagnostyka-umyslu.pl\/blog\/wp-content\/uploads\/2021\/05\/6-1.jpg","type":"image\/jpeg"}],"twitter_card":"summary_large_image","twitter_misc":{"Napisane przez":"Diagnostyka Umys\u0142u","Szacowany czas czytania":"2 minuty"},"schema":{"@context":"https:\/\/schema.org","@graph":[{"@type":"Organization","@id":"https:\/\/www.diagnostyka-umyslu.pl\/blog\/#organization","name":"Diagnostyka Umys\u0142u","url":"https:\/\/www.diagnostyka-umyslu.pl\/blog\/","sameAs":[],"logo":{"@type":"ImageObject","@id":"https:\/\/www.diagnostyka-umyslu.pl\/blog\/#logo","inLanguage":"pl-PL","url":"https:\/\/www.diagnostyka-umyslu.pl\/blog\/wp-content\/uploads\/2021\/05\/logo.png","contentUrl":"https:\/\/www.diagnostyka-umyslu.pl\/blog\/wp-content\/uploads\/2021\/05\/logo.png","width":236,"height":81,"caption":"Diagnostyka Umys\u0142u"},"image":{"@id":"https:\/\/www.diagnostyka-umyslu.pl\/blog\/#logo"}},{"@type":"WebSite","@id":"https:\/\/www.diagnostyka-umyslu.pl\/blog\/#website","url":"https:\/\/www.diagnostyka-umyslu.pl\/blog\/","name":"Diagnostyka Umys\u0142u","description":"Blog o zaburzeniach umys\u0142u","publisher":{"@id":"https:\/\/www.diagnostyka-umyslu.pl\/blog\/#organization"},"potentialAction":[{"@type":"SearchAction","target":{"@type":"EntryPoint","urlTemplate":"https:\/\/www.diagnostyka-umyslu.pl\/blog\/?s={search_term_string}"},"query-input":"required name=search_term_string"}],"inLanguage":"pl-PL"},{"@type":"ImageObject","@id":"https:\/\/www.diagnostyka-umyslu.pl\/blog\/dysleksja\/dysleksja-typu-mieszanego\/#primaryimage","inLanguage":"pl-PL","url":"https:\/\/www.diagnostyka-umyslu.pl\/blog\/wp-content\/uploads\/2021\/05\/6-1.jpg","contentUrl":"https:\/\/www.diagnostyka-umyslu.pl\/blog\/wp-content\/uploads\/2021\/05\/6-1.jpg","width":839,"height":400,"caption":"Dysleksja typu mieszanego"},{"@type":"WebPage","@id":"https:\/\/www.diagnostyka-umyslu.pl\/blog\/dysleksja\/dysleksja-typu-mieszanego\/#webpage","url":"https:\/\/www.diagnostyka-umyslu.pl\/blog\/dysleksja\/dysleksja-typu-mieszanego\/","name":"Dysleksja typu mieszanego - Diagnostyka Umys\u0142u - Typ dysleksji","isPartOf":{"@id":"https:\/\/www.diagnostyka-umyslu.pl\/blog\/#website"},"primaryImageOfPage":{"@id":"https:\/\/www.diagnostyka-umyslu.pl\/blog\/dysleksja\/dysleksja-typu-mieszanego\/#primaryimage"},"datePublished":"2021-05-14T06:00:16+00:00","dateModified":"2021-05-20T13:21:17+00:00","description":"Dysleksja mieszana to typ dysleksji w kt\u00f3rej wyst\u0119puj\u0105 zaburzenia zar\u00f3wno percepcji s\u0142uchowej, wzrokowej, pami\u0119ci wzrokowo-s\u0142uchowej.","breadcrumb":{"@id":"https:\/\/www.diagnostyka-umyslu.pl\/blog\/dysleksja\/dysleksja-typu-mieszanego\/#breadcrumb"},"inLanguage":"pl-PL","potentialAction":[{"@type":"ReadAction","target":["https:\/\/www.diagnostyka-umyslu.pl\/blog\/dysleksja\/dysleksja-typu-mieszanego\/"]}]},{"@type":"BreadcrumbList","@id":"https:\/\/www.diagnostyka-umyslu.pl\/blog\/dysleksja\/dysleksja-typu-mieszanego\/#breadcrumb","itemListElement":[{"@type":"ListItem","position":1,"name":"Strona g\u0142\u00f3wna","item":"https:\/\/www.diagnostyka-umyslu.pl\/blog\/"},{"@type":"ListItem","position":2,"name":"Dysleksja","item":"https:\/\/www.diagnostyka-umyslu.pl\/blog\/dysleksja\/"},{"@type":"ListItem","position":3,"name":"Typ Mieszany"}]},{"@type":"Article","@id":"https:\/\/www.diagnostyka-umyslu.pl\/blog\/dysleksja\/dysleksja-typu-mieszanego\/#article","isPartOf":{"@id":"https:\/\/www.diagnostyka-umyslu.pl\/blog\/dysleksja\/dysleksja-typu-mieszanego\/#webpage"},"author":{"@id":"https:\/\/www.diagnostyka-umyslu.pl\/blog\/#\/schema\/person\/8eb1bcaf59fea75c780c11946f4e3490"},"headline":"Dysleksja typu mieszanego","datePublished":"2021-05-14T06:00:16+00:00","dateModified":"2021-05-20T13:21:17+00:00","mainEntityOfPage":{"@id":"https:\/\/www.diagnostyka-umyslu.pl\/blog\/dysleksja\/dysleksja-typu-mieszanego\/#webpage"},"wordCount":386,"publisher":{"@id":"https:\/\/www.diagnostyka-umyslu.pl\/blog\/#organization"},"image":{"@id":"https:\/\/www.diagnostyka-umyslu.pl\/blog\/dysleksja\/dysleksja-typu-mieszanego\/#primaryimage"},"thumbnailUrl":"https:\/\/www.diagnostyka-umyslu.pl\/blog\/wp-content\/uploads\/2021\/05\/6-1.jpg","articleSection":["Dysleksja"],"inLanguage":"pl-PL"},{"@type":"Person","@id":"https:\/\/www.diagnostyka-umyslu.pl\/blog\/#\/schema\/person\/8eb1bcaf59fea75c780c11946f4e3490","name":"Diagnostyka Umys\u0142u","image":{"@type":"ImageObject","@id":"https:\/\/www.diagnostyka-umyslu.pl\/blog\/#personlogo","inLanguage":"pl-PL","url":"https:\/\/secure.gravatar.com\/avatar\/6743211f010801ea26aa9423a2daab37?s=96&d=mm&r=g","contentUrl":"https:\/\/secure.gravatar.com\/avatar\/6743211f010801ea26aa9423a2daab37?s=96&d=mm&r=g","caption":"Diagnostyka Umys\u0142u"},"sameAs":["https:\/\/www.diagnostyka-umyslu.pl\/blog"],"url":"https:\/\/www.diagnostyka-umyslu.pl\/blog\/author\/diagnostyka-umyslu\/"}]}},"amp_enabled":true,"_links":{"self":[{"href":"https:\/\/www.diagnostyka-umyslu.pl\/blog\/wp-json\/wp\/v2\/posts\/829"}],"collection":[{"href":"https:\/\/www.diagnostyka-umyslu.pl\/blog\/wp-json\/wp\/v2\/posts"}],"about":[{"href":"https:\/\/www.diagnostyka-umyslu.pl\/blog\/wp-json\/wp\/v2\/types\/post"}],"author":[{"embeddable":true,"href":"https:\/\/www.diagnostyka-umyslu.pl\/blog\/wp-json\/wp\/v2\/users\/1"}],"replies":[{"embeddable":true,"href":"https:\/\/www.diagnostyka-umyslu.pl\/blog\/wp-json\/wp\/v2\/comments?post=829"}],"version-history":[{"count":3,"href":"https:\/\/www.diagnostyka-umyslu.pl\/blog\/wp-json\/wp\/v2\/posts\/829\/revisions"}],"predecessor-version":[{"id":921,"href":"https:\/\/www.diagnostyka-umyslu.pl\/blog\/wp-json\/wp\/v2\/posts\/829\/revisions\/921"}],"wp:featuredmedia":[{"embeddable":true,"href":"https:\/\/www.diagnostyka-umyslu.pl\/blog\/wp-json\/wp\/v2\/media\/863"}],"wp:attachment":[{"href":"https:\/\/www.diagnostyka-umyslu.pl\/blog\/wp-json\/wp\/v2\/media?parent=829"}],"wp:term":[{"taxonomy":"category","embeddable":true,"href":"https:\/\/www.diagnostyka-umyslu.pl\/blog\/wp-json\/wp\/v2\/categories?post=829"},{"taxonomy":"post_tag","embeddable":true,"href":"https:\/\/www.diagnostyka-umyslu.pl\/blog\/wp-json\/wp\/v2\/tags?post=829"}],"curies":[{"name":"wp","href":"https:\/\/api.w.org\/{rel}","templated":true}]}}