{"id":838,"date":"2021-05-16T08:00:55","date_gmt":"2021-05-16T06:00:55","guid":{"rendered":"https:\/\/www.diagnostyka-umyslu.pl\/blog\/?p=838"},"modified":"2021-05-08T14:52:31","modified_gmt":"2021-05-08T12:52:31","slug":"symptomy-dysleksji","status":"publish","type":"post","link":"https:\/\/www.diagnostyka-umyslu.pl\/blog\/dysleksja\/symptomy-dysleksji\/","title":{"rendered":"Symptomy dysleksji"},"content":{"rendered":"<h4>W zakresie czytania symptomami dysleksji mog\u0105 by\u0107:<\/h4>\n<ul>\n<li>trudno\u015bci z podzia\u0142em s\u0142owa na sylaby, z\u0142\u0105czeniem sylab w s\u0142owo;<\/li>\n<li>przekr\u0119canie wyraz\u00f3w;<\/li>\n<li>odczytywanie kr\u00f3tkich wyraz\u00f3w od ty\u0142u;<\/li>\n<li>pomijanie, dodawanie wyraz\u00f3w;<\/li>\n<li>pomijanie lub ponowne odczytywanie linijek tekstu;<\/li>\n<li>gubienie miejsca, w kt\u00f3rym si\u0119 czyta;<\/li>\n<li>pomijanie interpunkcji;<\/li>\n<li>niew\u0142a\u015bciwa intonacja czytanego tekstu;<\/li>\n<li>czytanie wolne, niep\u0142ynne, nierytmiczne;<\/li>\n<li>niski poziom zrozumienia przeczytanego lub wys\u0142uchanego tekstu;<\/li>\n<li>trudno\u015bci z wyszukaniem najwa\u017cniejszych my\u015bli w tek\u015bcie;<\/li>\n<li>problemy z zapami\u0119taniem informacji zawartych w przeczytanym lub wys\u0142uchanym tek\u015bcie.<\/li>\n<\/ul>\n<h4>W obszarze pisma o dysleksji mog\u0105 \u015bwiadczy\u0107:<\/h4>\n<ul>\n<li>nieprawid\u0142owy chwyt narz\u0119dzi pisarskich;<\/li>\n<li>zaburzenia tonusu mi\u0119\u015bniowego d\u0142oni, nadgarstka;<\/li>\n<li>wolne tempo pisania;<\/li>\n<li>za du\u017ce, za ma\u0142e po\u0142\u0105czenia mi\u0119dzy literami, cyframi;<\/li>\n<li>brak wi\u0105zania liter ze sob\u0105;<\/li>\n<li>pomijanie znak\u00f3w diakrytycznych (kropka, haczyk) nad i pod literami;<\/li>\n<li>deformowanie kszta\u0142tu liter, cyfr;<\/li>\n<li>nieczytelne pismo;<\/li>\n<li>opuszczanie, dodawanie, przestawianie (inwersje) kolejno\u015bci liter w wyrazie;<\/li>\n<li>mylenie, zwierciadlane odwracanie liter, cyfr podobnie wygl\u0105daj\u0105cych;<\/li>\n<li>zapisywanie wyraz\u00f3w od prawej do lewej strony;<\/li>\n<li>pismo lustrzane;<\/li>\n<li>niew\u0142a\u015bciwy dob\u00f3r liter do zapisu g\u0142osek podobnych fonetycznie;<\/li>\n<li>pisanie zgodne z wymow\u0105, a nie z ortografi\u0105;<\/li>\n<li>niew\u0142a\u015bciwe stosowanie ma\u0142ych i du\u017cych liter;<\/li>\n<li>dodawanie, pomijanie, przestawianie kolejno\u015bci wyraz\u00f3w w zdaniu;<\/li>\n<li>opuszczanie ko\u0144c\u00f3wek wyraz\u00f3w;<\/li>\n<li>zapisywanie wyraz\u00f3w w r\u00f3\u017cny spos\u00f3b w tej samej pracy;<\/li>\n<li>brak lub niew\u0142a\u015bciwe stosowanie interpunkcji;<\/li>\n<li>nieprawid\u0142owe rozmieszczenie tekstu w przestrzeni, problem z zachowaniem marginesu.<\/li>\n<\/ul>\n<h4>W odniesieniu do rysowania i wykonywania innych prac plastycznych dysleksj\u0119 mog\u0105 oznacza\u0107:<\/h4>\n<ul>\n<li>szybka, du\u017ca m\u0119czliwo\u015b\u0107 r\u0119ki;<\/li>\n<li>niska precyzja ruch\u00f3w d\u0142oni, palc\u00f3w;<\/li>\n<li>s\u0142aba koordynacja oka i r\u0119ki;<\/li>\n<li>rysunki uproszczone, schematyczne, pomijaj\u0105ce detale;<\/li>\n<li>zak\u0142\u00f3cenia proporcji element\u00f3w umieszczonych w pracy plastycznej;<\/li>\n<li>niew\u0142a\u015bciwe rozplanowanie, zaburzona kompozycja prac plastycznych;<\/li>\n<li>b\u0142\u0119dny kierunek podczas rysowania i odtwarzania figur, wzor\u00f3w.<\/li>\n<\/ul>\n<h4>W zakresie motoryki na dysleksj\u0119 mog\u0105 wskazywa\u0107:<\/h4>\n<ul>\n<li>op\u00f3\u017aniony lub nietypowy rozw\u00f3j ruchowy;<\/li>\n<li>niska sprawno\u015b\u0107 i koordynacja ruchowa w zakresie motoryki du\u017cej i ma\u0142ej;<\/li>\n<li>og\u00f3lna niezgrabno\u015b\u0107 ruchowa;<\/li>\n<li>trudno\u015bci z wykonaniem z\u0142o\u017conych, sekwencyjnych czynno\u015bci ruchowych \u2013 np. uk\u0142ad\u00f3w gimnastycznych, krok\u00f3w tanecznych (dyspraksja).<\/li>\n<\/ul>\n<h4>W odniesieniu do pami\u0119ci objawami dysleksji mog\u0105 by\u0107:<\/h4>\n<ul>\n<li>trudno\u015bci w zapami\u0119tywaniu wierszyk\u00f3w, piosenek, nazw, nazwisk, dat, terminologii, numer\u00f3w telefon\u00f3w, adres\u00f3w, liczb, tabliczki mno\u017cenia;<\/li>\n<li>problemy z zapami\u0119tywaniem d\u0142u\u017cszych, z\u0142o\u017conych polece\u0144;<\/li>\n<li>trudno\u015bci z przypominaniem sobie znanych s\u0142\u00f3w;<\/li>\n<li>utrudnione zapami\u0119tywanie nowych s\u0142\u00f3w;<\/li>\n<li>gubienie w\u0105tku podczas pisania wypracowa\u0144.<\/li>\n<\/ul>\n<h4>W aspekcie mowy i komunikacji werbalnej o dysleksji mog\u0105 \u015bwiadczy\u0107:<\/h4>\n<ul>\n<li>op\u00f3\u017anienie rozwoju mowy;<\/li>\n<li>mylenie podobnie brzmi\u0105cych g\u0142osek, sylab, s\u0142\u00f3w;<\/li>\n<li>przekr\u0119canie, zmiana brzmienia trudnych, d\u0142ugich wyraz\u00f3w;<\/li>\n<li>problemy z poprawn\u0105 wymow\u0105 nowo poznanych s\u0142\u00f3w;<\/li>\n<li>b\u0142\u0119dy gramatyczne (agramatyzmy);<\/li>\n<li>ograniczony zas\u00f3b s\u0142ownictwa czynnego;<\/li>\n<li>trudno\u015bci z budowaniem d\u0142u\u017cszych, z\u0142o\u017conych wypowiedzi;<\/li>\n<li>zaburzone rozumienie mowy w ha\u0142asie.<\/li>\n<\/ul>\n<hr \/>\n<p>\u0179r\u00f3d\u0142a:<\/p>\n<ol>\n<li><em>M. D\u0105browska: Dysleksja w uj\u0119ciu psycholingwistycznym. Przegl\u0105d bada\u0144. Psychologia Wychowawcza Nr 4 1995 r.<\/em><\/li>\n<li><em>https:\/\/zdrowie.radiozet.pl\/Ciaza-i-dziecko\/Zdrowie-dziecka\/Dysleksja-rozwojowa-na-czym-polega-to-zaburzenie?<\/em><\/li>\n<li><em>M. Bogdanowicz, A. Borkowska, Model rozpoznawania specyficznych trudno\u015bci w czytaniu i pisaniu<\/em><\/li>\n<li><em>M.B. Pecyna (red.), Dysleksja rozwojowa. Fakt i tajemnica w diagnostyce psychologiczno-pedagogicznej<\/em><\/li>\n<\/ol>\n","protected":false},"excerpt":{"rendered":"<p>W zakresie czytania symptomami dysleksji mog\u0105 by\u0107: trudno\u015bci z podzia\u0142em s\u0142owa na sylaby, z\u0142\u0105czeniem sylab w s\u0142owo; przekr\u0119canie wyraz\u00f3w; odczytywanie kr\u00f3tkich wyraz\u00f3w od ty\u0142u; pomijanie,&#8230;<\/p>\n","protected":false},"author":1,"featured_media":869,"comment_status":"closed","ping_status":"open","sticky":false,"template":"","format":"standard","meta":[],"categories":[41],"tags":[],"yoast_head":"<!-- This site is optimized with the Yoast SEO plugin v18.1 - https:\/\/yoast.com\/wordpress\/plugins\/seo\/ -->\n<title>Symptomy dysleksji - Diagnostyka Umys\u0142u - Objawy dysleksji<\/title>\n<meta name=\"description\" content=\"Dysleksja mo\u017ce objawia\u0107 si\u0119 na wiele sposob\u00f3w, a tak\u017ce mo\u017ce wyst\u0119powa\u0107 we wszystkich sferach funkcjonowania cz\u0142owieka. Symptomy dysleksji.\" \/>\n<meta name=\"robots\" content=\"index, follow, max-snippet:-1, max-image-preview:large, max-video-preview:-1\" \/>\n<link rel=\"canonical\" href=\"https:\/\/www.diagnostyka-umyslu.pl\/blog\/dysleksja\/symptomy-dysleksji\/\" \/>\n<meta property=\"og:locale\" content=\"pl_PL\" \/>\n<meta property=\"og:type\" content=\"article\" \/>\n<meta property=\"og:title\" content=\"Symptomy dysleksji - Diagnostyka Umys\u0142u - Objawy dysleksji\" \/>\n<meta property=\"og:description\" content=\"Dysleksja mo\u017ce objawia\u0107 si\u0119 na wiele sposob\u00f3w, a tak\u017ce mo\u017ce wyst\u0119powa\u0107 we wszystkich sferach funkcjonowania cz\u0142owieka. Symptomy dysleksji.\" \/>\n<meta property=\"og:url\" content=\"https:\/\/www.diagnostyka-umyslu.pl\/blog\/dysleksja\/symptomy-dysleksji\/\" \/>\n<meta property=\"og:site_name\" content=\"Diagnostyka Umys\u0142u\" \/>\n<meta property=\"article:published_time\" content=\"2021-05-16T06:00:55+00:00\" \/>\n<meta property=\"article:modified_time\" content=\"2021-05-08T12:52:31+00:00\" \/>\n<meta property=\"og:image\" content=\"https:\/\/www.diagnostyka-umyslu.pl\/blog\/wp-content\/uploads\/2021\/05\/8.jpg\" \/>\n\t<meta property=\"og:image:width\" content=\"839\" \/>\n\t<meta property=\"og:image:height\" content=\"400\" \/>\n\t<meta property=\"og:image:type\" content=\"image\/jpeg\" \/>\n<meta name=\"twitter:card\" content=\"summary_large_image\" \/>\n<meta name=\"twitter:label1\" content=\"Napisane przez\" \/>\n\t<meta name=\"twitter:data1\" content=\"Diagnostyka Umys\u0142u\" \/>\n\t<meta name=\"twitter:label2\" content=\"Szacowany czas czytania\" \/>\n\t<meta name=\"twitter:data2\" content=\"2 minuty\" \/>\n<script type=\"application\/ld+json\" class=\"yoast-schema-graph\">{\"@context\":\"https:\/\/schema.org\",\"@graph\":[{\"@type\":\"Organization\",\"@id\":\"https:\/\/www.diagnostyka-umyslu.pl\/blog\/#organization\",\"name\":\"Diagnostyka Umys\u0142u\",\"url\":\"https:\/\/www.diagnostyka-umyslu.pl\/blog\/\",\"sameAs\":[],\"logo\":{\"@type\":\"ImageObject\",\"@id\":\"https:\/\/www.diagnostyka-umyslu.pl\/blog\/#logo\",\"inLanguage\":\"pl-PL\",\"url\":\"https:\/\/www.diagnostyka-umyslu.pl\/blog\/wp-content\/uploads\/2021\/05\/logo.png\",\"contentUrl\":\"https:\/\/www.diagnostyka-umyslu.pl\/blog\/wp-content\/uploads\/2021\/05\/logo.png\",\"width\":236,\"height\":81,\"caption\":\"Diagnostyka Umys\u0142u\"},\"image\":{\"@id\":\"https:\/\/www.diagnostyka-umyslu.pl\/blog\/#logo\"}},{\"@type\":\"WebSite\",\"@id\":\"https:\/\/www.diagnostyka-umyslu.pl\/blog\/#website\",\"url\":\"https:\/\/www.diagnostyka-umyslu.pl\/blog\/\",\"name\":\"Diagnostyka Umys\u0142u\",\"description\":\"Blog o zaburzeniach umys\u0142u\",\"publisher\":{\"@id\":\"https:\/\/www.diagnostyka-umyslu.pl\/blog\/#organization\"},\"potentialAction\":[{\"@type\":\"SearchAction\",\"target\":{\"@type\":\"EntryPoint\",\"urlTemplate\":\"https:\/\/www.diagnostyka-umyslu.pl\/blog\/?s={search_term_string}\"},\"query-input\":\"required name=search_term_string\"}],\"inLanguage\":\"pl-PL\"},{\"@type\":\"ImageObject\",\"@id\":\"https:\/\/www.diagnostyka-umyslu.pl\/blog\/dysleksja\/symptomy-dysleksji\/#primaryimage\",\"inLanguage\":\"pl-PL\",\"url\":\"https:\/\/www.diagnostyka-umyslu.pl\/blog\/wp-content\/uploads\/2021\/05\/8.jpg\",\"contentUrl\":\"https:\/\/www.diagnostyka-umyslu.pl\/blog\/wp-content\/uploads\/2021\/05\/8.jpg\",\"width\":839,\"height\":400,\"caption\":\"Symptomy dysleksji\"},{\"@type\":\"WebPage\",\"@id\":\"https:\/\/www.diagnostyka-umyslu.pl\/blog\/dysleksja\/symptomy-dysleksji\/#webpage\",\"url\":\"https:\/\/www.diagnostyka-umyslu.pl\/blog\/dysleksja\/symptomy-dysleksji\/\",\"name\":\"Symptomy dysleksji - Diagnostyka Umys\u0142u - Objawy dysleksji\",\"isPartOf\":{\"@id\":\"https:\/\/www.diagnostyka-umyslu.pl\/blog\/#website\"},\"primaryImageOfPage\":{\"@id\":\"https:\/\/www.diagnostyka-umyslu.pl\/blog\/dysleksja\/symptomy-dysleksji\/#primaryimage\"},\"datePublished\":\"2021-05-16T06:00:55+00:00\",\"dateModified\":\"2021-05-08T12:52:31+00:00\",\"description\":\"Dysleksja mo\u017ce objawia\u0107 si\u0119 na wiele sposob\u00f3w, a tak\u017ce mo\u017ce wyst\u0119powa\u0107 we wszystkich sferach funkcjonowania cz\u0142owieka. Symptomy dysleksji.\",\"breadcrumb\":{\"@id\":\"https:\/\/www.diagnostyka-umyslu.pl\/blog\/dysleksja\/symptomy-dysleksji\/#breadcrumb\"},\"inLanguage\":\"pl-PL\",\"potentialAction\":[{\"@type\":\"ReadAction\",\"target\":[\"https:\/\/www.diagnostyka-umyslu.pl\/blog\/dysleksja\/symptomy-dysleksji\/\"]}]},{\"@type\":\"BreadcrumbList\",\"@id\":\"https:\/\/www.diagnostyka-umyslu.pl\/blog\/dysleksja\/symptomy-dysleksji\/#breadcrumb\",\"itemListElement\":[{\"@type\":\"ListItem\",\"position\":1,\"name\":\"Strona g\u0142\u00f3wna\",\"item\":\"https:\/\/www.diagnostyka-umyslu.pl\/blog\/\"},{\"@type\":\"ListItem\",\"position\":2,\"name\":\"Dysleksja\",\"item\":\"https:\/\/www.diagnostyka-umyslu.pl\/blog\/dysleksja\/\"},{\"@type\":\"ListItem\",\"position\":3,\"name\":\"Symptomy\"}]},{\"@type\":\"Article\",\"@id\":\"https:\/\/www.diagnostyka-umyslu.pl\/blog\/dysleksja\/symptomy-dysleksji\/#article\",\"isPartOf\":{\"@id\":\"https:\/\/www.diagnostyka-umyslu.pl\/blog\/dysleksja\/symptomy-dysleksji\/#webpage\"},\"author\":{\"@id\":\"https:\/\/www.diagnostyka-umyslu.pl\/blog\/#\/schema\/person\/8eb1bcaf59fea75c780c11946f4e3490\"},\"headline\":\"Symptomy dysleksji\",\"datePublished\":\"2021-05-16T06:00:55+00:00\",\"dateModified\":\"2021-05-08T12:52:31+00:00\",\"mainEntityOfPage\":{\"@id\":\"https:\/\/www.diagnostyka-umyslu.pl\/blog\/dysleksja\/symptomy-dysleksji\/#webpage\"},\"wordCount\":555,\"publisher\":{\"@id\":\"https:\/\/www.diagnostyka-umyslu.pl\/blog\/#organization\"},\"image\":{\"@id\":\"https:\/\/www.diagnostyka-umyslu.pl\/blog\/dysleksja\/symptomy-dysleksji\/#primaryimage\"},\"thumbnailUrl\":\"https:\/\/www.diagnostyka-umyslu.pl\/blog\/wp-content\/uploads\/2021\/05\/8.jpg\",\"articleSection\":[\"Dysleksja\"],\"inLanguage\":\"pl-PL\"},{\"@type\":\"Person\",\"@id\":\"https:\/\/www.diagnostyka-umyslu.pl\/blog\/#\/schema\/person\/8eb1bcaf59fea75c780c11946f4e3490\",\"name\":\"Diagnostyka Umys\u0142u\",\"image\":{\"@type\":\"ImageObject\",\"@id\":\"https:\/\/www.diagnostyka-umyslu.pl\/blog\/#personlogo\",\"inLanguage\":\"pl-PL\",\"url\":\"https:\/\/secure.gravatar.com\/avatar\/6743211f010801ea26aa9423a2daab37?s=96&d=mm&r=g\",\"contentUrl\":\"https:\/\/secure.gravatar.com\/avatar\/6743211f010801ea26aa9423a2daab37?s=96&d=mm&r=g\",\"caption\":\"Diagnostyka Umys\u0142u\"},\"sameAs\":[\"https:\/\/www.diagnostyka-umyslu.pl\/blog\"],\"url\":\"https:\/\/www.diagnostyka-umyslu.pl\/blog\/author\/diagnostyka-umyslu\/\"}]}<\/script>\n<!-- \/ Yoast SEO plugin. -->","yoast_head_json":{"title":"Symptomy dysleksji - Diagnostyka Umys\u0142u - Objawy dysleksji","description":"Dysleksja mo\u017ce objawia\u0107 si\u0119 na wiele sposob\u00f3w, a tak\u017ce mo\u017ce wyst\u0119powa\u0107 we wszystkich sferach funkcjonowania cz\u0142owieka. Symptomy dysleksji.","robots":{"index":"index","follow":"follow","max-snippet":"max-snippet:-1","max-image-preview":"max-image-preview:large","max-video-preview":"max-video-preview:-1"},"canonical":"https:\/\/www.diagnostyka-umyslu.pl\/blog\/dysleksja\/symptomy-dysleksji\/","og_locale":"pl_PL","og_type":"article","og_title":"Symptomy dysleksji - Diagnostyka Umys\u0142u - Objawy dysleksji","og_description":"Dysleksja mo\u017ce objawia\u0107 si\u0119 na wiele sposob\u00f3w, a tak\u017ce mo\u017ce wyst\u0119powa\u0107 we wszystkich sferach funkcjonowania cz\u0142owieka. Symptomy dysleksji.","og_url":"https:\/\/www.diagnostyka-umyslu.pl\/blog\/dysleksja\/symptomy-dysleksji\/","og_site_name":"Diagnostyka Umys\u0142u","article_published_time":"2021-05-16T06:00:55+00:00","article_modified_time":"2021-05-08T12:52:31+00:00","og_image":[{"width":839,"height":400,"url":"https:\/\/www.diagnostyka-umyslu.pl\/blog\/wp-content\/uploads\/2021\/05\/8.jpg","type":"image\/jpeg"}],"twitter_card":"summary_large_image","twitter_misc":{"Napisane przez":"Diagnostyka Umys\u0142u","Szacowany czas czytania":"2 minuty"},"schema":{"@context":"https:\/\/schema.org","@graph":[{"@type":"Organization","@id":"https:\/\/www.diagnostyka-umyslu.pl\/blog\/#organization","name":"Diagnostyka Umys\u0142u","url":"https:\/\/www.diagnostyka-umyslu.pl\/blog\/","sameAs":[],"logo":{"@type":"ImageObject","@id":"https:\/\/www.diagnostyka-umyslu.pl\/blog\/#logo","inLanguage":"pl-PL","url":"https:\/\/www.diagnostyka-umyslu.pl\/blog\/wp-content\/uploads\/2021\/05\/logo.png","contentUrl":"https:\/\/www.diagnostyka-umyslu.pl\/blog\/wp-content\/uploads\/2021\/05\/logo.png","width":236,"height":81,"caption":"Diagnostyka Umys\u0142u"},"image":{"@id":"https:\/\/www.diagnostyka-umyslu.pl\/blog\/#logo"}},{"@type":"WebSite","@id":"https:\/\/www.diagnostyka-umyslu.pl\/blog\/#website","url":"https:\/\/www.diagnostyka-umyslu.pl\/blog\/","name":"Diagnostyka Umys\u0142u","description":"Blog o zaburzeniach umys\u0142u","publisher":{"@id":"https:\/\/www.diagnostyka-umyslu.pl\/blog\/#organization"},"potentialAction":[{"@type":"SearchAction","target":{"@type":"EntryPoint","urlTemplate":"https:\/\/www.diagnostyka-umyslu.pl\/blog\/?s={search_term_string}"},"query-input":"required name=search_term_string"}],"inLanguage":"pl-PL"},{"@type":"ImageObject","@id":"https:\/\/www.diagnostyka-umyslu.pl\/blog\/dysleksja\/symptomy-dysleksji\/#primaryimage","inLanguage":"pl-PL","url":"https:\/\/www.diagnostyka-umyslu.pl\/blog\/wp-content\/uploads\/2021\/05\/8.jpg","contentUrl":"https:\/\/www.diagnostyka-umyslu.pl\/blog\/wp-content\/uploads\/2021\/05\/8.jpg","width":839,"height":400,"caption":"Symptomy dysleksji"},{"@type":"WebPage","@id":"https:\/\/www.diagnostyka-umyslu.pl\/blog\/dysleksja\/symptomy-dysleksji\/#webpage","url":"https:\/\/www.diagnostyka-umyslu.pl\/blog\/dysleksja\/symptomy-dysleksji\/","name":"Symptomy dysleksji - Diagnostyka Umys\u0142u - Objawy dysleksji","isPartOf":{"@id":"https:\/\/www.diagnostyka-umyslu.pl\/blog\/#website"},"primaryImageOfPage":{"@id":"https:\/\/www.diagnostyka-umyslu.pl\/blog\/dysleksja\/symptomy-dysleksji\/#primaryimage"},"datePublished":"2021-05-16T06:00:55+00:00","dateModified":"2021-05-08T12:52:31+00:00","description":"Dysleksja mo\u017ce objawia\u0107 si\u0119 na wiele sposob\u00f3w, a tak\u017ce mo\u017ce wyst\u0119powa\u0107 we wszystkich sferach funkcjonowania cz\u0142owieka. Symptomy dysleksji.","breadcrumb":{"@id":"https:\/\/www.diagnostyka-umyslu.pl\/blog\/dysleksja\/symptomy-dysleksji\/#breadcrumb"},"inLanguage":"pl-PL","potentialAction":[{"@type":"ReadAction","target":["https:\/\/www.diagnostyka-umyslu.pl\/blog\/dysleksja\/symptomy-dysleksji\/"]}]},{"@type":"BreadcrumbList","@id":"https:\/\/www.diagnostyka-umyslu.pl\/blog\/dysleksja\/symptomy-dysleksji\/#breadcrumb","itemListElement":[{"@type":"ListItem","position":1,"name":"Strona g\u0142\u00f3wna","item":"https:\/\/www.diagnostyka-umyslu.pl\/blog\/"},{"@type":"ListItem","position":2,"name":"Dysleksja","item":"https:\/\/www.diagnostyka-umyslu.pl\/blog\/dysleksja\/"},{"@type":"ListItem","position":3,"name":"Symptomy"}]},{"@type":"Article","@id":"https:\/\/www.diagnostyka-umyslu.pl\/blog\/dysleksja\/symptomy-dysleksji\/#article","isPartOf":{"@id":"https:\/\/www.diagnostyka-umyslu.pl\/blog\/dysleksja\/symptomy-dysleksji\/#webpage"},"author":{"@id":"https:\/\/www.diagnostyka-umyslu.pl\/blog\/#\/schema\/person\/8eb1bcaf59fea75c780c11946f4e3490"},"headline":"Symptomy dysleksji","datePublished":"2021-05-16T06:00:55+00:00","dateModified":"2021-05-08T12:52:31+00:00","mainEntityOfPage":{"@id":"https:\/\/www.diagnostyka-umyslu.pl\/blog\/dysleksja\/symptomy-dysleksji\/#webpage"},"wordCount":555,"publisher":{"@id":"https:\/\/www.diagnostyka-umyslu.pl\/blog\/#organization"},"image":{"@id":"https:\/\/www.diagnostyka-umyslu.pl\/blog\/dysleksja\/symptomy-dysleksji\/#primaryimage"},"thumbnailUrl":"https:\/\/www.diagnostyka-umyslu.pl\/blog\/wp-content\/uploads\/2021\/05\/8.jpg","articleSection":["Dysleksja"],"inLanguage":"pl-PL"},{"@type":"Person","@id":"https:\/\/www.diagnostyka-umyslu.pl\/blog\/#\/schema\/person\/8eb1bcaf59fea75c780c11946f4e3490","name":"Diagnostyka Umys\u0142u","image":{"@type":"ImageObject","@id":"https:\/\/www.diagnostyka-umyslu.pl\/blog\/#personlogo","inLanguage":"pl-PL","url":"https:\/\/secure.gravatar.com\/avatar\/6743211f010801ea26aa9423a2daab37?s=96&d=mm&r=g","contentUrl":"https:\/\/secure.gravatar.com\/avatar\/6743211f010801ea26aa9423a2daab37?s=96&d=mm&r=g","caption":"Diagnostyka Umys\u0142u"},"sameAs":["https:\/\/www.diagnostyka-umyslu.pl\/blog"],"url":"https:\/\/www.diagnostyka-umyslu.pl\/blog\/author\/diagnostyka-umyslu\/"}]}},"amp_enabled":true,"_links":{"self":[{"href":"https:\/\/www.diagnostyka-umyslu.pl\/blog\/wp-json\/wp\/v2\/posts\/838"}],"collection":[{"href":"https:\/\/www.diagnostyka-umyslu.pl\/blog\/wp-json\/wp\/v2\/posts"}],"about":[{"href":"https:\/\/www.diagnostyka-umyslu.pl\/blog\/wp-json\/wp\/v2\/types\/post"}],"author":[{"embeddable":true,"href":"https:\/\/www.diagnostyka-umyslu.pl\/blog\/wp-json\/wp\/v2\/users\/1"}],"replies":[{"embeddable":true,"href":"https:\/\/www.diagnostyka-umyslu.pl\/blog\/wp-json\/wp\/v2\/comments?post=838"}],"version-history":[{"count":2,"href":"https:\/\/www.diagnostyka-umyslu.pl\/blog\/wp-json\/wp\/v2\/posts\/838\/revisions"}],"predecessor-version":[{"id":871,"href":"https:\/\/www.diagnostyka-umyslu.pl\/blog\/wp-json\/wp\/v2\/posts\/838\/revisions\/871"}],"wp:featuredmedia":[{"embeddable":true,"href":"https:\/\/www.diagnostyka-umyslu.pl\/blog\/wp-json\/wp\/v2\/media\/869"}],"wp:attachment":[{"href":"https:\/\/www.diagnostyka-umyslu.pl\/blog\/wp-json\/wp\/v2\/media?parent=838"}],"wp:term":[{"taxonomy":"category","embeddable":true,"href":"https:\/\/www.diagnostyka-umyslu.pl\/blog\/wp-json\/wp\/v2\/categories?post=838"},{"taxonomy":"post_tag","embeddable":true,"href":"https:\/\/www.diagnostyka-umyslu.pl\/blog\/wp-json\/wp\/v2\/tags?post=838"}],"curies":[{"name":"wp","href":"https:\/\/api.w.org\/{rel}","templated":true}]}}